{"id":9984,"date":"2012-03-20T00:00:00","date_gmt":"2006-11-06T00:00:00","guid":{"rendered":"https:\/\/intervius.com\/index.html\/?p=9984"},"modified":"2006-11-06T00:00:00","modified_gmt":"2006-11-06T00:00:00","slug":"Alfredo_Relano9984","status":"publish","type":"post","link":"https:\/\/intervius.com\/index.html\/Alfredo_Relano9984\/","title":{"rendered":"Alfredo Rela\u00f1o"},"content":{"rendered":"<p>Pregunta.- Buenos d\u00edas se\u00f1or Rela\u00f1o, Todos sabemos de la lacra de los movimientos ultras en Espa\u00f1a. Con el pretexto de la animaci\u00f3n, se da cabida en recintos deportivos a grupos de delincuentes (o potenciales delincuentes) de un signo pol\u00edtico o de otro. Sinceramente creo que Jos\u00e9 Mourinho est\u00e1 haciendo un flaco favor a la lucha que la sociedad debe mantener con estos v\u00e1ndalos. \u00bfCu\u00e1l es su objetivo? \u00bfCree que est\u00e1 intentando hacerse con una guardia pretoriana que le otorgue una parcela de poder a\u00fan mayor?<\/p>\n<p>Respuesta.- Yo en esto soy m\u00e1s comprensivo con Mourinho que en otros casos. Los ultras del Madrid tienen una leyenda feroz, pero sus \u00faltimas fechor\u00edas se remontan a tiempo atr\u00e1s. Bastante tiempo. Es posible que Mourinho ni tenga conciencia de eso, porque nadie en el club habr\u00e1 hecho hincapi\u00e9 en cont\u00e1rselo (adem\u00e1s de la eterna indulgencia interior hacia ellos) y que s\u00f3lo los vea como un grupo de j\u00f3venes muy animosos. No le culpo por aquello. Viene de Italia, donde la barbarie est\u00e1 mucho m\u00e1s a la orden del d\u00eda.<\/p>\n<p>P.- Hola Alfredo, \u00bfqui\u00e9n crees que fue mejor de estos dos centrocampistas alemanes: Schuster o Matthaus? Para Schuster fue superior, pero no tuvo el reconocimiento internacional que s\u00ed tuvo Matthaus al renunciar a jugar con la selecci\u00f3n alemana. \u00bfNo crees que si Schuster a lo largo de su carrera hubiese jugado con Alemania estar\u00edamos hablando ahora de uno de los mejores centrocampistas de la historia?<\/p>\n<p>R.- Creo que Schuster fue mejor, bastante mejor. Pero, en efecto, era un tipo complicado y amput\u00f3 su propia carrera al borrarse de ese primer\u00edsimo plano que es la selecci\u00f3n alemana. A m\u00ed me asombr\u00f3 precisamente en la Eurocopa de Italia, donde jug\u00f3 escandalosamente bien. Eso fue antes de fichar por el Bar\u00e7a. Luego se pele\u00f3 con su selecci\u00f3n y desapareci\u00f3 de ese plano. <\/p>\n<p>P.- Hola. Me gustar\u00eda saber tu opini\u00f3n acerca de estos prometedores futbolistas europeos: Cavani, Hazard, G\u00f6tze, Cabaye, MVila, Wilshere y Christian Eriksen. \u00bfCuales ves m\u00e1s preparados y capacitados para dar el gran salto a un club TOP?. \u00bfCon cual te quedar\u00edas o firmar\u00edas que va para estrella?. Gracias.<\/p>\n<p>R.- Cavani se est\u00e1 saliendo en el N\u00e1poles. S\u00ed. Hazard he maejorado, pero no lo veo a\u00fan en su m\u00e1ximo. G\u00f6tze est\u00e1 jugando bien, pero no s\u00e9 si fuera no le pasar\u00eda lo que a Sahin. De Cabaye y MMvila no tenga una opini\u00f3n muy definida, los he visto poco. Wilshere es la mejor promesa del f\u00fatbol ingl\u00e9s. Eriksen necesitar\u00eda a\u00fan un paso intermedio para ir a un Top.<\/p>\n<p>P.- \u00bfCual crees que es el verdadero problema de este Zaragoza? \u00bflos jugadores? \u00bfla directiva? \u00bfApapito?<\/p>\n<p>R.- El estado de \u00e1nimo. Todo est\u00e1 derumbado en esa casa por la falta de credibilidad de Agapito. <\/p>\n<p>P.- D. Alfredo un afectuoso saludo. Como yo, hay una gran cantidad de gente que nos preguntamos que pasa con Sahin?, pero es que adem\u00e1s estamos seguros que Uds, lo saben y que por una raz\u00f3n que quisieramos conocer la estan de cierta manera &#8220;ocultando&#8221;, no se comprende que un jugador de esta calidad (El mejor jugador de Alemania), siga sin debutar, sobre todo siendo el medio campo del Madrid la zona mas necesitada. un abrazo <\/p>\n<p>R.- No hay nada que ocultar. Est\u00e1 curado pero no tiene ritmo. Tra\u00eda un h\u00e1ndicap, que era su lentitud, y cuando se ha visto ah\u00ed dentro se ha afligido. No s\u00e9 si tras el verano y una gran pretemporada podr\u00e1 incorporarse en alguna medida a las rotaciones. Pero este curso ya no espero nada de \u00e9l. <\/p>\n<p>P.- Alfredo, el otro d\u00eda nos dej\u00f3 Estanislao Basora, miembro del m\u00edtico Bar\u00e7a de las Cinco Copas y considerado uno de los mejores extremos derecho del mundo durante la d\u00e9cada de los 50. La prensa francesa lo bautiz\u00f3 como El Monstruo de Colombes, por un partido de Espa\u00f1a en Francia, en el que el atacante catal\u00e1n consigui\u00f3 tres tantos en apenas quince minutos. H\u00e1blanos un poco de \u00e9l, por favor. Gracias.<\/p>\n<p>R.- No le vi jugar, me ha hablado mucho de \u00e9l Salazar. Mi primer extremo derecha del Bar\u00e7a es Tejada y enseguida Rif\u00e9. S\u00e9 que era un extremo excelente, de los de la \u00e9poca, abierto, con penetraci\u00f3n y velocidad y bastantes goles. Pero no llegu\u00e9 a verle. <\/p>\n<p>P.- Alfredo, a ti que te encanta la historia del f\u00fatbol, me gustar\u00eda que me hablaras un poco de Coen Moulijn, el m\u00edtico extremo holand\u00e9s del Feyenoord de Rotterdam en la d\u00e9cada de los 60. Fue comparado con Stanley Matthews y algunos aseguran que es el mejor extremo izquierdo de todos los tiempos. Bajo su liderazgo el Feyenoord se convirti\u00f3 en un grande de Holanda que le disput\u00f3 la hegemon\u00eda al gran Ajax de Cruyff y en 1970 se coron\u00f3 campe\u00f3n de Europa y de la Copa Intercontinental. He le\u00eddo que en 1961 el Barcelona fue a Rotterdam a negociar el fichaje del jugador, pero, a pesar de ofrecerle un contrato de ocho a\u00f1os (inaudito en aquella \u00e9poca), el Feyenoord se neg\u00f3 a traspasarlo. \u00bfQu\u00e9 hay de cierto en eso? \u00bfRecuerdas a este jugador? Muchas gracias.<\/p>\n<p>R.- Le recuerdo, pero sobre todo lo ensalzaron el Fiebre Maldini hace un par de a\u00f1os o tres. Le voy a pedir a Maldini que reponga aquellas \u00edm\u00e1genes, porque hace bastante tiempo. Me asombr\u00f3 su regate a la carrera y la contundencia de sus intenciones. Cuando arrancaba ol\u00eda a azufre.<\/p>\n<p>P.- Hola Alfredo, creo que tanta profusi\u00f3n de espacios deportivos, tertulias, radio, TV&#8230; ha hecho que el periodismo deportivo baje de calidad y tienda un poco al &#8220;S\u00e1lvame&#8221;. Lo cual es normal: si tienes una hora a la semana hablas del partido; si tienes 10, hablas durante una del partido y el resto del gesto de Cristiano, del tono de Guardiola&#8230; Ten\u00e9is que hac\u00e9roslo mirar, en cualquier caso. Gracias.<\/p>\n<p>R.- Gracias por tu observaci\u00f3n. Seguramente es acertada. <\/p>\n<p>P.- Hola Sr. Rela\u00f1o, muy buenos d\u00edas. Cuando yo era joven era relativamente frecuente ver a centrocampistas que terminaban la temporada con 10-15 goles; recuerdo por ejemplo a Amor, Roberto, Caminero, Fernando, Julen Guerrero, etc. En cambio ahora parece que cada vez escasea m\u00e1s esta figura del centrocampista goleador (la excepci\u00f3n quiz\u00e1s ser\u00eda Cesc, pero ese juega en todas partes). \u00bfPor qu\u00e9 cree usted que ocurre esto? \u00bfSe le ocurre alg\u00fan otro ejemplo adem\u00e1s del azulgrana?<\/p>\n<p>R.- Xavi tambi\u00e9n est\u00e1 llegando al gol. Es por la preca\u00faci\u00f3n de los entrenadorers de manetener el equipo recogido, los que se descuelgan y entran en el \u00e1rea se pueden llevar bronca. Los extremos a banda cambiada seguramente tambi\u00e9n se deben a la misma causa. En vez de llegar a la l\u00ednea de fondo tiran en diagonal y no llegan tan al fondo. <\/p>\n<p>P.- Despues de un verano, digamos, de obreros en el 2011 seguro que Florentino querera un jugador de renombre para el ataque en este verano. En tu opinion, quien esta mejor posicionado para ser ese fichaje estrella?<\/p>\n<p>R.- Yo no s\u00e9 si habr\u00e1 algo as\u00ed. De ser algo as\u00ed, ser\u00eda Ag\u00fcero, pero si se marchara Higua\u00edn. Seguramente Mourinho va a preferir alg\u00fan jugador s\u00f3lido m\u00e1s, de energ\u00eda y para el medio campo. <\/p>\n<p>P.- hola don alfredo no le parece a usted una gran falta de respeto que no se guardara en el real madrid-malaga un minuto de silencio por MARQUITOS un gran jugador que defendio nuestra camiseta con gran orgullo y gran madridista y sobre todo gran persona que descansen en paz gracias don alfredo<\/p>\n<p>R.- El Madrid llev\u00f3 brazalete en el campo del Betis y hubo un minuto de silencio, compartido para \u00e9l y Mauduit. Quiz\u00e1 se dio por suficiente. Dado que era el primer partido en el Bernab\u00e9u y lo mucho que dio all\u00ed (s\u00f3lo \u00e9l, Di St\u00e9fano, Z\u00e1rraga y Gento completaron el ciclo de las Cinco Copas de Europa como titulares) pudo haber merecido ese minuto. Pero ya se le hab\u00eda recordado en el primer partido tras su muerte, el del Betis.<\/p>\n<p>P.- Hola Alfredo. Creo que deberiamos hacer caso de lo que dice Kiko en su blog y parar esta sangr\u00eda contra el estamento arbitral, si es que se puede a estas alturas. La gente que no vio el partido del Madrid se puede pensar que el Madrid no gan\u00f3 por culpa del colegiado&#8230; Como bien dice Kiko nadie ahbla de los fallos estr\u00e9pitosos de los futbolistas y ayer hubo unos cuantos, tantos como para que el Madrid ganara de goleada si hubiese aprovechado todas las claras ocasiones de las que dispuso, pero es m\u00e1s facil cargarle la culpa a otros&#8230; <\/p>\n<p>R.- Lo ideal es que se arbitre bien y que la organizaci\u00f3n seleccione a los mejores. Mi punto de vista es que esto \u00faltimo no se hace. <\/p>\n<p>P.- Hola. De los posibles fichajes que puede realizar el Madrid para la temporada que viene, \u00bfcual crees que encajar\u00eda mejor en el sistema actual que tiene Mourinho?: Vermaelen o Ded\u00e9 (Vasco de Gama); Borja Valero o Javi Mart\u00ednez; Wilshere o MVila ; Neymar o Hazard; Aguero, Tevez o Llorente; y Kyle Walker o Mario Fernandes. Gracias.<\/p>\n<p>R.- De todo lo que m\u00e1s me llama la atenci\u00f3n para este Madrid es Javi Mart\u00ednez, pero la cl\u00e1usula est\u00e1 en 40 millones y el Athletic no la iba a rebajar. <\/p>\n<p>P.- \u00bfQui\u00e9n es su favorito para la Champions?\u00bfPiensa que despu\u00e9s del empate contra el M\u00e1laga, el Bar\u00e7a se haya crecido? Gracias,<\/p>\n<p>R.- Mi favorito para la Champions es el Bar\u00e7a. Creo que cara a cara le puede al Madrid. Y que los dos ser\u00e1n finalistas. <\/p>\n<p>P.- Hola Alfredo: ?Se pueden saltar la ley y hacer jugar al bilbao el sabado? \u00bf No pueden hacer jugar al barca el domingo a las 12 y todos dentro de la ley? Gracias<\/p>\n<p>R.- La Champions tiene prioridad para este tipo de casos. Eso nos llevar\u00eda al s\u00e1bado. El domingo a las 12 requerir\u00eda la generosidad del Bar\u00e7a. As\u00ed lo entiendo yo. <\/p>\n<p>P.- Hola Alfredo. \u00bfC\u00f3mo se explica que 10.000 personas se vayan del campo con un resultado de 1-0 cuando el equipo necesita el \u00faltimo empuj\u00f3n desde la grada? Firmado por un madridista andaluz dolido que ve la misma escena a\u00f1o tras a\u00f1o sea cual sea el resultado. Un abrazo.<\/p>\n<p>R.- Porque el partido es tarde y por prisas para desaparcar. Y por confianza. <\/p>\n<p>P.- Ahora que parece que a Ra\u00fal s\u00f3lo le quedan un par de meses en el Schalke..como valora su etapa all\u00ed? \u00bftodav\u00eda dir\u00e1 que s\u00f3lo d\u00edo un par de chispazos, como cuando lo vaticin\u00f3 a su marcha hace dos a\u00f1os?<\/p>\n<p>R.- No, no dir\u00e9 eso. He escrito varias veces que me ha parecido admirable su desempe\u00f1o all\u00ed. Ha marcado bastantes goles, ha jugado unos cuantos partidos de Champions m\u00e1s, ha sido protagonista. Si escrib\u00ed eso en su d\u00eda, me equivoqu\u00e9 en mi pron\u00f3stico, desde luego. Pero si fue as\u00ed (no lo recuerdo, lo siento) unas cuantas veces despu\u00e9s he valorado muy bien su desempe\u00f1o all\u00ed. Me parece admirable lo que ha hecho.<\/p>\n<p>P.- hola Alfredo, seg\u00fan tengo entendido la edad de maduraci\u00f3n de un futbolista es entre los 25 y 28 a\u00f1os, much\u00edsimos futbolistas explotaron durante o a partir de esas edades, ejemplo : platini, zidane, maraodna (con la seleccion y napoles)&#8230;.etc, teniendo en cuenta que messi tiene 24 a\u00f1os, \u00bfcree usted que lo mejor de messi a\u00fan esta por llegar? <\/p>\n<p>R.- Cuesta pensar que se pueda jugar mejor, pero, en efecto, todos alcanzaron su mejor ciclo con m\u00e1s a\u00f1os. Messi se retirar\u00e1 con tales n\u00fameros que ser\u00e1 recordado como el mejor de siempre. <\/p>\n<p>P.- Buen dia alfredo! pudo ver en vivo a riquelme?? porq no pudo triunfar en barcelona? piensa q kun puede terminar viniendo a madrid??<\/p>\n<p>R.- Vi a Riquelme, fabuloso, pero con poco trabajo. Eso es lo que le ha limitado para el f\u00fatbol de m\u00e1xima altura. En cuanto a Kun, eso depender\u00e1 de que Higua\u00edn salga, y esto depende de \u00e9l. Yo creo que Mourinho est\u00e1 conforme con los dos que tiene.<\/p>\n<p>P.- Don Alfredo! por favor, el gol mas lindo q vio en una cancha, el jugador con mas talento desperdiciado, y el jugador mas corredor q vioen su vida\u00a1 gracias<\/p>\n<p>R.- Vi el de Maradona contra Inglaterra en M\u00e9xico en directo. No soy original pero me quedo con eso. El jugador con m\u00e1s talento desperdiciado fue para m\u00ed M\u00e1gico Gonz\u00e1lez, un salvadore\u00f1o que jug\u00f3 en el C\u00e1diz. Fabuloso, pero perezoso. Y, en cierto modo, Schuster, que al renunciar a Alemania limit\u00f3 su carrera. En cuanto a corredor, el m\u00e1s veloz, Gento, el m\u00e1s activo, Di St\u00e9fano. Estaba en todas partes. <\/p>\n<p>P.- Buenos d\u00edas ALfredo, mi pregunta es sobre el Sr. Eladio Param\u00e9s, se trata de un portavoz oficial de Mou o de un amigo que opina en twitter?si es lo 1\u00ba deber\u00edamos echar ya a Mourinho por las barbaridades vertidas contra afici\u00f3n, y si no dejar de darle publicidad ya que lo \u00fanico que hace es avergonzarnos a los madridistas. Gracias de antemano por tu atenci\u00f3n.<\/p>\n<p>R.- Es mitad y mitad, un equ\u00edvoco malo. Una especie de ayudante-amigo-secretario que resulta un factor de confusi\u00f3n.<\/p>\n<p>P.- Alfredo, el otro d\u00eda vimos en el sorteo de la Champions al ex jugador alem\u00e1n del Madrid Paul Breitner, que este a\u00f1o ser\u00e1 el embajador de la UEFA en la final de Munich. Me gustar\u00eda que me hablaras un poco de \u00e9l y de su etapa como madridista. \u00bfTriunf\u00f3 en el Madrid? \u00bfPor qu\u00e9 se march\u00f3 tan joven del equipo blanco (se fue con 26 a\u00f1os)? Creo que ha sido uno de los mejores jugadores alemanes de la historia y me cuesta entender por qu\u00e9 el Madrid le sac\u00f3 tan poco rendimiento.<\/p>\n<p>R.- Breitner era un laetral izquierdo joven cuyo fichaje sorprendi\u00f3 en su d\u00eda, pero es que Miljanic lo trajo con la idea de meterle en el centro del campo. Y dio un rendimiento excelente, con llegada de \u00e1rea a \u00e1rea. Result\u00f3 bien, aunqeu la grada no termin\u00f3 de enamorarse de \u00e9l. Quiz\u00e1 por eso regres\u00f3. Luego complet\u00f3 su carrera en Alemania, ya siempre en el medio campo. Y \u00e9l guarda un gran recuerdo del club. <\/p>\n<p>P.- Hola Alfredo, \u00bfc\u00f3mo va eso? Me gustar\u00eda que me hablaras del horroroso momento que vive actualmente el Inter de Mil\u00e1n. \u00bfQu\u00e9 parte de culpa tiene Ranieri y qu\u00e9 parte los jugadores? \u00bfCrees que incluso se podr\u00eda plantear como motivo la fama que arrastra Mourinho de quemar a los equipos por donde pasa? \u00bfC\u00f3mo ves t\u00fa todo este tema? \u00a1Un abrazo, crack!<\/p>\n<p>R.- Mourinho es un gran l\u00edder, que arrastra. Su ausencia deja un vac\u00edo. Eso no es exactamente culpa de \u00e9l, pero el efecto se produce. Ir a un club despu\u00e9s de Mourinho es exponerse a eso. <\/p>\n<p>P.- Alfredo, hace unos d\u00edas se cumplieron doce a\u00f1os de la muerte de Stanley Matthews, seguramente el mejor jugador ingl\u00e9s de la historia (con el permiso de Bobby Charlton). \u00bfHas podido verle en acci\u00f3n? \u00bfEs verdad que consigui\u00f3 el Bal\u00f3n de Oro a los 41 a\u00f1os y que jug\u00f3 hasta los 50 siempre en primera divisi\u00f3n? \u00a1Gracias amigo!<\/p>\n<p>R.- No le vi en directio, aunque tengo un resumen de la final de Matthews. Era un extremo estupendo, muy vistoso, muy preciso en el regate y en el centro. Un gran partido ante Brasil le vali\u00f3 ese Bal\u00f3n de Oro, que fue el primero que se conced\u00eda. Y s\u00ed, jug\u00f3 hasta los cincuenta. En Inglaterra era una rara avis, porque en un f\u00fatbol de pase largo y pierna fuerte \u00e9l era un Brujo del Regate. <\/p>\n<p>P.- Estimado Alfredo: La producci\u00f3n goleadora de Messi y Ronaldo, usted lo ha dicho muchas veces, es descomunal en cuanto a cantidad, nunca vista antes Sin embargo, creo que los goles no s\u00f3lo se cuentan, sino que tambi\u00e9n son im\u00e1genes que se paladean y recuerdan, y tambi\u00e9n en esto es aplicable lo que usted ha dicho sobre el inmenso drama que para Ronaldo significa haber coincidido con Messi. La diferencia est\u00e9tica es enorme. Yo no recuerdo haber visto tantas obras de arte firmadas por un solo jugador, que s\u00f3lo tiene 24 a\u00f1os. La del s\u00e1bado, la \u00faltima, y ya nos parecen normales (parecen normales los goles contra el Getafe, aquel contra el Arsenal levantando el bal\u00f3n sobre Almunia en un palmo, y decenas de otros). \u00bfUsted que opina? <\/p>\n<p>R.- Lo mismo. Nunca vi un jugador tan desequilibrante en tantos partidos (casi todos los que juega) como Messi. Y Cristiano es un genio que ha tenido la desgracia de conicidir con Messi. Eso mensacaba su val\u00eda. Aunque ets\u00e1 mejorando. Ya no es ego\u00edsta, ahora es jugador de equipo, que es lo que le faltaba.<\/p>\n<p>P.- Hola Alfredo, buenos d\u00edas. \u00bfCrees que la posici\u00f3n que ocupa actualmente Cesc en el Bar\u00e7a (centrocampista con llegada) es debida a las necesidades del equipo (falta de delanteros, con las lesiones de Afellay, Villa, Pedro, Alexis, &#8230;) y que en un futuro ser\u00e1 el heredero de Xavi (como pens\u00e1bamos todos), o por el contrario piensas que seguir\u00e1 ocupando el mismo puesto en los pr\u00f3ximos a\u00f1os?<\/p>\n<p>R.- Lo que hace ahora es lo que mejor sabe hacer. Lo otro, tambi\u00e9n. Ya veremos cuando se vaya Xavi (que a\u00fan est\u00e1 estupendo) qu\u00e9 pasa. Depender\u00e1 de qui\u00e9n haya y cu\u00e1les sean las necesidades.<\/p>\n<p>P.- Buenos d\u00edas. Viendo el otro d\u00eda a Khedira y Demichelis en el centro del campo, me di cuenta que antes, cuando alguien no lograba romper delante, se le probaba atr\u00e1s. As\u00ed, sal\u00edan laterales y centrales muy t\u00e9cnicos pero que, por unos motivos u otros, no alcanzaban para el centro del campo (Helguera, Hierro, laterales brasile\u00f1os, etc.). Ahora, sin embargo, es al rev\u00e9s. A poco que un defensa demuestre algo de t\u00e9cnica, antes o despu\u00e9s de le pasa al centro del campo. La sensaci\u00f3n es que antes se retrasaba la calidad y ahora se adelanta el f\u00edsico. El f\u00fatbol ahora mismo es muy grande, pero por este camino creo que se puede empezar a perder la afici\u00f3n. C\u00f3mo lo ve Vd.? Gracias.<\/p>\n<p>R.- Pues lo veo como usted. Prefiero jugadores creativos y con encanto. La l\u00ednea del Bar\u00e7a va por ah\u00ed, por eso gusta tanto. <\/p>\n<p>P.- Messi ha igualado a Cruyff, Platini y Van Basten con tres Balones de Oro. Sin embargo, para m\u00ed el m\u00e9rito del argentino es superior por tres razones: por su juventud (24 a\u00f1os, cuando el m\u00e1s joven de los otros tres -Cruyff- ten\u00eda 27 cuando gan\u00f3 el tercero), porque el f\u00fatbol actual es mucho m\u00e1s evolucionado y por su tremenda regularidad, que no tuvieron sus tres predecesores. \u00bfCoincides con este punto de vista, Alfredo? Un abrazo.<\/p>\n<p>R.- S\u00ed, concido. Messi va a pasar por el arc\u00e9n a todo el mundo. <\/p>\n<p>P.- Hola buenos d\u00edas Alfredo ,situate en el siguiente escenario. El Madrid campe\u00f3n de liga, mal papel en el Nou Camp y en la final de la Champion el Bar\u00e7a nos da un repaso (no hace falta goleada). Como madridista me parece una situaci\u00f3n muy inc\u00f3moda por lo menos. Gracias<\/p>\n<p>R.- Pues s\u00ed. Pero la Liga segur\u00eda teniendo un valor. Ser\u00eda mejor que lo del a\u00f1o pasado, bastante mejor. <\/p>\n","protected":false},"excerpt":{"rendered":"<p>Alfredo Rela\u00f1o, Director de As y una de las firmas m\u00e1s prestigiosas del periodismo deportivo espa\u00f1ol, ha charlado de la actualidad deportiva con los internautas.<\/p>\n<p>Alfredo Rela\u00f1o en Twitter<\/p>\n","protected":false},"author":1,"featured_media":0,"comment_status":"open","ping_status":"open","sticky":false,"template":"","format":"standard","meta":{"footnotes":""},"categories":[],"tags":[],"class_list":["post-9984","post","type-post","status-publish","format-standard","hentry"],"_links":{"self":[{"href":"https:\/\/intervius.com\/index.html\/wp-json\/wp\/v2\/posts\/9984","targetHints":{"allow":["GET"]}}],"collection":[{"href":"https:\/\/intervius.com\/index.html\/wp-json\/wp\/v2\/posts"}],"about":[{"href":"https:\/\/intervius.com\/index.html\/wp-json\/wp\/v2\/types\/post"}],"author":[{"embeddable":true,"href":"https:\/\/intervius.com\/index.html\/wp-json\/wp\/v2\/users\/1"}],"replies":[{"embeddable":true,"href":"https:\/\/intervius.com\/index.html\/wp-json\/wp\/v2\/comments?post=9984"}],"version-history":[{"count":0,"href":"https:\/\/intervius.com\/index.html\/wp-json\/wp\/v2\/posts\/9984\/revisions"}],"wp:attachment":[{"href":"https:\/\/intervius.com\/index.html\/wp-json\/wp\/v2\/media?parent=9984"}],"wp:term":[{"taxonomy":"category","embeddable":true,"href":"https:\/\/intervius.com\/index.html\/wp-json\/wp\/v2\/categories?post=9984"},{"taxonomy":"post_tag","embeddable":true,"href":"https:\/\/intervius.com\/index.html\/wp-json\/wp\/v2\/tags?post=9984"}],"curies":[{"name":"wp","href":"https:\/\/api.w.org\/{rel}","templated":true}]}}