{"id":998,"date":"2007-02-10T00:00:00","date_gmt":"2006-11-06T00:00:00","guid":{"rendered":"https:\/\/intervius.com\/index.html\/?p=998"},"modified":"2006-11-06T00:00:00","modified_gmt":"2006-11-06T00:00:00","slug":"Mario_Fernandez998","status":"publish","type":"post","link":"https:\/\/intervius.com\/index.html\/Mario_Fernandez998\/","title":{"rendered":"Mario Fern\u00e1ndez"},"content":{"rendered":"<p>Pregunta.- Te llevo siguiendo toda la temporada en casa, lo unico que te falta es experiencia (tiempo) y mejorar tu tiro y la confianza en el. \u00bfTienes algun plan para su mejora?. Gracias por hacernos so\u00f1ar anoche<\/p>\n<p>Respuesta.- No cansarme de practicar y echarle horas a nivel individual.<\/p>\n<p>P.- Hola Mario simplemente me quedo sin palabras ante tu admirable trayectoria, al principio pens\u00e9 que no te arriesgabas en el pase para ya te est\u00e1s arriesgando.C\u00f3mo te sientes en la isla?qu\u00e9 sent\u00edas cuando estabas en la cancha y o\u00edas todo el Carpena apludir y cantar el p\u00edo p\u00edo?.Eres el jugador al que mucha gente gusta por tu entrega y tu forma de defender, me recuerdas a David Brabender supongo que lo habr\u00e1s visto.Espero poder verte un d\u00eda salir de alg\u00fan entrenamiento del CID y saludarte en persona<\/p>\n<p>R.- No hay ning\u00fan problema en saludarnos y compartir un ratito. EN mi primera experiencia en ACb lo \u00fanico que intento es sumar, se aen puntos, rebotes o asistencias.<\/p>\n<p>P.- Ante todo Felicidades. Soy abonado del Granca y me siento orgulloso de serlo y del trabajo que realizasteis ayer. \u00bfQu\u00e9 nos falt\u00f3 anoche para conseguir esa victoria?\u00bfD\u00f3nde est\u00e1 el techo de este maravilloso equipo? \u00bfC\u00f3mo catalogas a nuestra afici\u00f3n?. Un saludo.<\/p>\n<p>R.- Ayer nos traicion\u00f3 el subconsciente. Sab\u00edamos que el Madrid era el favorito y tuvimos miedo a la victoria final. \u00bfEl techo? No lo s\u00e9, seguir trabajando como hasta ahora y crecer como club. Sinceramente, es la afici\u00f3n m\u00e1s fiel a su equipo y ayer se demostr\u00f3.<\/p>\n<p>P.- Hola Mario, quer\u00eda mandarte un saludo desde Zaragoza, donde siempre vamos a recordarte, y donde esperamos que pronto puedas volver al CAI en la ACB. Mucha suerte en Gran Canaria.<\/p>\n<p>R.- Muchas gracias. Espero ante ante todo que el CAI est\u00e9 en ACB lo antes posible.<\/p>\n<p>P.- Hola Mario, me gustar\u00eda preguntarte dos cosas; \u00bfQue sentiste cuando al final del partido del Menorca la afici\u00f3n coreo tu nombre y tus compa\u00f1eros te elevaron? y la otra, Has mejorado mucho tu tiro, en mi opinion eres fiable tirando \u00bfTe dice Salva que no tires, o es tu forma de jugar? Muchas Gracias<\/p>\n<p>R.- Lo del partido con el Menorca ha sido lo m\u00e1s bonito que me ha pasado a nivel deportivo. Salva lo \u00fanico que me dice es que haga estar a gusto a mis compa\u00f1eros y si eso se traduce en menor protagonismo, lo asumo. Por eso no tiro tanto. Ahora lo que toca es el equipo, me dice que luego ya ir\u00e9 adquiriendo m\u00e1s protagonismo.<\/p>\n<p>P.- Enhorabuena por el partidazo de anoche y felicidades especialmente por tu gran actuacion haciendonos vibrar hasta el final. \u00bfCrees que el Granca puede este a\u00f1o llegar lejos tanto en los playoffs por el titulo acb como en la competicion europea?<\/p>\n<p>R.- En la ACB debemos estar en playoffs y dar un paso como club, es decir, ser ambiciosos y realmente querer pasar la primera eliminatoria. En Europa es m\u00e1s complicado, debemos remontar un partido en contra ydudo que las circunstancias sean las id\u00f3neas.<\/p>\n<p>P.- Mario, primero felicitarte por la gran temporada que est\u00e1s haciendo con el GranCa, segundo darte las GRACIAS, a ti y al resto del equipo por el gran partido que jug\u00e1steis ayer y por hacernos so\u00f1ar con la victoria. \u00bfDuele m\u00e1s una derrota as\u00ed, habiendo estado tan cerca de hacer historia? \u00bfcon qu\u00e9 te quedas del partido de ayer? Os esperamos en el CID con los brazos abiertos para recibiros. <\/p>\n<p>R.- Una derrota siempre duele igual. Me quedo con que si somos fieles a nuestro estilo podemos ganar incluso al mejor equipo de Europa -el madrid est\u00e1 entre ellos-.<\/p>\n<p>P.- Hola Mario! enhorabuena por tu talento y tu buen juego! Hasta que edad m\u00e1s o menos te gustar\u00eda dedicarte profesionalmente al basket?<\/p>\n<p>R.- Hasta que las rodillas digan basta.<\/p>\n<p>P.- \u00bfTe gustar\u00eda fichar por el real madrid?<\/p>\n<p>R.- \u00bfa alg\u00fan jugador de Europa no le gustar\u00eda jugar en el Real Madrid?<\/p>\n<p>P.- Ante todo enhorabuena por la gran temporada que est\u00e1s haciendo. \u00bfA qu\u00e9 achacas este subid\u00f3n en tu juego? \u00bfVes lejos la posibilidad de ir a un grande o jugar en la selecci\u00f3n?<\/p>\n<p>R.- La participaci\u00f3n en el juego (minutos) est\u00e1 siendo fundamental. Lo de fichar por otro equipo, mejor paso a paso.<\/p>\n<p>P.- \u00bfQu\u00e9 equipo crees que ganara la copa ?<\/p>\n<p>R.- El vencedor del madrid del Tau y apuesto por el Tau.<\/p>\n<p>P.- \u00bfCree que su paso por Cai Zaragoza le ha dado la experiencia para poder rendir como lo est\u00e1 haciendo en la ACB?<\/p>\n<p>R.- S\u00ed, y sobre todo el poder trabajar con Julbe y una afici\u00f3n que me ha apoyado desde el primer d\u00eda.<\/p>\n<p>P.- Como cambian los dias, de estar en LEB hace un par de a\u00f1os a ser el base revelacion de la ACB llevando a tu equipo a la copa.\u00bfDonde esta tu limite?<\/p>\n<p>R.- No lo s\u00e9, trabajar cada d\u00eda es lo \u00fanico que me aseguarar\u00e1 seguir teniendo un huequecito en la ACB.<\/p>\n<p>P.- Buenas, \u00bfcrees que el buen nivel al que estas jugando esta temporada puede abrirte las puertas de la selecci\u00f3n?<\/p>\n<p>R.- La selecci\u00f3n son palabras mayores.<\/p>\n<p>P.- Hola.Gran partido el de ayer, pero\u00bf no teniais la impresion de que cuando Bullock quisiera el partido se iba a acabar? Creo que hizo uno de los mejores partidos de su vida, \u00bfque opinas tu que le tuviste al lao?<\/p>\n<p>R.- Es imparable. No fuerza ninguna jugada, todas le salen naturales. Es puro talento.<\/p>\n<p>P.- \u00bfTe sorprendi\u00f3 la imagen del anfitri\u00f3n,Unicaja?<\/p>\n<p>R.- S\u00ed, porque pens\u00e9 que como anfitri\u00f3n iba a poder superar la irregularidad que tiene esta temporada.<\/p>\n<p>P.- \u00a1Felicidades Mario por el partidazo! \u00bfNo crees que al Gran Canaria deber\u00eda de dejar de llam\u00e1rsele ya &#8220;equipo revelaci\u00f3n&#8221;?<\/p>\n<p>R.- Es el objetivo del club, confirmarse entre los seis primeros.<\/p>\n<p>P.- Dime alg\u00fan jugador que cuando debutastes contra \u00e9l te sorprendera mas. \u00c1nimo Mario, eres un muy buen base!!<\/p>\n<p>R.- El que m\u00e1s me ha sorprendido es Navarro porque da la impresi\u00f3n de jugar muy f\u00e1cil, sin importarle si le defiendes fuerte ni quien es el contrario.<\/p>\n<p>P.- \u00bfA qu\u00e9 tres bases espa\u00f1oles considereras actualmente los mejores? \u00bfQu\u00e9 tres te llevar\u00edas a la selecci\u00f3n si fueras Pepu? Gracias<\/p>\n<p>R.- Calder\u00f3n, Ra\u00fcl L\u00f3pez y luego Cabezas (aunque tambi\u00e9n pienso en Sergio Rodr\u00edguez).<\/p>\n<p>P.- \u00bfPiensas ir a la NBA?<\/p>\n<p>R.- La NBA es como la selecci\u00f3n, palabras mayores.<\/p>\n<p>P.- \u00bfQu\u00e9 te ha ense\u00f1ado Marcus Norris?<\/p>\n<p>R.- Que a pesar de los resultados hay que seguir trabajando siempre.<\/p>\n<p>P.- \u00bfTe ha gustado M\u00e1laga como para quedarte a partir del a\u00f1o que viene?<\/p>\n<p>R.- Que hablen con el se\u00f1or Berdi P\u00e9rez (director t\u00e9cnico de Gran Canaria).<\/p>\n<p>P.- Hola SuperMario! Enhorabuena por las 2 \u00faltimas temporadas que estas haciendo. Que se siente al pasar de ser el tercer base en un proyecto como menorca, a un segundo en el CAI, y ahora ser un titular destacado en la ACB? Mucha Suerte, y en Zaragoza no te olvidamos te queremos pronto por aqu\u00ed!!!1 Abrazo Campe\u00f3n!<\/p>\n<p>R.- La progresi\u00f3n te ense\u00f1a a valorar todo lo que se va consiguiendo y a creer en uno mismo a pesar de los resultados individuales.<\/p>\n<p>P.- Crees que la diferencia entre tu equipo y el Real Madrid podria estar en Bullock y que sin \u00e9l ser\u00edais mejores?<\/p>\n<p>R.- El Madrid est\u00e1 siendo un equipo todos los partidos, lo que pasa es que ayer fue el m\u00e1s protagonista.<\/p>\n<p>P.- \u00bfQue jugador te gusta mas del Real Madrid?\u00bfY quien es tu referente en el baloncesto? <\/p>\n<p>R.- El en el Madrid el que ma\u00b4s me gusta es Raul Lopez y Bullock. Pero mi referente es Calder\u00f3n.<\/p>\n<p>P.- \u00bfQu\u00e9 t\u00edtulo te gustar\u00eda ganar?<\/p>\n<p>R.- La ACB, est\u00e1 claro.<\/p>\n<p>P.- \u00bfA que equipo consideras el mejor de Europa en estos momentos?<\/p>\n<p>R.- Al Real Madrid.<\/p>\n","protected":false},"excerpt":{"rendered":"<p>Es la estrella del equipo revelaci\u00f3n, el Gran Canaria, que ayer puso en serios apuros al Real Madrid (85-82). El base de 23 a\u00f1os ha charlado con los internautas sobre su carrera deportiva, su temporada actual y sus impresiones sobre el baloncesto.<\/p>\n","protected":false},"author":1,"featured_media":0,"comment_status":"open","ping_status":"open","sticky":false,"template":"","format":"standard","meta":{"footnotes":""},"categories":[],"tags":[],"class_list":["post-998","post","type-post","status-publish","format-standard","hentry"],"_links":{"self":[{"href":"https:\/\/intervius.com\/index.html\/wp-json\/wp\/v2\/posts\/998","targetHints":{"allow":["GET"]}}],"collection":[{"href":"https:\/\/intervius.com\/index.html\/wp-json\/wp\/v2\/posts"}],"about":[{"href":"https:\/\/intervius.com\/index.html\/wp-json\/wp\/v2\/types\/post"}],"author":[{"embeddable":true,"href":"https:\/\/intervius.com\/index.html\/wp-json\/wp\/v2\/users\/1"}],"replies":[{"embeddable":true,"href":"https:\/\/intervius.com\/index.html\/wp-json\/wp\/v2\/comments?post=998"}],"version-history":[{"count":0,"href":"https:\/\/intervius.com\/index.html\/wp-json\/wp\/v2\/posts\/998\/revisions"}],"wp:attachment":[{"href":"https:\/\/intervius.com\/index.html\/wp-json\/wp\/v2\/media?parent=998"}],"wp:term":[{"taxonomy":"category","embeddable":true,"href":"https:\/\/intervius.com\/index.html\/wp-json\/wp\/v2\/categories?post=998"},{"taxonomy":"post_tag","embeddable":true,"href":"https:\/\/intervius.com\/index.html\/wp-json\/wp\/v2\/tags?post=998"}],"curies":[{"name":"wp","href":"https:\/\/api.w.org\/{rel}","templated":true}]}}