{"id":9979,"date":"2010-03-23T00:00:00","date_gmt":"2006-11-06T00:00:00","guid":{"rendered":"https:\/\/intervius.com\/index.html\/?p=9979"},"modified":"2006-11-06T00:00:00","modified_gmt":"2006-11-06T00:00:00","slug":"Tomas_Roncero9979","status":"publish","type":"post","link":"https:\/\/intervius.com\/index.html\/Tomas_Roncero9979\/","title":{"rendered":"Tom\u00e1s Roncero"},"content":{"rendered":"<p>Pregunta.- Hola Roncero, eres un crack. Tengo 3 preguntas pra ti, por favor, contestame \u00bfHiguain se ir\u00e1 al Manchester City el a\u00f1o que viene? \u00bfVan der Vart ir\u00e1 al Atleti? \u00bfTe fastidia tanto como a mi que el Atleti opte a mas titulos que el Madrid?<\/p>\n<p>Respuesta.- Por partes. Higua\u00edn se queda en el Madrid y no se va a ninguna parte porque va a marcar \u00e9poca en el Bernab\u00e9u. Van der Vaart pudo ir al Atleti hace dos a\u00f1os, pero prefiri\u00f3 venir al Madrid. No me puede fastidiar lo del Atleti, porque el \u00fanico t\u00edtulo al que opta es a la Copa, lo de Europa League es hablar del futuro,. Te recuerdo que le dolamos en puntos: 64 ante 32<\/p>\n<p>P.- \u00a1Hola Tom\u00e1s! Ah\u00ed va mi pregunta: \u00bfno te parece que es raro que al Barcelona no le haya tocado en teoria el rival m\u00e1s d\u00e9bil en Champions (Girondins) como de costumbre?<\/p>\n<p>R.- Hombre, jo te voy a enga\u00f1ar que llegu\u00e9 a imaginarlo por la potra que han tenido estos a\u00f1os. A\u00fan as\u00ed no les ha ido mal del todo, porque tanto contra el Arsenal como en semifinales, juegan la vuelta en el Camp Nou, lo que les da ventaja.<\/p>\n<p>P.- Hola Tomas \u00bfsabes que tal lo esta haciendo Javi Garcia en el benfica tu crees que lo recompraran?\u00bfy a parejo y miguel torres? Muchas gracias.<\/p>\n<p>R.- Javi Garc\u00eda est\u00e1 rindiendo a gran nivel y es titular en el Benfica. ha cogido la confianza que necesitba y hya quedado claro que tiene un f\u00edsico espectacular para jugar como recuperador. Me gustar\u00eda ver un canterano m\u00e1s en el Madrid, pero esa puerta no es f\u00e1xcil para los chavales en una plantilla acostumbrada a fichar lo mejor del mundo. Con Parejo y Torres creo que hay que esperar un poco m\u00e1s para avalorarlos.<\/p>\n<p>P.- buenos dias roncero \u00bfcambiarias a messi por cristiano ronaldo?<\/p>\n<p>R.- No. El argentino es una maravilla y est\u00e1 marcando una \u00e9poca, pero sigo convencido que el portugu\u00e9s acabar\u00e1 consagr\u00e1ndose como el mejor de todos los timpos. Es un futuro di St\u00e9fano. El Madrid tiene un lujo con Cristiano y es absurdo pensar en la estrella del rival. Que lo disfrute el Bar\u00e7a.<\/p>\n<p>P.- Saludos Don Tomas, un abrazo fuerte desde Republica Dominicana, dos preguntas, primero, que le pasa a Lass, lo veo fuera de foco lleva varios partidos en picada y la segunda preg como va la lesion de pepe.<\/p>\n<p>R.- Gracias y recuerdos a tu gente, amigo. Es cierto que Lass ha bajado enormemente su rendimiento respecto a la temporada pasada. la presencia de un futbolista cuajado y de talento como Xabi le ha opacado y est\u00e1 claro que si no reacciona, deber\u00e1 ir al banquillo.en cuanto a pepe, los medicos dicen que va por muy buen caminbo y que en mayo ya estar\u00e1 corriendo por Valdevebas. Aunque no creo que le de tiempo a llegar al Mundial.<\/p>\n<p>P.- Hola Tomas, el sabado estuve en el Bernabeu y despues de lo visto \u00bfme recomiendas que asista al Madrid Bar\u00e7a? Ya estuve el a\u00f1o pasado y no soportaria otro fiasco igual. Saludos <\/p>\n<p>R.- Por supuesto. El bar\u00e7a empat\u00f3 en casa contra el Villarreal a uno en un partido lamentable y sus aficioandos no han dejado de ir al campo. el Madrid ofrecer\u00e1 su mejor versi\u00f3n. La palabra complejo o el verbo rendirse no existen en el vocabulario de un buen madridista.<\/p>\n<p>P.- xque habla usted de canales como si hubiera el madrid fichado a un krack,cuando no lo es simplemente es un buen jugador y mientras el se\u00f1or florentino sigua en el madrid y todos los a\u00f1os fiche alo mejorcito de europa este chaval se va a llevar a\u00f1o tras a\u00f1o siendo cedido a otros equipos hasta que se qude en el getafe<\/p>\n<p>R.- Es una simple hip\u00f3tesis lo que planteas y creo que no se ajusta con lo que va a ocurrir. Canales es puro talento. Conf\u00edo plenamente en \u00e9l, y creo que fichar a un jugador espa\u00f1ol como el es el camino para que el Madrid recupere su identidad.<\/p>\n<p>P.- Buenos dias Tom\u00e1s. Hoy v\u00e1 una de porteros. El mejor Casillas o el mejor Buyo?. El mejor Buyo tambi\u00e9n era realmente expectacular, te acuerdas?.<\/p>\n<p>R.- Claro que me acuerdo, de hecho me puso muchas veces los pelos de punta con sus vuelos de palo a palo y sus paradas. A\u00fan as\u00ed, creo que Casillas ha hecho haza\u00f1as que superan la grandiosa trayectoria de Buyo. Han sido junto a Zamora los tres grandes porteros de la historia del Madrid, pero creo que Casillas encabeza todos los podios de honor.<\/p>\n<p>P.- Roncero, me podrias explicar con qu\u00e9 estilo de juego juega realmente el Madrid?. Es que en lo que llevamos de temporada no logro todavia saberlo.<\/p>\n<p>R.- Si he acabado de entender el juego de Pellgrini. le gusta elaborar mucho entre l\u00edneas y utilizar a las medias puntas para que enlacen por el centro con los delanteros, pero aunque desprecie a los extremos natos, si le gusta ocupar las bandas, o bien con laterales o bien con volantes desdobl\u00e1ndose hacia los costados en busca de la espalda de la defensa rival.<\/p>\n<p>P.- Hola Sr. Roncero. Ah\u00ed va mi pregunta: Suponiendo que Cesc sea objetivo de Madrid y Barcelona, un hipot\u00e9tico triunfo del Arsenal en la Premier facilitar\u00eda o debilitar\u00eda las opciones de alguno de estos dos equipos de llev\u00e1rselo? Un abrazo!<\/p>\n<p>R.- Considero que si el Arsenal elimina al Bar\u00e7a, acercar\u00e1 al jugador al Madrid. <\/p>\n<p>P.- Hola colega, \u00bfque le pasa a Floren con los delanteros? Siempre se emborracha fichando para ese puesto y descuida el centro del campo.\u00bfNo sera cierto lo de vender a Raul y a Higuain verdad? Y para terminar, \u00bfes cierto que el Castilla a fichado a Pablo Gil del Albacete?, porque sinceramente es de los peores jugadores que tenemos y no le veo nivel, para el Madrid. Saludos amigo!!!<\/p>\n<p>R.- Florentino tiene fascinaci\u00f3n por los delanteros, que al fin y al cabo son las cedettes de este deporte: pero hasta donde llego, el argentino es intocable. Con Ra\u00fal el asunto es diferente porque se trata de evaluar entre ambas partes si una leyenda viva como \u00e9l puede aguantar el a\u00f1o que viene entre el banquillo y la grada, lo que me parece un insulto para alguien que se merece un monumento en la puerta cero del Bernab\u00e9u.<\/p>\n<p>P.- Hola Tomas, que mala racha llevas que Manolete te ha ganado los 2 cara a cara, jejeje. Pero no grit\u00e9is tanto que no se os entiende, y d\u00e9jale hablar porque el hombre ya esta mayor. Saludos.<\/p>\n<p>R.- Es que ya sabes como es, es imposible callarle porque su vozarr\u00f3n est\u00e1 a la altura de su cabeza. Pero es amigo y bastante tiene estar a 34 puntos de su amado Madrid.<\/p>\n<p>P.- hola tomas mi pregunta es \u00bfpor que en el programa que frecuentas punto pelota hay tantas ganas de echar a pellegrini si lo unico que no ha probado florentino es dar continuidad a un entrenador?<\/p>\n<p>R.- Es un programa plural y respeto todas las opiniones, aunque comparto su teor\u00eda de que Pellegrini siga en un proyecto estable y que crezca con la misma idea futbolistica durante tres o cuatro a\u00f1os. As\u00ed la plantilla cuajar\u00e1 y funcionar\u00e1 el proyecto, adem\u00e1s de permitir una mayor identificaci\u00f3n por parte de losa aficionados. Si gana la Liga, sigue seguro, y eso ser\u00eda un acierto.<\/p>\n<p>P.- buenos dias Don Roncero desde BELGICA !! Y espero que ESTA vez me responda por favor !!! por favor esta clarisimo que Don FLO tiene que fichar SI o SI a MAICON !! y luego lo que el entrenador QUIERA !!! pero ni ablar de VILLA !! que la edad no perdona !! y si no POR DESGRACIA el caso RAUL !! a si que DIGAME si PUDIERA DECIRSELO a VALDANO y Cia ??? QUE una casa !!! se construye por los cimientos !!! Y CON PEPE Y MAICON !!! NO PASA NI EL AIRE VAMOS !! GRACIAS y espero que me pueda dar esta vez una respuesta !! GRACIAS desde belgica !! de un MADRIDISTA de toda la VIDA 55 a\u00f1os !!<\/p>\n<p>R.- Hola amigo belga, tranquilo que este chat lo leer\u00e1 Valdano y tomar\u00e1 nota. Hoy tratamos en AS el tema de maicon porque es un futbolista de la linea de Alv\u00e9s, y ya se ha visto lo importante que ha sido para el Bar\u00e7a su contrataci\u00f3n. Maicon es un fen\u00f3meno, como Ramos puede jugar de central, el de Maicon ser\u00eda un gran fichaje.<\/p>\n<p>P.- hola crak,desde sarajevo te mando una pregunta que se me antoja complicada para todos los madridistas de cara al futuro de nuestro club \u00bfque pasaria si este a\u00f1o no se consigue ganar nada?<\/p>\n<p>R.- Amigo de Sarajevo, esta hip\u00f3tesis prefiero no plantearmela hasta que llegue el caso. Un madridista siempre aspira a ganar y piensa en positivo. Vamos l\u00edderes pese a estar ante el mejor Bar\u00e7a de la historia. Esta liga la tiene el Madrid en su mano si no falla. ya habr\u00e1 tiempo para ser pesimistas si las circunstancias nos llevan a ello. Pero con el Madrid ninca hay que bajar la guardia<\/p>\n<p>P.- Tomas,\u00bfqu\u00e9 te prarecer\u00eda Raul para ser el pr\u00f3ximo Guardiola del Madrid?.Lo tiene todo,le gusta el futbol,es Madridista,conoce el vestuario como nadie,etc&#8230;.<\/p>\n<p>R.- Totalemnte de acuerdo. hace tres meses escrib\u00ed una columna en el AS afirmando que ser\u00eda el pr\u00f3ximo Guardiola. Son muy amigos y comprenden el f\u00fatbol de manera similar. Cuando cuelgue las botas quiere ser entrenador, y es evidente que en el bernab\u00e9u se respetar\u00eda m\u00e1s que anadie. Lleva grabado a fuego el escudo del Madrid y sabe de f\u00fatbol como si lo hubiera inventado.<\/p>\n","protected":false},"excerpt":{"rendered":"<p>El redactor jefe del Diario AS, Tom\u00e1s Roncero ha charlado con los lectores de la actualidad del Real Madrid. <\/p>\n<p>ARCHIVO DE ENTREVISTAS:<\/p>\n<p>16 de marzo &#8211; 09 de marzo &#8211; 02 de marzo &#8211; 23 de febrero &#8211; 18 de febrero &#8211; 10 de febrero &#8211; 02 de febrero &#8211; 27 de enero &#8211; 19 de enero &#8211; 12 de enero &#8211; 05 de enero &#8211; 29 de diciembre &#8211; 22 de diciembre &#8211; 15 de diciembre &#8211; 09 de diciembre &#8211; 01 de diciembre &#8211; 24 de noviembre &#8211; 17 de noviembre &#8211; 10 de noviembre &#8211; 5 de noviembre &#8211; 27 de octubre &#8211; 20 de octubre &#8211; 13 de octubre &#8211; 06 de octubre &#8211; 29 de septiembre &#8211; 22 de septiembre &#8211; 15 de septiembre &#8211; 08 de septiembre &#8211; 01 de septiembre &#8211; 25 de agosto &#8211; 28 de julio &#8211; 20 de julio &#8211; 14 de julio &#8211; 07 de julio &#8211; 30 de junio &#8211; 16 de junio &#8211; 16 de junio &#8211; 09 de junio &#8211; 02 de junio &#8211; 26 de mayo &#8211; 19 de mayo &#8211; 12 de mayo &#8211; 5 de mayo &#8211; 28 de abril &#8211; 21 de abril &#8211; 14 de abril &#8211; 07 de abril &#8211; 31 de marzo &#8211; 25 de marzo &#8211; 17 de marzo &#8211; 24 de febrero &#8211; 17 de febrero &#8211; 10 de febrero &#8211; 2 de julio &#8211; 14 de junio <\/p>\n","protected":false},"author":1,"featured_media":0,"comment_status":"open","ping_status":"open","sticky":false,"template":"","format":"standard","meta":{"footnotes":""},"categories":[],"tags":[],"class_list":["post-9979","post","type-post","status-publish","format-standard","hentry"],"_links":{"self":[{"href":"https:\/\/intervius.com\/index.html\/wp-json\/wp\/v2\/posts\/9979","targetHints":{"allow":["GET"]}}],"collection":[{"href":"https:\/\/intervius.com\/index.html\/wp-json\/wp\/v2\/posts"}],"about":[{"href":"https:\/\/intervius.com\/index.html\/wp-json\/wp\/v2\/types\/post"}],"author":[{"embeddable":true,"href":"https:\/\/intervius.com\/index.html\/wp-json\/wp\/v2\/users\/1"}],"replies":[{"embeddable":true,"href":"https:\/\/intervius.com\/index.html\/wp-json\/wp\/v2\/comments?post=9979"}],"version-history":[{"count":0,"href":"https:\/\/intervius.com\/index.html\/wp-json\/wp\/v2\/posts\/9979\/revisions"}],"wp:attachment":[{"href":"https:\/\/intervius.com\/index.html\/wp-json\/wp\/v2\/media?parent=9979"}],"wp:term":[{"taxonomy":"category","embeddable":true,"href":"https:\/\/intervius.com\/index.html\/wp-json\/wp\/v2\/categories?post=9979"},{"taxonomy":"post_tag","embeddable":true,"href":"https:\/\/intervius.com\/index.html\/wp-json\/wp\/v2\/tags?post=9979"}],"curies":[{"name":"wp","href":"https:\/\/api.w.org\/{rel}","templated":true}]}}