{"id":9959,"date":"2012-03-14T00:00:00","date_gmt":"2006-11-06T00:00:00","guid":{"rendered":"https:\/\/intervius.com\/index.html\/?p=9959"},"modified":"2006-11-06T00:00:00","modified_gmt":"2006-11-06T00:00:00","slug":"Angel_Vinas9959","status":"publish","type":"post","link":"https:\/\/intervius.com\/index.html\/Angel_Vinas9959\/","title":{"rendered":"\u00c1ngel Vi\u00f1as"},"content":{"rendered":"<p>Pregunta.- Estimado se\u00f1or Vi\u00f1as, Hace unos a\u00f1os, el historiador brit\u00e1nico Antony Beevor se\u00f1al\u00f3 lo siguiente: &#8220;Los espa\u00f1oles tienen muchas y grandes virtudes, especialmente la generosidad, la imaginaci\u00f3n, el sentido del humor, el valor, el orgullo y la determinaci\u00f3n. Pero no suelen distinguirse por intentar comprender el punto de vista del adversario. Es un vicio infravalorado&#8221; Mi pregunta a usted: \u00bfC\u00f3mo es recibida su tesis (de su libro) en el \u00e1mbito conservador? Cordial saludo<\/p>\n<p>Respuesta.- Muchas gracias por su pregunta. No me atrevo a valorar la afirmaci\u00f3n de Antony Beevor. Es demasiado general. Habr\u00e1 de todo. Mis tesis han sido recibidas, en general, en silencio. Nadie -salvo algunos hiperfranquistas patri\u00f3ticos y patrioteros- las ha impugnado. Cordiales saludos<\/p>\n<p>P.- \u00bfPosee alg\u00fan otro dato o alguna otra informaci\u00f3n o testimonio que confirme que la muerte del general Amado Balmes no fue un accidente sino un homicidio?<\/p>\n<p>R.- Muchas gracias. Tengo m\u00e1s datos. No los he dado porque llevar\u00edan a la identificaci\u00f3n f\u00e1cil del (presunto) asesino. Pero yo no tengo la menor duda de que mi hip\u00f3tesis es cierta. Cordiales saludos AV<\/p>\n<p>P.- Sr Angel Vi\u00f1as. Me gustaria mucho, antes de comprarme su libro, conocer las fuentes de su historia. Desgraciadamente hay mas del 80% de escritores que juzgan la historia de forma sesgada por sus ideologias, y es una autentica verguenza. Muy atentamente lvalle@tinet.org<\/p>\n<p>R.- Muchas gracias. Las fuentes son varias. Archivos brit\u00e1nicos y espa\u00f1oles, sobre todo militares. Testimonios en archivos. Testimonios orales. Memorias. Bibliografia secundaria. Lo habitual en todo trabajo de investigaci\u00f3n. Todas las fuentes est\u00e1n rese\u00f1adas. Cordiales saludos<\/p>\n<p>P.- Don \u00c1ngel: siempre se ha cre\u00eddo que una guerra la gana el bando mejor dirigido, el que menos errores comete. Los historiadores de hoy d\u00eda quieren convencernos de que no, de que la guerra la ganan los peores, los que menos inteligencia tienen, los m\u00e1s incompetentes. \u00bfDe verdad le parece sensato no reconocer en ninguna de sus obras ning\u00fan m\u00e9rito a Franco?<\/p>\n<p>R.- Muchas gracias. Yo no he negado jam\u00e1s ciertos m\u00e9ritos de Franco. No son los que habitualmente se le atribuyen. Con un ej\u00e9rcito disciplinado y bien encuadrado y un chorro de armas continuo de las potencias del Eje, frente a un ej\u00e9rcito que se hac\u00eda en el fragor del combate, cuarteado por rencilas internas y con suministros sincopados, la verdad es que una estrategia de guerra larga dar\u00eda resultados. Cordiales saludos <\/p>\n<p>P.- Buenos d\u00edas se\u00f1or Angel&#8230;Quisiera antes de nada felicitarle por todas sus aportaciones hist\u00f3ricas , su claridad expositiva y su rigor&#8230;Gracias por existir historiadores como usted&#8230;Hoy le\u00ed una noticia acerca del papel de Casares Quiroga en el momento de la sublevaci\u00f3n y la posible revisi\u00f3n hist\u00f3rica del papel jugado en ese momento junto al presidente Aza\u00f1a y su posterior dimisi\u00f3n ante la negativa del anterior de no autorizar armar <\/p>\n<p>R.- Si, yo tambi\u00e9n lo he le\u00eddo. He de afirmar que, con el debido respeto, no comparto la tesis totalmente. CQ hizo mucho. Pudo, y debi\u00f3, hacer m\u00e1s. Recientemente se han publicado testimonios en su contra sinceramente apabullantes. Cordiales saludos<\/p>\n<p>P.- Su libro est\u00e1 muy bien documentado, pero creo que el tono que emplea es un poco mitinero con expresiones demasiado coloquiales que le restan la credibilidad cient\u00edfica que merece. Por otro lado, yo dir\u00eda que son tres art\u00edculos largos recopilados en un libro<\/p>\n<p>R.- Muchas gracias. El estilo lo he ido desarrollando adrede teniendo en cuenta una m\u00e1xima que aprend\u00ed de mi maestro Jos\u00e9 Luis Sampedro. Hay que tener rigor, pero no rigor mortis. Comprendo que a ciertas personas no le guste, pero es un estilo querido. Los dos primeros cap\u00edtulos est\u00e1n interconectados \u00edntimamente. Mi tesis del primero no se entiende sin el background del segundo, hist\u00f3ricamente m\u00e1s significativo. El tercer cap\u00edtulo es una muestra de c\u00f3mo se trat\u00f3 el tema de la guerra en el franquismo puro y duro. Cordiales saludos<\/p>\n<p>P.- Profesor Vi\u00f1as: \u00bfest\u00e1 de acuerdo con la utilizaci\u00f3n del t\u00e9rmino &#8220;contradiccionario&#8221; para calificar a la obra &#8220;En el combate por la Historia&#8221; que usted coordina? \u00bfCree que puede dar la impresi\u00f3n de ser una obra en la que la investigaci\u00f3n historiogr\u00e1fica puede quedar diluida por la controversia generada por el Diccionario Biogr\u00e1fico de la Real Academia de la Historia?<\/p>\n<p>R.- Muchas gracias. No se utiliza en el texto de En el combate jam\u00e1s el t\u00e9rmino &#8220;contradiccionario&#8221;. Es una respuesta a lo que mis colegas y yo hemos entendido como una aut\u00e9ntica provocaci\u00f3n. Una forma de dar gato por liebre. Cordiales saludos<\/p>\n<p>P.- Muchos hemos visto con sorpresa c\u00f3mo en los \u00faltimos a\u00f1os se ha venido produciendo un verdadero renacimiento del discurso franquista en la opini\u00f3n p\u00fablica, hasta el punto de llegar a conseguir incluso resucitar debates que parec\u00edan completamente caducos. \u00bfCu\u00e1les cree que son las causas de este fen\u00f3meno? \u00bfCree que podr\u00eda consolidarse o incluso ir en aumento en los pr\u00f3ximos a\u00f1os? Un saludo desde Oviedo, y enhorabuena por su libro, que he le\u00eddo con placer.<\/p>\n<p>R.- Muchas gracias. Ya hay disponibles sesudos estudios acad\u00e9micos sobre las razones. En mi opini\u00f3n se trata de una respuesta al hecho, innegable, de que en los \u00faltimos quince a\u00f1os las muestras de la brutal represi\u00f3n franquista han empezado a salir, por fin, a la luz. Cordiales saludos<\/p>\n<p>P.- Estimado colega, \u00bfse podr\u00eda pues decir que el general Franco, lejos de ser una pieza meramente pasiva de la conspiraci\u00f3n liderada por Mola, tom\u00f3 parte activa, en su \u00e1mbito de influencia? M\u00e1s llano: que no solo se subi\u00f3 al carro de los golpistas&#8230;sino que tambi\u00e9n hizo lo que pudo para tirar del mismo&#8230;\u00bfCorrecto? Gracias y enhorabuena por su prodigiosa obra!<\/p>\n<p>R.- Muchas gracias. Efectivamente, lo que Franco hizo fue desarrollar SU conspiraci\u00f3n propia dentro de la conspiraci\u00f3n general. Cordiales saludos<\/p>\n<p>P.- Querido \u00c1ngel, gracias por su libro y por ese fant\u00e1stico ep\u00edlogo sobre las.. &#8220;revisiones&#8221;. Antes pensaba que el tiempo templar\u00eda extremos. Ahora advierto una &#8220;cruzada&#8221; comprometida, eterna y foribunda, que no tiene pensado claudicar. \u00bfContemplaremos alg\u00fan d\u00eda con orgullo una convivencia sociol\u00f3gica (no apost\u00f3lica) entre espa\u00f1oles? Un fuerte abrazo y mucha fuerza<\/p>\n<p>R.- Muchas gracias. Mire, un ejemplo. La guerra civil norteamericana se produjo hace 175 a\u00f1os. El abanico de percepciones, fuera de los \u00e1mbitos universitarios salvo en algunos establecimientos on the fringe, contin\u00faa abierto. Cordiales saludos<\/p>\n<p>P.- \u00bfEs cierto que Franco no era en quien se pens\u00f3 para la direcci\u00f3n de los sublevados? Siendo as\u00ed \u00bfle podr\u00edamos calificar de oportunista? Gracias. <\/p>\n<p>R.- Muchas gracias. Es absolutamente cierto. Ni Sanjurjo ni Goded ten\u00edan demasiada simpat\u00eda por Franco. Fue su eliminaci\u00f3n, por accidente o por fracaso, unida a la ayuda de las potencias fascistas y a los \u00e9xitos militares iniciales lo que empez\u00f3 a aupar a Franco. Cordiales saludos<\/p>\n<p>P.- Enhorabuena por su revelador ensayo, don \u00c1ngel. \u00bfQu\u00e9 opina usted que habr\u00eda pasado en caso de no haber muerto Sanjurjo en el accidente de avi\u00f3n en Portugal? Mi hip\u00f3tesis es que la guerra habr\u00eda durado unos meses, Espa\u00f1a habr\u00eda entrado en la Segunda Guerra Mundial y la democracia habr\u00eda llegado 30 a\u00f1os antes.<\/p>\n<p>R.- Muchas gracias. Es dif\u00edcil suponer lo que hubiera pasado. Sanjurjo y Mola ciertamente estaban decididos a hacer un ba\u00f1o de sangre, pero no est\u00e1 claro que Hitler hubiese intervenido en apoyo de la sublevaci\u00f3n. No estoy seguro sobre Mussolini que alentaba un golpe en el que Franco no jugaba el papel primordial. Y luego el n\u00famero de variables y sus combinaciones es tan amplio que no llego a atisbar m\u00e1s. Cordiales saludos<\/p>\n<p>P.- Se\u00f1or, soy aleman y los alemanes no eran capaz de distinguir entre comunistas, anarquistas, socialistas, porque Hitler ha puesto todos en una basura roja . \u00bfConocen los jovenes de hoy la diferencia entre anarquistas y comunistas?<\/p>\n<p>R.- Muchas gracias. Yo pertenezco a otra generaci\u00f3n. No puedo hablar por los j\u00f3venes. En principio, anarquistas y comunistas ya no est\u00e1n en el juego pol\u00edtico del presente. Cordiales saludos<\/p>\n<p>P.- Sr Vi\u00f1as: No entiendo como en 1945 el gobierno brit\u00e1nico y en menor medida el gobierno franc\u00e9s no tuvieron complejo de culpa por haber abandonado a su suerte a la Rep\u00fablica, no hicieron nada por hacer caer a la Dictadura franquista.Chamberlain me parece nefasto.<\/p>\n<p>R.- Muchas gracias. Es explicable la retracci\u00f3n y he tratado de explicarla &#8220;racionalmente&#8221;. La clave est\u00e1 en la postura de Churchill, compartida despu\u00e9s por el gobierno laborista. Mejor que siga Franco, que no es una amenaza salvo para los espa\u00f1oles, que se cree una situaci\u00f3n de inestabilidad en Espa\u00f1a en la que el PCE pudiera crecer. Ideolog\u00eda disfrazada de Realpolitik. Y, s\u00ed, Chamberlain fue nefasto. Para la Rep\u00fablica y, me temo, tambi\u00e9n para su propio pa\u00eds. Ahora hay en Inglaterra un movimiento a favor de su recuperaci\u00f3n. Cordiales saludos<\/p>\n<p>P.- Hola \u00c1ngel, quer\u00eda preguntar como crees que hubiera sido el reparto de poderes en el bando nacional si no se hubieran producido los accidentes de los Generales Sanjujo y Mola y si Jos\u00e9 Antonio Primo de Rivera hubiera tenido alg\u00fan papel relevante en el nuevo estado en caso de que no hubiera sido fusilado Muchas gracias<\/p>\n<p>R.- Muchas gracias. Sanjurjo hubiera sido, sin duda, el nuevo jefe del estado. Los mon\u00e1rquicos y los carlistas hubieran ganado posiciones. No creo que la Falange hubiera entrado en primera l\u00ednea. Primo de Rivera estaba en la c\u00e1rcel en zona republicana y no veo c\u00f3mo se le hubiera liberado. En cualquier caso, la evoluci\u00f3n hubiera ido por un curso algo diferente. Quiz\u00e1 como en Grecia con Metaxas. Cordiales saludos<\/p>\n<p>P.- Hola Angel, me gustaria saber en tu opini\u00f3n cuales son las razones que han inducido al Ministro Gallard\u00f3n a disolver la Oficina de Victimas de la Guerra Civil y la Dictadura. Echo de menos igualmente un an\u00e1lisis tuyo sobre la persistencia de la derecha espa\u00f1ola en identificarse con los valores del franquismo \u00bfpara cuando?<\/p>\n<p>R.- Muchas gracias. Como historiador me parece lamentable. Como ciudadano, m\u00e1s a\u00fan. En el libro que he coordinado, En el combate por la historia, hay varios art\u00edculos, entre ellos uno de Alberto Reig y m\u00edo, que abordan la cuesti\u00f3n de la identificaci\u00f3n que, en mi modesta opini\u00f3n, es lamentable. <\/p>\n<p>P.- Muchas gracias \u00c1ngel por brindarnos una soberbia cr\u00f3nica sobre el papel desempe\u00f1ado por el ex-general Franco en la conspiraci\u00f3n. \u00bfPuede considerarse como de genocidio lo que ocurri\u00f3 en el verano del 36 cuando el ej\u00e9rcito sublevado entraba a sangre y fuego en cada pueblo\/ciudad para &#8220;ajusticiar&#8221; a los &#8220;marxistas&#8221;? \u00bfConsidera superado el trauma provocado por la guerra civil de 40 a\u00f1os de duraci\u00f3n?<\/p>\n<p>R.- Muchas gracias. Yo no soy jurista y no me gusta expresarme en categor\u00edas jur\u00eddicas susceptibles de interpretaciones varias. Prefiero utilizar el t\u00e9rmino de &#8220;salvajadas&#8221;, que no es muy t\u00e9cnico o acad\u00e9mico pero s\u00ed muy descriptivo. El trauma est\u00e1 superado, creo, pero quedan rescoldos porque en Espa\u00f1a no ha habido un aut\u00e9ntico enfrentamiento con TODOS los horrores del pasado. Se ha preferido pasar p\u00e1gina. Las nuevas generaciones, l\u00f3gicamente, no lo entienden. Yo tampoco. Cordiales saludos<\/p>\n<p>P.- Qu\u00e9 opini\u00f3n le merece la ley de Memoria Hist\u00f3rica. \u00bfConsidera que el protagonismo que se le dio a los medios de comunicaci\u00f3n y asociaciones ha perjudicado el debate acad\u00e9mico sobre la guerra?Me parece m\u00e1s grave la falta de cr\u00edtica y m\u00e9todo hist\u00f3rico empleado por el Diccionario Biblio. Esp. en la entrada de Franco que su contenido (que fue de lo \u00fanico que se habl\u00f3)<\/p>\n<p>R.- Muchas gracias. La LMH es alicorta, pero es lo que hay. Yo hubiera sido algo m\u00e1s osado. Hay precedentes en Europa. No se les tuvo en cuenta. El debate acad\u00e9mico tiene su ritmo y su l\u00f3gica. Deriva, esencialmente, de nuevos planteamientos y de la disponibilidad de nuevas fuentes. Yo he le\u00eddo un centenar de entradas de ese Diccionario y he sentido aut\u00e9ntico bochorno. Cordiales saludos<\/p>\n<p>P.- Canarias ha cometido dos errores hist\u00f3ricos: No dejar entrar al contraalmirante ingl\u00e9s Horatio Nelson EN 1797, y dejar salir a Franco, su Capit\u00e1n General en 1936. \u00bfQu\u00e9 opina al respecto? GRACIAS.<\/p>\n<p>R.- muchas gracias. La broma es conocida. Para que Franco pudiera salir Balmes ten\u00eda que perecer. Canarias no tuvo nada que ver en esa execrable operaci\u00f3n. Cordiales saludos<\/p>\n<p>P.- Estimado colega, \u00bfCu\u00e1l es su opini\u00f3n sobre el imaginario colectivo sobre la Rep\u00fablica y el franquismo? \u00bfHan ayudado o perjudicado obras culturales de consumo masivo como Cu\u00e9ntame o Amar en Tiempos Revueltos a consolidar y cuestionar los t\u00f3picos? Por cierto, mi m\u00e1s sinceras felicitaciones por su colosal obra.<\/p>\n<p>R.- Muchas gracias. He de confesar, para mi verg\u00fcenza, que no he visto esas obras. Vivo en Bruselas y ya tengo bastante con la BBC. Cordiales saludos<\/p>\n<p>P.- Un placer Sr. Vi\u00f1as. Soy melillense y quer\u00eda preguntarle sobre el papel de Melilla, de sus gobernantes entonces, en el alzamiento, si alg\u00fan cargo se opuso al mismo, y si considera correcto el mantenimiento de la estatua a Franco en dicha ciudad espa\u00f1ola <\/p>\n<p>R.- Muchas gracias. Existe un trabajo muy interesante sobre la sublevaci\u00f3n en el Protectorado que ha aclarado muchas inc\u00f3gnitas, haciendo tambi\u00e9n uso de la documentaci\u00f3n de archivo y de los Consejos de Guerra incoados. El episodio es pat\u00e9tico. \u00bfHay alguna estatua de Adolf Hitler en Alemania? Cordiales saludos<\/p>\n<p>P.- \u00bfHa le\u00eddo el libro EL HOLOCAUSTO ESPA\u00d1OL? \u00bfConsidera bien documento el mismo? Gracias<\/p>\n<p>R.- Muchas gracias. S\u00ed, lo he le\u00eddo e incluso escrib\u00ed una rese\u00f1a en EL PA\u00cdS. Me parece un libro excelente y no estoy de acuerdo con las cr\u00edticas que se han vertido al autor por varios historiadores de derechas, a veces en un tono absolutamente lenguaraz. Cordiales saludos<\/p>\n<p>P.- Se\u00f1or Vi\u00f1as, \u00bfcu\u00e1nto queda por desclasificar en el Reino Unido en relaci\u00f3n con la Guerra Civil y debido a qu\u00e9 ese secretismo extremo?<\/p>\n<p>R.- Muchas gracias. En lo que se me alcanza a saber, por lo que he podido colegir de mis investigaciones, son cuatro categor\u00edas: legajos del MI6 (secret intelligence service). No se ha dado a conocer ning\u00fan documento de \u00e9poca. documentaci\u00f3n que alumbre el proceso de adopci\u00f3n de decisiones en la c\u00fapula en el Foreign Office actividades de los servicios de inteligencia militar en Espa\u00f1a (aunque hay documentaci\u00f3n desperdigada ya abierta) interceptaci\u00f3n de comunicaciones radio y telegraficas espa\u00f1olas Cordiales saludos <\/p>\n<p>P.- \u00bfEs cierto que el general estuvo indeciso sobre su participaci\u00f3n en el golpe militar hasta el asesinato de Calvo Sotelo?<\/p>\n<p>R.- Muchas gracias. Eso es lo que se ha dicho. En mi opini\u00f3n es una ocultaci\u00f3n. El 11 de julio el marqu\u00e9s de Luca de Tena orden\u00f3 ya que el Dragon Rapide se dirigiese a Gando. Es decir, para poco antes de esa fecha, como muy tarde, Franco habr\u00eda ya decidido liquidar a Balmes. Cordiales saludos<\/p>\n<p>P.- Estimado Sr. Mi aspiraci\u00f3n en la vida es ser diplom\u00e1tico que le recomendar\u00eda a un jov\u00e9n de 19 a\u00f1os<\/p>\n<p>R.- Muchas gracias. Aprender idiomas y hablarlos lo mejor posible. Muchos profesionales no lo hacen y entraron, pero ahora las circunstancias son diferentes. Seguir bien la actualidad y determinar sus ra\u00edces hist\u00f3ricas. Y, naturalmente, machacarse el temario, en su momento. Cordiales saludos<\/p>\n<p>P.- Profesor Vi\u00f1as, soy antiguo alumno y seguidor de su cruzada por el uso de la EPRE. \u00bfSe ha podido constatar trabas intencionadas de bancos extranjeros en los giros que la Rep\u00fablica enviaba a sus embajadas?<\/p>\n<p>R.- Muchas gracias. S\u00ed. S\u00ed, S\u00ed. Ahi est\u00e1 el caso del British Overseas Bank que paraliz\u00f3 todo el sistema de pagos a la red exterior en abril de 1938. \u00bfComo se salvo la situaci\u00f3n? Pues como en 1936: acudiendo a la banca sovi\u00e9tica en Occidente Cordiales saludos<\/p>\n<p>P.- Sr. Vi\u00f1as, estaria Ud de acuerdo con la idea de que Francia e Inglaterra no s\u00f3lo dejaron caer a la rep\u00fablica espa\u00f1ola sino que propiciaron una guerra larga porque son enemigos permanentes de Espa\u00f1a y que cuanto peor le iba a Espa\u00f1a mejor para ellos?<\/p>\n<p>R.- Muchas gracias. No. Con esa \u00faltima parte de su afirmaci\u00f3n no estoy de acuerdo. No est\u00e1 documentada. Cordiales saludos<\/p>\n<p>P.- Don \u00c1ngel. \u00bfQueda alg\u00fan punto oscuro por estudiar referido a la guerra civil? O bien &#8220;todos los problemas ya est\u00e1n resueltos&#8221;, como menciona cierto historiador pro-franquista. Gracias.<\/p>\n<p>R.- Muchas gracias. Oh! no. Queda mucho por descubrir. Lo que no sabemos es cu\u00e1nto. Un amigo m\u00edo, el profesor Angel Bahamonde, est\u00e1 por ejemplo estudiando los consejos de guerra tras 1939 y se ha encontrado con sorpresas may\u00fasculas. No olvide que los archivos espa\u00f1oles se han abierto no hace tanto tiempo. Cordiales saludos<\/p>\n<p>P.- \u00bfCree usted que el Estado(el Gobierno) deber\u00eda intervenir en la encautaci\u00f3n de documentaci\u00f3n hit\u00f3rica en manos de particulares o fundaciones privadas, para su posible estudio y publicaci\u00f3n? Gracias.<\/p>\n<p>R.- Muchas gracias. Eso es cuesti\u00f3n que deber\u00eda abordar una buena Ley de Archivos que falta hace. Cordiales saludos<\/p>\n<p>P.- En aquel tiempo una de las instituciones a reformar era el ej\u00e9rcito,cual era el estado de la reflexi\u00f3n, quienes eran aquellos que habian propuesto reformas,sobre la dimensi\u00f3n,las funciones a desarrollar, el tratamiento juridico..Cuales eran las aportacines teoricas mas relevantes sobre la relacion ejercito- estado \u00f3 ej\u00e9rcito &#8211; sociedad, el tipo de ejercito y la dimension del mismo en una sociedad moderna.Habia discusionndebate sobre la institucion armada . <\/p>\n<p>R.- En aquel tiempo una de las instituciones a reformar era el ej\u00e9rcito,cual era el estado de la reflexi\u00f3n, quienes eran aquellos que habian propuesto reformas,sobre la dimensi\u00f3n,las funciones a desarrollar, el tratamiento juridico..Cuales eran las aportacines teoricas mas relevantes sobre la relacion ejercito- estado \u00f3 ej\u00e9rcito &#8211; sociedad, el tipo de ejercito y la dimension del mismo en una sociedad moderna.Habia discusionndebate sobre la institucion armada . <\/p>\n<p>P.- Estimado \u00c1ngel, \u00bfc\u00f3mo ha sido la colaboraci\u00f3n con Gonzalo Pont\u00f3n en la elaboraci\u00f3n del &#8220;contradiccionario&#8221;? Gracias por dejar al gremio donde se merece.Un abrazo<\/p>\n<p>R.- Muchas gracias. Excelente de todo punto. Gonzalo lanz\u00f3 la idea y me encarg\u00f3 de ponerla en pr\u00e1ctica. Yo me resist\u00ed como gato panza arriba (ten\u00eda otros proyectos) pero en cuanto entr\u00e9 en el Diccionario de la RAH, dej\u00e9 de lado todas mis dudas. Cordiales saludos<\/p>\n<p>P.- Estimado profesor Vi\u00f1as: \u00bfCree usted que ya est\u00e1 totalmente dilucidado el tema de los suministros sovi\u00e9ticos a la Rep\u00fablica a cambio del oro espa\u00f1ol o, como recogen algunos trabajos publicados recientemente, a\u00fan quedan aspectos por descubrir?<\/p>\n<p>R.- Muchas gracias. Hombre, quedan aspectos por documentar. Es obvio. Pero lo que ha aparecido recientemente no solo no ha aportado nada sino que incluso ha embarullado el tema. Sobre el &#8220;oro de Mosc\u00fa&#8221; no se ha dicho todo lo que hay que decir. Yo estoy trabajando en un libro que titular\u00e9 Armas y oro. Palancas de la guerra, mitos del franquismo.<\/p>\n<p>P.- Escuch\u00e9 a una peque\u00f1a preguntar que qui\u00e9n era Franco (aparec\u00eda escrito en un \u00e1rbol). \u00bfSe puede repetir la historia si se va olvidando? <\/p>\n<p>R.- Muchas gracias. Ver\u00e1, esa m\u00e1xima debida a George Santayana (por utilizar el nombre con que es conocido fuera de Espa\u00f1a) es un poco boba. La historia no se repite salvo como farsa. Cordiales saludos<\/p>\n<p>P.- \u00bfEs verdad que el partido comunista proyect\u00f3 una posible reconquista de espa\u00f1a, desde malaga, para restaurar el legitimo gobierno republicano, despues de la Segunda Guerra Mundial? <\/p>\n<p>R.- Muchas gracias. Pues no me consta. Aunque s\u00ed es cierto que el PCE trat\u00f3 de influir lo m\u00e1s posible en las guerrillas antifranquistas. Un pr\u00f3ximo libro de Jorge Marco aclarar\u00e1 muchas cuestiones con ellas relacionadas. Cordiales saludos <\/p>\n<p>P.- Estimado Sr. Vi\u00f1as: Si la Historia es la que cuentan autodenominados historiadores sin escr\u00fapulos y,peor a\u00fan, sin rigor : \u00bfA d\u00f3nde va a parar la verdad y c\u00f3mo la van a reconocer las generaciones que no la han vivido?.<\/p>\n<p>R.- Muchas gracias. Yo defiendo la responsabilidad no solo cient\u00edfica sino, y sobre todo, \u00e9tica y moral del historiador en la b\u00fasqueda de la verdad. No invento nada. Ya lo dec\u00eda en el siglo XIX un autor que no se lee ahora demasiado por estos pagos, Lord Acton. Tenemos una responsabilidad con la sociedad presente y futura. Tambi\u00e9n con nuestros colegas que acudir\u00e1n a nosotros. Personalmente no me gustar\u00eda que se pensara de mi generaci\u00f3n que nos contentamos con la cl\u00e1sica sopa boba. Cordiales saludos<\/p>\n<p>P.- Buenas tardes \u00c1ngel; Despu\u00e9s de haber estudiado de manera tan exhaustiva la guerra civil y sus consecuencias, \u00bfcu\u00e1l ser\u00e1 su pr\u00f3ximo foco de estudio? Por otra parte, que futuro espera usted que tendr\u00e1 la investigaci\u00f3n sobre los ni\u00f1os robados del franquismo? Gracias<\/p>\n<p>R.- Muchas gracias. Mi pr\u00f3ximo libro ser\u00e1 un estudio de la interacci\u00f3n entre los diferentes factores materiales que condicionaron el curso de la guerra. Creo, sin falsa modestia, que algunas de mis conclusiones levantar\u00e1n ronchas. De los ni\u00f1os, no estoy en condiciones de afirmar nada Cordiales saludos<\/p>\n<p>P.- Hola. Estoy estudiando 1 de Grado de Historia y casualmente uno de mis temas favoritos es la Guerra Civil; perd\u00f3neme si no he le\u00eddo nada de usted. \u00bfPod\u00eda haber acabado diferente la Guerra Civil, en su opini\u00f3n: si por ejemplo, Franco no hubiera liderado a los Reberdes? \u00bfY si es verdad que los Rebeldes ondearon bandera rep\u00fablicana, es decir, no todos pretend\u00edan acabar con ella?, creo haberlo le\u00eddo en &#8220;Una Historia de la Guerra Civil que no va a gustar a nadie&#8221;. <\/p>\n<p>R.- Muchas gracias. Responder a preguntas contrafactuales es un ejercicio peligroso, pero yo s\u00ed creo que sin Franco como l\u00edder m\u00e1ximo las cosas pudieran haber ido de otra manera. Entre los conspiradores exist\u00edan proyectos pol\u00edticos diferentes pero, al final, la evoluci\u00f3n fue lo que fue. Y todos tan contentos. <\/p>\n","protected":false},"excerpt":{"rendered":"<p>El historiador y diplom\u00e1tico charlar\u00e1 con los lectores sobre su ensayo &#8220;La conspiraci\u00f3n del general Franco&#8221; (Cr\u00edtica), que termina con muchos t\u00f3picos repetidos. <\/p>\n","protected":false},"author":1,"featured_media":0,"comment_status":"open","ping_status":"open","sticky":false,"template":"","format":"standard","meta":{"footnotes":""},"categories":[],"tags":[],"class_list":["post-9959","post","type-post","status-publish","format-standard","hentry"],"_links":{"self":[{"href":"https:\/\/intervius.com\/index.html\/wp-json\/wp\/v2\/posts\/9959","targetHints":{"allow":["GET"]}}],"collection":[{"href":"https:\/\/intervius.com\/index.html\/wp-json\/wp\/v2\/posts"}],"about":[{"href":"https:\/\/intervius.com\/index.html\/wp-json\/wp\/v2\/types\/post"}],"author":[{"embeddable":true,"href":"https:\/\/intervius.com\/index.html\/wp-json\/wp\/v2\/users\/1"}],"replies":[{"embeddable":true,"href":"https:\/\/intervius.com\/index.html\/wp-json\/wp\/v2\/comments?post=9959"}],"version-history":[{"count":0,"href":"https:\/\/intervius.com\/index.html\/wp-json\/wp\/v2\/posts\/9959\/revisions"}],"wp:attachment":[{"href":"https:\/\/intervius.com\/index.html\/wp-json\/wp\/v2\/media?parent=9959"}],"wp:term":[{"taxonomy":"category","embeddable":true,"href":"https:\/\/intervius.com\/index.html\/wp-json\/wp\/v2\/categories?post=9959"},{"taxonomy":"post_tag","embeddable":true,"href":"https:\/\/intervius.com\/index.html\/wp-json\/wp\/v2\/tags?post=9959"}],"curies":[{"name":"wp","href":"https:\/\/api.w.org\/{rel}","templated":true}]}}