{"id":9951,"date":"2010-03-18T00:00:00","date_gmt":"2006-11-06T00:00:00","guid":{"rendered":"https:\/\/intervius.com\/index.html\/?p=9951"},"modified":"2006-11-06T00:00:00","modified_gmt":"2006-11-06T00:00:00","slug":"Tomas_Guasch9951","status":"publish","type":"post","link":"https:\/\/intervius.com\/index.html\/Tomas_Guasch9951\/","title":{"rendered":"Tom\u00e1s Guasch"},"content":{"rendered":"<p>Pregunta.- No te parece que la critica de Juan de Ramos aplica tanto para el Sevilla como para el Madrid?, porque hubo jugadores que muy campantes vendieron la piel del oso y ya sabemos como termino la historia&#8230;<\/p>\n<p>Respuesta.- Probablemente s\u00ed hubo un exceso de confianza por ambas partes y en el caso del Sevilla m\u00e1s comprensible tras el 1-1 de la ida. El m\u00e1s flojo (noveno de la Bundesliga ahora) de los octavos era el Stuttgart, pero si volvieran a sortear, CSKA y Lyon estar\u00edan entre los apetecibles. Te pueden eliminar Manchester e Inter, pienso en Mil\u00e1n y Chelsea, pero estos dos&#8230; Lo cual ense\u00f1a sobre todo una cosa: si t\u00fa est\u00e1s bien al menos un partido (el Bar\u00e7a en la vuelta) contra esos pasas. Pero si no est\u00e1s bien en los dos encuentros te mandan pa casa.<\/p>\n<p>P.- Hola Tom\u00e1s!! Eres un fen\u00f3meno, aunque seas merengue (nadie es perfecto, ya lo dijo wilder). \u00bfPodr\u00edas mojarte y darme tus favoritos para la Champions, Liga, y el Mundial? Yo te doy los m\u00edos: la liga para el Madrid, la Champions para el Barca, y el Mundial&#8230; pues fijate, hace una semana habr\u00eda dicho Espa\u00f1a, pero me dan mala espina las dos lesiones musculares de Xavi en los \u00faltimos meses. \u00bfC\u00f3mo lo ves?<\/p>\n<p>R.- La Champions est\u00e1 clara: Bar\u00e7a, Inter y Manchester. Para la Liga, y tras mucho cavilar. Madrid y Bar\u00e7a, \u00a1je, je! Y para el Mundial, Espa\u00f1a y Brasil, con Argentina al acecho. Y esa percepci\u00f3n tuya tras lo de Xavi tambi\u00e9n la tengo yo, pero me la callo. El calendario tan duro, el nuestro digo, tendr\u00e1 mucho que ver con la suerte de Espa\u00f1a en el Mundial. A la Confederaciones ya fuimos sin Iniesta por lesi\u00f3n y no fue lo mismo. Crucemos los dedos.<\/p>\n<p>P.- Buenos dias Gran Tomas!,personalmente como aficionado madridista me cuesta dormir por las noches pensando que el bar\u00e7a pueda llegar a la final del bernabeu y ganarla, ayer como aficionado al futbol he de decir que hicieron un partido casi perfecto imitando a aquel bar\u00e7a del a\u00f1o pasado que todos temiamos, crees que siguiendo el bar\u00e7a de esta manera puede llegar a la final de Madrid y ganarla? Porfavor animame y dime que el a\u00f1o que viene fichamos a Mourinho y ganamos la decima en el Camp Nou, Un abra\u00e7o y suerte.<\/p>\n<p>R.- Pues claro que puede llegar a la final del Bernab\u00e9u y ganarla. O perderla. Esto forma parte del show, lo importante es estar en la final, sea en Madrid o en el estadio Lenin de Mosc\u00fa. Sobre lo otro, que Mourinho entrene al Madrid desde junio o alg\u00fan dia es posible, pero no me consta que el Bar\u00e7a hya pedido la final del 2011 para el Camp Nou. Te pregunto: \u00bfte importar\u00eda mucho que el Madrid ganara esa Champions en otro estadio europeo? Pues eso&#8230;<\/p>\n<p>P.- tomas, que guapo sales en Crack\u00f2via ,,, te ha gustao? Cual es la diferencia entre lo que vimos en el programa y la realidad? Yo se q me vas a responder porque eres un tipazo con sentido del humor. ciao<\/p>\n<p>R.- Pues salgo demasiado guapo, tanto que no me reconozco. \u00a1Me mejoran demasiado! La mayor diferencia sobre la parodia de esa reuni\u00f3n de portada de AS es que yo no estoy en Madrid cuando se celebra, las m\u00e1s de las veces me encuento en Barcelona. Me pareci\u00f3 divertida, las imitaciones de voz son geniales y, amigo, hace muchos a\u00f1os descubr\u00ed lo importante que es tener sentido del humor y que \u00e9ste empieza por re\u00edrse de uno mismo. Que nos lo tomamos bien lo confirma que pedimos permiso a TV3 para reproducir las im\u00e1genes en AS.com<\/p>\n<p>P.- Hola, se\u00f1or Guash, en cierta ocasi\u00f3n le dije que era el anticristo de los cul\u00e9s, y de hecho lo sigo pensando.Mi pregunta es: \u00bfPor que no formamos usted Alguersuari, Alonso y yo el club anti Godall? \u00bfQue opina de este se\u00f1or?.Gracias<\/p>\n<p>R.- No creo que el personaje merezca un club ni siquiera en contra. Me parece sobre todo un cobardica. No tiene 15 a\u00f1os, cuando a su edad uno se pone a escribir debe saber lo que dice. Si le parece que los madridistas y pericos deben ser fumigados y lo escribe, lo aguanta. Y no hace la nenaza tonta un d\u00eda despu\u00e9s con una r\u00e9plica tan rid\u00edcula como que cuando llam\u00f3 pilotitos a Alonso y Jaime lo era pensando en pilotos de otros tiempos, Senna y compa\u00f1\u00eda. Y por lo que me cuentan, dudo que en su vida haya visto una carrera de F1, que esa es otra. \u00bfAcaso Senna era del Bar\u00e7a? Alguersuari lo tild\u00f3 de persona excluyente, o sea poco recomendable. Esa salida, y otras, confirman lo sabido: es un se\u00f1or de esasa talla intelectual. Vamos, yo no le votaba ni para presidente de mi escalera de vecinos. Pero el cul\u00e9 sabr\u00e1&#8230;<\/p>\n<p>P.- A ver que tan honesto puedes ser en estas charlas: Viste el partido del Bar\u00e7a ayer? Te gusto? Tienes Bar\u00e7elonitis?<\/p>\n<p>R.- Pues espero ser al menos tan honesto como t\u00fa, lo cual es un riesgo por mi parte pues ni te conozco ni se si te llamas Raul y sin acento. Vi el partido del Bar\u00e7a y me gust\u00f3. Y no me he confesado por ello. Y barcelonitis no tengo: a lo sumo secuelas de una contractura salvaje en la espalda producto de una hernia discal, la primera cornada seria de mi vida&#8230; y espero que la \u00faltima. A 18 de marzo de 2010 soy un t\u00edo felic\u00edsimo, ojal\u00e1 formes t\u00fa parte de mi club. Y si no es as\u00ed, te lo deseo de todo coraz\u00f3n.<\/p>\n<p>P.- Tom\u00e1s, maestro 2 preguntas: \u00bfno te parece que el canguelo se ha instalado en Madrid al escuchar las declaraciones de los jugadores merengues? y luego qu\u00e9 resultado crees que obtendr\u00edas en Madrid si pasas tu reconocido medidor de miedos en este momento? (no lo digo directamente pues solo t\u00fa posees los derechos de autor y la marca registrada jajajaja)<\/p>\n<p>R.- \u00a1Ja, ja! El cag\u00f3metro es algo instalado en el alma cul\u00e9, si bien es cierto que puede instalarse en otras latitudes. Hombre, ver al Bar\u00e7a campe\u00f3n en el Bernab\u00e9u no le apetece a ning\u00fan madridista, pero si hay preocupaci\u00f3n blanca ser\u00e1 por la Liga, que es donde interviene su equipo. Vamos, pienso que de haber habr\u00e1 m\u00e1s miedo al cl\u00e1sico que a una final de Champions, mucho m\u00e1s lejana.<\/p>\n<p>P.- usted cree que guardiola el pasado a\u00f1o estuvo en Lanzarote en un clinick y dijo que le gustaria entrenar al madrid ya que le daria mucho morbo, cree que lo dijo en serio o de broma y otra est\u00e1 ya fichado para el espa\u00f1ol el delantero de Las Palmas Marcos Marquez?<\/p>\n<p>R.- No veo a Guardiola en el Madrid como no veo a Camacho en el Bar\u00e7a. Que tendr\u00eda morbo, segur\u00edsimo. Pero hasta ah\u00ed. Y sobre lo de Marcos M\u00e1rquez no me consta nada, pero un jugador con gol siempre es apetecible para el Espanyol y para cualquiera, empezando por la Uni\u00f3n Deportiva.<\/p>\n<p>P.- Buenas tardes querido Tom\u00e1s, siempre es un placer leerte y escucharte en el Carrusel. Quer\u00eda hacerte una pregunta: No crees que ese supuesto inter\u00e9s del Madrid en vender a Higua\u00edn (se\u00f1al\u00e1ndole indirectamente como responsable de la eliminaci\u00f3n en Champions) para a continuaci\u00f3n fichar a Rooney ser\u00eda volver a caer en un error garrafal de cara al a\u00f1o que viene? Personalmente creo que al Madrid no le falla la delantera, sus n\u00fameros son realmente buenos, sino que nos faltan peloteros. No ser\u00eda mejor fichar un par de jugadores para el 11 titular (pongamos Silva y Cesc) y un buen suplente con ganas de jugar en un grande (se me ocurre Arteta) cuya mayor virtud sea tratar bien el esf\u00e9rico? Un abrazo, crack! No cambies nunca!<\/p>\n<p>R.- Pues espero que todo sea un calent\u00f3n pues considerando que Rooney es un excelente futbolista, creo que el Madrid le faltan centrocampistas y no m\u00e1s delanteros. O sea que estoy contigo en lo que expresas a continuaci\u00f3n. Suponte que s\u00ed, que venden al Pipa y viene Rooney: estamos en las mismas si no est\u00e1n esos que tu dices o parecidos. Y no, a mi edad lo de cambiar esta complicadillo. <\/p>\n<p>P.- Querido Guasch Tiene solucion nuestro rcd espa\u00f1ol<\/p>\n<p>R.- Pues la tiene si por fin se dedican los que mandan a gestionarlo bien, cosa que hasta la fecha no han hecho. Vale que lo primero es salvar al equipo, pero se ponen Dani y compa\u00f1\u00eda las pilas o esto acaba en desastre. Ya sabes que habr\u00e1 una ampliaci\u00f3n de capital, que la novedad es que entrar\u00e1 la familia Pozzo, propietaria del Udinese y amiga de Miolinos y el propio Dani: \u00bfme sigues? No s\u00e9, lo \u00fanico seguro es hay que darle una vuelta de tuerca a la gesti\u00f3n, tan hipotecada por el cr\u00e9dito del estadio y dem\u00e1s. <\/p>\n<p>P.- Hola Tom\u00e1s. Observando que el Bar\u00e7a continua haciendo el Camino de Santiago&#8230; Bernabeu, \u00bfno crees que, como \u00fanico representante espa\u00f1ol en la Champions, deber\u00eda recibir todo el apoyo de los medios espa\u00f1oles, incluso los de la capital, en lugar de expresar un disgusto mal disimulado? Criticamos a Laporta por su independentismo y le damos la raz\u00f3n con determinadas actitudes, creo yo.. Saludos.<\/p>\n<p>R.- Pues yo no tengo disgusto alguno, dorm\u00ed a pierna suelta la noche del mi\u00e9rcoles al jueves&#8230; All\u00e1 cada uno con sus neuras. Pero una cosa es la rivalidad futbolera, a menudo irracional en todas partes, y otra lo de Laporta. Aunque si te sigue intersando mi opini\u00f3n personal, a m\u00ed como si le operan: que diga lo que le apetzca. Como periodista deportivo, el 13 de junio, fecha de las elecciones del Bar\u00e7a, este se\u00f1or ser\u00e1 historia&#8230; y si acaso le seguir\u00e1n los colegas de pol\u00edtica. Yo entiendo la vida, Catalu\u00f1a, Espa\u00f1a, el mundo de diferente manera. No digo mejor o peor, sino diferente. <\/p>\n<p>P.- Sr. Guasch, le vuelvo a ofrecer la oportunidad de sincerarse y proclamar a los cuatro vientos, que ??SI??, que si se ha vuelto a equivocar el Sr. P\u00e9rez.\u00a1\u00a1\u00a1 Y lo que es m\u00e1s grave!!!, ya prepara otra inversi\u00f3n de las suyas para el a\u00f1o que viene. \u00bfSr. Guasch, no cree que los fichajes que se dicen, esta y va a realizar el Sr. P\u00e9rez, no corresponden a la realidad del equipo? \u00bf No cree que, los seguidores del equipo de la capital, est\u00e9n viendo con malos ojos lo que quiere realizar de nuevo?. Bueno Sr. Guasch, si puede me contesta. Por cierto,\u00bf no ser\u00e1 que Jos\u00e9 Tom\u00e1s est\u00e1 esperando ver al Bar\u00e7a en Madrid?. Un Saludo.<\/p>\n<p>R.- Si debemos ser sensatos y coherentillos diremos que no hay proyecto para seis meses ni, desde luego, que dependa de una eliminatoria de Champions. Gran cagada, con perd\u00f3n, pero un accidente si el proyecto cuaja y el Madrid sigue por un camino claro. Que pasa por fichar un par de centrocampistas jugones e insistir en la regeneraci\u00f3n del club en todas sus \u00e1reas. No confundamos la l\u00f3gica decepci\u00f3n tras lo del Lyon con un proyecto serio&#8230; que debemos suponer es este. Y Jos\u00e9 Tom\u00e1s no espera ver al Bar\u00e7a en Madrid a no ser en el campo del Atleti, que es su equipo, \u00a1ja, ja! <\/p>\n<p>P.- \u00bfNo cree usted que Lio Messi es ya mejor que Maradona? \u00bfSi a este le da por seguir la idea de Guardiola y ponerlo de enganche, vamos a tener un duro rival en la albiceleste?<\/p>\n<p>R.- Pues si no lo es anda cerca en lo individual. Lo que a m\u00ed me admir\u00f3 siempre de Diego fue que hizo campe\u00f3n de Italia y de la UEFA al N\u00e1poles, es como si Leo ficha por el Valladolid y consigue lo mismo. E hizo campe\u00f3n y subcampe\u00f3n del mundo a una Argentina normalilla, sobre todo la del 90. En todo caso, cada uno en su \u00e9poca y como dir\u00eda Suker, con su calidad. Y s\u00ed, Argentina es uno de esos cuatro o cinco equipos que nos pueden amargar el Mundial. Arriba tiene m\u00e1s que nadie (Messi, Higua\u00edn, Ag\u00fcero, Diego Milito&#8230;), les falta un mediocampista jefe, un Redondo, y por ah\u00ed son vulnerables. Pero a un partido de cruce, problemas seguro&#8230; si Maradona no monta un n\u00famero antes. Siempre he pensado que con ellos no habr\u00e1 t\u00e9rmino medio: ser\u00e1n campeones o casi o se liar\u00e1n a tiros (es un decir) despu\u00e9s del primer partido.<\/p>\n<p>P.- Querido Tom\u00e1s: seguimos siendo, como ya dije en este foro hace un mes, el segundo equipo (un gol m\u00e1s que el Xerez)menos goleador de las 5 principales ligas de Europa y Tamudo no juega porque las relaciones con Pochettino son nulas. Me parece incre\u00edble. \u00bfQui\u00e9n se ha cre\u00eddo para anteponer sus intereses personales a los de su empresa? Encima, veo una connivencia Pochettino-consejo en este tema que me da asco. El barco se hunde pero Tamudo tiene la X y hasta aqu\u00ed hemos llegado. \u00bfQu\u00e9 te parece todo este circo?. No somos ejemplo de nada bueno, estoy que me subo por las paredes. Un abrazo<\/p>\n<p>R.- Correcto en los datos, es lo que hay. Pochettino ha actuado seg\u00fan su saber y entender, m\u00e1s del lado de la empresa. El problema es que el m\u00e1ximo goleador del equipo transcurridas 26 jornadas es Verd\u00fa&#8230; y eso lo explica todo. Sus goles deben ayudar, pero malo si un mediocampista es el m\u00e1ximo goleador del equipo. Comprendo que te subas por las paredes, no eres el \u00fanico. Hoy me han dicho que Ra\u00fal ir\u00e1 convocado para recibir al Sevilla, igual hasta juega. Mal rollo = mal asunto.<\/p>\n<p>P.- Tom\u00e1s; a este Madrid no le perdono que haya acu\u00f1ado un nuevo sustantivo como el alcorconazo. No le perdono que, por su ineficacia, se nos mofen con el lionazo. Tampoco les perdono que nos suman en el decaimiento por estar fuera de la champions. No les perdono,visto lo visto, que nos tengan en un sinvivir pensando en que el Bar\u00e7a nos puede ganar en el Bernabeu. No les perdono que, ayer, en el Camp Nou, nos mandaran ya el mensajito cifrado de si, si, si, nos vamos a Madrid. A este Madrid no le perdono que tengamos que vivir la humillaci\u00f3n de ver como el Bar\u00e7a juega y gana la final Champions en nuestra casa, por culpa de no hacer los deberes. A este Madrid no le podemos perdonar tanta humillaci\u00f3n por partida doble, por lo que no hace y por lo que, con su comportamiento, permite que s\u00ed haga nuestra bestia negra. A este Madrid, por perdonar, ni le perdono aunque gane la Liga. Menos declaraciones, menos promesas, menos discoteca, menos Audi, menos chuler\u00eda, m\u00e1s trabajo, m\u00e1s entreno, m\u00e1s humildad y m\u00e1s parecerse a Ra\u00fal, que es de los pocos que ha entendido lo que es jugar en el Madrid y hacer del f\u00fatbol una profesi\u00f3n a la que se dedica en cuerpo y alma. \u00bfNo crees?<\/p>\n<p>R.- Te veo para ba\u00f1arte en tila&#8230; con la boca abierta. Esto es f\u00fatbol, amigo. E insisto en lo de antes: no hay proyecto para un a\u00f1o y hace s\u00f3lo unos meses todos aplaudiamos uno que llegaba para formar un nuevo Madrid. Es evidente que se ha llevado dos cornadas grav\u00edsimas, pero sigue vivo, c\u00f3mo no, e imagino que habr\u00e1 tomado nota de lo que le falta y conviene. \u00bfQui\u00e9n te dice que no gana la Liga y el Bar\u00e7a cae en la Champions? Todo parecer\u00eda distinto&#8230; y lo ser\u00eda con matices. A estas alturas de su vida, el Madrid no puede vivir un t\u00edtulo m\u00e1s o menos. O de tres. Debe ganar el futuro y es lo que el madridismo espera. Un poquito de tranquilidad.<\/p>\n<p>P.- Buenas gran Guasch! No crees que ha llegado la hora de ser sensatos y de hacer un proyecto serio a medio plazo, como m\u00ednimo, con lo que se ha recorrido desde el verano pasado? A m\u00ed me parece que los \u00fanicos que est\u00e1n valorando a Pellegrini son los aficionados, puesto que el equipo empieza a parecer eso, un equipo, algo que podr\u00eda ser notia de portada, por lo novedoso del hecho. De la inversi\u00f3n, si restamos lo de las ventas y lo que costaron Benzema y Kaka el resultado es negativo? Cesc \u00f3 Silva??<\/p>\n<p>R.- Es que la gente ha visto desfilar tanto entrenador en tan poco tiempo que prefiere una cierta tranquilidad, darle bola por fin a uno. Y sobre los fichajes, a d\u00eda de hoy est\u00e1 claro que los de atr\u00e1s han cumplido, Xabi Alonso es una X, Ronaldo ha resultado, pero no Kak\u00e1 y Benzema, sobre todo el brasile\u00f1o. Luego tampoco es que el equipo se haya reforzado tanto a la hora de la verdad. Le faltan centrocampistas, no parar\u00e9 de insistir en ello. Y sobre si Cesc o Silva mucho depender\u00e1 de lo que sus clubes digan o dejen de decir. Puestos a programar, los dos. \u00bfO no?<\/p>\n<p>P.- Tomas; \u00bfcomo era el &#8220;lobo&#8221; Diarte como jugador. Comparamelo a un jugador actual. Gracias<\/p>\n<p>R.- Pues un delantero moderno, un ariete potente y h\u00e1bil a la vez, muy bueno por abajo y con la cabeza. Un delantero alto, con calidad, capaz de asociarse con el compa\u00f1ero y buscarse la vida solo. Un tipo Ibrahimovic por la pinta, pero de sangre mucho m\u00e1s caliente. De los grandes delanteros que he visto, s\u00ed se\u00f1or.<\/p>\n","protected":false},"excerpt":{"rendered":"<p>El subdirector del Diario As, Tom\u00e1s Guasch, ha charlado con los lectores sobre toda la actualidad futbol\u00edstica, con especial atenci\u00f3n a la emocionante situaci\u00f3n liguera. <\/p>\n<p>ARCHIVO DE ENTREVISTAS:<br \/>\n12 de marzo &#8211; 05 de marzo &#8211; 26 de febrero &#8211; 19 de febrero &#8211; 12 de febrero &#8211; 05 de febrero &#8211; 29 de enero &#8211; 22 de enero &#8211; 15 de enero &#8211; 08 de enero &#8211; 31 de diciembre &#8211; 23 de diciembre &#8211; 18 de diciembre &#8211; 27 de noviembre 13 de noviembre 5 de noviembre 30 de octubre 5 de noviembre 23de octubre 16de octubre 9 de octubre &#8211; 2 de octubre &#8211; 25 de septiembre &#8211; 16 de septiembre &#8211; 10 de septiembre &#8211; 04 de septiembre &#8211; 21 de agosto &#8211; 14 de agosto &#8211; 7 de agosto &#8211; 31 de julio &#8211; 23 de julio &#8211; 17 de julio &#8211; 10 de julio &#8211; 03 de julio &#8211; 26 de junio &#8211; 19 de junio &#8211; 12 de junio &#8211; 04 de junio &#8211; 29 de mayo &#8211; 22 de mayo &#8211; 15 de mayo &#8211; 08 de mayo &#8211; 30 de abril &#8211; 24 de abril &#8211; 17 de abril &#8211; 03 de abril &#8211; 27 de marzo &#8211; 20 de marzo &#8211; 13 de marzo &#8211; 6 de marzo &#8211; 20 de febrero &#8211; 23 de enero &#8211; 16 de enero &#8211; 9 de enero &#8211; 2 de enero &#8211; 26 de diciembre &#8211; 5 de diciembre &#8211; 28 de noviembre &#8211; 21 de noviembre &#8211; 14 de noviembre &#8211; 28 de junio &#8211; 25 de junio &#8211; 21 de junio &#8211; 17 de junio &#8211; 13 de junio &#8211; 9 de junio <\/p>\n","protected":false},"author":1,"featured_media":0,"comment_status":"open","ping_status":"open","sticky":false,"template":"","format":"standard","meta":{"footnotes":""},"categories":[],"tags":[],"class_list":["post-9951","post","type-post","status-publish","format-standard","hentry"],"_links":{"self":[{"href":"https:\/\/intervius.com\/index.html\/wp-json\/wp\/v2\/posts\/9951","targetHints":{"allow":["GET"]}}],"collection":[{"href":"https:\/\/intervius.com\/index.html\/wp-json\/wp\/v2\/posts"}],"about":[{"href":"https:\/\/intervius.com\/index.html\/wp-json\/wp\/v2\/types\/post"}],"author":[{"embeddable":true,"href":"https:\/\/intervius.com\/index.html\/wp-json\/wp\/v2\/users\/1"}],"replies":[{"embeddable":true,"href":"https:\/\/intervius.com\/index.html\/wp-json\/wp\/v2\/comments?post=9951"}],"version-history":[{"count":0,"href":"https:\/\/intervius.com\/index.html\/wp-json\/wp\/v2\/posts\/9951\/revisions"}],"wp:attachment":[{"href":"https:\/\/intervius.com\/index.html\/wp-json\/wp\/v2\/media?parent=9951"}],"wp:term":[{"taxonomy":"category","embeddable":true,"href":"https:\/\/intervius.com\/index.html\/wp-json\/wp\/v2\/categories?post=9951"},{"taxonomy":"post_tag","embeddable":true,"href":"https:\/\/intervius.com\/index.html\/wp-json\/wp\/v2\/tags?post=9951"}],"curies":[{"name":"wp","href":"https:\/\/api.w.org\/{rel}","templated":true}]}}