{"id":9932,"date":"2010-03-16T00:00:00","date_gmt":"2006-11-06T00:00:00","guid":{"rendered":"https:\/\/intervius.com\/index.html\/?p=9932"},"modified":"2006-11-06T00:00:00","modified_gmt":"2006-11-06T00:00:00","slug":"Veronica_Caballer9932","status":"publish","type":"post","link":"https:\/\/intervius.com\/index.html\/Veronica_Caballer9932\/","title":{"rendered":"Ver\u00f3nica Caballer"},"content":{"rendered":"<p>Pregunta.- \u00bfPor qu\u00e9 crees que la p\u00f3lvora huele a fiesta mayor?<\/p>\n<p>Respuesta.- Hola, buenas tardes!!! la cultura espa\u00f1ola y en especial la nuestra que es la valenciana, tiene la p\u00f3lvora como elemento celebrativo por excelencia lo mucho que transmite y el colorido que tiene. Aqu\u00ed celebramos cualquier cosa con p\u00f3lvora porque de alguna forma nos destapa un mont\u00f3n de emociones.<\/p>\n<p>P.- Buenas tardes, Ver\u00f3nica. Su padre tiene una personalidad arrolladora y un gran carisma \u00bfes dif\u00edcil tomar el relevo de una persona tan relevante? \u00bfNo teme que su sombra oculte la gran labor que ya realiza?<\/p>\n<p>R.- Como bien dices, mi padre tiene una gran personalidad, y bajo mi humilde punto de vista es uno de los mejores pirot\u00e9cnicos. Por ello, no es temor lo que siento, sino un orgullo de poder aprender de \u00e9l este oficio. Tambi\u00e9n es cierto que mis hermanos y yo, intervenimos en aquellas cuestiones que tienen que ver con el futuro de la industria, por ello combinamos la tradici\u00f3n y la especializaci\u00f3n que mi padre domina, con proyectos innovadores que nos ayudan a diferenciarnos. <\/p>\n<p>P.- Hola Ver\u00f3nica, \u00bfQu\u00e9 tal? Hay muy pocas mujeres en pirotecnia, \u00bfEs un ambiente machista? Gracias y suerte<\/p>\n<p>R.- La verdad es que no es un ambiente f\u00e1cil para la mujer. Pero te sorprenderia la cantidad de mujeres que hay en este sector, es evidente que a la mujer a\u00fan le queda mucho terreno por conquistar, pero al final un buen equipo lo conformas con profesionales independientemente de su sexo. Se busca el talento, la constancia, y el esfuerzo. En nuestra empresa el 50% son mujeres! <\/p>\n<p>P.- Hola: Quer\u00eda saber hasta d\u00f3nde llega la distribuci\u00f3n de los productos pirot\u00e9cnicos. \u00bfEs internacional o nacional?<\/p>\n<p>R.- En Pirotecnia caballer hay divisiones de negocio; producci\u00f3n propia de espect\u00e1culo y la segunda la fabricaci\u00f3n y comercializaci\u00f3n de producto. El 60% de la producci\u00f3n se destina a la exportaci\u00f3n en mercados tanto orientales como occidentales. Estaremos presentes en m\u00e1s de 20 paises. Fabricamos un producto muy especializado y eso nos permite posicionarnos entre los principales fabricantes del mundo. <\/p>\n<p>P.- \u00bfCu\u00e1les son los fuegos artificiales m\u00e1s grandes que hab\u00e9is hecho? Cu\u00e1ntos kilos de p\u00f3lvora utiliz\u00e1is para un espect\u00e1culo de esas dimensiones? Y, por \u00faltimo, \u00bfcu\u00e1nta gente participa en la preparaci\u00f3n de una Nit del foc?<\/p>\n<p>R.- Ser\u00e9 breve porque depende del tipo de espect\u00e1culo y gui\u00f3n art\u00edstico que este tenga. Los que recientemente hemos hecho y que conoceras son los de la 32 y 33 Americas Cup. Para que te hagas una idea, en la mascleta que se prepar\u00f3 para la 33 Americas Cup se utilizaron 700 Kilos de polvora, es decir 100 kilos por minuto!!! 3 veces m\u00e1s de la que hay en la Plaza del Ayuntamiento. Para la nit de Foc, participan entorno a unas 20 personas<\/p>\n<p>P.- Hola, Ver\u00f3nica. La masclet\u00e0, para una persona no valenciana, es algo impresionante cuando la vives en directo \u00bfC\u00f3mo la describir\u00edas t\u00fa? \u00bfC\u00f3mo la sientes? Muchas gracias.<\/p>\n<p>R.- Para mi la masclet\u00e1 es una explosi\u00f3n de emociones. Te mantiene en puro nervio desde el primer trueno de aviso. Durante las distintas fases de la mascleta vas sintiendo un sin fin de emociones que va creci\u00f3n paulatinamente hasta el final que es maravilloso<\/p>\n<p>P.- Desde tu punto de vista, \u00bfCu\u00e1les son las diferencias m\u00e1s claras entre el producto asi\u00e1tico y el nacional ?<\/p>\n<p>R.- Desde un punto de vista profesional y art\u00edtico, la pirotecnia nacional que es a la que nosotros nos dedicamos, nos permite realizar espect\u00e1culos singulares e innovadores. la forma de los artificios y los efectos, su simetria, la calidad del color, su permanencia en el cielo hacen que el espect\u00e1culo tenga mayor vistosidad. Adem\u00e1s nuestros productos son especializados e innovadores (muchos de ellos patentados a nivel mundial) en eventos importantes como unas olimpiadas o acontecimientos donde hay tanto p\u00fablico, necesitamos productos seguros para esas personas y tambi\u00e9n para los edificios. Adem\u00e1s hay m\u00e1s variedad de color, prduce menos humo, son m\u00e1s respetuosos con el medio ambiente El posicionaminto del producto ai\u00e1tico es claro, precio.<\/p>\n<p>P.- \u00bfHa cambiado mucho el mundo de la pirotecnia con los avances inform\u00e1ticos?<\/p>\n<p>R.- Los avances tecnol\u00f3gicos nos permiten evolucionar mucho tanto en la fabricaci\u00f3n de los productos, como en la producci\u00f3n de espect\u00e1culos. El hecho que de podamos dise\u00f1ar inform\u00e1ticamente, nos permite encontrar soluciones mucho m\u00e1s ajustadas al requerimiento art\u00edstico. Nuestro propio sistema de disparo EFISY desarrollado integramente en nuestra empresa, nos permite controlar los artificios con una gran precisi\u00f3n. En istalaciones complejas como puede ser un montaje en rascacielos, o en una cobierta de un estadio de futbol, ese mismo sistema nos permite hacerlo sin cables con tecnolog\u00eda Wireless<\/p>\n<p>P.- Hola Ver\u00f3nica. Me gustar\u00eda saber c\u00f3mo se diferencia una buena masclet\u00e0. Imagino que depende de c\u00f3mo se distribuye la p\u00f3lvora, puesto que creo que todos trabaj\u00e1is con las mismas cantidades. Muchas gracias<\/p>\n<p>R.- Lo m\u00e1s importante en una mascleta son los tiempos. La mascleta debe de llevar un ritmo desde el comienzo, e incrementarse conforme va llegando al terremoto final. Normalmente combinamos fases a\u00e9reas con terrestres que nos permiten controlar la sensaci\u00f3n ac\u00fastica de la mascleta. Digamos que la distribici\u00f3n de la p\u00f3lvora tiene que ser consecuente con el gui\u00f3n art\u00edstico<\/p>\n<p>P.- Hola, Ver\u00f3nica. Una curiosidad: \u00bfEste trabajo te ocupa el resto del a\u00f1o? \u00bfO tienes otro trabajo fuera de la temporada de las fallas? Gracias.<\/p>\n<p>R.- Trabajar en pirotecnia caballer es trabajar todo el a\u00f1o. la pr\u00f3ducci\u00f3n de espect\u00e1culos tiene la actividad de estar presente en todas las fiestas de Espa\u00f1a, como fallas, san fermines&#8230;. pero tambi\u00e9n las empresas privadas celebran este tipo de espect\u00e1culos que cubren el resto del a\u00f1o. Adem\u00e1s como sabes, fabricamos pirotecnia para uso profesional, con lo que siempre tenemos actividad en la f\u00e1brica<\/p>\n<p>P.- \u00bfNos podr\u00edas avanzar en primicia con qu\u00e9 nuevos efectos nos pens\u00e1is sorprender este a\u00f1o?<\/p>\n<p>R.- L\u00f3gicamente es una sorpresa que no puedo desvelarte, pero te aseguro que La Nit de Foc va a ser un desfile de calidad y elegancia pirot\u00e9cnica, ya que se est\u00e1 fabricando desde hace m\u00e1s de 2 meses unas carcasas muy especiales ya que no creo que las volvamos a ver en otra ocasi\u00f3n (esta va a ser la primera vez que yo vea estas carcasas) y la mascleta de este a\u00f1o va a ser espect\u00e1cular, porque vamos a intentar cambiar la sensaci\u00f3n del sonido<\/p>\n<p>P.- \u00bfD\u00f3nde te gustar\u00eda disparar un castillo o una masclet\u00e0? Valen sitios ficticios<\/p>\n<p>R.- Me encantaria organizar un macro espect\u00e1culo en las aguas de Valencia, en plataformas flotantes. <\/p>\n<p>P.- \u00bfCuentan con recuperar Santiago y su d\u00eda del Ap\u00f3stol en un a\u00f1o tan especial y m\u00edstico como \u00e9ste (Xacobeo)?<\/p>\n<p>R.- En 2006 hicimos nuestro \u00faltimo espect\u00e1culo en Santiago y fue una aut\u00e9ntica pasada!!!!!!!!!!!! Recibimos la felicitaci\u00f3n de Sus Majestades Los Reyes, pero lo m\u00e1s importante es que el p\u00fablico gallego se lleva acordando de nosotros un mont\u00f3n de tiempo. Nosotros vamos siempre que sabemos que podemos ofrecer un buen espect\u00e1culo. Por ello, este a\u00f1o pujaremos por estar all\u00ed.<\/p>\n","protected":false},"excerpt":{"rendered":"<p>Ver\u00f3nica Caballer, hija Vicente Caballer, el pirot\u00e9cnico m\u00e1s reconocido, laureado y reclamado, est\u00e1 al frente de una empresa que naci\u00f3 en 1880 y pretende seguir proyect\u00e1ndose con el sello familiar que ha mantenido hasta ahora. Caballer disparar\u00e1 la masclet\u00e0 del pr\u00f3ximo d\u00eda 19 y la Nit del Foc. Es el broche de oro, una vez m\u00e1s, de las Fallas. La organizaci\u00f3n, creatividad y ejecuci\u00f3n de cada espect\u00e1culo pasan tambi\u00e9n por sus manos. Ver\u00f3nica Caballer charlar\u00e1 con los lectores sobre las Fallas 2010 y su trabajo como pirot\u00e9cnica. <\/p>\n","protected":false},"author":1,"featured_media":0,"comment_status":"open","ping_status":"open","sticky":false,"template":"","format":"standard","meta":{"footnotes":""},"categories":[],"tags":[],"class_list":["post-9932","post","type-post","status-publish","format-standard","hentry"],"_links":{"self":[{"href":"https:\/\/intervius.com\/index.html\/wp-json\/wp\/v2\/posts\/9932","targetHints":{"allow":["GET"]}}],"collection":[{"href":"https:\/\/intervius.com\/index.html\/wp-json\/wp\/v2\/posts"}],"about":[{"href":"https:\/\/intervius.com\/index.html\/wp-json\/wp\/v2\/types\/post"}],"author":[{"embeddable":true,"href":"https:\/\/intervius.com\/index.html\/wp-json\/wp\/v2\/users\/1"}],"replies":[{"embeddable":true,"href":"https:\/\/intervius.com\/index.html\/wp-json\/wp\/v2\/comments?post=9932"}],"version-history":[{"count":0,"href":"https:\/\/intervius.com\/index.html\/wp-json\/wp\/v2\/posts\/9932\/revisions"}],"wp:attachment":[{"href":"https:\/\/intervius.com\/index.html\/wp-json\/wp\/v2\/media?parent=9932"}],"wp:term":[{"taxonomy":"category","embeddable":true,"href":"https:\/\/intervius.com\/index.html\/wp-json\/wp\/v2\/categories?post=9932"},{"taxonomy":"post_tag","embeddable":true,"href":"https:\/\/intervius.com\/index.html\/wp-json\/wp\/v2\/tags?post=9932"}],"curies":[{"name":"wp","href":"https:\/\/api.w.org\/{rel}","templated":true}]}}