{"id":9931,"date":"2012-03-05T00:00:00","date_gmt":"2006-11-06T00:00:00","guid":{"rendered":"https:\/\/intervius.com\/index.html\/?p=9931"},"modified":"2006-11-06T00:00:00","modified_gmt":"2006-11-06T00:00:00","slug":"Jose_Samano9931","status":"publish","type":"post","link":"https:\/\/intervius.com\/index.html\/Jose_Samano9931\/","title":{"rendered":"Jos\u00e9 S\u00e1mano"},"content":{"rendered":"<p>Pregunta.- \u00bfNo os parece demasiado el tiempo que dais a Madrid y Barcelona, excluyendo a los dem\u00e1s equipos?<\/p>\n<p>Respuesta.- Buenas tardes a todos y mil perdones por el retraso a causa de avatares profesionales. Lamento de verdad la espera. Tiene usted mucha raz\u00f3n, es un asunto que nos inquieta pero la marea que producen ambas entidades nos supera m\u00e1s de lo que quisi\u00e9ramos. A veces lo comparo con la secci\u00f3n de pol\u00edtica, donde como es l\u00f3gico PSOE y PP tienen m\u00e1s espacio que el resto; o en Internacional, donde Estados Unidos tiene preponderancia. Sin las estacas del papel, en la web intentaremos cubrir mejor a otros equipos, muchos, la mayor\u00eda, lo merecen. <\/p>\n<p>P.- Jos\u00e9, m\u00f3jate: los tres delanteros para la Eurocopa. Un saludo y gracias por tu tiempo.<\/p>\n<p>R.- Llorente, Soldado y 18 seguros y cuatro inc\u00f3gnitas. Mi apuesta: Casillas, Vald\u00e9s, Reina; Arbeloa, Iraola, Javi Mart\u00ednez, Ramos, Puyol, Piqu\u00e9, Jordi Alba; Busquets, Alonso, Xavi, Iniesta, Mata, Silva, Cazorla, Cesc y las interrogantes (Pedro, Navas, Torres y Villa). <\/p>\n<p>P.- \u00bfQu\u00e9 opina sobre la posible desaparici\u00f3n de Teledeporte y la ya anunciada decisi\u00f3n de no emitir la ACB en TVE? Saludos y gracias.<\/p>\n<p>R.- Un desastre para el deporte y sus aficionados. Crisis al margen, tengo dudas sobre la gesti\u00f3n de RTVE respecto a Teledeporte, canal que parec\u00eda clandestino a ojos del propio Ente. En cuanto a la ACB, en su poco eco tiene m\u00e1s culpa la propia ACB que RTVE.<\/p>\n<p>P.- Buenas tardes, don Jos\u00e9. \u00bfDe qu\u00e9 manera cree que puede afectar a Torres la marcha de Villas-Boas? \u00bfQu\u00e9 porcentaje de responsabilidad ten\u00eda el portugu\u00e9s sobre el baj\u00f3n del delantero? Gracias.<\/p>\n<p>R.- Con y sin Villas-Boas, a Torres nunca le ha ido bien en el Chelsea. Cuando un delantero est\u00e1 casi 30 partidos seguidos sin marcar la culpa no puede ser solo de un entrenador. Oportunidades no le han faltado. A Torres le convienen los latifundios, y en un equipo como el Chelsea, donde los rivales se cierran, abundan los minifundios. A Torres, como a cualquier otro ariete, le beneficia que el equipo funcione, y la transici\u00f3n programada por Villas-Boas ha sido un desastre. A Torres, como a cualquiera, le beneficia un vestuario coral y en este Chelsea hay muchos solistas. A Torres, como a muchos, tambi\u00e9n se le puede apagar la vela&#8230; Muchos, por lo que ha sido, le esperan; pero estar, hoy no est\u00e1.<\/p>\n<p>P.- Buenas tardes Jos\u00e9, la f\u00f3rmula 1 es un deporte? <\/p>\n<p>R.- Sudan, compiten y hay negocio&#8230; Me suena a deporte con dos ligas, una entre pilotos y otra entre m\u00e1quinas.<\/p>\n<p>P.- Hola, sr. S\u00e1mano. Tengo a Villas-Boas por un gran entrenador. \u00bfCu\u00e1les cree usted que son las causas de su fracaso en el Chelsea?<\/p>\n<p>R.- Demasiado inexperto para liderar una revoluci\u00f3n contracultural con dos frentes abiertos: un capitalista (Abr\u00e0movich) y un vestuario gobernado por pretorianos sin ganas de ventilar (Lampard, Terry, Drogba&#8230;) Demasiado cuajo para Villas-Boas. Y, adem\u00e1s, la sombra de Mourinho es kilom\u00e9trica.<\/p>\n<p>P.- Hola Jos\u00e9. \u00bfQu\u00e9 le dices a un estudiante de periodismo y fan del f\u00fatbol? \u00bfA qui\u00e9n debo leer y qu\u00e9 decisiones debo tomar? Saludos desde Guatemala, crack.<\/p>\n<p>R.- Lea de todo y seleccione, en casi todos los rincones es posible el aprendizaje. El periodismo y el f\u00fatbol congenian cada vez peor, pero esperemos que escampe. Un saludo.<\/p>\n<p>P.- Quisiera saber que vamos hacer con la ley del deporte y si hay alguna posibilidad de volver a ser creibles en el resto del mundo.Me refiero por el problema del doping.Gracias<\/p>\n<p>R.- De los pol\u00edticos depende. La tolerancia cero no hay que verbalizarla sino demostrarla sin caspa chovinista alguna. Para defender la credibilidad, primero hay que gan\u00e1rsela, no hay que dejar rendija alguna a los esc\u00e9pticos que siempre tienen la recortada dispuesta. <\/p>\n<p>P.- Buenas tardes sr. S\u00e1mano. Me pasa como a usted, nunca he creido en las conspiraciones. \u00bfC\u00f3mo podemos explicar la diferencia de tarjetas y penaltys a favor\/en contra entre Bar\u00e7a y Madrid? Son dos equipos que tienen el bal\u00f3n y pisan el \u00e1rea contraria&#8230; \u00bfNo es extra\u00f1a la abultad\u00edsima diferencia a favor del Madrid? Si no me equivoco hablamos de 3 veces m\u00e1s penaltys a favor, ninguno en contra, numeros\u00edsimas expulsiones en los rivales blancos, etc. Y las decisiones casi nunca son acertadas. Gracias!<\/p>\n<p>R.- A todo campe\u00f3n meritorio le suele ir el viento a favor en todo, nada m\u00e1s. En 38 jornadas de Liga ocurren muchas cosas, influyen muchos m\u00e1s factores que los arbitrales. No le doy m\u00e1s vueltas, me aburre el tema arbitral. Ya s\u00e9 que el Bar\u00e7a podr\u00eda tener alg\u00fan punto m\u00e1s, pero no recuerdo si el curso pasado o el anterior pudo tener alguno menos. Con menos lesiones, m\u00e1s plantilla, los goles de Villa que le faltan, menos aburguesamiento en muchos partidos lejos del Camp Nou&#8230; En este pa\u00eds hay obsesiones irremediables. Le dir\u00e9 m\u00e1s. El s\u00e1bado, viendo el Bar\u00e7a-Sporting y c\u00f3mo Clemente le complic\u00f3 la existencia a los azulgrana, me preguntaba si alguien dir\u00eda al d\u00eda siguiente que el t\u00e9cnico vasco no aline\u00f3 a buena parte de sus supuestos titulares, de sus jugadores con m\u00e1s talento, caso de Barral (m\u00e1ximo goleador) y otros muchos&#8230; \u00bfNo lo dijo alguien de Preciado? <\/p>\n<p>P.- jose, saludos desde colombia, escribe algo sobre varane. <\/p>\n<p>R.- Me ha gustado lo poco que ha jugado. No tirita, lo que es mucho para un joven reci\u00e9n llegado a una plaza tan exigente. Juega de puntillas, sin ruido, pero todo lo que hace tiene sentido y ayer, ante el Espanyol, hizo dos cambios de orientaci\u00f3n en largo muy buenos. Tiene recursos t\u00e9cnicos. Me parece una apuesta de futuro muy inteligente por parte de Zidane.<\/p>\n<p>P.- \u00bfPara cu\u00e1ndo se crear\u00e1 un c\u00f3digo disciplinario que sancione a cualquier profesional del f\u00fatbol por criticar la actuaci\u00f3n arbitral, como sucede en otros pa\u00edses? <\/p>\n<p>R.- No comparto su idea. \u00bfPor qu\u00e9 no se van a poder criticar\/juzgar las decisiones arbitrales? \u00bfNo se comentan las sentencias judiciales? Todo, dentro de un orden, con educaci\u00f3n, tolerancia y respeto, puede ser debatido. Los \u00e1rbitros no est\u00e1n exentos de que se juzgue su labor.<\/p>\n<p>P.- Apreciado Sr. Samano \u00bfQue opina del silencio de Sanchez Arminio hasta el d\u00eda de ayer?<\/p>\n<p>R.- Una arbitrariedad m\u00e1s de un ex\u00e1rbitro que arbitrariamente ocupa un puesto desde el que arbitrariamente ha impuesto que sus \u00e1rbitros no hablen y \u00e9l lo haga arbitrariamente cuando arbitrariamente le d\u00e9 la gana. \u00c1rbitros.<\/p>\n<p>P.- \u00bfqu\u00e9 opinas de la falta de garra que mostr\u00f3 ayer el spanyol en el Bernabeu? nada que ver con cuando se enfrenta al bar\u00e7a<\/p>\n<p>R.- Desde luego me pareci\u00f3 el rival m\u00e1s flojo que ha pasado este a\u00f1o por el Santiago Bernab\u00e9u. Su nula competitividad no tiene nada que ver con medirse al Bar\u00e7a o al Madrid, puesto que ya estuvo rematadamente mal en su fort\u00edn de Cornell\u00e0-El Prat ante Zaragoza y Levante. El Espanyol lleg\u00f3 a Chamart\u00edn cuesta abajo y en ese estadio es dif\u00edcil rehabilitarse. Solo me gust\u00f3 su portero, lo dem\u00e1s fue de cart\u00f3n piedra. Un p\u00e9simo d\u00eda.<\/p>\n<p>P.- Hola Sr. Samano, al margen de lo de Pique, dentro y fuera del campo, \u00bfFueron penaltis, las jugadas de Keita, Alves y la mano del sportinguista?, los jueces a veces, no son justos, creo.<\/p>\n<p>R.- La vida misma&#8230; Ya sabe el dicho: el f\u00fatbol es de las mejores met\u00e1foras de la vida. Nadie es infalible, hay que ser indulgentes con los \u00e1rbitros y pese a las corrientes actuales ojal\u00e1 se hable m\u00e1s de f\u00fatbol y menos de avatares arbitrales.<\/p>\n<p>P.- Buenas Jose. Me encanta su estilo en las cronicas y en estas charlas. La pregunta es si ve posibilidades serias de que el Real Valladolid ascienda o no pues se esta desinflando ultimamente. Gracias y a seguir asi.<\/p>\n<p>R.- Gracias por su generosidad. Claro que el Valladolid tiene posibilidades serias de ascenso, pero no lo tendr\u00e1 f\u00e1cil, como ninguno. En Segunda la competencia es m\u00e1xima, hay mucha igualdad y es una categor\u00eda con muchas espinas. Le he visto algunos ratos, y, pese a su mala racha actual, le he visto como un equipo bien cuajado, con gente experta y un entrenador (Djukic) que tiene recorrido.<\/p>\n<p>P.- En Centroam\u00e9rica seguimos la Liga Espa\u00f1ola mucho m\u00e1s que a las locales. MI opini\u00f3n es que el Real Madrid no ganar\u00e1 la Liga, sino que la perder\u00e1 el Bar\u00e7a, sin por ello restar m\u00e9ritos a la buena campa\u00f1a del R.M.. Me gustar\u00eda conocer su opini\u00f3n en este tema. Aprovecho para agradecerle la calidad y profesionalismo de los que hace gala en su actividad profesional en El Pa\u00eds.<\/p>\n<p>R.- No recuerdo un campe\u00f3n que no me pareciera el mejor. La Liga es un marat\u00f3n y los mejores se imponen. Esta temporada, en general, el Madrid ha sido mejor que el Bar\u00e7a, quiz\u00e1 no para llevarle diez puntos, pero s\u00ed para ir l\u00edder. Al Madrid pocas veces le ha faltado pegada; el Bar\u00e7a ha querido ganar demasiadas veces a los puntos y eso tiene un riesgo. Pensemos que, dem\u00e9ritos del Bar\u00e7a al margen, el ritmo de puntos y goles del Real Madrid es extraordinario. \u00a1\u00a1\u00a1\u00a1Ha perdido ocho puntos de 75 en juego!!! Todo el m\u00e9rito es suyo.<\/p>\n<p>P.- Es verdad que el Espanyol fue una caricatura defensiva, pero \u00bfhay alg\u00fan equipo en el mundo que alcance el poder\u00edo ofensivo del Madrid con Ronaldo, Higua\u00edn, Benzema, Ozil y Kaka? \u00bfPara qu\u00e9 pensar en el Kun?<\/p>\n<p>R.- En el Kun y jugadores similares hay que pensar siempre. Y se deja usted a Di Mar\u00eda&#8230;<\/p>\n<p>P.- Buenas tardes. \u00bfNo ser\u00eda mejor designar la sede de la Copa del Rey al empezar la temporada y evitarnos as\u00ed este esperpento? \u00bfQu\u00e9 qued\u00f3 de aquella idea de premiar al campe\u00f3n de Copa con una plaza directa a la Copa de Europa? Gracias, un saludo.<\/p>\n<p>R.- La Copa va dando tumbos, de sede en sede y de formato en formato. Yo me apunto a una idea que escuch\u00e9 o le\u00ed recientemente. Fuera l\u00edos: la final, al Bernab\u00e9u en a\u00f1os pares y al Camp Nou en los impares (o viceversa). Todo resuelto, campos con aforo para la gran marea de las aficiones, ciudades de grandes infraestructuras, etc&#8230; Dos Wembleys a falta de uno.<\/p>\n<p>P.- Sr. S\u00e1mano: El Rayo Vallecano (un equipo que subi\u00f3 a primera sin cobrar su plantilla) est\u00e1 demostrando ser un dign\u00edsimo equipo de la categor\u00eda de Oro. Ve usted a Michu, que lidera la tabla de goledores espa\u00f1oles, merecedor de una convocatoria con la Roja, pues sus n\u00fameros superan a los de Soldado y Llorente, ambos convocados&#8230; Gracias.<\/p>\n<p>R.- En la selecci\u00f3n el ingreso no es nada sencillo. Michu, un gran jugador, no ocupa el puesto de ariete y en su posici\u00f3n Espa\u00f1a tiene a gran parte de la artistocracia del f\u00fatbol mundial. Lo del Rayo es de las mejores noticias de la temporada.<\/p>\n<p>P.- Hola Jose. Lo primero agradecerte el periodismo deportivo que practicas alejado de forofismo que otros supuestos colegas tuyos ensucian con sus charlas y comentarios de autenticos ultras. De verdad es de agradecer. Enhorabuena. Te quer\u00eda preguntar como ves la situaci\u00f3n de Emery desde fuera de Valencia ya que aqu\u00ed toda la prensa lo da ya por fuera de Valencia la temporada que viene. \u00bfLo renovar\u00edas? \u00bfLe dar\u00edas mas cr\u00e9dito? \u00bfCrees que ser\u00eda un error no darle continuidad? Gracias y un abrazo.<\/p>\n<p>R.- Gracias. No sigo el d\u00eda a d\u00eda del Valencia pero por varias razones Emery me deja siempre la sensaci\u00f3n de que da tantos bandazos como \u00faltimamente la propia instituci\u00f3n. Valencia, ni en tiempos de bonanzas, fue una plaza sencilla. Menos ahora. Dicho lo cual, lo \u00fanico que debe reprocharse a Emery es su trasp\u00ede en Europa. Va primero de la seunga liga y de la Copa se fue ante el Bar\u00e7a, que no es cualquiera. Pero ya sabemos que en el f\u00fatbol ma\u00f1ana es toda una vida.<\/p>\n<p>P.- Los de la REal se quejan por quejarse o es cierto que ayer quiz\u00e1s el partido hubiera sido distinto de haber dado el gol MAteu LAhoz<\/p>\n<p>R.- No creo que se pueda culpar a ning\u00fan \u00e1rbitro por no ver el gol de la Real. Me hubiera parecido un milagro, porque hasta los pies de Iraizoz impiden una visi\u00f3n clara en directo. Y siempre estar\u00e9 de acuerdo en que ante la duda nada se pite. <\/p>\n<p>P.- Sin rodeos, \u00bfpor qu\u00e9 solo se leen cosas malas del l\u00edder de la liga en la secci\u00f3n deportiva de este peri\u00f3dico?<\/p>\n<p>R.- &#8220;El Madrid golea con esmoquin, mucho arte y goles po\u00e9ticos&#8221;. &#8220;El Madrid hizo sus delicias&#8221;, etc, etc&#8230;<\/p>\n<p>P.- sr. s\u00e1mano, como parece que se ha acabado la liga, en cuanto al campe\u00f3n, \u00bfqu\u00e9 haremos el resto de jornadas?; un saludo<\/p>\n<p>R.- Los r\u00e9cords a la vista del Real Madrid y Cristiano; la lucha del Bar\u00e7a contra s\u00ed mismo por no desfallecer; \u00bfd\u00f3nde llegar\u00e1 el Athletic? \u00bfEspabilar\u00e1 el Sevilla con Michel? \u00bfTiene fin el milagro del Rayo? \u00bfSer\u00e1 posible que el Villarreal, en Champions al inicio del curso, acabe en Segunda? \u00bfY Clemente con el Sporting? \u00bfCon Simeone puede so\u00f1ar el Atl\u00e9tico? \u00bfJustificar\u00e1 el M\u00e1laga la chequera del jeque? Y me faltan otras muchas emociones.<\/p>\n<p>P.- Hola Jose, crees que se ira Mourinho al Chelsea? Esperemos que si!<\/p>\n<p>R.- Yo no tendr\u00eda ni el m\u00e1s remoto motivo para dejar a un club como el Real Madrid, hidalgo, rico, universal, con un estadio soberbio, aficionados por todo el planeta, una plantilla de elegidos, una ciudad maravillosa. Mourinho es peculiar y qui\u00e9n sabe cu\u00e1l ser\u00eda su &#8220;por qu\u00e9&#8221;.<\/p>\n<p>P.- Buenas tardes, Jos\u00e9. Antes que nada, quisiera felicitarte por tu proverbial ecuanimidad. \u00bfNo crees que el Barcelona, con el tr\u00edo cl\u00e1sico de mediocampistas m\u00e1s Messi, puede ser intratable hasta junio, incluso para el Madrid?<\/p>\n<p>R.- M\u00e1s que a su tr\u00edo de centrocampistas, que tambi\u00e9n, creo que el Bar\u00e7a echa m\u00e1s de menos a su tr\u00edo atacante titular: Messi, Alexis (entra y sale) y Villa (en la enfermer\u00eda desde diciembre).<\/p>\n<p>P.- \u00bfPor qu\u00e8 sus respuestas son tan &#8220;politicamente correctas&#8221;? Usted es una autoridad en la materia deportiva y puede, y debe, decirle a las cosas por su nombre. \u00bfLe preocupa que alguien se moleste con alg\u00f9n comentario suyo?<\/p>\n<p>R.- No soy ninguna autoridad en la materia, solo un periodista que intenta equivocarse las menos veces posibles. E imag\u00ednese si pensara que nadie se molestar\u00e1 con lo que contesto en estas charlas o escribo en este peri\u00f3dico. Desde luego mi intenci\u00f3n es que nadie se moleste, sino que discrepe con deportividad.<\/p>\n","protected":false},"excerpt":{"rendered":"<p>El Redactor Jefe de Deportes responde cada lunes a las preguntas de los lectores sobre la Liga y la actualidad deportiva.<br \/>\nM\u00e1s entrevistas digitales<\/p>\n","protected":false},"author":1,"featured_media":0,"comment_status":"open","ping_status":"open","sticky":false,"template":"","format":"standard","meta":{"footnotes":""},"categories":[],"tags":[],"class_list":["post-9931","post","type-post","status-publish","format-standard","hentry"],"_links":{"self":[{"href":"https:\/\/intervius.com\/index.html\/wp-json\/wp\/v2\/posts\/9931","targetHints":{"allow":["GET"]}}],"collection":[{"href":"https:\/\/intervius.com\/index.html\/wp-json\/wp\/v2\/posts"}],"about":[{"href":"https:\/\/intervius.com\/index.html\/wp-json\/wp\/v2\/types\/post"}],"author":[{"embeddable":true,"href":"https:\/\/intervius.com\/index.html\/wp-json\/wp\/v2\/users\/1"}],"replies":[{"embeddable":true,"href":"https:\/\/intervius.com\/index.html\/wp-json\/wp\/v2\/comments?post=9931"}],"version-history":[{"count":0,"href":"https:\/\/intervius.com\/index.html\/wp-json\/wp\/v2\/posts\/9931\/revisions"}],"wp:attachment":[{"href":"https:\/\/intervius.com\/index.html\/wp-json\/wp\/v2\/media?parent=9931"}],"wp:term":[{"taxonomy":"category","embeddable":true,"href":"https:\/\/intervius.com\/index.html\/wp-json\/wp\/v2\/categories?post=9931"},{"taxonomy":"post_tag","embeddable":true,"href":"https:\/\/intervius.com\/index.html\/wp-json\/wp\/v2\/tags?post=9931"}],"curies":[{"name":"wp","href":"https:\/\/api.w.org\/{rel}","templated":true}]}}