{"id":9929,"date":"2010-03-16T00:00:00","date_gmt":"2006-11-06T00:00:00","guid":{"rendered":"https:\/\/intervius.com\/index.html\/?p=9929"},"modified":"2006-11-06T00:00:00","modified_gmt":"2006-11-06T00:00:00","slug":"Inako_Diaz_Guerra9929","status":"publish","type":"post","link":"https:\/\/intervius.com\/index.html\/Inako_Diaz_Guerra9929\/","title":{"rendered":"I\u00f1ako D\u00edaz Guerra"},"content":{"rendered":"<p>Pregunta.- I\u00f1ako, \u00bfno te parece que Assun\u00e7ao es un jugador seriamente minusvalorado? En mi opini\u00f3n, ayer fue el mejor del equipo, sosteni\u00e9ndolo con un despliegue f\u00edsico espectacular cuando nos quedamos con diez jugadores y sacando el bal\u00f3n jugado desde atr\u00e1s con bastante criterio. \u00a1Y en el minuto 90, estaba presionando a los centrales de Osasuna en campo contrario!<\/p>\n<p>Respuesta.- Creo que lo fue durante gran parte de la temporada pasada, pero que la mayor\u00eda ya se ha ido dado cuenta de su importancia. Casualmente, el Atleti no ha ganado ninguno de los partidos en los que ha faltado esta temporada y las casualidades tienen un l\u00edmite<\/p>\n<p>P.- Hola I\u00f1ako,\u00bfQu\u00e9 te pareci\u00f3 el partido de ayer de Ra\u00fal Garc\u00eda? A mi no me gust\u00f3 absolutamente nada, no aport\u00f3 nada en la construcci\u00f3n de juego y es incapaz de dar un pase hacia delante&#8230;pero resulta que estoy hablando con unos amigos y me dicen que el partido de Ra\u00fal Garc\u00eda fue buen\u00edsimo, que hizo muchas coberturas en defensa, etc. No s\u00e9 si es que ser\u00e9 el \u00fanico loco que piensa que R.Garc\u00eda actualmente no est\u00e1 para jugar en el Atleti.<\/p>\n<p>R.- No, yo coincido contigo. La parte de las coberturas y el esfuerzo est\u00e1 muy bien, pero no es lo que se espera de \u00e9l. Esa parte ya la resuelve, y muy bien, Assun\u00e7ao. Si, como sucedi\u00f3 ayer muchos ratos, es el brasile\u00f1o el que la tiene que sacar jugada porque su pareja no lo logra, mal asunto para el Atleti. Ra\u00fal Garc\u00eda entr\u00f3 para hacer de Tiago y en ese aspecto fracas\u00f3. Se est\u00e1 quedando sin oportunidades.<\/p>\n<p>P.- Buenas artista, menudo ladrillo ayer&#8230; casi me da algo. Tan importante es en este equipo un fichaje de invierno traido hace dos meses?, que pasara si piden una barbaridad por el y el atleti no lo compra? (porque tiene 28 tacos, y tampoco es una inversion), todos los partidos como el de ayer?&#8230; vaya plan!. Me recordo al Madrid contra el Lyon, sin X. Alonso no sabian jugar. Union Dental de Basket.<\/p>\n<p>R.- Piden 8 millones, est\u00e1 pactado el precio por contrato. No me parece mucho por un futbolista de ese calibre. La edad est\u00e1 lejos de ser preocupante a\u00fan y, adem\u00e1s, no lleva muchos kil\u00f3metros en las piernas tras un a\u00f1o y pico casi sin jugar en la Juve. Ya qued\u00f3 claro durante los dos a\u00f1os anteriores que el Atleti sin un mediocentro es un pesti\u00f1o en manos del genio de sus puntas. As\u00ed que s\u00ed, tan importante es Tiago<\/p>\n<p>P.- Hola I\u00f1ako. \u00bfCrees que el Madrid cometer\u00e1 el error de dejar ir a Higua\u00edn? \u00bfTe parece &#8220;Up in the air&#8221; la mejor pel\u00edcula del a\u00f1o? \u00bfQu\u00e9 opini\u00f3n te merecen Los Piratas? Soy del Madrid, pero me pareces un gran periodista. Un saludo<\/p>\n<p>R.- Me parecer\u00eda una barbaridad. No soy de los que cree que Higua\u00edn es un superclase mundial, pero s\u00ed pienso que es un delantero fabuloso, a la altura del Madrid, que lo ha demostrado ya con creces y que a\u00fan mejorar\u00e1. Lo de que no meta en la Champions me parece m\u00e1s un accidente que una definici\u00f3n. Si lo vende, se arrepentir\u00e1. A m\u00ed es seguramente la que m\u00e1s me ha gustado junto con El secreto de sus ojos Los Piratas me gustaban bastante y el Manual para los fieles, mi preferido, es un disco que he podido escuchar mil veces<\/p>\n<p>P.- Qu\u00e9 pasa, crack!!A ver si hoy tengo suerte!! Bueno, varias preguntas: no ser\u00eda bueno, ahora que los delanteros se les ve fundidos subir a Borja del filial, para ser un recambio de los \u00faltimos 20minutos y que le chaval se vaya fogueando??Y otra cosa, comparto tu admiraci\u00f3n por Ag\u00fcero, es espectacular, pero al final lo que veo que le hace no estar al nivel de los Messis, Cristianos y dem\u00e1s es su escasa producci\u00f3n goleadora, c\u00f3mo lo ves??Un saludo!! <\/p>\n<p>R.- Borja est\u00e1 en los planes, pero sal\u00eda de una lesi\u00f3n y necesitaba coger ritmo. Ibrahima est\u00e1 cumpliendo bien mientras tanto. Y en cuanto a lo de los goles de Ag\u00fcero yo le pongo un asterisco. El otro d\u00eda vimos que marc\u00f3 su gol 50 en Primera ex\u00e1ctamente a la misma edad en que lo logro Messi. As\u00ed que hay que darle margen para el crecimiento en ese aspecto. Tambi\u00e9n influyen el equipo y la compa\u00f1\u00eda. Dec\u00edan que Torres no met\u00eda goles ya hora mira&#8230;<\/p>\n<p>P.- Por qu\u00e9 no te gusta &#8220;los idiotas&#8221; de Von Trier? \u00bfEs que no te va lo de las performances atentadoras de la sociedad del falso bienestar? Dicho de otro modo, \u00bfno es estupendo y divertido que en un restaurante aparezca un grupo de individu@s con la intenci\u00f3n de teatralizar la paz mercantil del chiringo? \u00bfNo te parece, colchonero, que es una pel\u00edcula MUY Particular que habla de algo MUY sutil y v\u00e1lido (de m\u00e1s de un algo) a la que deber\u00eda mostrarse respeto?<\/p>\n<p>R.- Me parece que Von Trier es un vendedor de crecepelo. Eso s\u00ed, lo vende bien as\u00ed que ah\u00ed va mi respeto<\/p>\n<p>P.- i\u00f1ako porque no vas un dia a punto pelota a representar a los atleticos? y asi vemos un debate i\u00f1ako-roncero jeje <\/p>\n<p>R.- Porque no me han invitado. Es comprensible, no creo que d\u00e9 el perfil.<\/p>\n<p>P.- Me dijiste la semana pasada que no encontrabas equivalente futbol\u00edstico de Bird y Magic. Pues yo de Bird s\u00ed lo encuentro, porque que un tipo que no sabe regatear, tirar desde fuera del \u00e1rea y con un f\u00edsico muy est\u00e1ndar haya llegado a ser m\u00e1ximo goleador de la Champions , de la selecci\u00f3n y no s\u00e9 cuantos r\u00e9cords m\u00e1s s\u00f3lo se explica desde la inteligencia y el esp\u00edritu competitivo, aunque es cierto que Bird ten\u00eda m\u00e1s clase. De Magic s\u00ed que no se me ocurre, porque aunque me parece un esc\u00e1ndalo que el t\u00edo con m\u00e1s t\u00e9cnica del mundo mida 1,92, no veo a Ibra jugando de Xavi en la final de la Champions por lesi\u00f3n del segundo, adem\u00e1s de la diferencia de car\u00e1cter&#8230;<\/p>\n<p>R.- Es c\u00f3mo todo, puedes encontrar similitudes en diversos jugadores, pero ninguno yte cuadra al completo. Comparar a Bird con Ra\u00fal&#8230; Por favor. Entiendo la parte com\u00fan que ves, pero el primero complementaba todo eso con genialidad y sus carencias eran s\u00f3lo f\u00edsicas, nunca t\u00e9cnicas: botaba, pasab,a como pocos aleros en las historia&#8230; As\u00ed que s\u00ed sab\u00eda regatera, tirar desde fuera del \u00e1rea, etc&#8230; En cuanto a Ibra, comparto admiraci\u00f3n, pero no podemos comparar al futbolista m\u00e1s egoista del momento con el baloncestista m\u00e1s generoso de la historia. Tenemos que seguir buscando esoe siameses<\/p>\n<p>P.- Hola crack me estoy leyendo pasaje al para\u00edso de Michael Connely, te lo has leido? me podr\u00edas recomendar un libro de \u00e9l? Como ves lo del jueves? Gracias<\/p>\n<p>R.- No lo he le\u00eddo. De Connelly he le\u00eddo la Rubia del hormig\u00f3n, el Vuelo del \u00c1ngel y Ciudad de huesos. Me gustaron sin apasionarme. A m\u00ed el que me apasiona es John Connolly<\/p>\n<p>P.- \u00a1Hola,buenos dias!,\u00bfque tal por Madrid?. Resido en B\u00e9lgica y mi perspectiva del atleti quizas no sea las m\u00e1s correcta y \u00bfquisiera saber que le ocurre a Forlan y Antonio L\u00f3pez?(bajon fisico o psiquico)<\/p>\n<p>R.- En Madrid ha salido el sol por primera vez en meses, as\u00ed que la cosa mejora. Forl\u00e1n est\u00e1 fundido f\u00edsicamente. Antonio L\u00f3pez da lo que da, que es poco<\/p>\n<p>P.- \u00bfCu\u00e1nto valor crees que tendr\u00eda a d\u00eda de hoy Kak\u00e1 en el mercado?<\/p>\n<p>R.- No creo que nadie pagara 20 millones<\/p>\n<p>P.- \u00bfEs posible que los dos primeros equipos de la liga jueguen los lunes, o es una ilusion que no se podra hacer realidad?<\/p>\n<p>R.- Es complicado porque uno va obligado a Canal+Liga el s\u00e1bado o el domingo por contrato. Y lo normal es que La Sexta o el Plus coja el otro. Si, adem\u00e1s, el Bar\u00e7a juega Champions lo imposibilita. Puede pasar, pero ser\u00e1 dif\u00edcil<\/p>\n<p>P.- Hola I\u00f1ako: A m\u00ed las matem\u00e1ticas para los fichajes del a\u00f1o pr\u00f3ximo me dan as\u00ed: VENTAS: Asenjo (7) Simao (15) Ra\u00fal Garc\u00eda (8) TOTAL 30 COMPRAS: Tiago (8) Fran M\u00e9rida (Libre) Rafinha (10) Pedro Le\u00f3n (6) Canella (4) \u00bfQu\u00e9 opinas? <\/p>\n<p>R.- Que me temo que Simao no tiene a su edad y en el actual mercado tanto valor y que Ra\u00fal Garc\u00eda, con el rendiemiento actual, tampoco. Pero si logran hacer cuadrar las cuentas, me parecer\u00eda un verano bastante redondo, con la \u00fanica duda de Canella que no tengo del todo claro que est\u00e9 para el Atleti.<\/p>\n<p>P.- I\u00f1ako esto es increible, siempre que me apuesto con mi padre en el campo 20 pavos a que palmamos (por el espectaculo horrible que nos muestran) estos ma***es van y sacan casta jeje. Ha empezado The Pacific y no me ha parecido nada del otro mundo, pero habr\u00e1 que darle cancha como a salvio que no ha jugado nada y en las gradas ya oigo como le critican&#8230;&#8230;en fin&#8230;.. Por cierto I\u00f1ako, conoces los libros de Lorenzo Silva sobre los guardias civiles Bevilaqua y CHamorro???? te gustan? Un abrazo hermoso<\/p>\n<p>R.- \u00daltimamente, el equipo est\u00e1 jugando mal, pero garantizando lucha. Eso ya es bastante y hay que agradec\u00e9rselo a Quique, que les ha enchufado. Lo de Salvio no lo entuiendo muy bien. Estuvo mal contra el Sporting, pero hab\u00eda estado bastante bien en Zaragoza. La gente se pone muy nerviosa muy pronto No he visto a\u00fan el cap\u00edtulo de The Pacific, pero caer\u00e1 esta noche seguramente. Ya te dir\u00e9. No los he le\u00eddo, pero no eres el primero en recomend\u00e1rmelos, as\u00ed que tendr\u00e9 que echarles un ojo<\/p>\n<p>P.- Hola I\u00f1ako, deber\u00edan editar tus columnas del Atleti y publicarlas como pura literatura, en las librer\u00edas. Empezaba a preocuparme por mi forofismo hacia ti hasta que comentaste que Up in the Air deb\u00eda haber ganado el Oscar. Has visto a Single Man, con Collin Firth? Te dar\u00e1s cuenta que el Atleti es &#8220;A Single Man&#8221; y Up in the Air huele a mercadotecnia merengue, a animar con un meg\u00e1fono desde el fondo UltraSur y no cantando como hace el Calder\u00f3n. F\u00fatbol s\u00f3lo: una alternativa seria a Ra\u00fal Garc\u00eda en los partidos en los que no est\u00e9 Thiago, por favor ! Y gr\u00edtaselo a Quique. Gracias. <\/p>\n<p>R.- No he ido a ver A single man porque me huele a esteticismo \u00f1o\u00f1o y me da pereza. Puedo equivocarme porque me parece que Colin Firth es un actor fant\u00e1stico, Julianne Moore tambi\u00e9n y no dudo del talento visual de Tom Ford, pero cuando en general se ataca mucho a m\u00ed sensibilidad se consigue el efecto contrario al deseado: cabreo en vez de emoci\u00f3n. Soy un cacho de carne con ojos, supongo Me da a m\u00ed que Quique lo sabe pero no la tiene. Jurado no puede jugar ah\u00ed, Camacho y Rub\u00f1\u00e9n P\u00e9res son del corte de Assun\u00e7ao y Koke est\u00e1 a\u00fan verde.<\/p>\n<p>P.- Hola I\u00f1ako! Fuera f\u00fatbol. \u00bfHas visto Shutter Island? \u00bfQu\u00e9 te pareci\u00f3? Me esperaba m\u00e1s, pero la verdad es que tampoco me dej\u00f3 indiferente. Ale, un brazo!<\/p>\n<p>R.- S\u00ed, la he visto y me ha gustado. ME dej\u00f3 bastante inquieto durante avrias horas que es de lo que se trataba. El problema es que me cuesta creereme a DiCaprio haciendo personajes chungos o duros y no entiendo el empe\u00f1o de Scorsese en convertirle en su nuevo De Niro.<\/p>\n<p>P.- Venga I\u00f1ako, vamos a ponernos gallitos. El Atleti gana la copa e impone de nuevo su imperio en Europa ganando la Europa Liga. \u00bfSer\u00eda el mejor equipo madrile\u00f1o por encima de los blancos?<\/p>\n<p>R.- No s\u00e9 si el mejor, pero el m\u00e1s feliz s\u00ed con una diferencia aplastante. Y eso es de lo que se trata<\/p>\n<p>P.- Hola I\u00f1ako. Qu\u00e9 opinas que por parte de toda la prensa se omita por ejemplo las dos rojas y los dos penaltys que no le pitaron en contra al Madrid y sin embargo cuando una ayuda es para el FC Barcelona sea portada en todo noticiero deportivo? Un saludo desde el norte de Madrid crack<\/p>\n<p>R.- \u00bfT\u00fa que crees que opino? Exacto<\/p>\n<p>P.- Hola I\u00f1ako, parece claro qeu tenemos que fichar un lateral izquierdo, y te pregunto, Garrido o Jose Enrique? o quien? <\/p>\n<p>R.- Ninguno de esos dos. \u00bfQu\u00e9 tal aprovechar que la lesi\u00f3n ha apartado a Filipe Luis del radar de los grandes?<\/p>\n<p>P.- Hola I\u00f1ako \u00bfQu\u00e9 te parece lo de la afici\u00f3n del Manchester United y sus bufandas verde y oro como modo de protesta? \u00bfCrees que si la afici\u00f3n del Atl\u00e9tico hiciera lo mismo tendr\u00eda la misma repercusi\u00f3n y los Gil tendr\u00edan que plantearse salir? No me creo que el Atleti no tenga gente interesada en comprarlo, es un club con mucha clientela, por lo tanto es muy atractivo. Un saludo<\/p>\n<p>R.- Creo que si la afici\u00f3n del Atleti hicera lo mismo tendr\u00eda la misma repercusi\u00f3n, pero tambi\u00e9n creo que si se pusiera en marcha esa iniciativa ver\u00edamos muchas menos bufandas en el Manzanares que en Old Trafford. Soy bastante esc\u00e9ptico en cuanto al esp\u00edritu revolucionario de la afici\u00f3n, como se ha visrto en bastantes ocasiones ya. Hay gente interesada en comprarlo, pero ni de lejos al exagerado precio que pondr\u00edan Gil Mar\u00edn y Cerezo.<\/p>\n<p>P.- Tengo un amigo, muy seguidor tuyo, que no entiende (seg\u00fan \u00e9l) por qu\u00e9 calificas tan alto a Jurado y por qu\u00e9 le tienes en alta estima&#8230;\u00bfque hay de cierto en ello? Y para finalizar, en serio\u00bfqu\u00e9 opinas de super Gaizka Toquero?a mi me entusiasma&#8230; muchas gracias,siempre es un placer<\/p>\n<p>R.- Es un futbolista que a menudo me desespera, pero que tiene la calidad suficiente como para darle siempre otra oportunidad. Pero no creo que est\u00e9 entre mis debilidades. Me encanta la historia de Toquero, su poco habitual carrera, su lucha, su aspecto, como se ha convertido en \u00eddolo de una afici\u00f3n tan sabia como la del Athletic&#8230; Es un caso extra\u00f1o en el que lo meramente futbol\u00edstico es secundario. Ari, ari, ari, Toquero lehendakari<\/p>\n<p>P.- Soy cul\u00e9 y desde la distancia dir\u00eda que lo que de verdad necesita el Atleti es una reestructuraci\u00f3n organizativa de arriba a abajo. Lo primero deber\u00eda ser consciente que ha perdido ese estatus de equipo grande que les tose a Madrid y Bar\u00e7a. El modelo del Sevilla ser\u00eda un modelo a seguir, de como con una masa social parecida y un grandisimo trabajo de los Monchi y compa\u00f1\u00eda se puede llegar arriba y tener regularidad aun habiendo pasado por el pozo de la Segunda divisi\u00f3n recientemente. \u00bfque te parece? Un saludo y suerte<\/p>\n<p>R.- De masa social parecida, nada. Sin faltar al Sevilla que es un ejemplo en casi todo, la masa socal del Atl\u00e9tico es muy superior. En todo lo dem\u00e1s, coincido<\/p>\n<p>P.- \u00bfComo se aprende a escribir? Algun truquillo que tu tengas. Gracias monstro<\/p>\n<p>R.- Leer mucho y de todo y evitar los lugares comunes<\/p>\n<p>P.- Una m\u00e1s de cine, I\u00f1ako, \u00bfqu\u00e9 opinas de Capra y de Eastwood (el Eastwood director)?<\/p>\n<p>R.- Capra es hijo de su \u00e9poca y a menudo se pasa de maniqueo, pero Sucedi\u00f3 una noche y Ars\u00e9nico por compasi\u00f3n, cuando se da a la pura comedia sin azucar gratuito, son dos pel\u00edculas que adoro. En cuanto a Eastwood, nunca me interes\u00f3 nada su rollo como actor, pero como director&#8230; Gran Torino, Mystic River, Un mundo perfecto, Sin Perd\u00f3n, C\u00e1zador blanco, coraz\u00f3n negro y Bird me parecen obras maestras. Millon Dolar Baby, Cartas desde Iwo Jima; Space Cowboys, Medianoche en el jard\u00edn del bien y del mal y Poder abosluto tambi\u00e9n me gustan. Pese a la decepci\u00f3n de Invictus, su carrera es sobresaliente siendo un artesano sin m\u00e1s pretensi\u00f3n que contar una historia. El anti Von Trier, vamos. Un director de cine como la copa de un pino<\/p>\n<p>P.- I\u00f1ako,\u00bfpor que Canella no es jugador para el aleti?y que opinas de monreal y azpilicueta, aunque a mi los dos fichajes que haria serian Iraola y g\u00fciza \u00bfque te parecen estos dos?creo que podriamos abaratar la operaci\u00f3n con el Athletic,metiendo a Rulo garcia que el a\u00f1o que viene no las huele. <\/p>\n<p>R.- No he dicho que no lo sea, he dicho que no lo tengo claro porque no le he visto suficiente y el a\u00f1o pasado cuando se lesion\u00f3, Jos\u00e9 \u00c1ngel le hizo olvidar con cierta facilidad. Monreal y Azpilicueta me parecen correctos. Iraola me encanta. Soy fan de G\u00fciza siempre que no juegue en mi equipo<\/p>\n<p>P.- Hola I\u00f1ako, gracias por tus acertadas cr\u00f3nicas. Cada partido parece que es el \u00faltimo que pueden jugar antes de reventar algunos jugadores (kun, forl\u00e1n, simao&#8230;) Sin embargo al siguiente est\u00e1n ah\u00ed otra vez. Dec\u00eda quique el otro d\u00eda que los mejores tienen que estar listos para los partidos m\u00e1s importantes&#8230;\u00bfLo est\u00e1 haciendo bien Quique intentando remontar en Liga en vez de dejarla morir tranquilamente sacando gente nueva del filial y preparando mejor partidos como el de este jueves y la final de copa? Otra cosa: \u00bfHas le\u00eddo 2666 de Roberto Bola\u00f1o? Si no es as\u00ed, te la lees y un d\u00eda la comentas en la entrevista&#8230;s\u00f3lo son 1000 p\u00e1ginas extraordinarias<\/p>\n<p>R.- Ayer me sorprendi\u00f3 que sacara a Ag\u00fcero y Forl\u00e1n, era un partido muy claro para dar descanso a Ag\u00fcero y tenerle fresco para Lisboa, sin embargo le meti\u00f3 83 minutos en los que se le vio espeso. Por no hablar de Forl\u00e1n, reventado desde el minuto 10. No lo entiendo muy bien y acrecienta mi sensaci\u00f3n de que a Quique la Europa League le parece un poco engorro. Espero equivocarme. Lo he le\u00eddo y, efectivamente, son 1.000 paginas extraordinarias, aunque a m\u00ed me guste un poco m\u00e1s Los detectives salvajes<\/p>\n<p>P.- hola crack.\u00bfQue porcentaje de posibilidades le ves al atleti de pasar el jueves?y otra preguntita:\u00bfsabes como se repartiran las entradas para la final de copa del rey?eres un auntentico maquina.un abrazo<\/p>\n<p>R.- 60% Tengo dudas si es 40% para cada equipo y 20% para la FEF o 33, 33, 33. <\/p>\n<p>P.- grande i\u00f1akko, cortita al pie!!! donde y cuando vere jugar y (espero que ganar) al mi atleti la final?? gracias de antemano<\/p>\n<p>R.- Depende de qu\u00e9 hagan Sevilla y Atletie sta semana en Europa. Si los dos apsan, la cosa se complica y podr\u00e1 hasta jugarse el 4 de abril en fecha de Liga aplazando el partido liguero entre ambos a otra fecha. Es un desmadre vergonzoso. LA sede, Bernab\u00e9u o Mestalla dependiendo de la fecha<\/p>\n<p>P.- Hola I\u00f1ako, la persecuci\u00f3n mediatica que est\u00e1 detr\u00e1s del Real Valladolid estos d\u00edas es abrumadora. Estoy en contra del pisot\u00f3n de Nivaldo pero me parece lamentable la &#8220;protecci\u00f3n&#8221; en demas\u00eda de periodistas y arbitros a jugadores de futbol tipo CR9. El futbol hoy por hoy es un negocio y est\u00e1 claro que el Madrid es lo que vende dejando al resto de equipos de lado. Lamentable<\/p>\n<p>R.- Me dio la sensaci\u00f3n que el Valladolid jugo con cierta desesperaci\u00f3n y fue al l\u00edmite, pero no vi una persecuci\u00f3n a Cristiano y \u00e9l tambi\u00e9n entr\u00f3 en esa guerra. Eso s\u00ed, puestos a posicionarme siempre estoy con el que recibe y no con el que da<\/p>\n<p>P.- Ahora una de cultura,\u00a1has leido el Hereje de mi querido Delibes? que te parece, me la recomendarias, que yo no la he leido y es la unica que me falta de el.\u00bfY Llorente en vez de g\u00faiza? para aprovechar los extremos y cabecear balones desde los lados .un saludo ,amigo<\/p>\n<p>R.- Ahora una de cultura,\u00a1has leido el Hereje de mi querido Delibes? que te parece, me la recomendarias, que yo no la he leido y es la unica que me falta de el.\u00bfY Llorente en vez de g\u00faiza? para aprovechar los extremos y cabecear balones desde los lados .un saludo ,amigo<\/p>\n<p>P.- I\u00f1ako, t\u00fa no ten\u00edas un blog o algo as\u00ed me comentaron?? Y, por otra parte, adem\u00e1s de Fiebre en las gradas y Alta Fidelidad, qu\u00e9 m\u00e1s hay de Hornby que merezca la pena? Es incre\u00edble como por culpa de este simp\u00e1tico brit\u00e1nico he acabado queriendo al Arsenal casi tanto como al Atleti&#8230; Un abrazo, crack!!<\/p>\n<p>R.- Me suena, pero el perro no se actualiza s\u00f3lo como me prometieron. En cuanto a Hornby, eas dos son las mejores, pero About a Boy y 31 canciones est\u00e1n tambi\u00e9n muy bien<\/p>\n<p>P.- Este jueves toca Lisboa,conoces garitos interesantes en la ciudad? En semana santa a New York,en esta despues del CBGB que quedo?gracias<\/p>\n<p>R.- En Lisboa, primero ca\u00f1as por el barrio Alto y luego creo recordar un garito de rock por el centro cuyo nombre podr\u00eda ser el Clandestino o podr\u00eda no serlo. Y para acabar la noche, un taxi y al Lux. <\/p>\n<p>P.- hola figura crees que el betis subira, o si pierde otra vez algun punto y se aleja del ascenso se vendra ya animicamente y no sera capaz de remontar?<\/p>\n<p>R.- Este Bwetis me recuerda mucho al Atleti del primer a\u00f1o en Segunda: la mejor plantilla con diferencia, malos inicios y reacci\u00f3n al final. Aquel Atleti se qued\u00f3 corto pior los pelos, pero estaban en Segunda Sevilla, Betis y tenerife. No veo tanto nivel este a\u00f1o y creo que el Betis subir\u00e1<\/p>\n<p>P.- \u00bfpuede un aficionado del atletico y antiguo abonado residente actualmente en sevilla conseguir una entrada para la final de copa o se reservan exclusivamente para socios?daria poko menos q la vida por ver la final en el bernabeu&#8230;<\/p>\n<p>R.- Quiz\u00e1s pueda conseguir a trav\u00e9s del tercio que se queda la Federaci\u00f3n, pero hasta que no se sepa la sede y el reparto exacto no se podr\u00e1 saber<\/p>\n","protected":false},"excerpt":{"rendered":"<p>El redactor del Diario AS I\u00f1ako D\u00edaz-Guerra analiza cada semana la situaci\u00f3n del Atl\u00e9tico de Madrid. El periodista ha charlado con los lectores sobre la situaci\u00f3n deportiva que atraviesa el club del Manzanares as\u00ed como otros temas tan mundanos como el baloncesto, la m\u00fasica o el cine.<\/p>\n<p>ARCHIVO DE ENTREVISTAS:<\/p>\n<p>09 de marzo &#8211; 02 de marzo &#8211; 23 de febrero &#8211; 16 de febrero &#8211; 09 de febrero &#8211; 02 de febrero &#8211; 27 de enero &#8211; 20 de enero &#8211; 12 de enero &#8211; 05 de enero &#8211; 29 de diciembre &#8211; 22 de diciembre &#8211; 16 de diciembre &#8211; 10 de diciembre &#8211; 01 de diciembre &#8211; 24 de noviembre &#8211; 17 de noviembre &#8211; 10 de noviembre &#8211; 6 de noviembre &#8211; 3 de noviembre &#8211; 27 de octubre &#8211; 20 de octubre &#8211; 13 de octubre &#8211; 06 de octubre &#8211; 29 de septiembre &#8211; 22 de septiembre &#8211; 15 de septiembre &#8211; 08 de septiembre &#8211; 01 de septiembre &#8211; 25 de agosto &#8211; 18 de agosto &#8211; 11 de agosto &#8211; 27 de julio &#8211; 21 de julio &#8211; 14 de julio &#8211; 07 de julio &#8211; 30 de junio &#8211; 23 de junio &#8211; 16 de junio &#8211; 09 de junio &#8211; 02 de junio -26 de mayo -19 de mayo &#8211; 12 de mayo &#8211; 05 de mayo &#8211; 28 de abril &#8211; 21 de abril &#8211; 14 de abril &#8211; 07 de abril &#8211; 24 de marzo &#8211; 17 de marzo &#8211; 10 de marzo &#8211; 3 de marzo &#8211; 24 de febrero &#8211; 10 de febrero &#8211; 17 de febrero &#8211; 13 3 de enero &#8211; 2 3 de diciembre &#8211; 2 de diciembre &#8211; 25 de noviembre &#8211; 4 de noviembre &#8211; 18 de noviembre &#8211; 4 de noviembre &#8211; 11 de noviembre &#8211; 4 de noviembre &#8211; 24 de octubre &#8211; 7 de octubre &#8211; 30 de septiembre &#8211; 23 de septiembre &#8211; 16 de septiembre<\/p>\n","protected":false},"author":1,"featured_media":0,"comment_status":"open","ping_status":"open","sticky":false,"template":"","format":"standard","meta":{"footnotes":""},"categories":[],"tags":[],"class_list":["post-9929","post","type-post","status-publish","format-standard","hentry"],"_links":{"self":[{"href":"https:\/\/intervius.com\/index.html\/wp-json\/wp\/v2\/posts\/9929","targetHints":{"allow":["GET"]}}],"collection":[{"href":"https:\/\/intervius.com\/index.html\/wp-json\/wp\/v2\/posts"}],"about":[{"href":"https:\/\/intervius.com\/index.html\/wp-json\/wp\/v2\/types\/post"}],"author":[{"embeddable":true,"href":"https:\/\/intervius.com\/index.html\/wp-json\/wp\/v2\/users\/1"}],"replies":[{"embeddable":true,"href":"https:\/\/intervius.com\/index.html\/wp-json\/wp\/v2\/comments?post=9929"}],"version-history":[{"count":0,"href":"https:\/\/intervius.com\/index.html\/wp-json\/wp\/v2\/posts\/9929\/revisions"}],"wp:attachment":[{"href":"https:\/\/intervius.com\/index.html\/wp-json\/wp\/v2\/media?parent=9929"}],"wp:term":[{"taxonomy":"category","embeddable":true,"href":"https:\/\/intervius.com\/index.html\/wp-json\/wp\/v2\/categories?post=9929"},{"taxonomy":"post_tag","embeddable":true,"href":"https:\/\/intervius.com\/index.html\/wp-json\/wp\/v2\/tags?post=9929"}],"curies":[{"name":"wp","href":"https:\/\/api.w.org\/{rel}","templated":true}]}}