{"id":9926,"date":"2012-03-07T00:00:00","date_gmt":"2006-11-06T00:00:00","guid":{"rendered":"https:\/\/intervius.com\/index.html\/?p=9926"},"modified":"2006-11-06T00:00:00","modified_gmt":"2006-11-06T00:00:00","slug":"Tomas_Roncero9926","status":"publish","type":"post","link":"https:\/\/intervius.com\/index.html\/Tomas_Roncero9926\/","title":{"rendered":"Tom\u00e1s Roncero"},"content":{"rendered":"<p>Pregunta.- Hola Roncero, despu\u00e9s de varios a\u00f1os aguantando la prepotencia cul\u00e9 en las tertulias televisadas \u00bfest\u00e1s disfrutando de este momento ahora que el complejo de segundones de los cul\u00e9s ha salido como una erupci\u00f3n volc\u00e1nica? saludos<\/p>\n<p>Respuesta.- Es evidente que nos ha tocado tragar mucho estos a\u00f1os. Hay que ser prudente, pero todo indfica que este a\u00f1o nos toca re\u00edr a nosotros. <\/p>\n<p>P.- \u00a1Buenas Tomas! Los Madridistas estamos a\u00fan esperanzados cn Sahin \u00bfqu\u00e9 piensas del Chaval? \u00bftendr\u00e1 oportunidades de aqu\u00ed al final de temporada? Y una preguntita m\u00e1s&#8230;\u00bfAlguna locura que se te ocurra si ganamos la d\u00e9cima? Dejarte Bigote por ejemplo, para homenajear a Sirom jaja, Un saludo.<\/p>\n<p>R.- Eres un cachondo amigo. Mi mayor locura ser\u00eda tatuarme el escudo del Madrid y pienso hacerlo si ganamos la D\u00e9cima. Y yo tambi\u00e9n creo en Sahin. Espero que Mou le d\u00e9 minutos de una vez por todas.<\/p>\n<p>P.- Una reflexi\u00f3n, Tom\u00e1s: Cuando los \u00e1rbitros nos dan (contra el Rayo) y nos quitan (contra el Levante) a partes iguales con el Barsa (Espa\u00f1ol, Valencia &#8211; Atletico, Granada, Athletic), le sacamos 10 puntazos al Barsa. \u00bfQu\u00e9 hubiera pasado con ese superequipo que juega como los \u00e1ngeles (cierto) sin ayudas? De momento creo que la primera liga no la hubieran ganado (mucho 2-6, pero todav\u00eda recuerdo c\u00f3mo le regalaron esa liga), y mucho menos la Champions (Ovrebo). Los equipos se construyen en base a un resultado, y no en torno al juego y el romanticismo de la cantera. De ser as\u00ed, Rijkaard no deber\u00eda haberse ido nunca. Probablemente el Barsa hubiera quedado como un equipo que jugaba de forma espectacular y que nunca habr\u00eda ganado nada, como la Holanda de Cruyff (el inspirador de este juego) en los mundiales.<\/p>\n<p>R.- Interesante reflexi\u00f3n. Es evidente que en los a\u00f1os beligerantes del Villarato (no olvido que este a\u00f1o les ayudaron en la Copa con el Madrid, tres penaltis, en Mestalla, con la mano escandalosa de Pinto, y en el Calder\u00f3n) les han puesto alfombra roja aparte de su reconocido buen f\u00fatbol. Ahora ya no se ven tan blindados y echan la culpa al \u00e1rbitro. Se cargan a sus c\u00f3mplices deportivos. Curioso. <\/p>\n<p>P.- Buenos d\u00edas Tom\u00e1s, Hay un jugador que me encataria ver en el Madrid y es Hazard que viene avalado por el gran Zidanne \u00bfCrees que encajar\u00eda en el equipo?<\/p>\n<p>R.- Los buenos encajan en cualquier sitio. Le he visto poco, pero Zidane habla maravillas de \u00e9l y ya con Varane acert\u00f3 de pleno. <\/p>\n<p>P.- Hola Tom\u00e1s. \u00bfSer\u00e1 esto que est\u00e1 ocurriendo lo que est\u00e1 haciendo que Pep se piense renovar o no? Guardiola, en su fuero interno ha vivido esto muchos a\u00f1os, y sabe sobradamente que esta espiral de quejas, lamentaciones absurdas, y porf\u00edas ping\u00fces solo llevan al derrotismo. M\u00e1s a\u00fan, si encima no son ciertas. Lo de Piqu\u00e9 es roja en todos los equipos del mundo y en todos los partidos que se juegan. Lo que ocurre es que est\u00e1n mal acostumbrados y ahora s\u00ed deben ganar los partidos con sudor y sacrificio. Lo que ha hecho el Madrid siempre. Y si no saben, que aprendan o que se dediquen a otra cosa.<\/p>\n<p>R.- Guardiola sabe que algunos de sus cracks han perdido hambre y est\u00e1n despistados en sus comportamientos y ah\u00ed se explican parte de los diez puntos. No es tan casualidad que fuera Piqu\u00e9 qui\u00e9n protagonizase su expulsi\u00f3n ante el Sporting. <\/p>\n<p>P.- Buenas El AMO. El otro dia le\u00ed un comentario tuyo que decia que Mourinho se habia equivocado por ir a Inglaterra (el miercoles) porque? Gracias Crack y Que te valla bien en twitter.<\/p>\n<p>R.- Gracias por tu deseo amigo. Mira, creo que se equivoc\u00f3 porque estando el Bar\u00e7a a diez puntos y con ellos en guera civil por el tema de los \u00e1rbitros y la no renovaci\u00f3n de Guardiola, ese viaje a Londres nos devolvi\u00f3 al foco medi\u00e1tico para hablar de eso y no de la buena nueva del l\u00edder. Le dio carnaza al enemigo y eso me doli\u00f3. La afici\u00f3n quiere un Mou comprometido que diga p\u00fablicamente que se queda. \u00bfEs pedir mucho?<\/p>\n<p>P.- Buenos d\u00edas Tomas: Si despu\u00e9s del partido contra el Sevilla, Mou saca una hoja con 15 errores arbitrales (aunque el Madrid hab\u00eda ganado), eso se llama defender al Madrid. Sin embargo, si Freixa da una rueda de prensa diciendo que est\u00e1n perjudicando al Bar\u00e7a, estamos llorando. Si Iker despotrica del \u00e1rbitro despu\u00e9s de la semifinal de copa y Mou le espera como un mafioso en el parking, eso es defender al Madrid. Si a Piqu\u00e9 lo expulsan y protesta, eso es quejarse. Si Rosell se reune con Villar, hablamos de alargar el Villarato, si Florentino se reune con Villar y Platini, hablamos de restablecer relaciones. \u00bfEs esta la doble moral a la que os refer\u00eds cuando hablais del Bar\u00e7a? Un saludo<\/p>\n<p>R.- No hay doble moral amigo. La reuni\u00f3n de Villar y Rosell fue secreta y les cazamos. La de Florentino y Platini eran con luz y taqu\u00edgrafos y la sab\u00edamos todos los periodistas porque inform\u00f3 de ella el propio Madrid el d\u00eda antes. <\/p>\n<p>P.- 20 kilos por MOU ; 25 kilos por PEPE (deberian ser 30 minimo), 20 kilos por LASS, 20 kilos por KAKA (mismo si deberian ser 30 como minimo), 20 kilos por coentrao (no lo creo pero bueno), y 5 por carvalho (no lo creo tampoco), a cambio traemos a SILVA 40 kilos, Javi Martinez 40 kilos y si se puede Muniain creo que salimos ganando No ? De entrenado le daria una oportunidad a MICHEL (con una plantilla asi podria haer algo grande el tambien) no veo possible dar salida a PEPE Coentrao y Carvalho estando MOU (que nos dajara 20 kilos si se va)<\/p>\n<p>R.- Me encantan los tres fichajes que has propuesto pero no estoy de acuerdo contigo en algunos aspectos. Para empezar yo quiero que Mourinho se quede. \u00c9l es el art\u00edfice del posible cambio de ciclo y debe seguir. En cuanto a Kak\u00e1 si, jugase siempre como el domingo yo me lo quedaba. Y Pepe, si se centra, es una m\u00e1quina como central. Lo de Carvalho y Coentrao me parece bien, porque no han rendido como se esperaba de ellos. <\/p>\n<p>P.- Tom\u00e1s, \u00bfqu\u00e9 hubiera pasado si pillan a S\u00e1nchez Arminio decir en una reuni\u00f3n arbitral que &#8220;hay un equipo que va por nosotros, que tenemos que estar alerta, y que no les tiemble la mano contra ese equipo&#8221;? Creo que las manifestaciones de Valencia se quedar\u00edan en un juego de patio de colegio al lado de lo que se hubiera montado en Catalu\u00f1a. Sin embargo los madridistas nos la tuvimos que tragar, y adem\u00e1s viendo c\u00f3mo era cierto lo que hab\u00eda profetizado. Ahora en cambio, se quejan de la roja de Piqu\u00e9, que precisamente S\u00ed es roja. Es inaudito. La TV inglesa se mofaba ayer de esa queja del Barsa y nombraron a Ovrebo. L\u00f3gico.<\/p>\n<p>R.- Es que lo de Ovrebo les deber\u00eda obligar a no hablar de \u00e1rbitros hasta el a\u00f1o 2083. Y es verdad que lo de Piqu\u00e9 es Roja, por lo que duele tanta hipocres\u00eda. As\u00ed les va. A diez puntos&#8230;<\/p>\n<p>P.- Hola Tom\u00e1s, \u00bfCu\u00e1les son para t\u00ed los deportistas que m\u00e1s te han gustado (aunque no fueran necesariamente los mejores en lo suyo) pero que les hac\u00eda ser tus preferidos? En estos deportes: tenis, f\u00fatbol, basket, ciclismo y atletismo. Gracias<\/p>\n<p>R.- Nadal, Juanito, Drazen Petrovic, Perico Delgado y Juantorena.<\/p>\n<p>P.- Hola Tomas. Eres el Di Stefano del periodismo, habia un &#8220;Tomas Roncero&#8221; antes de ti? Alguien que defendia al Madrid ante la critica de Barcelona?<\/p>\n<p>R.- Seguro que s\u00ed, amigo. Yo he tenido la suerte de coger una \u00e9poca multimedia donde las opiniones de un periodista tienen m\u00e1s eco. Pero agradezco mucho el s\u00edmil, que es exagerado e injusto seguro. Pero el cari\u00f1o es lo que queda crack. <\/p>\n<p>P.- Hola Tom\u00e1s, que le dir\u00edas a tu hijo si te sale cul\u00e9. \u00bfLo aceptar\u00edas?<\/p>\n<p>R.- Llegas tarde amigo. Es socio del Madrid desde el d\u00eda que naci\u00f3 y no se pierde un partido del equipo de Mourinho. Est\u00e1 m\u00e1s apasionado que yo y ya me dice que hay que ir a Cibeles. Es un bendito mi ni\u00f1o. Y blanco, muy blanco&#8230;<\/p>\n<p>P.- Hola tomas, ahora te veo bien crak ,crees en una final de champions entre el real madrid y fc barcelona y que diferencia hay entre villarato y los fallos continuos arbitrales al bar\u00e7a ,gracias majo.Amun valencia<\/p>\n<p>R.- Esa final es la so\u00f1ada por todos y ser\u00eda fant\u00e1stica. La diferencia es que el Villarato es una autocensura que ha tenido a los \u00e1rbitros de Villar y S\u00e1nchez Arminio a raya durante a\u00f1os sabiendo que el que se equivocaba a favor del Madrid iba a la calle (Tristante Oliva, Daud\u00e9n Ib\u00e1\u00f1ez, P\u00e9rez Burrull&#8230;). Sin embargo, ahora los errores contra el Bar\u00e7a se compaginan con ayudas escandalosas como en la Copa del Camp Nou con el Madrid, la mano de Pinto en Mestalla o el robo del Calder\u00f3n. No es lo mismo, amigo&#8230;<\/p>\n<p>P.- Hola Tom\u00e1s!! Que te parece el estandar de arbitraje en la liga? Viendo un partido de La premier league la liga espa\u00f1ola parece de se\u00f1oritas con varios jugadores que deberian estar nominados para los premios Goya.<\/p>\n<p>R.- Es cierto que en Espa\u00f1a se ha promocionado mucho lo de tirarse y eso es casi inmoral. Y no lo digo s\u00f3lo por los del Bar\u00e7a (Alves y Busquets, sobre todo). Aqu\u00ed, en AS, he criticado que Pepe o Di Mar\u00eda lo hayan hecho en algunas ocasiones. <\/p>\n<p>P.- Tom\u00e1s la liga es blanca ya, pero es positivo ir al camp nou con la liga ganada? nos podrian dar un ba\u00f1o alli??<\/p>\n<p>R.- Es mejor ganarla all\u00ed ese d\u00eda. Ser\u00eda incre\u00edble celebrar el alir\u00f3n sobre el c\u00e9sped. Ser\u00eda inolvidable&#8230;<\/p>\n<p>P.- Tomas, ves al madrid para ganar la decima? Que pasara cuando Mourinho decida irse en el futuro?<\/p>\n<p>R.- Es dif\u00edcil pero ah\u00ed estamos. El gran obst\u00e1culo es el Bar\u00e7a, pero depende de si nos vemos en la final o nos cruzamos antes. Somos serios candidatos, pero hay que ser prudentes. <\/p>\n<p>P.- \u00bfDe d\u00f3nde vienen tus or\u00edgenes madridistas? \u00bfDesde cu\u00e1ndo eres socio del Real Madrid?<\/p>\n<p>R.- Soy socio del Madrid desde septiembre de 1981 (llevo ya 31 a\u00f1os de forma ininterrumpida). Me hice desde muy peque\u00f1o por Pirri, que me impresion\u00f3 en un Betis-Real Madrid televisado en blanco y negro. Y el Bernab\u00e9u lo vi por primera vez en 1973 en un Madrid-Las Palmas, yo ten\u00eda 8 a\u00f1itos y me pareci\u00f3 el sitio m\u00e1s bonito del mundo.<\/p>\n<p>P.- Buenos dias \u00bf Que esta pasando para que hable el Barca de los arbitros y Florentino come con Villar y Platini ? \u00bf Ha pasado algo que no nos enteramos?.Un saludo<\/p>\n<p>R.- Ha pasado que Villar se ha dado cuenta de que las atrocidades contra el Madrid de estos a\u00f1os deb\u00edan tener freno alguna vez (y a\u00fan as\u00ed, tangada en el Camp Nou en Copa con tres penaltis hurtados, al estilo Obrevo).<\/p>\n<p>P.- Buenas Tom\u00e1s&#8230; Que bien que nos lo estamos pasando este a\u00f1o. \u00bfCrees que Silva podr\u00eda ser el gal\u00e1ctico que busca Florentino para el a\u00f1o que viene puesto que, a d\u00eda de hoy, es sin discusi\u00f3n el mejor jugador de la Premier?<\/p>\n<p>R.- Ojal\u00e1 fuera as\u00ed. No lo s\u00e9 la verdad, pero ser\u00eda un acierto en toda regla.<\/p>\n","protected":false},"excerpt":{"rendered":"<p>Tom\u00e1s Roncero ha charlado con los internautas sobre su desembarco en Twitter y la actualidad del conjunto presidido por Florentino P\u00e9rez, marcada por el liderato del Real Madrid en la Liga BBVA.<\/p>\n<p>Tom\u00e1s Roncero en Twitter<\/p>\n","protected":false},"author":1,"featured_media":0,"comment_status":"open","ping_status":"open","sticky":false,"template":"","format":"standard","meta":{"footnotes":""},"categories":[],"tags":[],"class_list":["post-9926","post","type-post","status-publish","format-standard","hentry"],"_links":{"self":[{"href":"https:\/\/intervius.com\/index.html\/wp-json\/wp\/v2\/posts\/9926","targetHints":{"allow":["GET"]}}],"collection":[{"href":"https:\/\/intervius.com\/index.html\/wp-json\/wp\/v2\/posts"}],"about":[{"href":"https:\/\/intervius.com\/index.html\/wp-json\/wp\/v2\/types\/post"}],"author":[{"embeddable":true,"href":"https:\/\/intervius.com\/index.html\/wp-json\/wp\/v2\/users\/1"}],"replies":[{"embeddable":true,"href":"https:\/\/intervius.com\/index.html\/wp-json\/wp\/v2\/comments?post=9926"}],"version-history":[{"count":0,"href":"https:\/\/intervius.com\/index.html\/wp-json\/wp\/v2\/posts\/9926\/revisions"}],"wp:attachment":[{"href":"https:\/\/intervius.com\/index.html\/wp-json\/wp\/v2\/media?parent=9926"}],"wp:term":[{"taxonomy":"category","embeddable":true,"href":"https:\/\/intervius.com\/index.html\/wp-json\/wp\/v2\/categories?post=9926"},{"taxonomy":"post_tag","embeddable":true,"href":"https:\/\/intervius.com\/index.html\/wp-json\/wp\/v2\/tags?post=9926"}],"curies":[{"name":"wp","href":"https:\/\/api.w.org\/{rel}","templated":true}]}}