{"id":9918,"date":"2012-03-02T00:00:00","date_gmt":"2006-11-06T00:00:00","guid":{"rendered":"https:\/\/intervius.com\/index.html\/?p=9918"},"modified":"2006-11-06T00:00:00","modified_gmt":"2006-11-06T00:00:00","slug":"Javier_G-_Matallanas9918","status":"publish","type":"post","link":"https:\/\/intervius.com\/index.html\/Javier_G-_Matallanas9918\/","title":{"rendered":"Javier G. Matallanas"},"content":{"rendered":"<p>Pregunta.- Mata, crees que la exhibici\u00f3n de Soldado en M\u00e1laga le ha puesto realmente el primero de la lista de delanteros para la Euro? \u00bfNo crees que es precipitarse un poco por un partido concreto?<\/p>\n<p>Respuesta.- Fue una actuaci\u00f3n prodigiosa, hizo tres goles y pudieron ser cinco, con el penalti y otra que remat\u00f3 mal con todo a favor. Ha ganado muchos enteros para estar en la lista, sin duda, pero el trabajo de Llorente tambi\u00e9n fue muy bueno en el primer tiempo, aunque no marc\u00f3 fij\u00f3 a los centrales y realiz\u00f3 una funci\u00f3n muy importante para el equipo. Soldado est\u00e1 m\u00e1s cerca de la Eurocopa, eso est\u00e1 claro.<\/p>\n<p>P.- javier cuanto tardara torres en volver al atleti que opinion tienes de la ventaja de 10 puntos solo es por los arbitros muchas gracias<\/p>\n<p>R.- No se puede asegurar s\u00ed volver\u00e1 ni cuando. A lo mejor regresa, pero no como jugador. Todo es especular. Torres debe centrarse ahora en volver a marcar goles, a ver si Villas Boas le da confianza. Para m\u00ed, la ventaja de 10 puntos no es por los \u00e1rbitros, aunque esta temporada al Madrid le tratan como en toda la historia.<\/p>\n<p>P.- Matallanas crack! te quer\u00eda preguntar por Ra\u00fal y si crees que se marchar\u00e1 a catar o terminar\u00e1 renovando por el Schalke, porque por un lado se dice que tiene hasta que tiene un acuerdo con club catar\u00ed y por otro que no llega a un acuerdo con el Schalke porque \u00e9l quiere dos a\u00f1os lo que es bastante contradictorio&#8230;<\/p>\n<p>R.- Yo creo que puede acabar en Catar. Tiene ofertas de ah\u00ed de hace tiempo y quiz\u00e1s de el paso ya. Veremos que sucede. Lo que es seguro es que su rendimiento en el Schalke est\u00e1 siendo espectacular y est\u00e1 aumentado su leyenda.<\/p>\n<p>P.- Mata, a d\u00eda de hoy, cu\u00e1l es la principal rival de Espa\u00f1a para ganar al Euro? \u00bfHolanda, Alemania, nosotros mismos&#8230;<\/p>\n<p>R.- Alemania y Holanda claramente. Alemania la ganamos en la final de la Euro2008 y les eliminamos en semifinales del Mundial 2010, es un equipo que siempre est\u00e1 cerca de ganar y ahora juega un gran f\u00fatbol como nosotros. Y Holanda sigue al nivel de la final de Sud\u00e1frica, ojal\u00e1, eso s\u00ed, que si nos cruzamos con los holandeses, no nos fr\u00edan a patadas.<\/p>\n<p>P.- Buenas Javier&#8230;.mi preguntita es muy simple:\u00bfCrees que el Numancia tiene opciones de subir a priemera?S\u00f3lo eso&#8230;gracias Crack!!!<\/p>\n<p>R.- S\u00ed, tiene opciones. Queda mucha competici\u00f3n en la Liga Adelante y se puede clasificar para los play offs. Entre los dos primeros lo tiene complicado, pero opciones tiene de pelear el ascenso.<\/p>\n<p>P.- Mata, yo ya me he perdido \u00bfPor qu\u00e9 el Athletic sigue pideindo el bernab\u00e9u? \u00bfNo hay ya un comunicado oficial del real Madrid con la excusa de las obras en el bernab\u00e9u?<\/p>\n<p>R.- No, el Real Madrid no lo ha dicho de forma oficial. Tampoco es necesario, creo. Ha comunicado en privado que no quiere que se juegue en su campo y punto. Otra cosa es debatir si est\u00e1 bien o est\u00e1 mal su postura.<\/p>\n<p>P.- \u00bfJuanfran o Arbeloa? \u00bfAdri\u00e1n o Soldado?<\/p>\n<p>R.- Los cuatro me gustan mucho. Arbeloa est\u00e1 consolidado, es uno de los mejores defensas de Europa, campe\u00f3n del mundo. Juanfran se ha reciclado al lateral derecho con un gran nivel. Adri\u00e1n est\u00e1 en pleno proceso de formaci\u00f3n y es un estupendo delantero y Soldado es un goleador que sigue creciendo.<\/p>\n<p>P.- Javier, al Atleti los arbitros no le respetan, aun mas lo ningunean, qu\u00e9le han hecho los dirigentes para que lo traten de los que peores equipos.\u00daltimamente no le han dejado ganar puntos, no quiero extenderme, a Filipe, le hacenpenalty no lo pita y le saca tarjeta por tirarse los fueras de juego ect ect.<\/p>\n<p>R.- Pues la relaci\u00f3n del Atl\u00e9tico con la Federaci\u00f3n es buena y Cerezo es directivo. Hist\u00f3ricamente el Atl\u00e9tico nunca ha sido bien tratado por los \u00e1rbitros, desde luego le han tratado mucho peor que a Madrid y Bar\u00e7a.<\/p>\n<p>P.- Hola Mata. Guardiola pidi\u00f3 o al menos manifest\u00f3 que no le importaba tener una plantilla corta, asi cuando el equipo lo ha necesitado ha tirado de canteranos en sus posiciones naturales. En el Atleti de antemano se sabe que la plantilla est\u00e1 descompensada y cuando falta un jugador se prefiere cambiar de posici\u00f3n a uno de la primera plantilla que subir a uno del filial en su posici\u00f3n natural aunque sea un momento puntual. Esta jornada viajaremos a Sevila sin ningun 9 puro y sin ning\u00fan delantero en el banquillo, llegados a este punto yo te pregunto \u00bfMata, para que sirve la cantera del Atleti si no se conf\u00eda en ella ni siquiera en un momento puntual?<\/p>\n<p>R.- S\u00ed sirve la cantera. Ah\u00ed est\u00e1 Koke que fue titular en el \u00faltimo partido y est\u00e1 aportando. Y Dom\u00ednguez, aunque ahora no sea titular, est\u00e1 consolidado en el primer equipo. De Gea ha salido pronto, pero ha dejado dinero al club y Joel est\u00e1 cedido en el Rayo para jugar minutos. Manquillo viene con fuerza pero tampoco se le puede quemar y se ha readaptado a Juanfran de lateral. Oliver del juvenil A ser\u00e1 un futbolista grande, esperemos que en el Atl\u00e9tico. La plantilla est\u00e1 mal formada en la delantera porque s\u00f3lo hay dos puntas, pero si se quedaba Diego Costa no ten\u00eda ficha por extracomunitario y ten\u00eda que salir Miranda, y en el Rayo se va a recuperar bien de su operaci\u00f3n de rodilla. Pero creo que la cantera del Atl\u00e9tico si que sirve y se utilizar\u00e1 cada vez m\u00e1s en el primer equipo.<\/p>\n<p>P.- Buenas crack. Que te parece que cerezo se permita el lujo de llamar ladrones y sinverguenza a las personas que se descargan contenido en internet, cuando el ha sido sentenciado por apropiacion indebida?<\/p>\n<p>R.- Efectivamente fue condenado como cooperador necesario para una apropiaci\u00f3n indebida y el delito estaba prescrito. Ahora Cerezo defiende su actividad de productor cinematogr\u00e1fico. <\/p>\n<p>P.- Buenos d\u00edas Mata. Viajamos a Sevilla sin nuestro mejor defensa, sin nuestro mejor centrocampista y sin nuestro mejor delantero&#8230; \u00bfHay alguna opci\u00f3n?<\/p>\n<p>R.- El Atl\u00e9tico juega en el Pizju\u00e1n sin su columna vertebral. Pero claro que tiene opciones de puntuar, por supuesto.<\/p>\n<p>P.- a quien preferirias, a higua\u00edn en su mejor monmento o a van nistelrooy cuando estuvo en su mejor momento??<\/p>\n<p>R.- Los dos son dos delanteros de primer nivel mundial. Cuando Van Nistelrooy estaba en plenitud era uno de los tres mejores del mundo, y el Pipita en forma y de titular tambi\u00e9n est\u00e1 a nivel Top. De todas maneras, los dos en plenitud pod\u00edan jugar juntos perfectamente, igual que Higuain y Benzem\u00e1.<\/p>\n<p>P.- Buenas Mata.Porque cuando se habla de camps se recuerdan los trajes o cuando se habla del dioni se recuerda el atraco al furgon y cuando se habla de magil nunca se recuerda el caso negritos? Podrias explicarselo a los mas jovenes o menos informados. Un saludo y forza atleti<\/p>\n<p>R.- Porque el periodismo deportivo es muy distinto que el periodismo pol\u00edtico. Salu2!!!<\/p>\n<p>P.- que opinas de la situacion de real zaragoza??? tanto institucional como deportiva, muchas gracias.<\/p>\n<p>R.- Es una situaci\u00f3n muy grave y el Zaragoza corre peligro real de desaparecer. El caos institucional ha provocado el fracaso deportivo.<\/p>\n<p>P.- Hola crack. \u00bfVes normal que en una plantilla de primer nivel solo haya un delantero puro? Un abrazo.<\/p>\n<p>R.- No. Est\u00e1 mal configurada esa plantilla.<\/p>\n<p>P.- Buenas crack,no se si estas siguiendo mucho el BMATM,que te parece y que recuerdos tienes de la anterior etapa?<\/p>\n<p>R.- Fui a ver el Atleti-Bar\u00e7a a Vista Alegre y lo sigo siempre que puedo. En la anterior etapa era un orgullo para el Atl\u00e9tico esa secci\u00f3n de balonmano y creo que ahora lo volver\u00e1 a ser.<\/p>\n<p>P.- \u00bfSe ha retirado Luis Aragon\u00e9s como entrenador?<\/p>\n<p>R.- No!!! Ha tenido ofertas en los \u00faltimos meses, pero unas no terminan de concretarse y otras no le interesaban. Tiene su equipo de trabajo formado con Jes\u00fas Paredes y C\u00e9sar Mendiondo y podr\u00eda volver a entrenar. Aunque si no le sale equipo en unos meses podr\u00eda decidir retirarse. El ten\u00eda mucha ilusi\u00f3n de volver al Atl\u00e9tico de Madrid. Y quiz\u00e1s pudiera recibir una propuesta para ser el presidente de honor.<\/p>\n<p>P.- \u00bfCrees que Ben\u00edtez ser\u00eda la soluci\u00f3n para que Torres recuperara su nivel?<\/p>\n<p>R.- Sin duda. La llegada de Rafa Ben\u00edtez al Chelsea ser\u00eda fant\u00e1stica para Fernando Torres. Y tambi\u00e9n para el Chelsea porque Ben\u00edtez le har\u00eda jugar a algo y le sacar\u00eda rendimiento. Pero el Chelsea no puede ofrecerle s\u00f3lo hasta final de temporada. Rafa tambi\u00e9n puede ser el recambio de Mourinho en el Madrid si el portugu\u00e9s decide irse.<\/p>\n<p>P.- Que opinas sobre el veto del barsa a punto pelota<\/p>\n<p>R.- No me gustan los vetos. Por fortuna en Espa\u00f1a existe libertad de prensa y libertad de expresi\u00f3n. Se puede discutir y debatir sobre el reportaje del presidente del Hospitalet, pero el veto me parece mal. Conozco a Quim Domenec desde hace a\u00f1os, y adem\u00e1s de mi amigo es un gran periodista. El Barcelona creo que se ha equivocado y debe levantar el veto.<\/p>\n<p>P.- Me gustar\u00eda saber, por que ha cambiado tanto nuestra liga en estos a\u00f1os en cuanto a diferencia de puntos entre el Bar\u00e7a y el Madrid y el resto de los equipos. <\/p>\n<p>R.- La diferencia brutal de ingresos por derechos televisivos ha influido en que se hayan distanciando tanto los dos grandes del f\u00fatbol espa\u00f1ol. Y tambi\u00e9n la presencia de Messi y Cristiano Ronaldo en sus filas, que provocan que la distancia goleadora y de puntos se haya vuelto mucho mayor.<\/p>\n<p>P.- \u00bfPor qu\u00e9 hay tanta insistencia por parte de determinada prensa en echar a Higuain del Madrid? \u00bfporqu\u00e9 lo trajo la anterior directiva? Gracias<\/p>\n<p>R.- Ese fue uno de los motivos nada m\u00e1s regresar Florentino P\u00e9rez. Fomentaron un pulso y un debate absurdo entre Higuain y Benzema y se ha demostrado que los dos son muy buenos y que pueden jugar juntos. Ahora quieren sacar a Higuain para dejar hueco al Kun Ag\u00fcero&#8230;<\/p>\n<p>P.- Hola Mata. \u00bfLe est\u00e1n permitiendo en exceso los \u00e1rbitros a Sergio Ramos desde que juega de central? Gracias<\/p>\n<p>R.- No creo. El otro d\u00eda debi\u00f3 pitar penalti y amarilla, a mi juicio, pero no creo que se le tolere m\u00e1s a Sergio desde que est\u00e1 de central. No me lo parece.<\/p>\n<p>P.- crees que la liga esta sentenciada despues de la suerte del madrid en vallecas, y quedando partidos como contra sevilla, valencia, atletico, <\/p>\n<p>R.- El Madrid tiene en su mano la Liga, pero creo que a\u00fan no est\u00e1 sentenciada, el Bar\u00e7a la disputar\u00e1 hasta el final.<\/p>\n","protected":false},"excerpt":{"rendered":"<p>Javier G. Matallanas, adjunto a la direcci\u00f3n de AS, ha charlado con los lectores e internautas sobre la actualidad deportiva, poniendo especial atenci\u00f3n a la actualidad colchonera, la Europa League y la goleada de Espa\u00f1a a venezuela.<\/p>\n<p>Matallanas en Twitter<\/p>\n","protected":false},"author":1,"featured_media":0,"comment_status":"open","ping_status":"open","sticky":false,"template":"","format":"standard","meta":{"footnotes":""},"categories":[],"tags":[],"class_list":["post-9918","post","type-post","status-publish","format-standard","hentry"],"_links":{"self":[{"href":"https:\/\/intervius.com\/index.html\/wp-json\/wp\/v2\/posts\/9918","targetHints":{"allow":["GET"]}}],"collection":[{"href":"https:\/\/intervius.com\/index.html\/wp-json\/wp\/v2\/posts"}],"about":[{"href":"https:\/\/intervius.com\/index.html\/wp-json\/wp\/v2\/types\/post"}],"author":[{"embeddable":true,"href":"https:\/\/intervius.com\/index.html\/wp-json\/wp\/v2\/users\/1"}],"replies":[{"embeddable":true,"href":"https:\/\/intervius.com\/index.html\/wp-json\/wp\/v2\/comments?post=9918"}],"version-history":[{"count":0,"href":"https:\/\/intervius.com\/index.html\/wp-json\/wp\/v2\/posts\/9918\/revisions"}],"wp:attachment":[{"href":"https:\/\/intervius.com\/index.html\/wp-json\/wp\/v2\/media?parent=9918"}],"wp:term":[{"taxonomy":"category","embeddable":true,"href":"https:\/\/intervius.com\/index.html\/wp-json\/wp\/v2\/categories?post=9918"},{"taxonomy":"post_tag","embeddable":true,"href":"https:\/\/intervius.com\/index.html\/wp-json\/wp\/v2\/tags?post=9918"}],"curies":[{"name":"wp","href":"https:\/\/api.w.org\/{rel}","templated":true}]}}