{"id":9915,"date":"2010-03-17T00:00:00","date_gmt":"2006-11-06T00:00:00","guid":{"rendered":"https:\/\/intervius.com\/index.html\/?p=9915"},"modified":"2006-11-06T00:00:00","modified_gmt":"2006-11-06T00:00:00","slug":"Alfredo_Relano9915","status":"publish","type":"post","link":"https:\/\/intervius.com\/index.html\/Alfredo_Relano9915\/","title":{"rendered":"Alfredo Rela\u00f1o"},"content":{"rendered":"<p>Pregunta.- Buenos dias. \u00bfNo es hora de que lopez-caro deje la sub-21? no juegan a nada.<\/p>\n<p>Respuesta.- Pues s\u00ed. L\u00f3pez Caro ha llegado ah\u00ed sin trayectoria, sin m\u00e9ritos, y no resulta. Eso tambi\u00e9n es villarato.<\/p>\n<p>P.- Hola Alfredo, la semana pasada le envie una pregunta donde le decia que si no le podia pasar factura el esfuerzo del madrid para ganarle al sevilla, despues de lo visto no me cabe ninguna duda, la segunda parte ante el lyon asi lo dice,\u00bfdonde esta el fondo de armario que presumimos mas que el barca?<\/p>\n<p>R.- Hay menos fondo de armario del que cre\u00edamos al menos en la media, o sobre todo en la media. M\u00e1s si tenemos en cuenta que a Gago se le ha dado por no existente. En condiciones normales deber\u00eda haber sido el suplnete de Xabi, o ese es su lugar en la plantilla, pero no se cont\u00f3 con \u00e9l. Resulta que, ausentes Xabi y Marcelo, el Madrid se qued\u00f3 sin media.<\/p>\n<p>P.- Hola Don Alfredo, con las bajas del principio del valencia, mas las del mismo partido, le hizo bastante cara al barca, \u00bfque hubiera pasado si hubieran estado, villa, mata, alexi, marchena?<\/p>\n<p>R.- Cada partido es un cuento. Pero fue imponente el juego del Valencia en la primera mitad. Luego se fue cayendo a trozos por las lesiones.<\/p>\n<p>P.- Estimado Alfredo: acabo de ver el Bar\u00e7a Valencia y me ha parecido de un rigor excesivo la amarilla a Maduro. Cada falta del Valencia era una amarilla. \u00bfcrees que se puede jugar de esa manera? Parece que a algunos jugadores no se les puede ni mirar&#8230;Un abrazo<\/p>\n<p>R.- Siempre he tenido la sensaci\u00f3n de que a los rivales del Bar\u00e7a les aprietan mucho a tarjetas. Por eso a veces escribo que el Bar\u00e7a, siendo excelente, como es, camina sobre una alfombra.<\/p>\n<p>P.- \u00bfPodr\u00edas dar un pron\u00f3stico de las victor\u00edas de Nadal durante este a\u00f1o? \u00bfQu\u00e9 Masters y qu\u00e9 Grand Slams?<\/p>\n<p>R.- No sabr\u00eda decirte. Espero que Roland Garros, s\u00ed. Y hasta tengo la ilusi\u00f3n por Wimbledon, si Federer empieza a flaquear. Se est\u00e1 dosificando y eso es signo de algo. Otros torneos no s\u00e9 qu\u00e9 decirte. Necesita\u00b4r\u00eda estar seguro de que anda los bastante bien como para ir a tope siempre.<\/p>\n<p>P.- D. Alfredo, un placer comunicar con usted a trav\u00e9s de internet. Realmence fue una gran p\u00e9rdida lo del Lyon de la semana pasada, e incluso lo del Sevilla ayer. Viendo que Atleti y Valencia lo tienen dif\u00edcil y que el Bar\u00e7a no es tan fiable como otros a\u00f1os, \u00bfqu\u00e9 grado de fracaso de la Liga ser\u00eda perder a todos los europe\u00edstas en octavos?<\/p>\n<p>R.- Yo estoy muy contento con nuestra Liga. La ca\u00edda tan temprano del Madrid me ha sorprendido. Del Bar\u00e7a estoy seguro de que va a pasar, as\u00ed que no temo ese panorama de quedarnos sin ninguno. Lo achaco a una mala racha, pero yo creo que nuestro campeonato es bueno, m\u00e1s all\u00e1 del Madrid y el Bar\u00e7a. El Valencia, por ejemplo, est\u00e1 frito de lesiones, por eso peligra. <\/p>\n<p>P.- Buenos d\u00edas Sr. Rela\u00f1o, si el Madrid gana la liga habr\u00e1 &#8220;salvado la temporada&#8221;, pero si no gana nada ser\u00e1 uno de los mayores rid\u00edculos de la historia, porque no nos enga\u00f1emos, ese desembolso no se hizo para ganar t\u00edtulos a largo plazo, \u00bfusted que opina?<\/p>\n<p>R.- Pues si no gana la Liga habr\u00e1 sido una cantada, desde luego. Pero supongo que poco a poco el equipo ir\u00e1 creciendo.<\/p>\n<p>P.- Buenos dias Alfredo \u00bfqu\u00e9 equipos ves favoritos para ganar la Champion despu\u00e9s de que callesen eliminados equipos como Chelsea, Real Madrid, Sevilla? \u00bfno parece un poco loca esta champion? un saludo<\/p>\n<p>R.- El Bar\u00e7a y el Inter son los que quedan mejor, junto al Manchester. El Bar\u00e7a puede recuperar el punto que ten\u00eda, el Inter sale reforzad\u00edsimo. No es tan loca esta Champions, siguen adelante equipos muy buenos. <\/p>\n<p>P.- Hola, Alfredo. \u00bfPuede ser Contador mejor que indurain? Gracias.<\/p>\n<p>R.- Tiene un ciclismo distinto, de escalador puro, con buen rendimiento contrarreloj. Indurain era al rev\u00e9s: contrarrelojista puro con buen rendimiento en la monta\u00f1a. Tuvo una superioridad impresionante, que nac\u00eda de su mismo aspecto de caballero medieval armado. Pero es verdad que Contador le puede amenazar el palmar\u00e9s. Est\u00e1 camino de ello.<\/p>\n<p>P.- Hola, Alfredo. \u00bfQu\u00e9 opciones ve de que el Madrid fiche a Cesc? Es, y me imagino que todo el mundo estar\u00e1 de acuerdo, el jugador que necesita, b\u00e1sicamente porque no hay repuesto natural de garant\u00edas para Xabi: Guti es intermitente (y ya mayor), Gago se ha desinflado, Lass no tiene capacidad de organizar, y Diarra m\u00e1s de lo mismo &#8211;pero peor. El debate Rib\u00e8ry &#8211; Silva me parece bien, pero es Cesc por quien deber\u00eda interesatse Valdano&#8230; y, la verdad, no veo claro que vayan a ir a por \u00e9l.<\/p>\n<p>R.- Va a ser una seria pugna con el Bar\u00e7a. Valdano est\u00e1 interesado, me consta. Y estoy de acuerdo en que al Madrid le viene fenomenal mejorar la media. Se vio el d\u00eda del Olympique de Lyon.<\/p>\n<p>P.- Buenos dias, Sr. Rela\u00f1o, me gustar\u00eda saber que opina sobre las delcaraciones de schuster en la radio: &#8220;Pensaba que, por fin, dejar\u00eda los Valdanos y tendr\u00eda un entrenador que manda y hace&#8221; \u00bfCree usted que tiene raz\u00f3n en este aspecto y los entrenadores de &#8220;primer nivel&#8221; se alejan de Madrid? Gracias<\/p>\n<p>R.- Los entrenador de primer nivel van viendo con distancia al club, porque saben que los fichajes est\u00e1n condicionados por la pol\u00edtica del presidente de jugadores inversi\u00f3n.<\/p>\n<p>P.- Hola Rela\u00f1o mi pregunta es: Ve posibilidades de que el Atletico de Madrid entre en Champions League \u00bf?<\/p>\n<p>R.- No. Est\u00e1 muy lejos. No lo creo.<\/p>\n<p>P.- Buenas Alfredo! Me gustaria preguntarle su opinion sobre la seleccion y el mundial que se avecina. Se podria decir que por primera vez en nuestra historia somos candidatos serios al titulo, en que cree que puede basarse el exito o no de la seleccion este verano? Quienes serian sus 23 hombres?<\/p>\n<p>R.- Mis 23 nombres ser\u00edan los de la \u00faltima lista de Del Bsoque, salvo que meter\u00eda a Llorente, no s\u00e9 si por G\u00fciza o por Negredo, seg\u00fan estuvieran. Candidatos somos si van bien Xavi, Iniesta, Silva y Villa, sobre todo. <\/p>\n<p>P.- Hola Sr. Rela\u00f1o \u00bfPor qu\u00e9 a los medios de Madrid les cuesta tanto plantear si no fue un error fichar a Benzema y traspasar a Robben, cambiar a Sneijder por Granero o fichar a Kaka atendiendo m\u00e1s la petici\u00f3n popular (o las ganas de vengarse de Calder\u00f3n) que las necesidades deportivas del equipo?<\/p>\n<p>R.- Pues porque quiz\u00e1 no todo el mundo lot enga tan claro. De Kak\u00e1, siendo honrados, creo que todo el mundo esperaba m\u00e1s. Ha sido un chasco, pero en su d\u00eda m\u00e1s o menos todos el munedo estuvo de acuerdo en su fichaje. Sneijder ha estado aqu\u00ed dos a\u00f1os, empez\u00f3 muy bien la primera y luego no hizo tanto. Su plaza es la que se pensaba que ocupar\u00eda Kak\u00e1, no tiene que ver con Granero, que es un jugador para hacer plantilla. Lo de Benzema es cierto. Benzema ven\u00eda a resolver un problema que no exist\u00eda y cost\u00f3 un dinero que luego movi\u00f3 a vender a Robben. Sin Benzema y con Robben el Madrid estar\u00eda mejor. <\/p>\n<p>P.- Hola Sr. Rela\u00f1o.\u00bfcree que hubo penalty de Sergio Ramos cuando estaba 0-0 el marcador?<\/p>\n<p>R.- Creo que s\u00ed. <\/p>\n<p>P.- Buenos d\u00edas, Don Alfredo. Me podr\u00eda decir cu\u00e1l es el perfil del entrenador ideal del Real Madrid. Qu\u00e9 entrenador, independientemente del club que dirija en estos momentos, se ajusta a dicho perfil ideal. Muchas garacias.<\/p>\n<p>R.- Pues espero que acabe siendo Pellegrini. Ahora, el que sea necesita una tranquilidad que aqu\u00ed no le damos a ninguno. Pero debe ser un hombre sereno, educado, partidario del f\u00fatbol de ataque, poco ruidoso. Por eso creo que Pellegrini no est\u00e1 nada mal.<\/p>\n<p>P.- Buenas tardes Alfredo, Se que os debeis a la audiencia, pero \u00bfcuando un periodico tratara el tema del Rugby y la incompetencia de los dirigentes de FER? \u00bfPorque no ayudar a que Espa\u00f1a crezca y tenga presencia en un deporte tan importante? \u00bfSabias que despues del mundial de futbol y olimpiadas la copa del mundo de rugby es el evento mas seguido? Un saludo<\/p>\n<p>R.- Creo que en AS tratamos el rugbuy bastante bien&#8230; cuando hay Seis Naciones. Y nos interesamos por la Liga Ib\u00e9rica, que tratamos con Robinson en el peri\u00f3dico. Pero, en efecto, damos mucho m\u00e1s f\u00fatbol.<\/p>\n<p>P.- Hola Alfredo, queda mucha liga todav\u00eda, \u00bfVes decisivo el choque del Bernabeu?<\/p>\n<p>R.- Claro que s\u00ed. Los puntos valen el doble.<\/p>\n<p>P.- Buenas tardes, \u00bfQu\u00e9 equipos, en su opini\u00f3n, se meter\u00e1n finalmente en la Final Four de la Euroleague? Un saludo!<\/p>\n<p>R.- El Barcelona, el Maccabi, el CSKA y el Olympiakos.<\/p>\n<p>P.- Alfredo soy lector de AS y seguidor Fernando Alonso. Pero no entiendo como para tu periodico merece la portada Higua\u00edn y no Fernando Alonso con su victoria en Barhein con Ferrari.\u00bf que explicacion me das?<\/p>\n<p>R.- Que entendemos que hay m\u00e1s gente interesada en la victoria del Madrid que en la de Alonso, por m\u00e1s que \u00e9sta tenga un mayor rango deportivo, que reconocemos. Fue como segundo tema de portada. Lo de Higua\u00edn adem\u00e1s se produc\u00eda en el contexto dif\u00edcil de las sospechas contra \u00e9l por el partido contra el Olym\u00ecque de Lyon.<\/p>\n<p>P.- Maestro: a estas alturas de la temporada,\u00bfQu\u00e9 opinas de la trayectoria del Castilla y de las categor\u00edas inferiores del Madrid en general? \u00bfEst\u00e1 siendo todo lo &#8220;espectacular&#8221; que anticip\u00f3 Florentino en aquellas entrevistas iniciales tan llenas de &#8220;espectacularidades&#8221;?<\/p>\n<p>R.- No esperaba gran cosa de eso, como siempre he escrito. Me parece que Ram\u00f3n Mart\u00ednez es una mala apuesta de Valdano y me ha sorprendido que insista en ello.<\/p>\n<p>P.- \u00bfPor qu\u00e9 no se act\u00faa de oficio desde Antiviolencia por declaraciones como las de Marquitos o &#8211;lo que es m\u00e1s grave&#8211; por las del propio Nivaldo? \u00bfPor qu\u00e9 se castigan los gritos racistas y no los hom\u00f3fobos, como &#8220;maric\u00f3n&#8221;? \u00bfC\u00f3mo es posible que Guardiola acuse a un \u00e1rbitro de mentir y no sea sancionado? Preguntas, preguntas. Gracias por tu razonabilidad diaria, Alfredo. De veras.<\/p>\n<p>R.- Antiviolencia anda un poco a la luna de Valencia, como se dec\u00eda antes. Pero de Marcos reconozcamos al menos que rectific\u00f3 pronto. A Guardiola se le ha pedido expediente, no s\u00e9 en qu\u00e9 parar\u00e1 el asunto. <\/p>\n<p>P.- Don Alfredo, \u00bfqu\u00e9 le est\u00e1 pareciendo el trabajo de Ettore Messina en el Real Madrid de baloncesto? Muchas gracias.<\/p>\n<p>R.- Se ha hecho un proyecto a lo Capello, jugadores veteranos para asegurar un t\u00edtulo pronto. Yo creo que las cosa sse deben hacer con m\u00e1s calm,a cocerlas m\u00e1s. En baloncesto justamente se podr\u00eda, porque no hay tanta histeria. De momento no tiene t\u00edtulo, y sigue pareciendo mejor el Bar\u00e7a, as\u00ed que no puedo aplaudirlo.<\/p>\n<p>P.- Con un cheque en blanco, qu\u00e9 dos centrocampistas natos fichar\u00eda usted para el Real Madrid (no valen los del Barsa). En mi opini\u00f3n, Silva no es centrocampista puro, es un crack y debi\u00f3 venir a ocupar el puesto de Kak\u00e1. Ficharlo ahora puede ser un problema m\u00e1s que una soluci\u00f3n. Qu\u00e9 opona?<\/p>\n<p>R.- Cesc, desde luego. Silva podr\u00eda jugar por Kak\u00e1, no es centrocampista, pero casi. Y De Rossi estar\u00eda muy bien.<\/p>\n<p>P.- Sr. Rela\u00f1o: Soy catal\u00e1n y del Bar\u00e7a, pero eso no me impide reconocer que Cristiano Ronaldo soport\u00f3 en Valladolid una autentica cacer\u00eda. Y \u00e9l era la presa. A este paso, y con estos arbitrajes, no llega al mundial entero. Su aspecto despues del partido parec\u00eda el de un soldado tras una batalla. \u00bfSe puede jugar as\u00ed al futbol? \u00bfSe puede mantener la calma ante tanto ensa\u00f1amiento? Las declaraciones de Onesimo contra CR9 son lamentables. Impropias de un entrenador de futbol. La violencia no puede justificarse de ninguna manera.\u00bfQue opina Vd?<\/p>\n<p>R.- Creo que el \u00e1rbitro se vio desbordado, quiz\u00e1 porque no pit\u00f3 el penalti de Sergio Ramos y eso le encogi\u00f3. Por otra parte tengo la impresi\u00f3n de que seg\u00fan cu\u00e1ndo y d\u00f3nde contra el Madrid vale todo. Lo que dijo Marcos fue una enormidad, lo de On\u00e9simo luego tampoco estuvo bien. Me parece muy noble su visi\u00f3n.<\/p>\n<p>P.- hola alfredo. si jorge valdano siguiera trabajando en la sexta, su valoraci\u00f3n de la situaci\u00f3n del real madrid (en europa) ser\u00eda que al equipo le faltan CENTROCAMPISTAS. no solo, \u00e9l, todos lo sabemos; cualquier persona con cierto conocimiento sobre futbol tambi\u00e9n lo sabe. cesc, silva, son jugaodres as\u00ed. son CENTROCAMPISTAS. bien, si esto es as\u00ed, \u00bf\u00bfpor que este verano valdano no se regir\u00e1 por sus conocimientos y dejara que el se\u00f1or florentino fiche a ribery (mediapunta y NO CENTROCAMPISTA) o a rooney o gente similar?? eso, en mi opini\u00f3n, se llama incompetencia y vulgarmente tambi\u00e9n tiene otro nombre: dejar que el jefe haga lo que quiera y poner el cazo&#8230; \u00bf\u00bfqu\u00e9 opinas??<\/p>\n<p>R.- Valdano apret\u00f3 para que viniera Xabi Alonso. El fallo posterior quiz\u00e1 sea que Gago se ha derrumbado y ha dejado de contar. En cuanto a lo otro, Florentino es inflexible en lo que se refiere a jugadores inversi\u00f3n y eso es as\u00ed. Florentino tiene el valor de que es capaz de traer a los mejores, pero eso al mismo tiempo ata de pies y manos a sus t\u00e9cnicos.<\/p>\n<p>P.- Sr. Relano, por que cuando habla Valdano sobre Peregrini o Higuain para dejar claro la posicion del club, los periodistas insisten que las altas instancias no se manifiestan o no los apoyan? No es Valdano el portavoz o debe hablar el presidente sobre cada rumor?<\/p>\n<p>R.- Ser\u00e1 porque les llegan mensajes de Florentino, porque instancias m\u00e1s altas no hay. Otra explicaci\u00f3n no encuentro.<\/p>\n<p>P.- Hola gran Alfredo, \u00bfporque raz\u00f3n los dirigentes de nuestro madird se han dejado perder el control sobre los aribtros que tuvimos durante m\u00e1s de 40 a\u00f1os y que nos permitieron ser el number one y ganarlo todo?.<\/p>\n<p>R.- Florentino apoy\u00f3 a Gerardo Garc\u00eda contra Villar, y al ganar \u00e9ste ocurri\u00f3 lo que estamos viendo. Pero tampoco el Madrid ganaba antes por los \u00e1rbitros ni el Bar\u00e7a ahora. S\u00f3lo que caminaban m\u00e1s c\u00f3modos, como el Bar\u00e7a ahora. Y no es nuestro, Madrid, yo del Madrid no tengo nada, no soy ni socio. <\/p>\n<p>P.- Alfredo cu\u00e9ntanos algo de la faceta como periodista deportivo de Miguel Delibes<\/p>\n<p>R.- Delibes fue un buen aficionado al f\u00fatbol, cr\u00edtico y serio. Las cosas que he le\u00eddo de \u00e9l de f\u00fatbol (y que quiero buscar y releer) me parecieron siempre profundas y atinadas. Cr\u00edticas, con cierta tendencia al pesimismo. El otro f\u00fatbol era, creo recordar, una buena compilaci\u00f3n de art\u00edculos del Mundial 78 y la Eurocopa del 80. Me parece que lamentaba asistir a la decadencia del juego, pues vivi\u00f3 los a\u00f1os en que los cerrojos y la t\u00e1ctica ahogaban el talento. Dej\u00f3 de ir cuando pusieron las vallas en los campos, lo que le pareci\u00f3 una indignidad. Ley\u00e9ndole se aprende de f\u00fatbol. Ser\u00eda bueno que el Norte de Valladolid hiciera una reedici\u00f3n de sus art\u00edculos futbol\u00edsticos. <\/p>\n<p>P.- En primer lugar gracias por denunciar el Villarato., desde el foro elmi7o le apoyamos . Ladran luego cabalgamos. \u00bf Que tiene el Sr Villar para ganar siempre las elecciones estas,? a mi me parece un suceso de cuarto milenio. Que pais , que tropa. <\/p>\n<p>R.- En primer lugar gracias por denunciar el Villarato., desde el foro elmi7o le apoyamos . Ladran luego cabalgamos. \u00bf Que tiene el Sr Villar para ganar siempre las elecciones estas,? a mi me parece un suceso de cuarto milenio. Que pais , que tropa. <\/p>\n<p>P.- Hola Don Alfredo. Mi pregunta se debe al nerviosismo impropio de al que llaman el mejor entrenador del a\u00f1o. Estas de acuerdo con las actuaciones del se\u00f1or Guardiola? Un abrazo, espero que sigas as\u00ed, diciendo la verdad, todos sabemos que esta liga esta adulterada, partido a partido pasa lo mismo, ante la duda de los arbritos, el bar\u00e7a tiene raz\u00f3n.<\/p>\n<p>R.- Creo que Guardiola reacciona mal en las situaciones dif\u00edciles. Porque ama mucho su trabajo y al Bar\u00e7a y porque est\u00e1 mal acostumbrado. <\/p>\n","protected":false},"excerpt":{"rendered":"<p>Alfredo Rela\u00f1o, director del Diario As, ha charlado con los internautas sobre la actualidad deportiva. <\/p>\n<p>ARCHIVO DE ENTREVISTAS:<\/p>\n<p>08 de marzo &#8211; 01 de marzo &#8211; 22 de febrero &#8211; 15 de febrero &#8211; 08 de febrero &#8211; 01 de febrero &#8211; 25 de enero &#8211; 18 de enero &#8211; 11 de enero &#8211; 04 de enero &#8211; 21 de diciembre &#8211; 14 de diciembre &#8211; 07 de diciembre &#8211; 30 de noviembre &#8211; 23 de noviembre &#8211; 16 de noviembre &#8211; 10 de noviembre &#8211; 02 de noviembre &#8211; 26 de octubre &#8211; 13 de octubre &#8211; 05 de octubre &#8211; 28 de septiembre &#8211; 21 de septiembre &#8211; 16 de septiembre &#8211; 07 de septiembre &#8211; 31 de agosto &#8211; 24 de agosto &#8211; 29 de junio &#8211; 24 de junio &#8211; 16 de junio &#8211; 08 de junio &#8211; 01 de junio &#8211; 25 de mayo &#8211; 18 de mayo &#8211; 11 de mayo &#8211; 4 de mayo &#8211; 27 de abril &#8211; 20 de abril &#8211; 13 de abril &#8211; 30 de marzo &#8211; 23 de marzo &#8211; 16 de marzo &#8211; 9 de marzo &#8211; 2 de marzo &#8211; 23 de febrero &#8211; 16 de febrero &#8211; 9 de febrero <\/p>\n","protected":false},"author":1,"featured_media":0,"comment_status":"open","ping_status":"open","sticky":false,"template":"","format":"standard","meta":{"footnotes":""},"categories":[],"tags":[],"class_list":["post-9915","post","type-post","status-publish","format-standard","hentry"],"_links":{"self":[{"href":"https:\/\/intervius.com\/index.html\/wp-json\/wp\/v2\/posts\/9915","targetHints":{"allow":["GET"]}}],"collection":[{"href":"https:\/\/intervius.com\/index.html\/wp-json\/wp\/v2\/posts"}],"about":[{"href":"https:\/\/intervius.com\/index.html\/wp-json\/wp\/v2\/types\/post"}],"author":[{"embeddable":true,"href":"https:\/\/intervius.com\/index.html\/wp-json\/wp\/v2\/users\/1"}],"replies":[{"embeddable":true,"href":"https:\/\/intervius.com\/index.html\/wp-json\/wp\/v2\/comments?post=9915"}],"version-history":[{"count":0,"href":"https:\/\/intervius.com\/index.html\/wp-json\/wp\/v2\/posts\/9915\/revisions"}],"wp:attachment":[{"href":"https:\/\/intervius.com\/index.html\/wp-json\/wp\/v2\/media?parent=9915"}],"wp:term":[{"taxonomy":"category","embeddable":true,"href":"https:\/\/intervius.com\/index.html\/wp-json\/wp\/v2\/categories?post=9915"},{"taxonomy":"post_tag","embeddable":true,"href":"https:\/\/intervius.com\/index.html\/wp-json\/wp\/v2\/tags?post=9915"}],"curies":[{"name":"wp","href":"https:\/\/api.w.org\/{rel}","templated":true}]}}