{"id":9911,"date":"2012-03-12T00:00:00","date_gmt":"2006-11-06T00:00:00","guid":{"rendered":"https:\/\/intervius.com\/index.html\/?p=9911"},"modified":"2006-11-06T00:00:00","modified_gmt":"2006-11-06T00:00:00","slug":"Martin_de_la_Herran9911","status":"publish","type":"post","link":"https:\/\/intervius.com\/index.html\/Martin_de_la_Herran9911\/","title":{"rendered":"Mart\u00edn de la Herr\u00e1n"},"content":{"rendered":"<p>Pregunta.- Adem\u00e1s de la ausencia de un contrato \u00fanico indefinido, \u00bfa qu\u00e9 aspectos de la \u00faltima reforma laboral se opone UPyD?<\/p>\n<p>Respuesta.- El problema de la ausencia de un contrato \u00fanico indefinido radica en que no se acaba con la dualidad en la contrataci\u00f3n. Es decir, seguimos teniendo contratros muy garantistas y contratros absolutamente precarios. Adem\u00e1s, criticamos la ausencia de control en los expedientes de regulaci\u00f3n de empleo, tanto de las empresas privadas como de las instituciones p\u00fablicas. En tercer lugar, nos da la sensaci\u00f3n de que se ha enga\u00f1ado a la ciudadan\u00eda abriendo la puerta a la indemnizaci\u00f3n de solo 20 d\u00edas por despido, ampl\u00edando as\u00ed las causas de despido procedente y la necesidad de solo nueve meses de dificultades econ\u00f3micas.<\/p>\n<p>P.- PPSOE, IU, PA&#8230; todos me han defraudado. \u00bfPor qu\u00e9 debo votar a UPyD en vez de d\u00e1rselo al PP mediante voto en blanco o abstenci\u00f3n?<\/p>\n<p>R.- Nosotros estamos convencidos de que las mayor\u00edas absolutas no son buenas para la democracia, sobre todo cuando se abusa de ellas para imponer pol\u00edticas. Que un partido como UPyD tenga presencia en el Parlamento garantizar\u00e1 el debate y los acuerdos en materias importantes para la ciudadan\u00eda. Por eso, UPyD representa el verdadero voto \u00fatil.<\/p>\n<p>P.- Ustedes hablan de devolver competencias al Gobierno central como por ejemplo la sanidad, dando por hecho que dirigi\u00e9ndose desde Madrid va a ser mejor. \u00bfPor qu\u00e9? No veo la relaci\u00f3n. Precisamente Andaluc\u00eda tiene de los mejores sistemas sanitarios de Europa y por supuesto de Espa\u00f1a. \u00bfPor qu\u00e9 critican un sistema qu\u00e9 lo que hay que hacer es mejorarlo, haci\u00e9ndolo abiertamente federal, como Estados Unidos, Alemania, etc?<\/p>\n<p>R.- Nosotros defendemos la devoluci\u00f3n de las competencias normativas en estas dos materias, es decir: garantizar un marco legislativo en toda Espa\u00f1a que asegure la igualdad en las prestaciones para todos los ciudadanos. Una vez establecido ese marco legal, corresponder\u00eda a las autonom\u00edas gestionar esas competencias. Se trata de garantizar la igualdad y evitar, por ejemplo, la existencia de distintos calendarios de vacunaci\u00f3n o distintas tarjetas sanitarias.<\/p>\n<p>P.- Buenos d\u00edas, sr. De la Herr\u00e1n. Suponiendo que ninguno de los partidos con opci\u00f3n a gobernar acepte sus condiciones pol\u00edticas para darles su apoyo, \u00bfen qu\u00e9 sentido ir\u00e1 su voto entonces? Y si las aceptaran pero enga\u00f1osamente \u00bfhar\u00edan algo al respecto despu\u00e9s (moci\u00f3n de censura, por ejemplo)? Muchas gracias.<\/p>\n<p>R.- Todo depende del mosaico que quede despu\u00e9s de las elecciones. En todo caso, estamos comprometidos con la necesidad de dar un cambio de rumbo a la pol\u00edtica en Andaluc\u00eda y por eso sometemos cualquier acuerdo o apoyo a condiciones estrictamente pol\u00edticas. Por ejemplo, es condici\u00f3n indispensable que desaparezcan de las listas y cargos directivos aquellas personas imputadas por delitos contra la administraci\u00f3n. En todo caso, nos cercioraremos de que el compromiso que asuma en su caso quien quiera hablar con nosotros sea vinculante y exigible.<\/p>\n<p>P.- \u00bfQu\u00e9 opina de la reciente encuesta del CIS que los sit\u00faa fuera del Parlamento andaluz?<\/p>\n<p>R.- Tengo mucha cautela con las encuestas tanto cuando son buenas como cuando son malas. En el caso concreto del CIS, estoy convencido de que responde a una &#8220;cocina&#8221; determinada y, adem\u00e1s, nosotros mismos propusimos la disoluci\u00f3n de ese organismo hace escasas semanas debido a su falta de objetividad. Adem\u00e1s, el CIS, en las elecciones a la Asamblea de Madrid, nos daba 0 y logramos 8 representantes; en las elecciones al Ayuntamiento de Madrid, nos daba 0-2 y logramos 5; y lo mismo ocurri\u00f3 en las elecciones generales.<\/p>\n<p>P.- \u00bfQu\u00e9 aportan ustedes de novedoso en su programa electoral para la econom\u00eda andaluza?<\/p>\n<p>R.- El impulso a la econom\u00eda andaluza pasa necesariamente por acometer una reforma profunda de las estructuras de la administraci\u00f3n. Es necesario suprimir multitud de entes diversos para acometer recortes en duplicidades, derroches y dispendios, as\u00ed como suprimir las diputaciones y fusionar municipios peque\u00f1os. Este ahorro nos permitir\u00e1 apostar en los sectores motores de la econom\u00eda andaluza, como el turismo, la agricultura y la alta tecnolog\u00eda. Hacemos hincapi\u00e9 especialmente en el apoyo a los aut\u00f3nomos, las pymes y los emprendedores, que suponen la mayor\u00eda de nuestro tejido econ\u00f3mico y que requieren ayudas fiscales y financiaci\u00f3n.<\/p>\n<p>P.- \u00bfNo cree usted que resulta contradictorio el que UPyD aspire a la consecuci\u00f3n de un Estado Federal Cooperativo, como se\u00f1ala su Manifiesto Fundacional, y sin embargo propugnen que sanidad, educaci\u00f3n o justicia sean competencias exclusivas del Estado?.<\/p>\n<p>R.- Nuestro planteamiento de Estado federal cooperativo es compatible con el actual Estado auton\u00f3mico, pero entedemos indispensable crear un paraguas normativo com\u00fan para todas las autonom\u00edas, para as\u00ed garantizar la igualdad de derechos de todos los ciudadanos. No tiene sentido crear barreras interiores que impidan la movilidad de estudiantes y profesores o que establezcan distintos sistemas inform\u00e1ticos en los juzgados de nuestro pa\u00eds, que adem\u00e1s son incompatibles entre s\u00ed o que los ciudadanos de algunas autonom\u00edas paguen menos IRPF que los de otras como Andaluc\u00eda.<\/p>\n<p>P.- \u00bfQu\u00e9 piensa hacer con respecto a los trabajadores de las Agencias Publicas?<\/p>\n<p>R.- Si bien es cierto que abogamos por suprimir la administraci\u00f3n paralela que se ha forjado en Andaluc\u00eda para huir del control administrativo, somos conscientes de que los trabajadores de estos entes, en su mayor\u00eda, son v\u00edctimas de la mala gesti\u00f3n y, por tanto, sus funciones y sus trabajos (que no negamos que desempe\u00f1an) deben ser trasladados a la administraci\u00f3n (para evitar ese descontrol). Ello no significa que permitamos el &#8220;invento&#8221; de subrogarlos porque supone legalizar una situaci\u00f3n desigual en el acceso a sus puestos de trabajo con respecto a los funcionarios. En todo caso, hay que valorar cada uno de estos entes, sus funciones y su efectividad para decidir sobre su destino.<\/p>\n<p>P.- Se\u00f1or Mart\u00edn de la Herr\u00e1n, \u00bfson conscientes de lo que supondr\u00eda la eliminaci\u00f3n de diputaciones para las peque\u00f1as poblaciones? Si queremos eliminar duplicidades, manteniendo la cercan\u00eda de las instituciones a los ciudadanos, \u00bfno ser\u00eda una buena idea que los parlamentos auton\u00f3micos los conformaran las propias diputaciones provinciales? Un saludo desde \u00dabeda. \u00a1Suerte!<\/p>\n<p>R.- Nuestro planteamiento parte de que se mantengan los servicios y funciones que actualmente prestan las diputaciones, traslad\u00e1ndolas a la Junta de Andaluc\u00eda y a los ayuntamientos precisamente para garantizar la cercan\u00eda en el servicio. Se trata de recortar gastos innecesarios y suprimir lo que ha venido sirviendo a los pol\u00edticos para colocar a amigos y militantes descolgados. Esta medida ir\u00eda acompa\u00f1ada de la fusi\u00f3n administrativa de peque\u00f1os municipios para reducir las estructuras pol\u00edticas, abaratar los costes y mejorar la prestaci\u00f3n de los servicios. <\/p>\n<p>P.- Muy buenos d\u00edas, mi pregunta es acerca de la transversalidad que declara UPyD en su postura ideol\u00f3gica. \u00bfPodr\u00eda explicarnos qu\u00e9 significa no ser ni de derechas ni de izquierdas y qu\u00e9 ventajas tiene esto?. Muy buenos d\u00edas y mucha suerte.<\/p>\n<p>R.- Nac\u00ed en el a\u00f1o 1976 y no creo en la Espa\u00f1a de los extremos ni del enfrentamiento ideol\u00f3gico. Tenemos que hacer pol\u00edticas del siglo XXI y no encasillarnos en &#8220;sectas&#8221; ideol\u00f3gicas que impiden a los partidos apostar por pol\u00edticas necesarias por la \u00fanica raz\u00f3n de que &#8220;pertenecen&#8221; a la ideolog\u00eda del contrario. La ventaja es que no tenemos prejuicios ideol\u00f3gicos que nos impidan ver y entender las necesidades de la ciudadan\u00eda y aunamos en nuestro partido personas provenientes del liberalismo y de la socialdemocracia. <\/p>\n<p>P.- \u00bfqu\u00e9 har\u00edas con la RTVA, con Metropolitan TV andalucia y con las teles locales andaluzas p\u00fablicas y privadas?<\/p>\n<p>R.- Entendemos que los medios de comunicaci\u00f3n p\u00fablicos son necesarios y deben desempe\u00f1ar un servicio p\u00fablico y no competir con los canales privados. Desde estas premisas, hay que reducir las estructuras gigantescas de algunos medios y, por ejemplo, en el caso de la RTVA, proponemos reducir a uno el n\u00famero de canales e impulsar la producci\u00f3n propia, ya que cuentan con profesionales cualificados y medios suficientes para no tener que comprar a empresas externas la mayor\u00eda de su programaci\u00f3n. Es fundamental despolitizar su consejo de administraci\u00f3n, que debe ser regido \u00fanicamente por profesionales del sector bajo supervisi\u00f3n del Parlamento andaluz.<\/p>\n<p>P.- \u00bfCu\u00e1l es la posici\u00f3n de su partido respecto de la previsible modificaci\u00f3n de la Ley de Costas que pretende el Ministerio de Medio Ambiente? Y m\u00e1s en concreto, \u00bfDeben seguir adelante los proyectos urban\u00edsticos de la costa gaditana (El Palmar), el pol\u00edgono Las Aletas en Puerto Real o el Algarrobico en Cabo de Gata?<\/p>\n<p>R.- No concebimos el urbanismo como motor econ\u00f3mico sino como instrumento al servicio de los ciudadanos. Ese urbanismo no debe atentar al medio ambiente ni se debe permitir la legalizaci\u00f3n masiva de construcciones ilegales. Respecto a los proyectos que me planteas, nos hemos posicionado en contra por cuanto implican un perjuicio al medio ambiente.<\/p>\n<p>P.- \u00bfCu\u00e1l es su opinion sobre el matrimonio gay? \u00bfTiene amigos gay ? <\/p>\n<p>R.- Tengo amigos gay y apoyo el matrimonio gay. Lo triste es que se han utilizado los derechos de los ciudadanos gay como cortina de humo para esconder otros debates. Se trata de una cuesti\u00f3n de igualdad de derechos que apoyamos, al igual que en otras materias como la custodia compartida o la adopci\u00f3n por parte de matrimonios homosexuales.<\/p>\n<p>P.- Hola. \u00bfPiensa usted en una Espa\u00f1a republicana?. Gracias.<\/p>\n<p>R.- Ahora no me preocupa especialmente la existencia o no de nuestra monarqu\u00eda que, no lo olvidemos, es una monarqu\u00eda constitucional y que cumpli\u00f3 una funci\u00f3n importante en la consolidaci\u00f3n de nuestra democracia. Creo que nuestro modelo de Estado federal cooperativo no es incompatible con la monarqu\u00eda tal y como est\u00e1 concebida en nuestra Constituci\u00f3n. <\/p>\n<p>P.- Buenos d\u00edas, Mart\u00edn: \u00bfCu\u00e1l crees que debe ser la pol\u00edtica a seguir en materia de vivienda y urbanismo en Andaluc\u00eda?<\/p>\n<p>R.- El urbanismo es un instrumento necesario para el desarrollo de nuestras ciudades y zonas rurales. La pol\u00edtica a seguir en estas materias no debe ser la de concebir el ladrillo como un motor econ\u00f3mico, ya que este modelo ha demostrado estar agotado y a\u00fan queda mucho stock inmobiliario al que dar salida. Proponemos la vivienda de alquiler en r\u00e9gimen de protecci\u00f3n oficial como una de las v\u00edas para facilitar el acceso a la vivienda y, al mismo tiempo, ir dando salida a ese stock inmobiliario. Por otra parte, estamos en contra de la legalizaci\u00f3n masiva de aquellas viviendas ilegales ubicadas en zonas de especial protecci\u00f3n, as\u00ed como en otorgar un &#8220;perd\u00f3n&#8221; generalizado a sus responsables.<\/p>\n<p>P.- \u00bfQu\u00e9 pol\u00edtica universitaria tiene UPyD? \u00bfQu\u00e9 piensa UPyD sobre la pol\u00edtica educativa actual en Andaluc\u00eda?<\/p>\n<p>R.- Partimos de la necesaria devoluci\u00f3n al Estado de la competencia normativa en educaci\u00f3n para garantizar la igualdad de acceso a la misma y proponemos un modelo educativo que prime la excelencia y la calidad en una educaci\u00f3n p\u00fablica. Apostamos por la universidad y su integraci\u00f3n con la empresa privada para beneficiarse mutuamente as\u00ed como por hacer compatibles los distintos campus universitarios en Andaluc\u00eda a trav\u00e9s de su especializaci\u00f3n para que no compitan entre s\u00ed. Proponemos fomentar la movilidad de alumnado y profesorado e integrar el biling\u00fcismo en todas las carreras.<\/p>\n","protected":false},"excerpt":{"rendered":"<p>Mart\u00edn de la Herr\u00e1n, aspirante a la presidencia de la comunidad el pr\u00f3ximo 25 de marzo por UPyD, responde a las preguntas de los lectores de EL PA\u00cdS.<br \/>\nM\u00e1s entrevistas digitales<\/p>\n","protected":false},"author":1,"featured_media":0,"comment_status":"open","ping_status":"open","sticky":false,"template":"","format":"standard","meta":{"footnotes":""},"categories":[],"tags":[],"class_list":["post-9911","post","type-post","status-publish","format-standard","hentry"],"_links":{"self":[{"href":"https:\/\/intervius.com\/index.html\/wp-json\/wp\/v2\/posts\/9911","targetHints":{"allow":["GET"]}}],"collection":[{"href":"https:\/\/intervius.com\/index.html\/wp-json\/wp\/v2\/posts"}],"about":[{"href":"https:\/\/intervius.com\/index.html\/wp-json\/wp\/v2\/types\/post"}],"author":[{"embeddable":true,"href":"https:\/\/intervius.com\/index.html\/wp-json\/wp\/v2\/users\/1"}],"replies":[{"embeddable":true,"href":"https:\/\/intervius.com\/index.html\/wp-json\/wp\/v2\/comments?post=9911"}],"version-history":[{"count":0,"href":"https:\/\/intervius.com\/index.html\/wp-json\/wp\/v2\/posts\/9911\/revisions"}],"wp:attachment":[{"href":"https:\/\/intervius.com\/index.html\/wp-json\/wp\/v2\/media?parent=9911"}],"wp:term":[{"taxonomy":"category","embeddable":true,"href":"https:\/\/intervius.com\/index.html\/wp-json\/wp\/v2\/categories?post=9911"},{"taxonomy":"post_tag","embeddable":true,"href":"https:\/\/intervius.com\/index.html\/wp-json\/wp\/v2\/tags?post=9911"}],"curies":[{"name":"wp","href":"https:\/\/api.w.org\/{rel}","templated":true}]}}