{"id":991,"date":"2007-02-12T00:00:00","date_gmt":"2006-11-06T00:00:00","guid":{"rendered":"https:\/\/intervius.com\/index.html\/?p=991"},"modified":"2006-11-06T00:00:00","modified_gmt":"2006-11-06T00:00:00","slug":"Anibal_Fernandez991","status":"publish","type":"post","link":"https:\/\/intervius.com\/index.html\/Anibal_Fernandez991\/","title":{"rendered":"An\u00edbal Fern\u00e1ndez"},"content":{"rendered":"<p>Pregunta.- Argentina no ha resuelto su crisis econ\u00f3mica, con una balanza de pagos negativa a causa de que las importaciones superan a las exportaciones de materia prima. \u00bfSeguir\u00e1 el Gobierno argentino apostando por la exportaci\u00f3n de materias primas, siguiendo el ejemplo del peronismo de mitad del siglo pasado?<\/p>\n<p>Respuesta.- Debo comenzar diciendo que, no es verdad lo que manifiesta. Las exportacioes fueron record. El Presidente Kirchner comenz\u00f2 su gesti\u00f2n con u$s 30.000 MM de d\u00f2lares y en 2006 fueron u$s 46.000 MM. Es cierto que las importaciones han subido pero, en funci\u00f2n productiva. La mayor\u00eca de las exportaciones llevan valor agregado. No se parece en nada a la Argentina de mitad del siglo pasado.<\/p>\n<p>P.- \u00bfPuede seguir vigente la propuesta populista del peronismo, ahora justicialismo, a pesar de haber dado resultados positivos para el pa\u00eds despu\u00e9s de m\u00e1s de medio siglo?<\/p>\n<p>R.- El Peronismo\/Justicialismo ha debido aggiornarse. Debo comentar inexorablemente que, desde 1946, el \u00f9nico partido pol\u00ectico que ha terminado ordenadamente su gesti\u00f2n ha sido el Peronismo\/Justicialismo y adem\u00e0s, quien ha superado las crisis profundas padecidas por mi pa\u00ecs. Hoy con 4 % del PIB de superavit fiscal primario y habiendo bajado 18 % la desocupaci\u00f2n, de 54 % a 28 % la pobreza. Aumentado de u$s 10.000 MM a 33.000 MM las reservas. Haber bajado u$s 67.000 MM la deuda externa y resuelto la situaci\u00f2n de los bonos argentinos en el exterior, aunque quede mucho por hacer, el Peronismo ha demostrado su capacidad para conducir los peores momentos y definir un proyecto de nuevo pa\u00ecs, de la mano del Presidente Kirchner.<\/p>\n<p>P.- \u00bfcree que la legalizaci\u00f3n de las drogas es beneficiosa para combatir el narcotr\u00e1fico?<\/p>\n<p>R.- No estoy de acuerdo en que la legalizaci\u00f2n de las drogas sea soluci\u00f2n de nada. Un trabajo del estado con responsabilidad, analizando el avance de las formas del delito, invirtiendo en capacitaci\u00f2n de los mejores profesionales y no dejar un solo paso sin dar, se puede mejorar la lucha contra el narcotr\u00e0fico. Es muy grande el negocio que genera la droga como para minimizar su accionar y es muy grande el poder de corrupci\u00f2n que la rodea precisamente por el nivel de dinero que mueve. <\/p>\n<p>P.- Estimado Sr. Fernandez: Espero que Argentina siga yendo para arriba, los argentinos bien lo merecen. Mi pregunta es: Una vez acabe la bonanza internacional para las primeras materias, \u00bfqu\u00e9 sectores de la econom\u00eda del pa\u00eds planea desarrollar o incentivar el gobierno?<\/p>\n<p>R.- Much\u00ecsimas gracias por sus deseos. Nuestro pa\u00ecs, despu\u00e8s de la indescriptible crisis de 2001, ha debido imaginar una impronta que le de un cambio definitivo. Sin falsa modestia, el gobireno del Presidente Kirchner, ha logrado ofrecerle a la sociedad argentina, un proyecto que ha sido aceptado con agrado. Estamos pr\u00e0cticamente con 1 d\u00ecgito de desocupaci\u00f2ny eso define todo. Nuestra fama agropecuaria deber\u00e0 trocar a industrias agroalimentarias para incorporar con fortaleza nuestro valor agregado. Estamos en ese camino y los cambios vinieron para quedarse. <\/p>\n<p>P.- Porque el gobierno argentino reprime los bloqueos de la ruta 2 a mar del plata y no reprime los bloqueos de los puentes internacionales ? por que el gobierno argentino viola el codigo penal de su pais que prohibe cortar la circulacion y no hace nada? ese es el valor que le da argentina a la ley ? sera por eso que esta como esta y tiene la imagen que tiene en la comunidad internacional ?<\/p>\n<p>R.- La Rep\u00f9blica Argentina es un pa\u00ecs federal. La ruta 2 ha sido controlada y una \u00f9ltima manifestaci\u00f2n impedida, SIN REPRESI\u00d2N ALGUNA. No ha sido el gobierno nacional sino, el gobierno de la Provincia de Buenos Aires. En los puentes que Ud. menciona en la provincia de Entre R\u00ecos, hay un pueblo sumamente preocupado por la instalaci\u00f2n de dos pasteras -actualmente una porque la espa\u00f1ola ENSE ha decidido cambiar de lugar de localizaci\u00f2n de su planta- y la contaminaci\u00f2n que generar\u00e0 desde lo visual, lo ambiental y la calidad de las aguas del r\u00eco Uruguay. Hay una l\u00ecnea muy delgada entre el art\u00ecculo 14 de nuestra Constituci\u00f2n que otorga el derecho de manifestar ante las autoridades y el art\u00ecculo 194 del c\u00f2digo penal que sanciona a quienes impiden el paso de transporte p\u00f9blico. Nosotros decimos que, mientras un pueblo defienda el derecho a vivir seguro en t\u00e8rminos ambientales, no levantaremos la mano para reprimirlos.<\/p>\n<p>P.- Hola, Sr. Fern\u00e1ndez: \u00bfQu\u00e9 tenemos que hacer, tanto los uruguayos como nosotros los argentinos para solucionar el conflicto de las papeleras? Con la Haya y el Rey incapaces de prevenir una subida de tensiones, \u00bfpiensa usted que habr\u00e1 una soluci\u00f3n que abrir\u00e1 los puentes y defender\u00e1 la sandidad del r\u00edo sin que se estallen las pasiones nacionalistas? Muchas gracias, P.C.<\/p>\n<p>R.- En 1973, cuando Juan Per\u00f2n vuelve a la Presidencia de la Naci\u00f2n un 12 de octubre, tard\u00f2 40 d\u00ecas en firmar el acuerdo del R\u00eco de la Plata y litoral mar\u00ectimo, para resolver los problemas pendientes con Uruguay. En febrero de 1975 se firm\u00f2 el tratado del R\u00eco Uruguay. Este tratado dice que, si alguno de los pa\u00ecses har\u00e0n algo que modifique la calidad de las aguas, deber\u00e0 ser con el consentimiento del otro. Esto no sucedi\u00f2 con ninguna de las pasteras ni con el puerto de la pastera BOTNIA. Hoy con este problema, aparentemente, sin soluci\u00f2n, hemos recurrido a la Corte Internacional de la Haya, como dice el tratado. Espero de todo coraz\u00f2n que, por v\u00eca diplom\u00e0tica se encuentre la salida y no creo que, la participaci\u00f2n del Rey Juan Carlos y el Estado Espa\u00f1ol, sea incapaz de encontrar una salida. Creemos en ello. Las pasiones nacionalistas deber\u00ecan guardarse para otra cosa entre dos pueblos que son lo mismo. Unidos por un r\u00eco y donde, la provincia de Entre R\u00ecos, lleva como bandera, la bandera que fuera de Artigas, procer uruguayo.<\/p>\n<p>P.- Estimado Sr Fernandez Argentinos profesionales tuvieron que dejar el pais en 1976, \u00bfexiste algun programa de retorno para encontrar un trabajo de acuerdo a nuestra experiencia en Europa?<\/p>\n<p>R.- Los profesionales que debieron dejar la Argentina a partir de 1976, lo han hecho porque nuestro pa\u00ecs hizo todo para que ello sucediera. Estamos tratando de creear las condiciones para que, aquellos que tengan la voluntad de volver, encuentren las condiciones propicias para quedarse con ganas. Es un desaf\u00eco que defini\u00f2 el Presidente Kirchner y que todos acompa\u00f1amos con pasi\u00f2n.<\/p>\n<p>P.- Bien es cierto que en la Argentina la desocupaci\u00f3n a bajado de modo considerable y estoy muy animado por eso a pesar de vivir en Madrid desde 2002. Pero es necesario observar mapas de la desocupaci\u00f3n y tomar medidas el las zonas mas afectadas, noreste y noroeste donde la desocupaci\u00f3n tiende al 20%. \u00bfSe estan desarrollando politicas regionales?<\/p>\n<p>R.- Es cierto que, siendo el indice de la desocupaci\u00f2n pr\u00e0cticamente de un d\u00ecgito, es posible que en el mix haya lugares donde la desocupaci\u00f2n sea considerablemente superior. Como fomentamos volver decididamente a esa condici\u00f2n de FEDERAL como defini\u00f2 nuestra Constituci\u00f2n en 1853 estamos generando las condiciones para que, cualquier pueblo por chico que sea en los 2.780.400 km2 que tiene mi pa\u00ecs, reciba la misma atenci\u00f2n y respeto por parte de sus autoridades. El Gobierno ya no se mira el ombligo en la Capital Federal.<\/p>\n<p>P.- Coincido totalmente con lo que Ud. dice sobre la important\u00edsima mejora de la macrieconom\u00eda Argentina y no s\u00e9 si se registra en nuestra historia una situaci\u00f3n similar, pero la otra, la microeconom\u00eda, la cotidiana, la de los m\u00e1s necesitados \u00bf tambi\u00e9n ha mejorado tanto? Porque los pobres no comen con estad\u00edsticas sino con dinero y el dinero sale del trabajo y de salarios dignos, no de limosna. \u00bf Ha CAMBIADO ESO TAN SUSTANCIALMENTE?<\/p>\n<p>R.- Comparto 100 % su pregunta\/an\u00e0lisis. Nuestro objetivo formal es ir generando las condiciones que provean un trabajo digno, educaci\u00f2n, salud, una vivienda digna y movilidad social ascendente. No mas comedores sabiendo que el mejor comedor es el de cada casa con los padres a la mesa. Es una consigna, un objetivo y una misi\u00f2n que ninguno de nosotros est\u00e0 dispuesto a negociar con el Presidente a la cabeza.<\/p>\n<p>P.- Sr Fernandez, su gobierno ha intervenido los precios de los servicios y los del sector de la energia, y esta presionando para controlar los precios en diversos rubros, para intentar controlar la inflaci\u00f3n. \u00bfCree Ud. que esta pol\u00edtica es viable? \u00bfVa el gobierno a continuar con la misma, y si es as\u00ed cu\u00e1nto tiempo?<\/p>\n<p>R.- Debo corregirlo. Nuestro gobierno no ha intervenido los precios. Los precios los fija el mercado. Lo que no podemos hacer despues de la cr\u00ecsis de 2001, es volver a un Estado ausente. Un Estado promotor debe seguir los precios de cerca y actuar cuando se detecten pr\u00e0cticas contra la ley. En t\u00e8rminos de servicios y energ\u00eca, no ha habido aumentos ya que todos y cada uno de los contratos est\u00e0n siendo revisados y autorizados por el Congreso de la Naci\u00f2n. Es imposible acelerar las cosas aunque debo aclararle que, viendo los respectivos balances, no hay empresa de servicios que pierda dinero. Por el contrario, tienen una buena performance.<\/p>\n<p>P.- me gustaria saber ,si han actualizado el padron de veteranos de Guerra de Malvinas y si se har\u00e1 efectivo el reconocimiento hist\u00f3rico pendiente. Gracias<\/p>\n<p>R.- El padr\u00f2n de veteranos est\u00e0 actualiz\u00e0ndose dado que, se han inscripto muchas personas que no figuraban como veteramos para el Estado Nacional. El reconocimiento hist\u00f2rico reclamado, por ahora, es imposible cumplirlo. Significar\u00eca un monto cercano a u$s 2.000 MM y, en las actuales condiciones, es impracticable.<\/p>\n<p>P.- \u00bfQu\u00e9 control hay sobre las pistas de aterrizaje clandestinas que funcionan en el interior del pais donde operan naves continuamente a simple vista?<\/p>\n<p>R.- Los controles van mejorando y mucho. Estamos doblando el tiempo se an\u00e0lisis con los radares del Ej\u00e8rcito y nuestro trabajo de inteligencia practicado por las tres fuerzas de seguridad, da sus frutos.<\/p>\n<p>P.- Sr. Ministro Anibal Fernandez, somos un grupo de ONGs que desde Espa\u00f1a trabajamos con movimientos de campesinos originarios argentinos, especialmente en las provincias de Santiago del Estero, C\u00f3rdoba, Mendoza, Salta y Jujuy. Quisi\u00e9ramos preguntarle \u00bfqu\u00e9 opina respecto al permanente acoso policial, gubernamental y judicial? (incluso parapolicial y paramilitar a cargo de grandes compa\u00f1ias agropecuarias) al que est\u00e1n sometidas las comunidades ind\u00edgenas, pra favorecer el cultivo de transg\u00e9nicos p.ej<\/p>\n<p>R.- Hace pocos d\u00ecas he recibido en mi despacho a la gente del MOCASE de la provincia Santiago del Estero. Todas las pol\u00ecticas que refieren a defender los derechos de los campesinos afincados por d\u00e8cadas, son de nuestro inter\u00e8s y debo reconocerle que, hemos detectaco accionar de polic\u00ecas en contra de esta gente como tambi\u00e8n de grupos parapoliciales. El primer acuerdo con la gente de este grupo de la provincia de Santiago del Estero, es definir una mesa de an\u00e0lisis que nos permita seguir de cerca todos este accionar.<\/p>\n<p>P.- \u00bfPor qu\u00e9 no se suspendi\u00f3 la fecha de futbol de ayer, luego de los incidentes en la cancha de RIVER PLATE?<\/p>\n<p>R.- La violencia en el f\u00f9tbol es uno de los temas de an\u00e0lisis de nuestra inteligencia criminal. Nunca hemos solucionado nada tomando acciones inmediatas con un movimiento de mas de 45.000 personas presentes. Es un trabajo cotidiano y de detecci\u00f2n de los responsables de los desmanes que siempre son los mismos y erradicarlos.<\/p>\n<p>P.- \u00bfPor qu\u00e9 existe tanta inseguridad jur\u00eddica en argentina y que medidas toma su gobierno para atraer peque\u00f1os inversores? Dicha pregunta se fundamenta en los cambios radicales en la econom\u00eda que se vienen produciendo en los ultimos 30 (Treinta) a\u00f1os, y que siempre perjudica al ahorrador peque\u00f1o.<\/p>\n<p>R.- Desde el 25 de mayo de 2003, fecha en que asumi\u00f2 el Presidente Kirchner, la seguridad jur\u00ecdica, econ\u00f2mica y pol\u00ectica ha sido un desvelo permanente. Lo que dice respecto a la actitud durante los 30 a\u00f1os anteriores es cierto. Hoy con 180 puntos de riesgo pa\u00ecs despu\u00e8s de haber tocado los 6.000, y viendo el ingreso de inversiones en forma cotidiana, creemos que el camino de consolidad la seguridad jur\u00ecdica, econ\u00f2mica y pol\u00ectica, fortalece la pol\u00ectica de inversiones. Tanto de peque\u00f1os como de grandes emprendimientos.<\/p>\n<p>P.- \u00bfPor qu\u00e9 viven en una inseguridad extrema cada d\u00eda con tantos secuestros, muertes sin esclarecer y robos casi por minuto? \u00bfQu\u00e9 hace Usted por remediar la situaci\u00f3n de las personas indefensas?<\/p>\n<p>R.- Lo que Ud. manifiesta es inexacto. Los secuestros han desaparecido. Puede haber alg\u00f9n caso aislado pero, han desaparecido. No ha sucedido lo mismo en ciudades muy importantes de latinoam\u00e8rica. Con los homicidios, ocurre algo parecido. Mientras que en Washington hay unos 30 homicidios cada 100.000 habitantes\/a\u00f1o, en R\u00eco de Janeiro 35, en Chicago o Boston 15&#8230;, en mi pa\u00ecs hay 5,8 y particularmene en la Ciudad Aut\u00f2noma de Buenos Aires 4,7. Como podr\u00e0 observar, es comparable con Espa\u00f1a que tengo entendido ronda los 2,8. Lo que hacemos cotidianamente es analizar el mapa del delito y practicar pol\u00ecticas preventivas. Los resultados son altamente positivos. Quiere saber si estamos conformes? NO. El trabajo se multiplica para morigerar los delitos a la m\u00ecnima expresi\u00f2n.<\/p>\n<p>P.- Tomando en cuenta que la Polic\u00eda Federal y la Polic\u00eda Bonaerense Dos cuentan con formaci\u00f3n, armamento y cantidad de efectivos similar; \u00bfa qu\u00e9 atribuye que mientras la primera es efectiva en la lucha contra el crimen, la Bonaerense Dos no logra dar en el blanco de la lucha contra la delincuencia?<\/p>\n<p>R.- La cr\u00ecsis de 2001, no ha sido solamente econ\u00f2mica sino pol\u00ectica tambi\u00e8n. Hizo pedazos las instituciones y entre ellas, las fuerzas de seguridad. Algunas se ha recuperado antes que las otras. La provincia de Buenos Aires est\u00e0 haciendo denodados esfuerzos para conseguir un standard adecuado y lo lograr\u00e0 aunque le lleve tiempo. <\/p>\n<p>P.- An\u00edbal, solo quiero expresar mi contento que dentro del gobierno argentino exista un ricotero. Vamos los redondos. Saludos<\/p>\n<p>R.- Tom\u00e0s, que todos los que nos miran sepan que, Los Redondos de Ricota son el mejor conjunto de Rock. Fan\u00e0tico? Siiiii<\/p>\n<p>P.- \u00bfHay problemas en casa de gobierno que nunca atiende los tel\u00e9fonos? <\/p>\n<p>R.- Se\u00f1or Castro, llamem\u00e8 y hablamos cuando Ud. quiera. <\/p>\n<p>P.- Somos una pareja de profesionales, hace 5 a\u00f1os que estamos en madrid donde vinimos a realizar un posgrado y quer\u00edamos regresar a argentina \u00bfpor favor, puede darnos aunque sea un s\u00f3lo motivo v\u00e1lido para que lo hagamos? Muchas gracias<\/p>\n<p>R.- Me parece, de coraz\u00f2n que, no debo hacer eso. Es una decisi\u00f2n del coraz\u00f2n y no creo que deba hacer eso. Ahora bien&#8230;, si Ud. quiere que le cuente que formo parte de un Gobierno que se desespera por generar las condiciones para que gente como Uds. vuelvan y no se vayan jam\u00e0s, SE LO ASEGURO. Los \u00ecndices de nuestro crecimiento y proyecci\u00f2n son p\u00f9blicos. No resignaremos un tranco de pulga en cambiar definitivamente a nuestro pa\u00ecs. Me parece que al final, la estoy alentando a que se vuelva&#8230;, no?<\/p>\n<p>P.- \u00bfPor qu\u00e9 a\u00fan no ha aparecido Jorge Julio L\u00f3pez? \u00bfQu\u00e9 espera hacer y qu\u00e9 esta haciendo el gobieno para que aparezca con vida? Da la impresi\u00f3n que no es un tema prioritario para el gobierno. Y por favor, hagan de la Argentina un pa\u00eds donde los que trabajan puedan vivir tranquilos y no entre las rejas de sus casas. Gracias.<\/p>\n<p>R.- Durante muchos a\u00f1os, las rejas en las casas, han sido la \u00f9nica forma de tener un poco de seguridad. No acepto que se relaciones la pobreza con la delincuencia pero, si a la falta de expectativas. Hoy, generando condiciones de movilidad social ascendente, generamos el ambito para que no genere nuevas formas de delito y morigeramos las actuales. En cuanto a JJ L\u00f2pez, hacemos much\u00ecsimos. La noticia no es contar lo que estamos haciendo sino, encontrar a L\u00f2pez con vida. Soy un optimista por naturaleza y estoy convencido que lo encontraremos con vida. As\u00ec lo siento.<\/p>\n<p>P.- \u00bfUd. es el mismo An\u00edbal Fern\u00e1ndez acusado de corrpci\u00f3n y narcotr\u00e1fico en la provincia de Buenos Aires en tiempos de Duhalde?<\/p>\n<p>R.- Perdizblanca. Si Ud. me puede demostrar un solo hecho de corrupci\u00f2n que me comprenda o alg\u00f9n proceso o alguna deuda pendiente con la Ley, le juro que renuncio en el acto.<\/p>\n<p>P.- Ministro, los secuestros no han desaparecido. \u00bfSe olvida de Cristian Scherer? Hace m\u00e1s de dos a\u00f1os que est\u00e1 secuestrado<\/p>\n<p>R.- Se\u00f1or, Pompeya G\u00f2mez, madre de Christian se ha convertido pr\u00e0cticamente en una amiga. Lo cuento solo con el objeto de mostrar el contacto que mantenemos y la forma en que actuamos en estos casos. No he dicho que no ha habido secuestros pero si le digo que, pr\u00e0cticamente no existen mas.<\/p>\n<p>P.- Sr. ministro: tambi\u00e9n referido al consulado argentino en Barcelona \u00bfEst\u00e1 ud al tanto del maltrato permanente al que somos sometidos los ciudadanos argentinos que acudimos a \u00e9l, agregado al hecho de que las tarifas para cualquier tr\u00e1mite son vergonzosas por lo abusivas? Ojal\u00e1 se haga eco de este reclamo. Gracias por su atenci\u00f3n. <\/p>\n<p>R.- Se\u00f1or Bruno&#8230;, desconozco lo que me dice pero, como ver\u00e8 en minutos al Embajador, se lo har\u00e8 saber.<\/p>\n<p>P.- Usted dice que el gobierno logr\u00f3 bajar a un digito la desocupaci\u00f3n, pero el empleo en negro es del 40% minimo. Los indices del INDEC no se los cree nadie, \u00bfcree usted que manipulando informaci\u00f3n se ganan elecciones? <\/p>\n<p>R.- El empleo en negro es una realida que haremos desaparecer paulatinamente pero no en forma inmediata. Sucede en todos los pa\u00ecses, mas o menos. Los \u00ecndices del INDEC se calculan de una forma definida internacionalmente y se respeta a rajatabla. Seguramente que, manipulando \u00ecndices no se gana elecciones. Gracias a Dios, mi gobierno no lo hace.<\/p>\n<p>P.- \u00bfPor qu\u00e9 el gobierno no tiene planes concretos para combatir la inseguridad?<\/p>\n<p>R.- El Gobierno tiene planes muy concretos para conbatir la inseguridad. El tema es que, no se consigue nada con su publicidad. Ello se practica. Los resultados obtenidos nos dan la raz\u00f2n.<\/p>\n<p>P.- \u00bfPor qu\u00e9 la Argentina limita mas que nunca la libertad de expresi\u00f3n? \u00bfPor qu\u00e9 El gobierno triplic\u00f3 la publicidad en los ultimos tres a\u00f1os? \u00bfPor qu\u00e9 el Presidente NUNCA dio una conferencia de prensa en la Argentina?<\/p>\n<p>R.- Se\u00f1or, en la Argentina no se limita la libertad de expresi\u00f2n. Cualquiera dice lo que se le antoja. La publicidad es una obligaci\u00f2n constitucional y el Presidente habla cuando lo cree oportuno y conveniente. El Jefe de Gabinete de Ministros y quien escribe como Ministro del Interior, no nos negamos a hablar del tema que se les ocurra<\/p>\n<p>P.- \u00bfPor qu\u00e9 quieren censurar ciertos diarios como Clar\u00edn?<\/p>\n<p>R.- Censurar Clar\u00ecn??? Evidentemente Ud. no conoce la Argentina, a su Gobierno y a Clar\u00ecn.<\/p>\n<p>P.- Si no es indiscreci\u00f3n; \u00bfLe agarr\u00f3 a usted el corralito, el corral\u00f3n y la pesificaci\u00f3n que promovi\u00f3 su gobierno con Duhalde? \u00bfSigue pensando que la Corte Suprema debe tomar decisiones pol\u00edticas?<\/p>\n<p>R.- No me agarr\u00f2 ni el corralito ni el corral\u00f2n. Sabe por que? Porque mis ahorros nunca estuvieron en un banco. En nuestro pa\u00ecs, la Corte Suprema de Justicia es un poder de la Rep\u00f9blica. Es el tribunal de \u00f9ltima instancia y un Poder de la Rep\u00f9blica. Siempre toma decisiones pol\u00ecticas.<\/p>\n","protected":false},"excerpt":{"rendered":"<p>Uno de los funcionaros m\u00e1s influyentes de la Administraci\u00f3n argentina viaja a Espa\u00f1a para firmar una serie de acuerdos con el Gobierno para luchar conjuntamente contra el narcotr\u00e1fico. Con motivo de la visita, An\u00edbal Fern\u00e1ndez ha respondido a las preguntas de los internautas.<br \/>\nFOTO: ALBERTO QUINTANILLA<\/p>\n","protected":false},"author":1,"featured_media":0,"comment_status":"open","ping_status":"open","sticky":false,"template":"","format":"standard","meta":{"footnotes":""},"categories":[],"tags":[],"class_list":["post-991","post","type-post","status-publish","format-standard","hentry"],"_links":{"self":[{"href":"https:\/\/intervius.com\/index.html\/wp-json\/wp\/v2\/posts\/991","targetHints":{"allow":["GET"]}}],"collection":[{"href":"https:\/\/intervius.com\/index.html\/wp-json\/wp\/v2\/posts"}],"about":[{"href":"https:\/\/intervius.com\/index.html\/wp-json\/wp\/v2\/types\/post"}],"author":[{"embeddable":true,"href":"https:\/\/intervius.com\/index.html\/wp-json\/wp\/v2\/users\/1"}],"replies":[{"embeddable":true,"href":"https:\/\/intervius.com\/index.html\/wp-json\/wp\/v2\/comments?post=991"}],"version-history":[{"count":0,"href":"https:\/\/intervius.com\/index.html\/wp-json\/wp\/v2\/posts\/991\/revisions"}],"wp:attachment":[{"href":"https:\/\/intervius.com\/index.html\/wp-json\/wp\/v2\/media?parent=991"}],"wp:term":[{"taxonomy":"category","embeddable":true,"href":"https:\/\/intervius.com\/index.html\/wp-json\/wp\/v2\/categories?post=991"},{"taxonomy":"post_tag","embeddable":true,"href":"https:\/\/intervius.com\/index.html\/wp-json\/wp\/v2\/tags?post=991"}],"curies":[{"name":"wp","href":"https:\/\/api.w.org\/{rel}","templated":true}]}}