{"id":9906,"date":"2012-03-01T00:00:00","date_gmt":"2006-11-06T00:00:00","guid":{"rendered":"https:\/\/intervius.com\/index.html\/?p=9906"},"modified":"2006-11-06T00:00:00","modified_gmt":"2006-11-06T00:00:00","slug":"Joan_Coscubiela9906","status":"publish","type":"post","link":"https:\/\/intervius.com\/index.html\/Joan_Coscubiela9906\/","title":{"rendered":"Joan Coscubiela"},"content":{"rendered":"<p>Pregunta.- Desde un punto de vista objetivo, \u00bfc\u00f3mo cree que influir\u00e1 la actual reforma laboral en un plazo de 8-12 meses? \u00bfSe crear\u00e1 empleo?<\/p>\n<p>Respuesta.- Buenos d\u00edas, encantado de participar en Chat El Pa\u00eds. A corto plazo un mayor uso del despido, incluso con efectos sustituci\u00f3n de seniors por juniors. Presi\u00f3n a la baja de los salarios. A medio plazo m\u00e1s recesi\u00f3n por el impacto negativo sobre consumo. A largo plazo un desplazamiento de salarios hacia beneficios y un debilitamiento de la negociaci\u00f3n colectiva, o sea de la posibilidad de que los trabajadores unidos negocien sus condiciones de trabajo. <\/p>\n<p>P.- Se\u00f1or Coscubiela, \u00bfno cree que es m\u00e1s f\u00e1cil que los que estemos en paro encontremos un puesto de trabajo cuanto menor sea la indemnizaci\u00f3n en el caso que nos tengan que echar?<\/p>\n<p>R.- Loa cambios legales no generan empleo. Sin financiaci\u00f3n para las empresas y con pol\u00edticas de ajuste fiscal duro no hay reactivaci\u00f3n y por tanto no hay empleo. Aunque se puede producir que se contrate a personas paradas con incentivos y menos derechos para sustituir a los que hoy trabajan. Este es un efecto colateral que ya se ha producido con otras reformas laborales<\/p>\n<p>P.- Mi pregunta es tan simple como compleja. \u00bfQu\u00e9 proponen ustedes? <\/p>\n<p>R.- de entrada, impugnamos la fala premisa con la que se intenta justitificar la reforma. los problemas del desempleo no los genera nuestro marco de relaciones laborales. Dicho esto, proponemos dos lineas estrategicas. que la flexibilidad interna de las empresas sea negociada, tal como habian paactado CEOE y sindicatos y no unilateral. Y que al tiempo que se incentiva la flexibilidad interna, se limite y restrinja el despido improcedente, obligando &#8211; como sucede en Alemania- que un despido improcedente comporte readmisi\u00f3n. lo que hace la reforma es lo contrario. el detalle de nuestras propuestas se conocer\u00e1 con la enmienda a la totalidad que presentaremos en su momento.<\/p>\n<p>P.- Se\u00f1or Coscubiela, buenas tardes. Inconstucional a mi modesto modo de entender es q haya en este pa\u00eds m\u00e1s de 5 millones de parados. \u00bfNo cree lo que m\u00e1s necesita Espa\u00f1a en estos momentos es que todos arrimemos el hombro y haya menos crispaci\u00f3n y menos confrontaci\u00f3n social? El espiritu de la reforma laboral es crear empleo nadie en su sano juico desea lo contrario. Saludos <\/p>\n<p>R.- Lo de los 5 millones de parados es una gran injusticia, que no se puede resolver usurpando derechos a los actuales y futuros trabajadores. los poderosos pretenden que el ajuste sea haga entre los trabajadores. el debate no es si pagamos el ajuste con m\u00e1s parados o lo pagamos con trabajadores con menos derecho y salarios. Si no como participan en el ajuste las rentas del capital.<\/p>\n<p>P.- \u00bfEstar\u00eda a favor de un contrato \u00fanico (indefinido) con indemnizaci\u00f3n por despido creciente en el tiempo y sistema de mochila austriaca (cada trabajador es beneficiario de una cuenta de prestaci\u00f3n por desempleo) como alternativa a la reforma laboral presentada y para eliminar la dualidad del sistema actual? Los sindicatos ya han insinuado cosas similares. <\/p>\n<p>R.- No, ni como diputado, ni como abogado y profesor de derecho del Trabajo. Adem\u00e1s el famoso contrato \u00fanico es inviable des de una perspectiva constitucional, porque aunque sus defensores lo esconden, comporta la desaparici\u00f3n de la tutela judicial de los trabajadores ante los Tribunales. Y los sindicatos no solo no han insinuado nada de eso, sinoq ue se han pronunciado nitidamente en contra.<\/p>\n<p>P.- \u00bfHay alguna posibilidad real de parar la reforma, o, al menos, de hacer enmiendas sustanciales a la misma?<\/p>\n<p>R.- Sin duda es d\u00edficil. En el parlamento el PP tiene mayoria absoluta y la ejerce con absolutismo. lo que suceda en el Parlamento depende de loq ue suceda en las empresas y en la sociedad. Y oponerse a la reforma laboral tiene dos objetivos, modificar sus aspectos m\u00e1s sangrantes e impedir eque en el tramite parlamentario, a\u00fan se empeore. Cosa que creo que puede pasar con las enmiendas de CIU y las autoenmiendas del PP. eso ha sido as\u00ed en anteriores reformas<\/p>\n<p>P.- Usted se ha presentado por IC y a la vez como lider de CCOO en Catalu\u00f1a, \u00bfc\u00f3mo es posible que pida a la vez que Catalu\u00f1a gestione sus propios impuestos y de una parte al resto de Espa\u00f1a, es decir, una especie de cupo catal\u00e1n y a la vez represente a CCOO, que se opone y quiere una pol\u00edtica fiscal que los territorios m\u00e1s ricos paguen m\u00e1s para igualar territorios?<\/p>\n<p>R.- Que yo haya sido durante a\u00f1os Secretario General de CCOO de Catalunya, no significa que me presentara como tal. me present\u00e9 unicamente como cabeza de lista de la coalici\u00f3n ICV-EUIA.<\/p>\n<p>P.- Me consta que usted es un experto en materia laboral, sin embargo su labor en el grupo est\u00e1 eclipsada por el protagonismo que se le ha dado a alguien, que a m\u00ed juicio no tiene su nivel, como es Jos\u00e9 Luis Centella, \u00bfqu\u00e9 opini\u00f3n le merece esto? \u00bfest\u00e1 trabajando de forma c\u00f3moda en este grupo? gracias<\/p>\n<p>R.- Me cuesta mucho hablar de eclipses o estrellas, no soy especialista en estas materias. Pero s\u00ed, me siento comodo con mi funci\u00f3n de diputado de ICV en el marco del grupo de la Izquierda PLural. El martes dia 6 presento en nombre del GP la moci\u00f3n sobre abusos de bancos y daci\u00f3n en pago. Y el 8 de marzo, ser\u00e9 el portavoz del GP en la convalidaci\u00f3n del Real Decreto Ley 3\/2012 de reforma laboral. <\/p>\n<p>P.- \u00bfEn que medidas discrepa m\u00e1s su grupo y que soluci\u00f3n o cambio le dar\u00edan a esas medidas?<\/p>\n<p>R.- En la Web de ICV encontraran nuestra posici\u00f3n con m\u00e1s detalle. El resumen \u00e9s que la reforma incentiva el despido por cuatro vias distintas, incrementa la dualidad entre trabajadores, incrementa el poder uniltateral de la empresa para imponder y cambiar condiciones de trabajo que incluso afectan a la vida de las personas, como la Jornada. debilita la negociaci\u00f3n colectiva, permitiendo desculgues de su contenido, debilita los convenios sectoriales que son el espacio de solidaridad entre trabajadores para que los de las PIMES tengan unas condiciones m\u00ednimas. Va a castigar especialmente a las mujeres. <\/p>\n<p>P.- Sr. Coscubiela, \u00bfvamos inexorablemente a un modelo social USA en lo laboral a pasos agigantados?<\/p>\n<p>R.- El PP y los poderes econ\u00f3micos intentan un modelo social ue dentro de Europa representan el Reino Unido y Irlanda. Por cierto Irlanda, un pa\u00eds con un mercado de trabajo absolutamente desregulado, que ha destruido el 13% del empleo existente en 2007, el 50% m\u00e1s que nosotros. Lo que desmiente el argumento de que es nuestro modelo de relaciones laborales el que destruye empleo. Con la misma legialaci\u00f3n que ahora se cambia Espa\u00f1a tuvo entre 1995 y 2007 un crecimeinto del empleo del 62%. <\/p>\n<p>P.- Sr. Coscubiela. \u00bfque signo de esperanza en el futuro brindar\u00eda vd. a un parado de 58 a\u00f1os como yo?, PAS laboral en excedencia de la universidad p\u00fablica y desnombrado como funcionario interino hace dos meses.<\/p>\n<p>R.- Entiendo que est\u00e9 desesperanzado. Porque adem\u00e1s de tener condiciones precarias de empleo, tiene que soportar como todos los empleados p\u00fablicos, que le traten de privilegiado, o que le denigren profesionalmente ante la sociedad. Ya s\u00e9 que es d\u00edficil dar consejos si no se vive la situaci\u00f3n, per\u00f2 la \u00fanica esperanza esta en no resignarnos, en luchar para que las cosas cambien. la situaci\u00f3n de los PAS interinos y de los investigadores que estan siendo despedidos es un claroi ejemplo de la locura que les ha entrado con los recortes. Esta siendo in\u00fatil y adem\u00e1s provoca grandes injusticias<\/p>\n<p>P.- Joan, \u00bfporqu\u00e9 la respuesta social est\u00e1 siendo tan pasiva en Espa\u00f1a y, sobretodo, en Catalunya, ante la ofensiva neocon de recorte de derechos bajo la excusa de la crisis de la deuda soberana?<\/p>\n<p>R.- Creo que el miedo esta afectando, per\u00f2 en las \u00faltimas semanas se detecta una voluntad de la ciudadan\u00eda de no resignarse. La idea de que la responsabilidad esta fuera de Catalunya o de Espa\u00f1a es la coartada de algunos gobiernos para no responsabilizarse y adem\u00e1s provocar asentimiento y resignaci\u00f3n.<\/p>\n<p>P.- \u00bfQu\u00e9 siente cuando ve lo de Valencia? \u00bfSe acuerda de cuando ICV estaba en Interior? \u00bfDel desalojo violento de la Universidad? <\/p>\n<p>R.- Con todos los respetos, no creo que pueda establecerse comparaci\u00f3n alguna entre quien pone camaras en las comisarias para garantizar los derechos de los detenidos y de los profesionales y quienes las quitan. Entre quienes ante determinadas situaciones piden disculpas y acuerdan destituciones y los que se enrrocan y no asumen ninguna responsabilidad. Esta es la realidad que se desprende de una lectura objetiva de las hemerotecas. <\/p>\n<p>P.- \u00bfVan a intentar limitar la causa objetiva de despidos por menores ventas o beneficios en tres trimestres? No parece justo que una empresa como un gran Banco o multinacional pueda echar a trabajadores con mas de 35 a\u00f1os de antiguedad por una miseria solo por el hecho de menos beneficios o ventas en un euro menos en tres trimestres aunque sigan ganando miles de millones de Euros. \u00bfVan a tratar de rebajar al menos esta injusticia?<\/p>\n<p>R.- S\u00ed vamos a enmendar este y otros art\u00edculos. Intentando que los despidos por causas objetivas requieran demostrar la causa, la razonabilidad y la proporcionalidad. Y que cuando sean despidos colectivos se mantenga la autorizaci\u00f3n administrativa. Tambi\u00e9n en loq ue hace referencia a la barabaridad del despido por ausencias, aunque sean justificadas. Estas y otras injusticias vamos a intentar revocar.<\/p>\n<p>P.- Si lo que se pretende con esta reforma laboral es favorecer la contrataci\u00f3n \u00bfPorqu\u00e9 se dan tant\u00edsimas facilidades para el despido y\/o la destrucci\u00f3n de puestos de trabajo? \u00bfNo es un contrasentido?<\/p>\n<p>R.- Entre lo que se dice que pretende la reforma laboral y su contenido jur\u00eddico, cualquier parecido es pura coincidencia. Solo hace falta comparar el preambulo del RDLey y la parte dispositiva. O sus redactadores estaban afectados de esquizofrenia pol\u00edtica o son muy fariseos. <\/p>\n<p>P.- En mi comarca se han presentado ocho ERE\u00b4s en quince d\u00edas y al amparo de la nueva reforma. \u00bfEsto es lo que nos espera con la nueva ordenaci\u00f3n del mercado laboral?<\/p>\n<p>R.- es muy evidente para cualquiera que conozca el funcionamiento de las relaciones laborales que la reforma esta provocando un aceleramiento de los despidos. Lo reconocen, incluso publicamente, los gabinetes jur\u00eddicos que asesoran a las empresas. <\/p>\n<p>P.- Usted ha expuesto alternativas al texto en materia de derecho de los trabajadores, sin embargo \u00bfCu\u00e1l es la posici\u00f3n de su grupo ante la falta de transparencia para que una empresa pueda presentar p\u00e9rdidas, as\u00ed como el tema de las horas extras ?<\/p>\n<p>R.- Si le entiendo bien la pregunta, el hecho de que se exijan solo tres trimestres de reducci\u00f3n de ingresos o ventas impide un buen control de la causa del despido. Que ni tan siquiera se exija un ejercicio completo va a propiciar &#8211; si no lo evitamos &#8211; la picaresca de la falsificaci\u00f3n privada de datos. Y sobre las hiras extras, decirles que la nueva regulaci\u00f3n del contrato parcial es una barbaridad, porque propicia las prolongaciones de las jornadas a plena disposici\u00f3n de las empresas. Si noq ue se lo pregunte a las mujeres que trabajan en empresa de limpieza. Por cierto, la barbaridad llega a que lo que se cotize por horas extras, si no se modifica la LGSS no computa a fectos de desempleo. <\/p>\n<p>P.- Hola Joan, me gustar\u00eda saber en que situaci\u00f3n quedar\u00edan los convenios sectoriales con la nueva reforma laboral, concretamente con respecto a la modificaci\u00f3n salarial, que implicaciones representa para el trabajador, existe alg\u00fan limite salarial m\u00ednimo, y que implicaciones representa para el empresario, que opini\u00f3n le merece a su grupo, y a que se debe una reforma laboral que destruye en lugar de crear empleo. Muchas gracias, un saludo.<\/p>\n<p>R.- Son dos situaciones distintas. Los supuestos de inaplaci\u00f3n del convenio sectorial son por tiempo limitado &#8211; durante la vigencia del convenio del que se produce el desculgue- y en el acuerdo o decisi\u00f3n de descuelgue deben constar las nuevas condiciones que regiran durante el per\u00edodo de descuelgue y hasta el final de la vigencia del Convenio. En los casos de caida de la vigencia por transcurso de 2 a\u00f1os desde el final de la vigencia acordada, los trabajadores\/ras pasan a tener las condiciones del convenios de ambito superior &#8211; si lo hay &#8211; y en caso contrario por loq ue establezca la ley. Eso en relaci\u00f3n al salario significa SMI. Ni tan siquiera se ha seguido el modelo de algun pa\u00eds europeo en el que las condiciones del convenio colectivo se incorporan al contrato de trabajo de los que trabajan, quer las mantienen,. aunque congeladas. Y los nuevos contratados pasan a regirse por legislaci\u00f3n laboral y salario m\u00ednimo. Tambi\u00e9n en eso es falso que la reforma supone una adaptaci\u00f3 a Europa. Lo que ha ahecho el PP es copiar a trozos las peores practicas e cada pa\u00eds y ninguna de las buenas. <\/p>\n<p>P.- \u00bfC\u00f3mo valora la posici\u00f3n del partido socialista en el tema de la reforma laboral?<\/p>\n<p>R.- Creo que ya la valor\u00f3 la ciudadan\u00eda el pasado 20 N. la reforma del PP no es igual que la del PSOE sin duda. Pero Zapatero le ha hecho de Sherpa a Rajoy, en el aspecto jur\u00eddico, pero sobre todo en el pol\u00edtico y especialmente en el ideol\u00f3gico.<\/p>\n<p>P.- \u00bfC\u00f3mo interpreta usted la feroz campa\u00f1a antisindical que se lleva a cabo en nuestro pa\u00eds?<\/p>\n<p>R.- Uno de los grandes objetivos de los poderes econ\u00f3micos y de la derecha es aprovechar la crisis para debilitar todos los contrapoderes o contrapesos sociales. Y, con sus limitaciones, hoy el sindicalismo ejerce la funci\u00f3n de dique de contenci\u00f3n de estos poderes. Por eso la campa\u00f1a es tan brutal. especialmente la de la Acorazada Brunete de la Comunicaci\u00f3n. Contra el sindicalismo y contra quien ose enfrentarse a sus pretensiones.<\/p>\n<p>P.- \u00bfPor qu\u00e9 el BCE presta dinero a los bancos y no presta el dinero directamente a los estados? <\/p>\n<p>R.- Buena pregunta. Porqu\u00e9 se trata de capitalizar a los Bancos o facilitarles liquidez, sin exigir que fluya el cr\u00e9dito. asistimos a un rapto de la democracia por una nomenclatura financiera que actua con impunidad y cierta connivencia de los poderes p\u00fablicos. En alg\u00fan pa\u00eds en momentis de crisis se han utilizado recursos p\u00fablicos para crear mecanismos p\u00fablicos que cubrieran el vacio creado por bancos. eso es loq ue algunas voces vienen planteando des de hace 3 a\u00f1os.<\/p>\n<p>P.- \u00bfCrees que ser\u00eda l\u00f3gico convocar una huelga general contra la reforma laboral, pocos meses despu\u00e9s de que Espa\u00f1a haya votado mayoritariamente al PP, que llev\u00f3 la susodicha reforma como propuesta estrella en su campa\u00f1a? O, dicho de otro modo \u00bfCrees que los espa\u00f1oles se merecen ese esfuerzo sindical por parte de los que intentaron convencerles de su error?<\/p>\n<p>R.- No creo que deba confrontarse la legitimidad de las urnas, contra la legitimidad de derechos constitucionales como el de la Huelga. Sobre todo, si recordamos que quien gano las elecciones el PP, no solo no explico en su programa nada de lo que desp\u00f9\u00e9s esta haciendo, sino que adem\u00e1s lo ha escondido. Recuerden las reiteradas declaraciones del Sr Rajoy diciendoq ue no iba a bajar las indemnizaciones por despido<\/p>\n","protected":false},"excerpt":{"rendered":"<p>La reforma laboral est\u00e1 a punto de llegar al Congreso. Joan Coscubiela diputado de la Izquierda Plural y ex secretario general de Comisiones Obreras en Catalu\u00f1a ser\u00e1 el portavoz que tratar\u00e1 de enmendar una reforma que su partido considera inconstitucional. El diputado de la coalici\u00f3n responder\u00e1 a los lectores y aclarar\u00e1 por qu\u00e9 su grupo se opone a la reforma.<br \/>\nFoto: Jose Jim\u00e9nez<\/p>\n","protected":false},"author":1,"featured_media":0,"comment_status":"open","ping_status":"open","sticky":false,"template":"","format":"standard","meta":{"footnotes":""},"categories":[],"tags":[],"class_list":["post-9906","post","type-post","status-publish","format-standard","hentry"],"_links":{"self":[{"href":"https:\/\/intervius.com\/index.html\/wp-json\/wp\/v2\/posts\/9906","targetHints":{"allow":["GET"]}}],"collection":[{"href":"https:\/\/intervius.com\/index.html\/wp-json\/wp\/v2\/posts"}],"about":[{"href":"https:\/\/intervius.com\/index.html\/wp-json\/wp\/v2\/types\/post"}],"author":[{"embeddable":true,"href":"https:\/\/intervius.com\/index.html\/wp-json\/wp\/v2\/users\/1"}],"replies":[{"embeddable":true,"href":"https:\/\/intervius.com\/index.html\/wp-json\/wp\/v2\/comments?post=9906"}],"version-history":[{"count":0,"href":"https:\/\/intervius.com\/index.html\/wp-json\/wp\/v2\/posts\/9906\/revisions"}],"wp:attachment":[{"href":"https:\/\/intervius.com\/index.html\/wp-json\/wp\/v2\/media?parent=9906"}],"wp:term":[{"taxonomy":"category","embeddable":true,"href":"https:\/\/intervius.com\/index.html\/wp-json\/wp\/v2\/categories?post=9906"},{"taxonomy":"post_tag","embeddable":true,"href":"https:\/\/intervius.com\/index.html\/wp-json\/wp\/v2\/tags?post=9906"}],"curies":[{"name":"wp","href":"https:\/\/api.w.org\/{rel}","templated":true}]}}