{"id":9883,"date":"2012-02-24T00:00:00","date_gmt":"2006-11-06T00:00:00","guid":{"rendered":"https:\/\/intervius.com\/index.html\/?p=9883"},"modified":"2006-11-06T00:00:00","modified_gmt":"2006-11-06T00:00:00","slug":"Alicia_Sanchez-Camacho9883","status":"publish","type":"post","link":"https:\/\/intervius.com\/index.html\/Alicia_Sanchez-Camacho9883\/","title":{"rendered":"Alicia S\u00e1nchez-Camacho"},"content":{"rendered":"<p>Pregunta.- Alicia, me tiene usted despistado. Alabo la moderaci\u00f3n de los dirigentes actuales de su partido entre los que la incluyo (algunas veces), pero su actitud contrasta con la imagen que da cuando acude a programas como &#8220;El gato al agua&#8221;. \u00bfSe considera usted de extrema derecha o de derecha moderada? Gracias.<\/p>\n<p>Respuesta.- Muy buenos d\u00edas a todos los INTERNAUTAS. Es un placer para mi estar aqu\u00ed. Intentar\u00e9 contestar todas las preguntas que pueda de una manera sencilla y directa. Buenos d\u00edas Manuel. Debo decirle que llevo m\u00e1s de 15 a\u00f1os en pol\u00edtica y he asistido a todo tipo de programas y tertulias en diferentes medios de comunicaci\u00f3n, desde la SER, Onda Cero, Tele 5, Intereconomia&#8230;en todos los medios. Y lo voy a seguir haciendo. Creo que mi obligaci\u00f3n es trasladar el mensaje del PP de Catalu\u00f1a al mayor n\u00famero de personas posible. Mi posici\u00f3n ideol\u00f3gica es de centro-derecha liberal y reformista actuando desde la moderaci\u00f3n, la responsabilidad y la centralidad pol\u00edtica como estoy demostrando en Catalunya. Intereconomia es un grupo de comunicaci\u00f3n tan leg\u00edtimo como cualquier otro y por tanto mi respeto a ese grupo y adem\u00e1s mi agradecimiento porque siempre que he querido he podido hacer mi voz a trav\u00e9s de ese programa.<\/p>\n<p>P.- Estimada presidenta del PP de Catalunya: \u00bfCree usted que Catalunya y Extremadura pueden vivir en armon\u00eda dentro de Espa\u00f1a?. Se lo digo por las declaraciones de ciertos dirigentes en contra de Extreme\u00f1os y Andaluces.<\/p>\n<p>R.- Hola. Estoy absolutamente convencida de que Espa\u00f1a es una gran naci\u00f3n con muchos siglos de historia, com\u00fan y propia, y, por tanto, en pleno siglo XXI, la Espa\u00f1a que yo defiendo es una Espa\u00f1a de pluralidad, de convivencia y armon\u00eda en la que siempre me van a encontrar defendiendo los intereses de Catalunya y de los catalanes pero con el orgullo tambi\u00e9n de formar parte de un pa\u00eds del que me siento muy orgullosa que es Espa\u00f1a. Yo defiendo una Espa\u00f1a auton\u00f3mica y creo que debemos evitar cualquier actitud de confrontaci\u00f3n. No creo en la confrontaci\u00f3n: creo en la colaboraci\u00f3n y la convivencia.<\/p>\n<p>P.- \u00bfCree que alg\u00fan d\u00eda el PP gobernar\u00e1 en Catalu\u00f1a?<\/p>\n<p>R.- Hona Senius. Estoy absolutamente convencida de que el Parido Popular, que es partido de gobierno, gobernar\u00e1 en Catalu\u00f1a. De hecho, en estos momentos, el Partido Popular est\u00e1 siendo clave en la estabilidad de la pol\u00edtica catalana. Estamos manteniendo una relaci\u00f3n de colaboraci\u00f3n responsable con los catalanes para tomar las medidas pertinentes para salir de la crisis y eso demuestra que estamos a la altura de las circunstancias: situados en la centralidad pol\u00edtica y en la responsabilidad aunque algunos se empe\u00f1en reiteradamente en criticarnos.<\/p>\n<p>P.- Buenos d\u00edas: quer\u00eda preguntarle \u00bfqu\u00e9 piensa acerca de los recortes que se han hecho en Catalu\u00f1a y cu\u00e1l es su postura ante el nacionalismo al cual da la sensacion que usted apoya?<\/p>\n<p>R.- Hola. El Partido Popular de Catalu\u00f1a es el \u00fanico garante para evitar que el soberanismo de CiU, que quiere separar Catalu\u00f1a del resto de Espa\u00f1a, se produzca. El PP ha actuado con responsabilidad en momentos de extrema gravedad y crisis econ\u00f3mica tomando medidas para evitar que el Gobierno del se\u00f1or Artur Mas subiera m\u00e1s los impuestos como hemos hecho reduciendo todas las tasas en nuestro acuerdo (tasa tur\u00edstica y euro por receta especialmente). Y adem\u00e1s hemos priorizado en este acuerdo el impulso a los emprendedores y a las PYMES ayud\u00e1ndolas a acceder a cr\u00e9ditos y apoyo para su actividad, para crear puestos de trabajo que es el verdadero problema de Catalu\u00f1a. Pero tambi\u00e9n quiero decirle que algunos sectores nacionalistas est\u00e1n critic\u00e1ndonos duramente por haber solicitado que dejen de pagarse subvenciones millonarias. La verdad les duele pero yo voy a seguir diciendo eso mientras se piden sacrificios a las familias catalanas que no llegan a final de mes, se recorta el sueldo de los funcionarios y se va incrementando el umbral de pobreza en Catalu\u00f1a. Algunos tendr\u00e1n que explicar c\u00f3mo se dan 500 millones en subvenciones millonarias en las que no se aplica ni la austeridad ni la transparencia.<\/p>\n<p>P.- \u00bfQu\u00e9 aspiraciones pol\u00edticas tiene usted para el futuro?<\/p>\n<p>R.- Senius: hola otra vez. Mis aspiraciones son seguir haciendo lo que hago. Trabajar por el servicio p\u00fablico con respeto pero, eso si, defendiendo firmemente mis ideas y convicciones.<\/p>\n<p>P.- Hola Me gustar\u00eda saber qu\u00e9 posici\u00f3n tiene el PP de Catalu\u00f1a ante el posible traslado de la Comisi\u00f3n del Mercado de las Telecomunicaciones a Madrid. Gracias.<\/p>\n<p>R.- Hola Rosa. Sobre este tema en concreto quer\u00eda decirle que yo soy partidaria de una Espa\u00f1a auton\u00f3mica con sedes territorializadas en diferentes comunidades aut\u00f3nomas pero debemos tener en cuenta que en momentos de grave crisis tienen que primar los criterios de la reducci\u00f3n de costes y de simplificaci\u00f3n de la administraci\u00f3n. Porque no nos podemos permitir los incrementos de gasto cuando precisamente el gobierno del Partido Popular lo que quiere es reducir las duplicidades en la administraci\u00f3n espa\u00f1ola.<\/p>\n<p>P.- Mi pregunta es la siguiente: Que modelo de Educaci\u00f3n le parece m\u00e1s adecuado para Catalu\u00f1a? Un modelo con tres lenguas: Castellano, Catal\u00e1n e Ingl\u00e9s (modelo Valenciano), el modelo actual, un sistema con total libertad de elecci\u00f3n de la lengua vincular o otro modelo?<\/p>\n<p>R.- Hola Iv\u00e1n. El modelo del PP, como dec\u00edamos en nuestro programa, es el modelo de biling\u00fcismo, triling\u00fcismo integrador permitiendo, en la educaci\u00f3n infantil, escoger la lengua vehicular de la educaci\u00f3n de nuestros hijos en su lengua materna como m\u00e9todo de excelencia pedag\u00f3gica en el aprendizaje de nuestros hijos, pero tambi\u00e9n fundamentalmente como modelo ling\u00fc\u00edstico que garantiza los derechos y libertades constitucionales en una comunidad aut\u00f3noma donde nuestras dos lenguas, catal\u00e1n y castellano, deben ser lenguas vehiculares de nuestro modelo educativo como establece nuestro estatuto constitucional.<\/p>\n<p>P.- Reforma laboral a golpe de decretazo por un lado; C\u00f3digo de buenas pr\u00e1cticas voluntario para los bancos, si quieren, admiten la daci\u00f3n en pago y adem\u00e1s reciben beneficios fiscales. \u00bfIgualdad de trato? Espero una respuesta a mi pregunta y no una escapada por el cerro de \u00dabeda m\u00e1s cercanos, gracias<\/p>\n<p>R.- Hola Jalecito. Debo decirle que la reforma laboral es una reforma absolutamente necesaria para evitar que se siga destruyendo empleo en nuestro pa\u00eds y para evitar el cierre de empresas, como ocurre a diario y como ha venido produci\u00e9ndose con el Gobierno anterior. Y adem\u00e1s es una reforma necesaria para fomentar la contrataci\u00f3n de j\u00f3venes, de los parados de larga duraci\u00f3n o la de los mayores de 45 a\u00f1os. Antes de que el Partido Popular presentara esta reforma, se nos criticaba porque dec\u00edan que no ten\u00edamos alternativa a las reformas claramente insuficientes del PSOE. Ahora hemos hecho una reforma profunda, equilibrada y necesaria para empezar a frenar la sangr\u00eda del paro y junto con el resto de reformas empezar a generar esperanza de futuro. Usted parece criticar el c\u00f3digo de buenas pr\u00e1cticas que puede permitir la daci\u00f3n en pago para casos de extrema necesidad para aqu\u00e9llas familias que podr\u00edan perder su vivienda. Quiero recordarle que es una muy buena medida, que el Gobierno anterior en siete a\u00f1os no tom\u00f3 ni hizo nada al respecto y que adem\u00e1s el PSOE, que tanto habl\u00f3 de penalizar a los bancos y de establecer impuestos para los m\u00e1s ricos, no solo les dio dinero e hizo capitalizaciones a los bancos, si no que hemos sido nosotros los que hemos reducido los sueldos a los banqueros y a las empresas p\u00fablicas mientras el PSOE no hizo nada al respecto. Puedo compartir o no esas propuestas pero desde luego le reitero que eso es gobernar y ser coherente con lo que defendemos y queremos para Espa\u00f1a.<\/p>\n<p>P.- Espa\u00f1a estar\u00e1 en recesi\u00f3n todo el 2012, y todo apunta que tambi\u00e9n buena parte de 2013, as\u00ed pues, en el mejor de los casos, no se empezar\u00e1 a crear empleo hasta finales de 2013, con lo que el paro superar\u00e1 de largo los 6 millones de trabajadores. \u00bfQu\u00e9 medidas adoptar\u00e1 el PP, adem\u00e1s de las ya anunciadas, para sacar a Espa\u00f1a del agujero que nos dejo la izquierda? Saludos cordiales desde Barcelona %u2013 Plataforma Espa\u00f1a Unida<\/p>\n<p>R.- Hola Pablo y a toda la Plataforma Espa\u00f1a Unida. Los datos que ayer conocimos por parte de la UE nos sit\u00faan en un escenario de decrecimiento muy diferente del que hab\u00eda previsto el Gobierno del se\u00f1or Zapatero. Eso requiere un gran rigor y seriedad por parte del Gobierno como ya est\u00e1 llevando a cabo Mariano Rajoy. Espa\u00f1a necesita reformas estructurales profundas y r\u00e1pidas para empezar a frenar la grav\u00edsima situaci\u00f3n en la que nos encontramos. Esas reformas a mi entender son: la reforma laboral que permita flexibilidad interna a las peque\u00f1as y medias empresas; la reforma financiera, que permita sanear los activos de los bancos y sobre todo que el cr\u00e9dito llegue a quien lo necesite -las familias y las PYMES-; la reforma de la administraci\u00f3n para que se eviten las duplicidades, que suponen un grav\u00edsimo coste para el Presupuesto que se paga con nuestros impuestos; reforma energ\u00e9tica; la de la educaci\u00f3n y las de la modernizaci\u00f3n y mejora de la justicia. Esas reformas son todas ellas absolutamente necesarias para salir de la crisis como ya han presentado los diferentes ministros ante los representantes del pueblo espa\u00f1ol en el Congreso. Cumplir con una pol\u00edtica de austeridad y cumplimiento del d\u00e9ficit sin gastar m\u00e1s de lo que tenemos es una exigencia as\u00ed como medidas liberalizadoras que nos permitan mayor competitividad, crecimiento para salir del agujero negro de la crisis.<\/p>\n<p>P.- \u00bfCon qu\u00e9 ex-l\u00edder del PPC se identifica m\u00e1s: Josep Piqu\u00e9 o Vidal Quadras? <\/p>\n<p>R.- Hola Guillermo. La pol\u00edtica del PP de Catalunya la fijamos nosotros. No miro hacia el pasado: miro hacia el presente y el futuro y en este momento el PP ha obtenido los mejores resultados de su historia y est\u00e1 en la centralidad pol\u00edtica y estableciendo los acuerdos m\u00e1s importantes de Catalunya que garantizan la estabilidad y la creaci\u00f3n de empleo en momentos tan dif\u00edcil y de grave crisis como las que vivimos.<\/p>\n<p>P.- \u00bfC\u00f3mo se entiende el actual apoyo del PP a CiU despu\u00e9s de haber denunciado en su d\u00eda el Estatuto catal\u00e1n? \u00bfQu\u00e9 comparten ustedes con CiU en lo ideol\u00f3gico?<\/p>\n<p>R.- Hola Arturo. Los partidos pol\u00edticos tenemos diferentes posicionamientos ideol\u00f3gicos leg\u00edtimos en democracia y nosotros no compartimos en absoluto la hoja de ruta separatista de CiU. Pero la situaci\u00f3n de grave crisis econ\u00f3mica nos obliga a buscar consensos y soluciones en aquello que nos une y no en lo que nos separa. Por eso hemos considerado evitar evitar unas elecciones anticipadas en Catalunya, como ya dijo el propio Mas o ha pasado ya en Asturias, y, adem\u00e1s, actuar tambi\u00e9n con responsabilidad para reducir el impacto de los ajustes en el Presupuesto e incorporar medidas de apoyo a los emprendedores para crear empleo. Era nuestra obligaci\u00f3n cuando en Catalunya hay 800.000 parados, se cierran cada d\u00eda empresas y el 40% de los j\u00f3venes no encuentra trabajo. Ese objetivo de la lucha contra la crisis es el que compartimos. Y aprovecho para decirte que en lo ideol\u00f3gico soy de las que considero que el te ayuda a gobernar no es el adversario. El que te ayuda a gobernar merece respeto y agradecimiento aunque sus planteamientos pol\u00edticos ideol\u00f3gicos sean distintos a los tuyos. Por contra, nos encontramos con el portavoz del Gobierno, Francesc Homs, que nos acusa de crear un ambiente innecesario y de hacer populismo y demagogia por solicitar que no se den subvenciones, sean las que sean, mientras se recorta en sanidad, educaci\u00f3n, pol\u00edticas sociales, se incrementa la pobreza, las familias catalanas no llegan a final de mes; se reducen las ayudas a guarder\u00edas y por tanto hay padres que no pueden pagarlas y se piden sacrificios a los funcionarios entre los que hay muchos no llegan a mil euros al mes. Quiero contestar que los que est\u00e1n actuando con populismo y demagogia son aqu\u00e9llos que mientras recortan y piden sacrificios a los catalanes mantienen subvenciones millonarias en momentos de grav\u00edsima crisis y de recortes como los que est\u00e1n llevando a cabo. Son ellos los que deber\u00edan explicar c\u00f3mo se mantienen 500 millones de euros a subvenciones a determinadas entidades mientras se les quitan 112 millones a los Ayuntamientos catalanes para pagar guarder\u00edas o se les quita la paga extra a funcionarios de la Generalitat o se hacen ajustes dur\u00edsimos en sanidad y pol\u00edticas sociales. Eso si que es una grav\u00edsima irresponsabilidad. Si quieren seguir con su campa\u00f1a de descr\u00e9dito no van a silenciar lo que en el Partido Popular pensamos. Y quiero adem\u00e1s recordarles que nuestro propio Gobierno, el de Mariano Rajoy, ha establecido el criterio de reducir las subvenciones para priorizar el gasto p\u00fablico para el que m\u00e1s lo necesita y eso es lo que el PP defiende en Catalu\u00f1a y en el resto de Espa\u00f1a.<\/p>\n","protected":false},"excerpt":{"rendered":"<p>Alicia S\u00e1nchez-Camacho culmin\u00f3 el pasado 18 de febrero su mejor semana desde que preside el PP de Catalu\u00f1a. La dirigente conservadora logr\u00f3 el reconocimiento interno de su partido a nivel nacional tras haber culminado con \u00e9xito la negociaci\u00f3n de los presupuestos catalanes con CiU. El congreso del PP celebrado en Sevilla la pasada semana la situ\u00f3 al frente de un cargo sensible como es el de presidenta del comit\u00e9 electoral. S\u00e1nchez-Camacho aprovech\u00f3 todas las tribunas para dejar claro que ha sacado al PP catal\u00e1n del ostracismo y que, gracias a la debilidad del Gobierno de Artur Mas tiene poder de decisi\u00f3n en Catalu\u00f1a.<br \/>\nFoto: Joan S\u00e1nchez<\/p>\n","protected":false},"author":1,"featured_media":0,"comment_status":"open","ping_status":"open","sticky":false,"template":"","format":"standard","meta":{"footnotes":""},"categories":[],"tags":[],"class_list":["post-9883","post","type-post","status-publish","format-standard","hentry"],"_links":{"self":[{"href":"https:\/\/intervius.com\/index.html\/wp-json\/wp\/v2\/posts\/9883","targetHints":{"allow":["GET"]}}],"collection":[{"href":"https:\/\/intervius.com\/index.html\/wp-json\/wp\/v2\/posts"}],"about":[{"href":"https:\/\/intervius.com\/index.html\/wp-json\/wp\/v2\/types\/post"}],"author":[{"embeddable":true,"href":"https:\/\/intervius.com\/index.html\/wp-json\/wp\/v2\/users\/1"}],"replies":[{"embeddable":true,"href":"https:\/\/intervius.com\/index.html\/wp-json\/wp\/v2\/comments?post=9883"}],"version-history":[{"count":0,"href":"https:\/\/intervius.com\/index.html\/wp-json\/wp\/v2\/posts\/9883\/revisions"}],"wp:attachment":[{"href":"https:\/\/intervius.com\/index.html\/wp-json\/wp\/v2\/media?parent=9883"}],"wp:term":[{"taxonomy":"category","embeddable":true,"href":"https:\/\/intervius.com\/index.html\/wp-json\/wp\/v2\/categories?post=9883"},{"taxonomy":"post_tag","embeddable":true,"href":"https:\/\/intervius.com\/index.html\/wp-json\/wp\/v2\/tags?post=9883"}],"curies":[{"name":"wp","href":"https:\/\/api.w.org\/{rel}","templated":true}]}}