{"id":9867,"date":"2012-02-20T00:00:00","date_gmt":"2006-11-06T00:00:00","guid":{"rendered":"https:\/\/intervius.com\/index.html\/?p=9867"},"modified":"2006-11-06T00:00:00","modified_gmt":"2006-11-06T00:00:00","slug":"Jose_Samano9867","status":"publish","type":"post","link":"https:\/\/intervius.com\/index.html\/Jose_Samano9867\/","title":{"rendered":"Jos\u00e9 S\u00e1mano"},"content":{"rendered":"<p>Pregunta.- Estimado se\u00f1or S\u00e1mano: le respeto enormemente como periodista y como analista y, por ello, no dejo de sorprenderme del tono airado que suele emplear en las respuestas que critican sus art\u00edculos o la l\u00ednea de su peri\u00f3dico. Supongo que si abre esta secci\u00f3n, es para que todo el mundo pregunte libremente y creo que el que no est\u00e9 de acuerdo con usted tiene el mismo derecho que el que s\u00ed lo est\u00e1, \u00bfno cree? Gracias<\/p>\n<p>Respuesta.- Hola, buenas tardes a todos por participar en este foro. Estimado lector, lamento haber provocado esa sensaci\u00f3n en usted. Desde luego no es mi intenci\u00f3n. Digo siempre, y no por decir, que nada me resulta m\u00e1s enriquecedor que la discrepancia bien argumentada, con respeto y educaci\u00f3n. Nunca he sentido que me molesten, para nada, las cr\u00edticas. Al contrario, este foro me sirve mucho m\u00e1s de lo que pudiera parecer y de lo debo a quienes participan. Si alguna vez ha parecido que alguna de mi respuesta a una cr\u00edtica ten\u00eda un &#8220;tono airado&#8221;, pido mil veces disculpas. Y una cosa m\u00e1s: le aseguro que acepto &#8220;libremente&#8221; cualquier pregunta salvo las que faltan al respeto, lamentablemente m\u00e1s de las que me gustar\u00eda. Y aclaro, irrespetuosas u ofensivas no solo conmigo, sino con compa\u00f1eros o incluso colegas de la competencia. Gracias por su inter\u00e9s. <\/p>\n<p>P.- Buenas tardes Jos\u00e9. \u00bfNo apreci\u00f3 dos fueras de juego en los dos primeros goles del Real Madrid ante el Racing? \u00bfEncontr\u00f3 correcta la expulsi\u00f3n por doble amarilla de un defensa del Racing? \u00bfCree usted que el Real ha contado con favores cont\u00ednuos de los \u00e1rbitros en la Liga a lo largo de la temporada? Yo creo que de ser as\u00ed no lo requiere.<\/p>\n<p>R.- Me pareci\u00f3, tras varias repeticiones, fuera de juego el gol de Benzema; el de CR, no, en absoluto. La segunda tarjeta a Cisma, muy discutible. Dicho lo cual, con o sin errores (que no favores) arbitrales, el Madrid ha merecido ganar practicamente la totalidad de partidos que ha ganado. Va como un tiro porque es el mejor en la Liga, el m\u00e1s voraz, el m\u00e1s intenso y el m\u00e1s fiable en todas sus l\u00edneas, en Chamart\u00edn y fuera de casa. Nada tienen que ver los \u00e1rbitros. Ni tuvieron nada que ver cuando era otro equipo el que ganaba. Por fortuna, casi siempre gana el mejor. Y en lo que va de Liga no veo discusi\u00f3n posible: lo es el Real Madrid.<\/p>\n<p>P.- Hola Jos\u00e9. saludos de un admirador de Javier Mar\u00edas que, como \u00e9l, estoy esperando mejores tiempos para reactivar mi madridismo \u00bfNegarse a acoger la final de Copa tambi\u00e9n es se\u00f1or\u00edo? Muchas gracias por este buen rato de los lunes. <\/p>\n<p>R.- Tiene usted buen gusto literario, sin duda. El madridismo, como todos los ismos futbol\u00edsticos, no suelen precisar una reactivaci\u00f3n, siempre perduran. El mero hecho de que le disguste ciertas decisiones de su club evidencia que le importa. En el caso de la Copa, me parece un asunto de excesos innecesarios, no creo que el Madrid debiera haberse enredado en ello, pero es decisi\u00f3n de sus directivos y seguidores, y hay que respetarla. El se\u00f1or\u00edo es mucho m\u00e1s que tal o cual decisi\u00f3n coyuntural. <\/p>\n<p>P.- Sr S\u00e1mano, si Mourinho deja a un jugador clave en la grada en Champions, se\u00f1alandolo despu\u00e9s de una mala actuaci\u00f3n en liga, cree usted que su peri\u00f3dico hablar\u00eda de &#8220;manera de fomentar la competitividad&#8221;? porque dejar a Casillas en partido no oficial (Trofeo Bernabeu) fue un castigo y lo de Piqu\u00e9 es una estrategia brillante de Guardiola? que le parece que el Barcelona censure a los medios en las im\u00e1genes del padre de Piqu\u00e9 y Estiarte por una charla &#8220;distendida&#8221;? <\/p>\n<p>R.- Estoy en contra de casi toda censura, sea del color que sea y que el padre de Piqu\u00e9 hable con Estiarte me parece irrelevante. No tengo la menor duda de que el intento de Iker por conciliar en la selecci\u00f3n no agrad\u00f3 a su t\u00e9cnico; lo de Piqu\u00e9 creo fue un toque de atenci\u00f3n porque necesitaba espabilar y su actuaci\u00f3n en Pamplona fue un tanto calamitosa. El tiempo dir\u00e1 si la estrategia de Guardiola fue o no brillante. Tambi\u00e9n opino que Iker no tiene competidor posible, mientras que Macherano cada vez es m\u00e1s competidor de Piqu\u00e9. Por no decir otra cosa: en los \u00faltimos tiempos ha sido un defensa mucho m\u00e1s fiable que el internacional espa\u00f1ol.<\/p>\n<p>P.- Hol a jos\u00e9, ayer vi a un lateral que me sorprendi\u00f3 y que me hace entender la convocatoria de Del Bosque, hablo de Montoya, me parece que si no estuviera Alves hace tiempo que seria titular en el Barcelona, creo que si tiene partidos podr\u00eda llegar a la Eurocopa, \u00bfQue te parece este jugador?<\/p>\n<p>R.- Como a todos los que llegan, es necesario verle competir en al menos una veintena de partidos. Mantenerse es m\u00e1s dif\u00edcil que llegar. Por ahora es un lateral con vuelo en ataque aunque algo despistado en defensa: en el gol de Piatti cerr\u00f3 tarde y mal. Su margen de mejora es amplio y cuenta a su favor que en su equipo la fe en los j\u00f3venes es ilimitada.<\/p>\n<p>P.- Hola Pepe. \u00bfLe has echado un vistazo a la clasificaci\u00f3n de la liga BBVA? \u00bfC\u00f3mo explicas que haya tan pocos puntos de diferencia entre el cuarto y la zona de descenso?<\/p>\n<p>R.- Los diez puntos que separan al Espanyol del Racing evidencian que las fronteras son muy d\u00e9biles porque la igualdad es mayor de lo que parece y hay muchos equipos que van a tirones. Hubo un momento del Levante, ahora es el turno del Rayo. Otros, caso del Villarreal, Sevilla, M\u00e1laga o Osasuna hacen la goma. Un dato elocuente: fuera de casa, salvo el Madrid, nadie ha ganado m\u00e1s partidos que el Rayo, que lleva 18 puntos por 17 \u00a1el Bar\u00e7a!<\/p>\n<p>P.- Sr. S\u00e1mano, buenas tardes, sus cr\u00f3nicas empiezan a repetir muy a menudo la misma frase: &#8220;el Madrid no necesitaba del \u00e1rbitro, pero&#8230;&#8221;, pero ah\u00ed est\u00e1, jornada tras jornada. Vale, yo tampoco creo en conspiraciones (aunque despu\u00e9s de ver lo de Camps y Garz\u00f3n&#8230;), pero al menos reconozca que, de no ser por los muchos errores arbitrales unidireccionales de este campeonato, este Madrid superlativo estar\u00eda a la par de la clasificaci\u00f3n con el Bar\u00e7a m\u00e1s err\u00e1tico y mermado de los \u00faltimos a\u00f1os. \u00bfN<\/p>\n<p>R.- Insisto en mi respuesta anterior: el Real Madrid es, de largo, el mejor en la Liga. <\/p>\n<p>P.- Hola Jos\u00e9, a qui\u00e9n auguras un mejor futuro, Tello o Cuenca?<\/p>\n<p>R.- A Cuenca, por ahora, le veo con m\u00e1s repertorio. Tello es m\u00e1s directo, m\u00e1s h\u00e1bil en el uno contra uno, pero Cuenca centra mejor, abre mejor el campo para los volantes o se cierra para dar pista al lateral. <\/p>\n<p>P.- En donde debe jugarse la final de la Copa del Rey? <\/p>\n<p>R.- En el nuevo Malec\u00f3n de Torrelavega&#8230;\u00a1Ojal\u00e1 pudiera decirle que no es una broma! Ya en serio, creo que nada es m\u00e1s importante que atender bien a las aficiones, que atender sus demandas. Es un asunto que el f\u00fatbol espa\u00f1ol, con la federaci\u00f3n a la cabeza, debiera resolver para siempre y evitar as\u00ed otro incendio innecesario. <\/p>\n<p>P.- Hola, Jos\u00e9. \u00bfNo te parece que de un tiempo a esta parte todo el mundo (p\u00fablico, medios, \u00e1rbitros) ha empezado a considerar penalty cada vez que el bal\u00f3n toca la mano o el brazo de un defensor en el \u00e1rea? \u00bfD\u00f3nde qued\u00f3 lo de &#8220;mano involuntaria&#8221;? \u00bfEst\u00e1s de acuerdo con A.Wenger cuando dice que la forma m\u00e1s efectiva de atacar hoy en d\u00eda es chutar contra los brazos de los defensores para que as\u00ed te piten penalty?<\/p>\n<p>R.- La iron\u00eda de Wenger puede que, a este paso, deje de serlo. El tiro a la mano, habr\u00e1 que practicarlo. En mi opini\u00f3n, las \u00fanicas manos a pitar ser\u00edan cuando est\u00e1n extendidas, cuando cortan de forma evidente la trayectoria del bal\u00f3n, que sea amarilla o roja depender\u00e1 de la voluntariedad a criterio de \u00e1rbitro y asistentes. <\/p>\n<p>P.- Buenas tardes Sr. S\u00e1mano. Es la primera vez que envio una pregunta pero suelo leer sus charlas cada lunes. Aqu\u00ed mi (dif\u00edcil) pregunta: \u00bfQu\u00e9 equipos ve capaces de empatar o ganar al Madrid (aparte del Bar\u00e7a) en lo que queda de temporada? (Soy un cul\u00e9 optimista y pienso que si el Bar\u00e7a juega como ayer contra el Valencia, no tendr\u00e1 mayores problemas con el Madrid en el Camp Nou).<\/p>\n<p>R.- Nunca se sabe, pero solo veo al Madrid apretado en San Mam\u00e9s y, quiz\u00e1, en el Calder\u00f3n. El problema del Bar\u00e7a no es el de anoche en casa ante el Valencia, sino el que ha pasado por Getafe, San Sebasti\u00e1n, Pamplona&#8230;<\/p>\n<p>P.- Viendo el f\u00fatbol que despleg\u00f3 ayer el Barcelona contra el Valencia (3er clasificado en liga), y contando que no jugaban ni Xavi, ni Alves (ni Villa), \u00bfdar\u00edas honestamente alguna opci\u00f3n de cara a Champions a los dem\u00e1s equipos? Gracias de antemano, S\u00e1mano \ud83d\ude09<\/p>\n<p>R.- Si tuviera que apostar lo har\u00eda por Bar\u00e7a, Real Madrid y Bayern. Y, aunque puede que me lo trague en breve, no descartar\u00eda del todo al Milan, un equipo experto, con muchos recursos y que va cogiendo ox\u00edgeno con Boateng, Muntari y alg\u00fan otro.<\/p>\n<p>P.- Enhorabuena por tu estilo. Te sigo habitualmente y se intenta aprender siempre de profesionales de tu talla. Mi pregunta:\u00bfcrees que la barrera psicol\u00f3gica es lo primero que ten\u00eda que derribar el Madrid para derrotar al Bar\u00e7a? Ayer se demostr\u00f3 en basket que si se cree, se puede y parece que en f\u00fabol tambi\u00e9n va a tener mucho que ver. Saludos!<\/p>\n<p>R.- El Madrid de basket estuvo fant\u00e1stico en todas las facetas, t\u00e9cticas, t\u00e9cnicas, f\u00edsicas y sicol\u00f3gicas. Fue superior de principio a fin y compiti\u00f3 como hac\u00eda a\u00f1os que no le ve\u00eda. No me apunto el tanto, en absoluto, pero con Laso (apunta a gran t\u00e9cnico) le hab\u00eda visto apuntes de consistencia desconocidos. El equipo destila un buen rollo que hac\u00eda a\u00f1os que no ve\u00eda y tiene talentos como Llull (por ahora, acierto de Laso al mantenerle como base), Carroll y Mirotic; la fe ciega de Felipe, la inmensidad de gente como Begic y Tomic.<\/p>\n<p>P.- Hola Jos\u00e9, felicidades por la calidad e impracialidad en tus art\u00edculos.\u00bfVes como yo al Madrid con m\u00e1s hambre de liga que de Champions?<\/p>\n<p>R.- Veo al Madrid con hambre de todo y tiene plantilla para no seleccionar un torno u otro.<\/p>\n<p>P.- Buenos d\u00edas, recientemente su peri\u00f3dico matiz\u00f3 las declaraciones de Mourinho cuando indic\u00f3 que trat\u00f3 respetuosamente al \u00e1rbitro tras el \u00faltimo Barsa &#8211; Madrid. Sin embargo hoy no matizan a Guardiola cuando indica que no va donde no les quieren, como si negar el Camp Nou para la final de Copa de 2004 no tuviera nada que ver. \u00bfqu\u00e9 motiva esta diferencia de trato?<\/p>\n<p>R.- Todas, absolutamente todas las fuentes que he consultado me han negado con rotundidad que el Bar\u00e7a negara el Camp Nou en la final de 2004. Ni siquiera lo ha sostenido la gente del propio Madrid. Hay testigos sobrados, puesto que en la reuni\u00f3n para decidir la sede de la final entre el Madrid y el Zaragoza hubo representantes de estos dos equipos (Butrague\u00f1o por el Real), del Sevilla y Alav\u00e9s (los otros dos semifinalistas) y de la federaci\u00f3n. Entonces nadie dijo absolutamente nada sobre una negativa del Bar\u00e7a pero, curiosamente, se ha querido confundir ocho a\u00f1os despu\u00e9s. Me parece que Guardiola zanj\u00f3 bien el tema: &#8220;No vamos donde no nos quieren&#8221;.<\/p>\n<p>P.- En los dos \u00faltimos partidos del Real Madrid, sus cr\u00f3nicas destacan los errores arbitrales favorables a los blancos y duda de las tarjetas amarillas que dejaron a los rivales con diez. \u00bfCree que no se aplic\u00f3 el reglamento? \u00bfPor qu\u00e9 nunca antes coment\u00f3 los errores favorables al Barcelona ni el hecho de que tantas veces jugara contra diez? Creo que no es justo con el Madrid. Muchas gracias. <\/p>\n<p>R.- Es cierto que he comentado en muchas ocasiones que no me gusta el tema arbitral. Si lo he mencionado en alguna cr\u00f3nica reciente es porque he considerado oportuno recordar ahora los argumentos conspirativos que lleg\u00f3 a utilizar Mourinho. Se quejaba de que ante el Bar\u00e7a todos acababan con diez, bueno, pues ahora, frente al Madrid, tambi\u00e9n. \u00bfNo tend\u00e1 m\u00e1s que ver con el excelente punto de forma de los madridistas, a los que es m\u00e1s dificil sujetar que nunca, que atacan, juegan y defienden como nunca? Ni antes conspiraban contra el Madrid, ni ahora contra el Bar\u00e7a. <\/p>\n","protected":false},"excerpt":{"rendered":"<p>El Redactor Jefe de Deportes charlar\u00e1 con los lectores el LUNES 20 a las 17.00<\/p>\n","protected":false},"author":1,"featured_media":0,"comment_status":"open","ping_status":"open","sticky":false,"template":"","format":"standard","meta":{"footnotes":""},"categories":[],"tags":[],"class_list":["post-9867","post","type-post","status-publish","format-standard","hentry"],"_links":{"self":[{"href":"https:\/\/intervius.com\/index.html\/wp-json\/wp\/v2\/posts\/9867","targetHints":{"allow":["GET"]}}],"collection":[{"href":"https:\/\/intervius.com\/index.html\/wp-json\/wp\/v2\/posts"}],"about":[{"href":"https:\/\/intervius.com\/index.html\/wp-json\/wp\/v2\/types\/post"}],"author":[{"embeddable":true,"href":"https:\/\/intervius.com\/index.html\/wp-json\/wp\/v2\/users\/1"}],"replies":[{"embeddable":true,"href":"https:\/\/intervius.com\/index.html\/wp-json\/wp\/v2\/comments?post=9867"}],"version-history":[{"count":0,"href":"https:\/\/intervius.com\/index.html\/wp-json\/wp\/v2\/posts\/9867\/revisions"}],"wp:attachment":[{"href":"https:\/\/intervius.com\/index.html\/wp-json\/wp\/v2\/media?parent=9867"}],"wp:term":[{"taxonomy":"category","embeddable":true,"href":"https:\/\/intervius.com\/index.html\/wp-json\/wp\/v2\/categories?post=9867"},{"taxonomy":"post_tag","embeddable":true,"href":"https:\/\/intervius.com\/index.html\/wp-json\/wp\/v2\/tags?post=9867"}],"curies":[{"name":"wp","href":"https:\/\/api.w.org\/{rel}","templated":true}]}}