{"id":9847,"date":"2012-02-17T00:00:00","date_gmt":"2006-11-06T00:00:00","guid":{"rendered":"https:\/\/intervius.com\/index.html\/?p=9847"},"modified":"2006-11-06T00:00:00","modified_gmt":"2006-11-06T00:00:00","slug":"Javier_G-_Matallanas9847","status":"publish","type":"post","link":"https:\/\/intervius.com\/index.html\/Javier_G-_Matallanas9847\/","title":{"rendered":"Javier G. Matallanas"},"content":{"rendered":"<p>Pregunta.- Que tal Mata? Pregunta tonta de final de semana&#8230; Me puse a pensar en un once hist\u00f3rico del Atletico (de lo que yo he visto) y me sali\u00f3 algo as\u00ed&#8230; Molina &#8211; Aguilera &#8211; Ujfalusi &#8211; Solozabal &#8211; Toni &#8211; Schuster &#8211; Caminero &#8211; Futre &#8211; Kiko &#8211; Kun &#8211; Torres. Con Abel, Simeone, Forlan, Pantic, Dominguez&#8230; en el banquillo. Aunque creo que el mejor futbolista que he visto con la rojiblanca fue el Juninho pre-salgadazo. \u00bfComo lo ves?. Un abrazo!<\/p>\n<p>Respuesta.- M\u00e1s que un once hist\u00f3rico, has hecho un once de las \u00faltimas dos d\u00e9cadas. Ah\u00ed te faltar\u00eda dar encaje a Pereira, Adelardo, Luis, G\u00e1rate, Peir\u00f3, Collar, Escudero, Ben Barek, Mendon\u00e7a, Griffa, Ovejero, Rub\u00e9n Cano&#8230; El equipo que has hecho es buen\u00edsimo, pero haciendo un once de toda la historia ser\u00eda a\u00fan mucho mejor&#8230; Un abrazo fuerte!!!<\/p>\n<p>P.- Hola , una pregunta sobre Koke del Atleti , parece que Simeone confia en el , crees que en un futuro se atrevera a ponerlo en su mejor posicion que es de pivote por delante de la defensa? ahi creo que es un crack como ha demostrado en la seleccion y el Atleti tendria una salida del balon muy fluida , \u00bf que opinas?<\/p>\n<p>R.- Diego Simeone est\u00e1 encantado con Koke. Dice que se est\u00e1 ganando el puesto en los entrenamientos. Acabar\u00e1 jugando en esa posici\u00f3n cuando adquiera m\u00e1s experiencia&#8230;<\/p>\n<p>P.- Hola Matallanas 1-\u00bfcomo esta vicente el ex del valencia en la 2\u00ba inglesa?2.-\u00bfque opinas de criscito Zenit?3.-y una que todavia no se ha hablado \u00bfcrees que Florentino va a seguir en el Real Madrid?gracias xD<\/p>\n<p>R.- Vicente est\u00e1 teniendo problemas con las lesiones, como desgraciadamente tuvo en su \u00faltima etapa en el Valencia. No he visto al defensa italiano Criscito lo suficiente como para opinar de \u00e9l. Creo que Florentino siempre se arrepentir\u00e1 de haberse ido en 2006 y no creo que se vuelva a ir, a no ser que le ganen en unas elecciones. Un abrazo!!!<\/p>\n<p>P.- Buenas Javier&#8230;.\u00bfCrees que esta Europa League es la m\u00e1s competida de la historia?<\/p>\n<p>R.- Posiblemente se la m\u00e1s competida de su corta historia. Recuerda a la fortaleza que tuvo tambi\u00e9n la Copa de la UEFA y, especialmente, la Recopa de Europa que disputaban los campeones de copa de cada pa\u00eds. La Europa League va a estar muy bonita y ojal\u00e1 la gane un equipo espa\u00f1ol (el Atleti anoche present\u00f3 su candidatura. igual que el Valencia, y el Athletic tambi\u00e9n con su formidable primer tiempo). <\/p>\n<p>P.- Hola Mata: te sigo siempre que puedo. Mi comentario es sobre la tan manida ya copa del rey. La negativa del Madrid ( pienso ) se debe unica y exclusivamente a que esta el Barsa en ella, has ahi de acuerdo y lo entiendo. Lo que no entiendo yo es que estando el Bilbao tambien le de el mismo trato, ya seque esta el otro. Pero mirandolo desde otro angulo, es una ocasion a tener en cuenta para recuperar lo que en dos temporadas a ido dejando por el camin o, es decir, el se\u00f1orio, la nobleza y el orgullo del que otrora se vanagloriaban que era ser el representante del futbol espa\u00f1ol ( solo hay que ver las banderas en el estadio ), quedar como hay que quedar. Otra cosa importante era la inyeccion de negocio que por unos dias iban a tener los bares, restaurante, hoteles u otro tipo de ocio, nohubiera estado nada mal. Soy neutral no del Barsa, pero desde aqui aconsejo al club cule que si hubiera pasillo no lo hiciera, pues el club no lo merece ya que su negativa es el Barsa y basta. Y no me atrevo a de cir que tanto Bilbao y Barsa deberian nombrar club non grato al Madrid por este menosprecio, desde mi humildad viva Espa\u00f1ay su gente de bien. Gracias por atenderme. <\/p>\n<p>R.- El Madrid filtra que no se la da al Bar\u00e7a porque en 2004 no le permiti\u00f3 jugar la final en el Camp Nou y la disput\u00f3 contra el Zaragoza en Montju\u00efc. Y adem\u00e1s argumenta que va a hacer obras. Pero resulta que en 2004 no hubo ni una queja porque no le dejaba el Bar\u00e7a jugar en el Camp Nou ni ninguna reclamaci\u00f3n p\u00fablica de querer jugar en el campo del Barcelona por parte del Madrid, como est\u00e1 haciendo ahora el Bar\u00e7a. Creo que el Real Madrid deber\u00eda permitir jugar la final en su campo, que deber\u00eda ser la sede fija de la final. La postura del Madrid me parece mal. Un saludo.<\/p>\n<p>P.- Mata, me pellizco y no me despierto! \u00bfC\u00f3mo es posible que ese equipo endeble y sin personalidad muestre el nivelazo que estamos viendo, especialmente en Europa, donde le metemos una tunda al tercero del Calcio&#8230; \u00bfQu\u00e9 porcentaje de posibilidades nos das de cara a ganar la Europa League?<\/p>\n<p>R.- La llegada del Cholo Simeone ha sido decisiva (se perdieron cinco meses porque deber\u00eda haber venido en julio). A ver como aguanta el ritmo la plantilla, jugando domingo, jueves&#8230; El Atl\u00e9tico es uno de los claros favoritos, pero no se debe desatar la euforia. <\/p>\n<p>P.- \u00bfHasta donde crees que puede llegar el Schalke?<\/p>\n<p>R.- Ya demostr\u00f3 la pasada temporada que puede pelear por tadas las competiciones. La llegada de Ra\u00fal ha aumentado el potencial de ese equipo claramente.<\/p>\n<p>P.- favoritos para el descenso? para mi sporting, racing y zaragoza<\/p>\n<p>R.- Habr\u00e1 muchos implicados en el descenso. El que lo tiene m\u00e1s complicado es el Zaragoza. Racingo y Zaragoza lo pasar\u00e1n mal, pero que no se descuiden Betis, Mallorca, Real Sociedad y Granada.<\/p>\n<p>P.- Javier figura m\u00f3jate! en 2012 hay JJ.OO y Eurocopa. a que competici\u00f3n llevarias a Thiago Alcantara? a Muniain? a De Gea? y como s posible llevar a 3 mayores de 23 a\u00f1os que te parecer\u00eda q fuese Ra\u00fal a los JJ.OO. para darle un homenaje? gracias crak<\/p>\n<p>R.- A Thiago, Muniain y De Gea les llevar\u00eda a los Juegos Ol\u00edmpicos. Me parecer\u00eda bien que llevaran a Ra\u00fal, que no ha ganado ni el Mundial ni la Eurocopa. Lo que no s\u00e9 es si Ra\u00fal aceptar\u00eda ese homenaje porque no quiso venir a recoger al gorra por las 100 internacionalidades haciendo un feo a la Federaci\u00f3n.<\/p>\n<p>P.- hola javier. terminada la primera decada del siglo XXI, cual ser\u00edan para t\u00ed los 5 mejores equipos de la misma? para m\u00ed por este orden ser\u00edan: 1\u00ba la Selecci\u00f3n Espa\u00f1ola(2008-10).2\u00ba El barca de Guardiola (2008-10). 3\u00ba El Madrid de Zidane (2000-02). El Mil\u00e1n de Kak\u00e1 (2004-07). 5\u00ba El Brasil del 2002.<\/p>\n<p>R.- La Roja, el Bar\u00e7a de Guardiola, el Bar\u00e7a de Rijkaard, el Valencia de Ben\u00edtez y el Madrid gal\u00e1ctico.<\/p>\n<p>P.- \u00a1Hola Enrique! Con motivo del fichaje de Clemente por el Sporting, seg\u00fan su opini\u00f3n, \u00bfqu\u00e9 le debe el f\u00fatbol espa\u00f1ol a Clemente? Muchas gracias.<\/p>\n<p>R.- Clemente dirigi\u00f3 bien a al Selecci\u00f3n en el Mundial 94, gan\u00f3 dos Ligas, una Copa y Supercopa con el Athletic hace tres d\u00e9cadas, y en sus \u00faltimos a\u00f1os no ha tenido mucho \u00e9xito. Lo que m\u00e1s se puede reprochar a Clemente es que en su etapa de seleccionador no consigui\u00f3 unidad en el entorno de la Selecci\u00f3n, m\u00e1s bien todo lo contrario. Dicho esto, que tenga mucha suerte en el Sporting de Gij\u00f3n, un hist\u00f3rico del f\u00fatbol espa\u00f1ol que merece estar siempre en Primera divisi\u00f3n.<\/p>\n<p>P.- Ves posible el ascenso del CD Tenerife a 2\u00aa division ?<\/p>\n<p>R.- El Tenerife tiene potencial para ascender y debe volver a Segunda. Es una l\u00e1stima que Antonio Calder\u00f3n no tuviera fortuna. Con los conocimientos futbol\u00edsticos de Quique Pina seguro que el Tenerife vuelve a tirar para arriba.<\/p>\n<p>P.- Don Javier , que posicion deberia reforzar el Atleti para la proxima campa\u00f1a ? Sugiere algun jugador ?<\/p>\n<p>R.- Dos laterales, Casado del Rayo ser\u00eda un buen recambio para el capit\u00e1n Antonio L\u00f3pez. Uno o dos delanteros y un par de centrocampistas. <\/p>\n<p>P.- Hola mata. no te parece un grave error deportivo dejar salir a reyes y no fichar a nadie para sustituirlo??? esper o mucho de fran merida , espero que le den oportunidades . Como va lo del fichaje del mediocentreo, a quien tienen en cartera??? vea al canario JHONATAN VIERA de rojiblanco, que hay del chori y javi marquez??? tienen a alguien que acabe contrato cerrado?? gracias desde vigo <\/p>\n<p>R.- Precisamente el regreso de Fran M\u00e9rida se puede considerar como recambio de Reyes. Jonhatan Viera lo tiene hecho con el Valencia y pudiera acabar en el Bar\u00e7a. No ha trascendido a\u00fan si tiene firmado a alg\u00fan futbolista que quede libre. <\/p>\n<p>P.- La ventaja entre RM y Bar\u00e7a es de diez puntos.\u00bfPodr\u00eda aumentar de aqu\u00ed a final de temporada,teniendo en cuenta que Guardiola dio por perdida la Liga tras el partido con el Osasuna?<\/p>\n<p>R.- No entend\u00ed yo que Guaridola diera por perdida la Liga tras el partido de Osasuna. Podr\u00eda aumentar la ventaja, pero yo creo que no ser\u00e1 as\u00ed, porque el Madrid est\u00e1 espectacular, pero no va a ganar todos los partidos de aqu\u00ed al final de temporada y se dejar\u00e1 alg\u00fan punto.<\/p>\n<p>P.- Hola JAVI. \u00bfCon cual te quedabas de esta lista de fichajes para el Atleti del proximo verano?: Bot\u00eda, B.Valero Guardado, G.Dos Santos, Michu, Chori Castro, V.Der Wiel.<\/p>\n<p>R.- Borja Valero y Michu ser\u00edan dos buenos futbolistas para el Atl\u00e9tico. Chori Castro y Bot\u00eda ser\u00edan tambi\u00e9n grandes refuerzos. Guardado creo que lo tiene hecho con el Valencia. <\/p>\n<p>P.- Buenaas JAVIER. El Madrid ha despertado de nuevo la atenci\u00f3n en el centrocampista Borja Valero. Tan buena est\u00e1 siendo su temporada que estar\u00edan dispuesto a incorporarle de nuevo a su plantel para mejorar su fluidez. Su calidad innata a la hora de controlar y distribuir el juego, su manejo del bal\u00f3n, su visi\u00f3n de juego, su capacidad de recuperar balones e incluso su potencial ofensivo son atributos que le diferencian del resto. Su llegada podr\u00eda permitir gozar de una mayor fluidez en el juego y de una mayor creaci\u00f3n, puesto que podr\u00eda adquirir el mismo rol de director de orquesta que adopta Xavi en el Barcelona. Una dupla Alonso, Valero ser\u00eda muy bien vista en el Bernabeu. Gracias. <\/p>\n<p>R.- Totalmente de acuerdo con tu exposici\u00f3n. No estar\u00eda mal que el Madrid recuperara a su canterano, igual que a Mata. Lo hizo el Bar\u00e7a con Piqu\u00e9 y F\u00e1bregas y fue un gran acierto.<\/p>\n<p>P.- Hola Mata. Si finalmente Ramos acude a la Eurocopa como central, \u00bfves a Juanfran como posible lateral seleccionable? y sobre todo, viendo el estado en el que se encuentra gente como Pedro y Navas, \u00bftiene posibilidades Adri\u00e1n si sigue al nivel actual o jugar\u00e1 J.J.O.O.?<\/p>\n<p>R.- Juanfran est\u00e1 teniendo una progresi\u00f3n impresionante de lateral. No es descabellado en absoluto pensar en \u00e9l para la Eurocopa. Juanfran ha sido internacional en todas las catogor\u00edas, por cierto, y le queda la absoluta. Adri\u00e1n estar\u00e1 ah\u00ed con posibilidades, es un delantero que ser\u00e1 muy importante en el f\u00fatbol espa\u00f1ol.<\/p>\n<p>P.- Buenas Mata. Jose Mourinho ha estado vigilando muy de cerca a Kyle Walker, lateral derecho del Tottenham. Un futbolista al que ya han comparado, por precipitado que parezca con Caf\u00fa, y que se ha convertido en una de las grandes sensaciones del combinado Spur. Su precio rondar\u00eda aproximadamente los 23 millones de euros. El Madrid fichara a un lateral derecho si o si. \u00bfVes mejores laterales derechos en el mercado?. Van der Wiel , Mario Fernandes del Gremio de Porto Alegre,&#8230;<\/p>\n<p>R.- Mourinho ya quer\u00eda fichar un lateral derecho en el mercado de invierno. No sab\u00eda lo de Kyle Walker. Cuesta mucho dinero, pero si pagaron 30 millones por Coentrao&#8230;<\/p>\n<p>P.- Hola Matallanas. \u00bfCrees que ser\u00e1 sencillo que el Atleti pueda comprar en propiedad a Diego la pr\u00f3xima temporada? Un saludo crack<\/p>\n<p>R.- Ser\u00e1 complicado porque el Wolfsburgo pedir\u00e1 mucho dinero por \u00e9l, pero si sigue a este nivel el Atl\u00e9tico deber\u00eda hacer un esfuerzo para comprarle. Diego es un grand\u00edsimo jugador. Abrazo!!!<\/p>\n<p>P.- Hola Mata. \u00bf Que va a pasar con Dominguez? Gracias.<\/p>\n<p>R.- Esperar\u00e1 su oportunidad para quitarle el sitio a Miranda. Si sigue sin jugar podr\u00eda plantearse salir, porque tiene ofertas, pero en principio no piensa en irse y est\u00e1 muy involucrado en el proyecto del Cholo.<\/p>\n<p>P.- Buenas Mata.No entiendo la cesi\u00f3n de Diego Costa al Rayo.Hubiera sido fundamental para dar descanso los \u00faltimos minutos a Falcao o Adri\u00e1n sobre todo en partidos sentenciados como el de ayer.\u00bfqu\u00e9 alternativas tiene Simeone ante la ausencia de Falcao o Adrian que llegaran?.La delantera y el lalteral derecho donde salvio no convence,considero que es donde el equipo anda m\u00e1s justito.\u00bfQu\u00e9 piensas?.Un saludo crak.<\/p>\n<p>R.- Est\u00e1 muy escaso de efectivos en la delantera, la vez que m\u00e1s que yo recuerde. Resulta que Diego Costa no hab\u00eda entrenado a\u00fan con el grupo cuando se ha ido al Rayo. Estaba apurando los plazos de recuperaci\u00f3n de su lesi\u00f3n. Y el Rayo le garantizaba minutos. Lo sorprendente es que en dos partidos ha marcado dos goles, y el Atl\u00e9tico en esos dos partidos no ha podido marcar. Creo que es buena decisi\u00f3n sus cesi\u00f3n, pero es mucho riesgo contar con tan solo dos delanteros. <\/p>\n","protected":false},"excerpt":{"rendered":"<p>Javier G. Matallanas, adjunto a la direcci\u00f3n de AS, charla con los lectores e internautas sobre la actualidad deportiva, poniendo especial atenci\u00f3n a la actualidad colchonera y al partido frente al Lazio en Europa League<\/p>\n","protected":false},"author":1,"featured_media":0,"comment_status":"open","ping_status":"open","sticky":false,"template":"","format":"standard","meta":{"footnotes":""},"categories":[],"tags":[],"class_list":["post-9847","post","type-post","status-publish","format-standard","hentry"],"_links":{"self":[{"href":"https:\/\/intervius.com\/index.html\/wp-json\/wp\/v2\/posts\/9847","targetHints":{"allow":["GET"]}}],"collection":[{"href":"https:\/\/intervius.com\/index.html\/wp-json\/wp\/v2\/posts"}],"about":[{"href":"https:\/\/intervius.com\/index.html\/wp-json\/wp\/v2\/types\/post"}],"author":[{"embeddable":true,"href":"https:\/\/intervius.com\/index.html\/wp-json\/wp\/v2\/users\/1"}],"replies":[{"embeddable":true,"href":"https:\/\/intervius.com\/index.html\/wp-json\/wp\/v2\/comments?post=9847"}],"version-history":[{"count":0,"href":"https:\/\/intervius.com\/index.html\/wp-json\/wp\/v2\/posts\/9847\/revisions"}],"wp:attachment":[{"href":"https:\/\/intervius.com\/index.html\/wp-json\/wp\/v2\/media?parent=9847"}],"wp:term":[{"taxonomy":"category","embeddable":true,"href":"https:\/\/intervius.com\/index.html\/wp-json\/wp\/v2\/categories?post=9847"},{"taxonomy":"post_tag","embeddable":true,"href":"https:\/\/intervius.com\/index.html\/wp-json\/wp\/v2\/tags?post=9847"}],"curies":[{"name":"wp","href":"https:\/\/api.w.org\/{rel}","templated":true}]}}