{"id":9828,"date":"2010-03-08T00:00:00","date_gmt":"2006-11-06T00:00:00","guid":{"rendered":"https:\/\/intervius.com\/index.html\/?p=9828"},"modified":"2006-11-06T00:00:00","modified_gmt":"2006-11-06T00:00:00","slug":"Jose_Samano9828","status":"publish","type":"post","link":"https:\/\/intervius.com\/index.html\/Jose_Samano9828\/","title":{"rendered":"Jos\u00e9 S\u00e1mano"},"content":{"rendered":"<p>Pregunta.- \u00bftan dif\u00edcil es nombrar al Sevilla FC? Sr. S\u00e1mano me puede decir por favor los mejores equipos de Europa por el coeficiente UEFA?<\/p>\n<p>Respuesta.- Buenas tardes y mil gracias de nuevo por su inter\u00e9s. No s\u00e9 a qu\u00e9 se refiere, pero a m\u00ed no me duele en absoluto reconocer los much\u00edsimos m\u00e9ritos del Sevilla en los \u00faltimos a\u00f1os. Creo que el club se ha profesionalizado como pocos y la gesti\u00f3n de Del Nido y Monchi merece todos los halagos. No vivo en Sevilla, pero me parece una instituci\u00f3n referente a la altura de muchos grandes de Europa y ya lleva a\u00f1os al frente de la \u00e9lite. Otra cosa es que Madrid y Bar\u00e7a a\u00fan le saquen alguna cabeza.<\/p>\n<p>P.- Hola Pepe! En primer lugar, gracias por tus fant\u00e1sticas cr\u00f3nicas. En segundo lugar, en cuanto a t\u00e9cnica y t\u00e1ctica se refiere, \u00bfen qu\u00e9 se diferencian Aragon\u00e9s y del Bosque? Gracias!<\/p>\n<p>R.- Gracias. Del Bosque concede mayor libertad al jugador, Luis era m\u00e1s obsesivo, los dos son buenos entrenadores, aunque me decanto por Del Bosque. El trabajo de Luis fue muy meritorio, pero no olvidemos que de no ser por las circunstancias que concurrieron, Albelda era el medio centro titular de Aragon\u00e9s. No digo que con \u00e9l Espa\u00f1a no hubiera podido ganar la Eurocopa, pero el estilo no hubiera sido el de los locos bajitos. Qued\u00e9monos con que la labor de Luis fue sabia y la de Del Bosque al darla continuidad, tambi\u00e9n.<\/p>\n<p>P.- \u00bfCree que si no hubiera sido por Valdano , Florentino hubiera echado a Pelegrini?<\/p>\n<p>R.- No lo creo. Florentino ha aprendido de la etapa anterior, y me parece que ahora ser\u00eda m\u00e1s paciente. No obstante, Jorge Valdano es un buen sosiego para los impulsos presidenciales. <\/p>\n<p>P.- Como es que cuando te refieres a Raul, Ramos etc dices que son jugadores del Madrid pero cuando te refieres a Villa dices que es asturiano? Que pasa con el Velencia, no existe?. El hecho de que ha jugado en ese equipo por varios anos no ha marcado ninguna diferiencia?. Y porque cada vez que se nombra a Villa siempre hay que decir que &#8220;es posible que se vaya a otro equipo? Que tienes contra Valencia? <\/p>\n<p>R.- Me parece que el f\u00fatbol despierta demasiadas susceptibilidades. Lo entiendo, porque al fin y al cabo se gestionan emociones, identidades, etc&#8230; Pero cr\u00e9ame que no tengo nada contra el Valencia ni contra nadie. Seguro que en alguna cr\u00f3nica saldr\u00eda el valencianista Villa o el andaluz Sergio Ramos. No son matices rebuscados, escribimos muy, pero que muy r\u00e1pido, y no vea mala intenci\u00f3n. Pero tomo nota y procurar\u00e9 no despertar recelos.<\/p>\n<p>P.- Hoy hemos le\u00eddo una entrevista muy interesante a Lance Amstron. Lo descartamos para el Tour o \u00bftal vez esperamos a Julio? Gr\u00e1cias y salud para todos.<\/p>\n<p>R.- De la excelente entrevista de Carlos Arribas deduzco que nadie deber\u00eda descartar a un genio como Lance Armstrong. Los mitos a veces parecen eternos, aunque en la entrevista el tejano parezca m\u00e1s humano que nunca. Si es as\u00ed, quiz\u00e1 haya perdido voracidad, apetito. Lo dudo. Me pega tiene varias capas y no est\u00e1 en el pelot\u00f3n para hacer bulto. Jam\u00e1s pens\u00e9 que el a\u00f1o pasado llegara al podio, y mire&#8230;<\/p>\n<p>P.- En el partido del s\u00e1bado entre el Madrid y el Sevilla, el 2\u00ba gol que recibi\u00f3 el Madrid fue por un error de comunicaci\u00f3n entre Alonso y Casillas. \u00bfA qui\u00e9n es achacable ese error?<\/p>\n<p>R.- Ambos tuvieron poca comunicaci\u00f3n y exceso de confianza entre uno y otro. En esos casos lo mejor es intervenir a la primera. Xabi debi\u00f3 haber despejado y punto. Pens\u00f3 en un posible rechace para el contrario y quiso asegurar con que Iker diera salida al juego. Cosas del f\u00fatbol que le pueden pasar a cualquiera, incluso a dos grandes como Alonso y Casillas.<\/p>\n<p>P.- Buenas tardes, Jos\u00e9. \u00bfPor qu\u00e9 los periodistas deportivos lo supedit\u00e1is pr\u00e1cticamente todo al resultado? \u00bfPor qu\u00e9 el Bar\u00e7a de Guardiola era &#8220;maravilloso&#8221; mientras lo ganaba todo y ha pasado a ser &#8220;anest\u00e9sico&#8221; el d\u00eda que ha perdido el liderato?<\/p>\n<p>R.- El resultado no es el \u00fanico condicionante, pero desde luego no es irrelevante. Cuando escrib\u00eda hoy lo del f\u00fatbol anest\u00e9sico del Bar\u00e7a no ten\u00eda ning\u00fan sentido peyorativo, ni much\u00edsimo menos. Era una met\u00e1fora (mal elegida, por lo que se ve) para definir el habitualmente delicionso juego del Bar\u00e7a, pausado, de escuadra y cartab\u00f3n, con la pelota cosida, con la idea de que corra el bal\u00f3n m\u00e1s que los futbolistas&#8230; Un sistema que muchas veces llega a hipnotizar a los adversarios. En el Madrid, por ejemplo, todo es m\u00e1s en\u00e9rgico, vitalista&#8230; El Bar\u00e7a ha explotado su veta; el Madrid est\u00e1 en ello. las dos v\u00edas son v\u00e1lidas, ambas pueden ser muy vistosas e igual de eficaces. <\/p>\n<p>P.- cual es tu alineacion para el partido contra el lyon.Raz\u00f3nese la respuesta.<\/p>\n<p>R.- Casillas; Ramos, Garay, Albiol, Arbeloa; Granero, Lass, Guti; Kak\u00e1; CR e Higua\u00edn. El centro del campo no es mi preferido, pero sancionados Marcelo y Xabi Alonso no veo otras alternativas: Mahmadou Larr\u00e0 qued\u00f3 marcado en el partido de ida, Gago est\u00e1 deprimido y desconvocado desde hace muchas semanas y apostar de inicio por Van der Vaart y Guti, que llevan mucho tiempo sin competir por las lesiones, ser\u00eda arriesgado. Quiz\u00e1 mejor, uno de inicio y otro como recurso a lo largo del partido. Se demuestra que el medio es la l\u00ednea m\u00e1s fr\u00e1gil del equipo, la que menos variantes ofrece. No hay dos &#8220;alonsos&#8221;, no hay dos &#8220;gutis&#8221;; hay dos &#8220;diarras&#8221;.<\/p>\n<p>P.- Disfrut\u00e9 como madridista de la remontada del s\u00e1bado. Pero ya en fr\u00edo me surgen algunas dudas. El Madrid s\u00f3lo muestra fortaleza defensiva con el marcador a favor. Qu\u00e9 habr\u00eda pasado si con 0-2 el Sevilla no hubiese reculado tanto? De qu\u00e9 estar\u00edamos hablando ahora si en las mismas circunstancias el enemigo hubiese sido, pongamos, el Chelsea. el Manchester o el propio Barcelona? Gracias por esta charla Sr. S\u00e1mano, los lunes no ser\u00edan lo mismo.<\/p>\n<p>R.- Gracias a usted. No dir\u00eda que el Madrid tuvo fragilidad defensiva. M\u00e1s bien recibi\u00f3 dos goles un tanto accidentales. Pero un apunte sobre el primero: quien lleg\u00f3 a esposar a Negredo fue Xabi Alonso; hace tiempo que no veo a Lass llegar donde no alcanzan los centrales, cuando se supone que es quien maneja la escoba. En el segundo tanto, fue, como dec\u00eda antes, un exceso de confianza. No olvide, por otra parte, que si el Sevilla recul\u00f3 fue porque le empotr\u00f3 el Madrid y no supo encontrar un ant\u00eddoto ante el vendaval. Defensivamente el Madrid es s\u00f3lido, muy s\u00f3lido por ahora.<\/p>\n<p>P.- Buenas tardes, Sr. S\u00e1mano. \u00bfNo cree que Xabi Alonso est\u00e1 sobrevalorado como &#8220;director de juego&#8221;? Cuando entra Guti, Xabi desaparece porque donde hay patr\u00f3n no mada marinero. El que dirige es Guti, no Xabi. Creo que los comentaristas ensalzan sus cualidades exageradamente, y que ahora se centran en criticar a Lass. <\/p>\n<p>R.- Dir\u00eda que Alonso es el primer director de juego, maneja las luces cortas y las largas. Su problema es cuando tiene que defender y dirigir al mismo tiempo. En Anfield, Mascherano le cubr\u00eda la espalda; en la selecci\u00f3n, Sergio Busquets es su pareja perfecta. En el Madrid, Pellegrini, con buen criterio, lo intent\u00f3 con Lass, pero el franc\u00e9s, quiz\u00e1 por el eco de los elogios, muchas veces quiere abarcar m\u00e1s de lo que puede, se dispersa y el eje se descoloca. Esta temporada, cuando ha jugado centrado, me ha recordado m\u00e1s al Gago ansioso por la ubicuidad que al Lass de la temporada pasada, cuando se ce\u00f1\u00eda a su papel.<\/p>\n<p>P.- Hola jose,felicidades por su trabajo.Error en el cambio de etoo por Ibra,decadencia absoluta de henry,baja forma alarmante de marquez y Toure,error en el fichaje de chigrinsky,pocos jugadores resolutivos(solo messi)y plantilla corta.Estos son para mi los motivos por los que el bar\u00e7a no esta al nivel del a\u00f1o pasado\u00bfesta de acuerdo?<\/p>\n<p>R.- Todo es discutible, por supuesto, salvo un dato: este Bar\u00e7a tiene un punto m\u00e1s a estas alturas del Liga que el de la temporada pasada. \u00bfQu\u00e9 ha cambiado? El Madrid, un rival mucho m\u00e1s feroz que el Madrid de hace un a\u00f1o. Adem\u00e1s, hay jugadores del Bar\u00e7a que llevan una sobrecarga brutal. Hoy me recordaban que Messi lleva trece partidos consecutivos sin descanso&#8230; <\/p>\n<p>P.- Hola Jos\u00e9, \u00bfcree que el Bar\u00e7a ser\u00e1 capaz otra vez de poner la sexta marcha para llegar con garant\u00edas al final del campeonato? Muchas gracias.<\/p>\n<p>R.- Si salva la semana con el Valencia y el Sttutgart es muy probable que se rearme y, desde luego, llegue con garant\u00edas al final. Otra cosa es que puede con este Madrid. Insisto, si se miran los puntos de ambos resulta impresionante.<\/p>\n<p>P.- Buenas tardes Jos\u00e9. El Mundial cada vez est\u00e1 m\u00e1s cerca y cuando leo o escucho tantas opiniones euf\u00f3ricas sobre lo favorita que es la selecci\u00f3n espa\u00f1ola no puedo evitar un cierto tembleque. \u00bfUsted qu\u00e9 opina? \u00bfno deber\u00edamos ser m\u00e1s prudentes sabiendo que en el Mundial una mala tarde te condena?<\/p>\n<p>R.- Mejor ser positivo con motivos que negativo sin ellos. Cruyff sosten\u00eda que los catalanes eran demasiado pesimistas, que necesitaban creer m\u00e1s en s\u00ed mismos. Lo consigui\u00f3 en el Bar\u00e7a. Si el Mundial fuera una Liga, Espa\u00f1a, sin duda, jugar\u00eda la final con Brasil. En un sprint de siete partidos, una mala tarde condena a cualquiera. Cierto; pero mejor tenerse fe.<\/p>\n<p>P.- Buenas tardes Jos\u00e9. Me encantan las entrevistas que hac\u00e9is de vez en cuando a leyendas (la \u00faltima a Giresse, las de previa de Champions como Alan Kennedy, etc.) pero tengo una queja: \u00bfpor qu\u00e9 son tan cortas? \u00bfPor qu\u00e9 no le dedic\u00e1is m\u00e1s espacio? Tienen de todo: historia, actualidad, an\u00e9cdotas. Gracias!<\/p>\n<p>R.- \u00a1Qu\u00e9 m\u00e1s quisi\u00e9ramos! El papel est\u00e1 limitado en estos tiempos de penumbras econ\u00f3micas.<\/p>\n<p>P.- Buenas tardes Pepe. Que piensas de Kaka ? Parece un error de casting. No entiendo que no sepa adaptarse a un juego de desmarque y toque. <\/p>\n<p>R.- El sistema no es el mismo que en el Milan, donde por cierto no brill\u00f3 mucho en la \u00faltima temporada. En el Madrid se dan otras circunstancias t\u00e1cticas, el equipo se despliega con m\u00e1s caballer\u00eda ofensiva que cualquier equipo del calcio y hay que saber ocupar los espacios y el papel de cada uno. Pero Kak\u00e1 tiene talento, fundamental para su rehabilitaci\u00f3n.<\/p>\n<p>P.- No hay que proteger a ning\u00fan jugador por encima de otros, pero no es normal que un jugador este recibiendo estopa durante 70 min y cuando se intenta zafar de un agarr\u00f3n claro le expulsen (Reyes, Cristiano, aunque \u00e9ste le rompi\u00f3 la nariz al contrario) \u00bfPara cu\u00e1ndo &#8220;La Mejor Liga del Mundo&#8221; va a tener un arbitraje a la altura de su supuesto nivel? <\/p>\n<p>R.- Lo siento, no soy nada optimista. El arbitraje cada semana es un tiro al aire, una ruleta incontrolada. <\/p>\n<p>P.- \u00bftiene dos caras pep guardiola?<\/p>\n<p>R.- No, s\u00f3lo una y bien saludable. Eso me parece a m\u00ed. Sostengo que gente como Guardiola es una suerte para el f\u00fatbol espa\u00f1ol.<\/p>\n<p>P.- Y ya que es 8 de marzo, para cuando vamos a intentar igualar algo el tratamiento periodistico del deporte masculino con el femenino?<\/p>\n<p>R.- En bien pocos d\u00edas hemos publicado entrevistas con Martina Navratilova, Nadia Comaneci y Edurne Pasab\u00e1n. No es una cuesti\u00f3n de equilibrio, sino que, por distintos motivos, el deporte femenino espa\u00f1ol quiz\u00e1 haya bajado alg\u00fan pelda\u00f1o. De hecho hay un inter\u00e9s por parte de las autoridades de darle un nuevo impulso. Ojal\u00e1 se consiga.<\/p>\n","protected":false},"excerpt":{"rendered":"<p>Este fin de semana, la Liga ha cambiado de l\u00edder. El Real Madrid remont\u00f3 un partido muy dif\u00edcil ante el Sevilla y ahora comanda la tabla clasificatoria, tras empatar el Barcelona en Almer\u00eda, con Ibrahimovic y Guardiola expulsados. El redactor Jefe de Deportes de EL PA\u00cdS, Jos\u00e9 S\u00e1mano, ha charlado con los lectores de la jornada de Liga y de toda la actualidad deportiva.<br \/>\nARCHIVO DE ENTREVISTAS:<br \/>\n&#8211; 1 de marzo &#8211; 22 de febrero<br \/>\n&#8211; 15 de febrero 8 de febrero<br \/>\n&#8211; 1 de febrero &#8211; 18 de enero<br \/>\n11 de enero 21 de diciembre<br \/>\n14 de diciembre &#8211; 7 de diciembre<br \/>\n30 de noviembre &#8211; 23 de noviembre<br \/>\n&#8211; 16 de noviembre &#8211; 9 de noviembre<br \/>\n&#8211; 2 de noviembre -26 de octubre<br \/>\n&#8211; 26 de octubre -19 de octubre<br \/>\n&#8211; 5 de octubre &#8211; 28 de septiembre<br \/>\n&#8211; 21 de septiembre &#8211; 14 de septiembre<\/p>\n","protected":false},"author":1,"featured_media":0,"comment_status":"open","ping_status":"open","sticky":false,"template":"","format":"standard","meta":{"footnotes":""},"categories":[],"tags":[],"class_list":["post-9828","post","type-post","status-publish","format-standard","hentry"],"_links":{"self":[{"href":"https:\/\/intervius.com\/index.html\/wp-json\/wp\/v2\/posts\/9828","targetHints":{"allow":["GET"]}}],"collection":[{"href":"https:\/\/intervius.com\/index.html\/wp-json\/wp\/v2\/posts"}],"about":[{"href":"https:\/\/intervius.com\/index.html\/wp-json\/wp\/v2\/types\/post"}],"author":[{"embeddable":true,"href":"https:\/\/intervius.com\/index.html\/wp-json\/wp\/v2\/users\/1"}],"replies":[{"embeddable":true,"href":"https:\/\/intervius.com\/index.html\/wp-json\/wp\/v2\/comments?post=9828"}],"version-history":[{"count":0,"href":"https:\/\/intervius.com\/index.html\/wp-json\/wp\/v2\/posts\/9828\/revisions"}],"wp:attachment":[{"href":"https:\/\/intervius.com\/index.html\/wp-json\/wp\/v2\/media?parent=9828"}],"wp:term":[{"taxonomy":"category","embeddable":true,"href":"https:\/\/intervius.com\/index.html\/wp-json\/wp\/v2\/categories?post=9828"},{"taxonomy":"post_tag","embeddable":true,"href":"https:\/\/intervius.com\/index.html\/wp-json\/wp\/v2\/tags?post=9828"}],"curies":[{"name":"wp","href":"https:\/\/api.w.org\/{rel}","templated":true}]}}