{"id":9826,"date":"2010-03-09T00:00:00","date_gmt":"2006-11-06T00:00:00","guid":{"rendered":"https:\/\/intervius.com\/index.html\/?p=9826"},"modified":"2006-11-06T00:00:00","modified_gmt":"2006-11-06T00:00:00","slug":"Jose_Miguel_Almagro9826","status":"publish","type":"post","link":"https:\/\/intervius.com\/index.html\/Jose_Miguel_Almagro9826\/","title":{"rendered":"Jos\u00e9 Miguel Almagro"},"content":{"rendered":"<p>Pregunta.- \u00bfQu\u00e8 cualidad o cualidades crees que necesita un periodista? Por cierto antes de que se me vuelva a olvidar, Bienvenido al grupo \ud83d\ude42<\/p>\n<p>Respuesta.- Muchas gracias por la bienvenida y por la pregunta. La cualidad fundamental creo que es amar este trabajo, es muy vocacional. Esta profesi\u00f3n no tiene otro truco que no sea trabajar, trabajar y trabajar. Si te refieres exactamente a la labor en Callejeros, la psicolog\u00eda es fundamental. Tener siempre los pies en la tierra y respetar a las personas que tienes delante, que como siempre decimos, son los aut\u00e9nticos protagonistas.<\/p>\n<p>P.- \u00bfcomo afrentas este nuevo reto en tu vida? haber si algun dia te pasas por vallecas a hacer un reportaje saludos!!<\/p>\n<p>R.- Por supuesto con mucha ilusi\u00f3n. Llevo ya un a\u00f1o en el programa y esa ilusi\u00f3n no se pierde. Cada reportaje tiene que estar perfecto, o por lo menos que te vayas al hotel pensando que has dado todo lo que ten\u00edas en la grabaci\u00f3n. Profesionalmente es otro paso m\u00e1s, y por ello, la exigencia es mayor, m\u00e1s si cabe de uno mismo que la del programa en s\u00ed. En cu\u00e1nto a lo de Vallecas, no lo dudes. Lo apuntaremos en la agenda de direcci\u00f3n y seguro que nos vemos por all\u00ed m\u00e1s pronto que tarde. Un saludo y gracias.<\/p>\n<p>P.- Hola champion!! Oye, como las prefieres, rubias o morenas?? Jajaja, un besazo<\/p>\n<p>R.- Mientras se dejen grabar, cualquiera me valen!!jajaja. Gracias Mar\u00eda, t\u00fa tambi\u00e9n eres una campeona.<\/p>\n<p>P.- \u00bfC\u00f3mo consigue Callejeros ponese en contacto con Ram\u00f3n de Pitis, la vecina de Valencia, etc. para hacer su especial reportaje 200?<\/p>\n<p>R.- Buscando, sin m\u00e1s. Puede pasar que tengamos el n\u00famero de tel\u00e9fono de alg\u00fan contacto que ya hemos grabado, en tal caso nos ponemos en contacto con \u00e9l. Si no lo tenemos o se ha cambiado de n\u00famero y cosas por el estilo, no tiene m\u00e1s que patear la calle. El periodismo al fin y al cabo es eso, contar historias de la calle, y esas historias se encuentran andando y andando. Algunos de esos personajes se han encontrado volviendo a salir a la calle y preguntando sin parar. A veces hay m\u00e1s trabajo detr\u00e1s de la c\u00e1mara que el que la gente ve delante. Muchas gracias.<\/p>\n<p>P.- Hola!! \u00bfpor que as decidido incorporarte a callejeros?<\/p>\n<p>R.- Hola, gracias por la pregunta. La decisi\u00f3n no es otra que un gran paso profesional. Anteriormente hac\u00eda un programa del mismo formato llamado En el punto de mira en la Televisi\u00f3n Auton\u00f3mica de Murcia. Al llamarme, no me lo pens\u00e9 dos veces. Para m\u00ed la adaptaci\u00f3n no ha sido complicada al venir de un programa parecido, pero s\u00ed son diferentes los recursos y el tiempo con el que se cuenta a la hora de hacer un reportaje. Un saludo.<\/p>\n<p>P.- \u00bfque lugar te ha gustado mas visitar?\u00bfquien crees que hace el mejor reportaje de callejeros viajeros? gracias x contestar<\/p>\n<p>R.- Buenas Jazmina. De momento he tenido la oportunidad de grabar dos Callejeros Viajeros, Oporto y Nueva Orle\u00e1ns, con lo cu\u00e1l no tengo mucha variedad para decidir&#8230;jejeje. Ambos destinos han sido muy bonitos, pero reconozco que ninguno me ha apasionado excesivamente. En cu\u00e1nto a la segunda pregunta, creo que si algo tienen de bueno tanto Callejeros como Callejeros Viajeros es que cada reportero tiene un estilo propio. El mismo reportaje cada uno lo har\u00eda de una manera diferente siguiendo la misma l\u00ednea. El espectador manda, y por lo tanto, vosotros m\u00e1s que nosotros sabr\u00e9is qui\u00e9n os gusta m\u00e1s y qui\u00e9n menos. Para gustos los colores. En periodismo creo que siempre hay que tener claro que no le puedes gustar a todo el mundo, y como ya he dicho antes, lo importante es que lo des todo en cada reportaje. Gracias.<\/p>\n<p>P.- te daria miedo meterte en un lugar que sabes que es peligroso<\/p>\n<p>R.- Por suerte he tenido la oportunidad de estar en unos cu\u00e1ntos, tanto cuando grababa en Murcia como ahora. Y digo suerte porque son personas como todos, con sus virtudes y tambi\u00e9n con sus problemas. Afortunadamente tambi\u00e9n, soy de los que me gustan los retos, y entrar en una zona conflictiva me llama la atenci\u00f3n. No por la zona en s\u00ed, sino porque ah\u00ed es d\u00f3nde la mente del periodista debe saber entender todo lo que sucede a su alrededor y plasmarlo de la mejor manera posible. Hay que tener mucha psicolog\u00eda para mostrar cosas que en un primer momento quiz\u00e1 esa gente es reacia a hacerlo. Si se hace siempre con respeto, no creo que haya que tenerle miedo a nada. Un saludo.<\/p>\n<p>P.- \u00bfDonde realizar\u00edas tu reportaje so\u00f1ado?<\/p>\n<p>R.- Mi reportaje so\u00f1ado estuvo a punto de salir a la luz el a\u00f1o pasado y por problemas ajenos a nosotros no lo pudimos realizar. Espero que este a\u00f1o se cumpla: la Ant\u00e1rtida. Creo que es un lugar que merece la pena conocer y con unos paisajes incre\u00edbles. Desde luego, me ir\u00eda all\u00ed de cabeza. Islandia tambi\u00e9n es otro destino que tengo marcado desde hace muchos a\u00f1os. Es un pa\u00eds en el que se puede ver de todo lo imaginable, y al estilo de la Ant\u00e1rtida, tambi\u00e9n parajes sobrenaturales. Un saludo y gracias.<\/p>\n<p>P.- que es lo mas fuerte que has vivido?<\/p>\n<p>R.- Buenas y gracias Mariano. Destacar\u00eda dos momentos: el primero a\u00fan en Murcia haciendo un reportaje de c\u00e1mara oculta. Era sobre curanderos y videntes y me toc\u00f3 grabar una secuencia s\u00f3lo en un lugar bastante perdido. All\u00ed resultaba que iba gente de toda Espa\u00f1a a un curandero que hablaba con la Virgen y le solucionaba todos sus problemas. Yo, evidentemente, quer\u00eda plasmar eso y casi me quedo sin aliento cuando estuvieron a punto de pillarme&#8230;jejeje. Fue un momento bastante tenso pero que al final sali\u00f3 todo bien. El segundo quiz\u00e1 en el reportaje de La paz y La fama en Callejeros, en un bloque de drogodependientes. Algunas amenazas y sobre todo muy atento alrededor por todo lo que pueda pasar, de hecho incluso nos echaron porque ven\u00eda la polic\u00eda a realizar un registro. Al final, con respeto y educaci\u00f3n, no hubo mayores problemas. Un saludo.<\/p>\n<p>P.- Hola, en primer lugar felicidades por tu reportaje de anoche sobre Nueva Orleans \u00bfNo crees que el futuro de callejeros viajeros es realizar reportajes como los que dieron fama al programa de callejeros nacional? esto es, programas en los que el reportero hable (en ingles) con los nativos de cada lugar, donde haya mas denuncia social y que no sea tanto un programa de &#8220;turismo&#8221;. Por ejemplo un reportaje centrado en los policias de Nueva York.<\/p>\n<p>R.- Muchas gracias por la felicitaci\u00f3n y por la pregunta. Lo que comentas ser\u00eda algo ideal para todos los reporteros del programa, pero es misi\u00f3n casi imposible. Cuando entramos a barrios pol\u00e9micos de esas ciudades (cosa que otros programas del mismo formato no hacen) intentamos representar todo lo que all\u00ed sucede, sus problemas y sus necesidades. Pero al fin y al cabo son ciudades desconocidas para nosotros, en las que realmente ese desconocimiento puede ponernos en serio peligro. Imag\u00ednate en el peor barrio de Nueva Orle\u00e1ns (que por cierto grabamos), d\u00f3nde todo el mundo tiene un arma y tiene miedo a los atracos, nosotros nos presentemos s\u00f3los llamando a la puerta de cada uno y explicando que somos de otro pa\u00eds, etc. Realmente no es algo sencillo, y cre\u00e9me que cuando se puede, todos los reporteros lo intentamos llevar a cabo. Un saludo.<\/p>\n<p>P.- cuando vais a ir a Ecuador-Quito????????? es una de las capitales mas importantes de suramerica.Callejeros viajeros por favor ir a QUITO<\/p>\n<p>R.- Sin duda alguna, se ir\u00e1 a Quito. Seguro que la direcci\u00f3n del programa ya tiene marcada con una X esa ciudad. Sigue atentamente el programa y cuando menos te lo esperes, ver\u00e1s esa capital en pantalla. Un saludo y muchas gracias.<\/p>\n","protected":false},"excerpt":{"rendered":"<p>Pregunta.- \u00bfQu\u00e8 cualidad o cualidades crees que necesita un periodista? Por cierto antes de que se me vuelva a olvidar, Bienvenido al grupo \ud83d\ude42 Respuesta.- Muchas gracias por la bienvenida y por la pregunta. La<span class=\"theme-excerpt-more\"> [&#8230;] <a href=\"https:\/\/intervius.com\/index.html\/Jose_Miguel_Almagro9826\/\" title=\"Jos\u00e9 Miguel Almagro\">Read More<\/a><\/span><\/p>\n","protected":false},"author":1,"featured_media":0,"comment_status":"open","ping_status":"open","sticky":false,"template":"","format":"standard","meta":{"footnotes":""},"categories":[],"tags":[],"class_list":["post-9826","post","type-post","status-publish","format-standard","hentry"],"_links":{"self":[{"href":"https:\/\/intervius.com\/index.html\/wp-json\/wp\/v2\/posts\/9826","targetHints":{"allow":["GET"]}}],"collection":[{"href":"https:\/\/intervius.com\/index.html\/wp-json\/wp\/v2\/posts"}],"about":[{"href":"https:\/\/intervius.com\/index.html\/wp-json\/wp\/v2\/types\/post"}],"author":[{"embeddable":true,"href":"https:\/\/intervius.com\/index.html\/wp-json\/wp\/v2\/users\/1"}],"replies":[{"embeddable":true,"href":"https:\/\/intervius.com\/index.html\/wp-json\/wp\/v2\/comments?post=9826"}],"version-history":[{"count":0,"href":"https:\/\/intervius.com\/index.html\/wp-json\/wp\/v2\/posts\/9826\/revisions"}],"wp:attachment":[{"href":"https:\/\/intervius.com\/index.html\/wp-json\/wp\/v2\/media?parent=9826"}],"wp:term":[{"taxonomy":"category","embeddable":true,"href":"https:\/\/intervius.com\/index.html\/wp-json\/wp\/v2\/categories?post=9826"},{"taxonomy":"post_tag","embeddable":true,"href":"https:\/\/intervius.com\/index.html\/wp-json\/wp\/v2\/tags?post=9826"}],"curies":[{"name":"wp","href":"https:\/\/api.w.org\/{rel}","templated":true}]}}