{"id":982,"date":"2007-02-05T00:00:00","date_gmt":"2006-11-06T00:00:00","guid":{"rendered":"https:\/\/intervius.com\/index.html\/?p=982"},"modified":"2006-11-06T00:00:00","modified_gmt":"2006-11-06T00:00:00","slug":"Luis_Pastor982","status":"publish","type":"post","link":"https:\/\/intervius.com\/index.html\/Luis_Pastor982\/","title":{"rendered":"Luis Pastor"},"content":{"rendered":"<p>Pregunta.- \u00bf C\u00f3mo ve el futuro de todo cantautores de este pa\u00eds?<\/p>\n<p>Respuesta.- El futuro muy oscuro&#8230; el futuro de un cantautor al igual que el futuro de cualquier otra persona, que se dedica a otro oficio, est\u00e1 ligado al devenir de los tiempos. La salvaci\u00f3n nunca podr\u00e1 ser del individuo o nos salvavamos todos o no hacemos nada.<\/p>\n<p>P.- Estoy escuchando el cd en estos momentos, es fant\u00e1stico, una gozada. La uni\u00f3n Saramago-L.Pastor un lujo. Gr\u00e0cias.<\/p>\n<p>R.- Gracias a ti por tu sensibilidad, por tu coraz\u00f3n y tus o\u00eddos. En estos tiempos de incertidumbre la poes\u00eda sigue siendo un espejo donde reflejar nuestros sentimientos y nuestra alma&#8230; nuestras emociones. <\/p>\n<p>P.- Hola. \u00bf Desde fuera de Extremadura como ves Extremadura? Tu canci\u00f3n con BeBe es sencillamente genial. Un saludo.<\/p>\n<p>R.- La veo con nostalgia y la veo en la distancia de los a\u00f1os como una comunidad nueva que ha sabido salir de la pobreza, de la miseria y de la vida que fue la ni\u00f1ez de la mayor\u00eda de mi generaci\u00f3n. <\/p>\n<p>P.- Buenas tardes compa\u00f1ero Para cuando un nuevo disco en directo, con dem\u00e1s cantautores de tu estilo, llach, sabina, serrat, victor y ana, ismael serrano. 1 Saludo<\/p>\n<p>R.- No tengo previsto ning\u00fan disco en directo, hice dos en los 90, La Torre de Babel en un bar de C\u00e1ceres y el directo del teatro romano de M\u00e9rida, y el a\u00f1o pasado sali\u00f3 un disco de d\u00faos con la colaboraci\u00f3n de muchos cantautores y amigos.<\/p>\n<p>P.- \u00bf No cree Vd. que nuestra transici\u00f3n nos ha llevado desde una dictadura a un sistema solo formalmente democr\u00e1tico que enmascara un capitalismo salvaje? <\/p>\n<p>R.- Tienes toda la raz\u00f3n, con la ca\u00edda del muro de Berl\u00edn y la desintegraci\u00f3n del bloque socialista ha emerguido triunfante un \u00fanico concepto de vida tanto en lo idel\u00f3gico como en lo filos\u00f3fico que es el capitalismo al que t\u00fa aludes. <\/p>\n<p>P.- Con tu puedo y mi quiero&#8230; \u00bfpor qu\u00e9 ya no hay artistas capaces de hacer &#8220;himnos&#8221; como ese? \u00bfCrees que el fin econ\u00f3mico ya ha vencido definitivamente al art\u00edstico o al social en las canciones?<\/p>\n<p>R.- A lo largo de la historia de la canci\u00f3n de autor a parte de este poema de Benedeti que yo musiqu\u00e9 han quedado para la historia himnoscomo la Estaca de Lluis Llach, El canto a la libertad de Labordeta, A cantaros de Pablo Guerrero y otros m\u00e1s que est\u00e1n ah\u00ed&#8230; pero si es cierto que en este principio de siglo se han hecho pocos himnos, quiz\u00e1s el No a la Guerra. En cuanto a tu segunda pregunta: Para nada. Desde mi punto de vista, yo sigo componiendo, grabando y cantando sin la premisa de la industria. Desde el a\u00f1o 92 grabo mis propios discos sin tener que rendir pleites\u00eda al entramado de la industria discogr\u00e1fica. <\/p>\n<p>P.- Hola Luis, necesitamos tu m\u00fasica de agua y luz desde las esquinas del alma en Mallorca, \u00bfTienes previsto venir este a\u00f1o por fin? Te esperamos, y no pares nunca de guiarnos hacia la belleza. Un abrazo<\/p>\n<p>R.- Me gustar\u00eda ir a Mallorca, pero dependo de que alg\u00fan programador cultural de esas islas se ponga en contacto conmigo a trav\u00e9s de la oficina. <\/p>\n<p>P.- Hola Luis, te sigo desde hace tiempo, y creo que en cada disco te superas m\u00e1s, incluyendo esta colaboraci\u00f3n con Jos\u00e9 Saramago demostrando la conexi\u00f3n entre literatura y m\u00fasica. \u00bfNo crees que esta conexi\u00f3n est\u00e1 siendo un poco olvidada en el panorama musical actual? Gracias.<\/p>\n<p>R.- La poes\u00eda sigue siendo minoritaria, sigue siendo un acto intimo como casi escuchar este disco. Creo que hay que escucharlo en la intimidad y en la soledad cotidiana. Siempre habr\u00e1 m\u00fasicos que rescaten del olvido la poes\u00eda que se escribi\u00f3 y se sigue escribiendo en nuestro pa\u00eds. <\/p>\n<p>P.- Hola Luis. Ante los problemas de los a\u00f1os previos a la transici\u00f3n pol\u00edtica espa\u00f1ola surgieron muchos cantautores. Ayudasteis, con vuestras canciones, a crear conciencia pol\u00edtica. Ante los problemas nuevos de hoy, cu\u00e1l es el panorama de los cantautores? Gracias. <\/p>\n<p>R.- En estos tiempos de incertidumbre y dificultades para reconocernos y asumirnos en el desasosiego, en la inquietud y en la angustia, en este modelo de civilizaci\u00f3n desbocada e injusta en los social, en lo cultural y en lo econ\u00f3mico, necesitamos reflexionar y las propuestas de algunos cantautores siguen yendo por ah\u00ed.<\/p>\n<p>P.- \u00bfComo fue el encuentro con Saramago? \u00bfYa os conociais?<\/p>\n<p>R.- S\u00ed, nos conocimos en Lanzarote hace diez a\u00f1os cuando le hicieron hijo predilecto. Al d\u00eda siguiente hicimos un programa en su casa para la televisi\u00f3n portuguesa y desde ese d\u00eda han sido frecuentes nuestros encuentros y sobre todo en las movilizaciones contra la guerra de Irak. <\/p>\n<p>P.- Soy m\u00e1s fan de tus conciertos que de tus discos, por eso, \u00bfpara cu\u00e1ndo de nuevo por los madriles? que al \u00faltimo no pude ir<\/p>\n<p>R.- Supongo que en Galileo nos veremos, actu\u00e9 en enero y si puedo me programar\u00e9 para marzo o abril. <\/p>\n<p>P.- Cuando cantaste en Nantes (Francia) tuvimos la impresi\u00f3n de que amas tu trabajo, de que realmente disfrutas cantando en un escenario o improvisando en un aeropuerto, por ejemplo&#8230; \u00bfQu\u00e9 tipo de avance en este camino supone cantar ahora los poemas de Saramago ? \u00bfEs Saramago como parece (generoso, inteligente, implicado&#8230;?<\/p>\n<p>R.- Casi no te tengo que responder, lo que dices es cierto en las dos preguntas. Mi trabajo con los poetas se remonta a mi adolescencia y juventud cuando no sab\u00eda contarme en canciones y buscaba en cada poeta, en cada libro esa canci\u00f3n que nos contara. <\/p>\n<p>P.- Hola Luis, no s\u00e9 si te acordar\u00e1s de mi\u2026 alguna ma\u00f1ana te vend\u00ed el peri\u00f3dico antes de tu desayuno en Gand\u00eda. Ha pasado mucho desde aquello. Me alegro de tus triunfos. S\u00f3lo quer\u00eda mandarte un saludo.<\/p>\n<p>R.- Yo tambi\u00e9n me acuerdo de ti, de la calle Gand\u00eda frontera de Vallecas de los a\u00f1os 80, del Gayo Vallecano, del boulevar, la plaza vieja y de tanta vida compartida. <\/p>\n<p>P.- \u00bfcomo canta un autor?<\/p>\n<p>R.- Con el coraz\u00f3n, el alma, el sentimiento, la emoci\u00f3n y la voz. <\/p>\n<p>P.- En primer lugar felicitarle por la m\u00fasica que hace, ya que me parece muy personal y tierna, a m\u00ed me retrae a mi infancia y me recuerda mucho a su Extremadura, solo tengo 23 a\u00f1os y tengo la sensaci\u00f3n que su m\u00fasica tiene la capacidad, independientemente de la edad de cada uno, de llevarnos a nuestros primeros recuerdos y sentimientos, es algo extra\u00f1o que solamente consigo con sus canciones, me gustari\u00e1 saber qu\u00e9 echa usted en falta en la sociedad extreme\u00f1a y qu\u00e9 cosas cambiar\u00eda de la misma gracias<\/p>\n<p>R.- Desde la distancia uno echa en falta los olores, los sabores, el paisaje, las estrellas. Creo que Extremadura ha cambiado tanto en estos \u00faltimos a\u00f1os que alguien como yo que no vive ah\u00ed a veces todo le parece nuevo. Somos la sociedad civil los que con nuestro compromiso tenemos que seguir dando pasos para cambiar lo que no nos guste. <\/p>\n<p>P.- M\u00e1s que una pregunta s\u00f3lo quiero enviar un saludo para mi viejo amigo Luis Pastor, con quien hice la mili en Villaverde Alto (Madrid) en 1974 y al que volv\u00ed a ver hace ya muchos a\u00f1os en Sen Sebasti\u00e1n, donde nac\u00ed y vivo. Luis, recibe un fuerte abrazo y un cari\u00f1oso saludo de tu amgio Gorka Reizabal, m\u00e1s conocido como Pato. Supongo que te acuerdas de m\u00ed. Si vienes por Donostia, \u00e9scribeme a greizabal@gmail.com. <\/p>\n<p>R.- Me alegro de que est\u00e9s bien, mi p\u00e1gina web es www.luispastor.com, all\u00ed puedes encontrar el correo para escribirme y contactar conmigo.<\/p>\n<p>P.- Enhorabuena por tu nuevo trabajo y gracias por ser como eres, alientas la libertad y la esperanza, me gusto mucho el documental &#8220;escenario movil&#8221;, \u00bfpara cuando un nuevo trabajo por nuestra tierra, Extremadura?<\/p>\n<p>R.- Espero poder ir a presentar el disco libro de Saramago muy pronto, ma\u00f1ana estoy en M\u00e9rida ensayando con la orquesta de Extremadura para una actuaci\u00f3n en Lisboa en el Teatro Nacional, el d\u00eda 11 de febrero. <\/p>\n<p>P.- Hola, Luis. \u00bfHas sentido, con el paso del tiempo, una mayor &#8220;morri\u00f1a&#8221; o &#8220;saudade&#8221; de tu\/nuestra tierra extreme\u00f1a? Me da la impresi\u00f3n de que en los \u00faltimos a\u00f1os hayas hecho un esfuerzo por &#8220;recuperar&#8221; tus ra\u00edces? \u00bfEs acertada mi impresi\u00f3n? Un saludo desde Zafra, Luis.<\/p>\n<p>R.- Desde los a\u00f1os 80 sent\u00ed la necesidad de volver a los or\u00edgenes, en esos d\u00edas escrib\u00ed en mi diario Flor de Jara, y otros poemas que hablan de ese reencuentro. Si la impresi\u00f3n que tienes es acertada, claro. <\/p>\n<p>P.- \u00a1Hola Luis! Yo tambi\u00e9n comparto contigo la afici\u00f3n por escribir canciones. DIme, t\u00fa normalmente \u00bfC\u00f3mo compones? \u00bfHaces primero la letra o la m\u00fasica? \u00a1Gracias y un abrazo!<\/p>\n<p>R.- La verdad, es que uno no sabe como compone. Aunque a lo largo de estos 34 a\u00f1os yo he utilizado todas las f\u00f3rmulas posibles de componer. <\/p>\n<p>P.- Gracia por el disco firmado , por cierto este disco es de lo mejor que he escuchado en mi vida, de una sutil belleza inigualable, tu m\u00fasica y la letra de Saramago perfuman el tiempo y el espacio de nuestras almas. Gracias por existir.\u00bfCu\u00e1ndo te atrever\u00e1s con poemas de Borges?<\/p>\n<p>R.- Atreverme, me atrevo con casi todo ya. Pero para musicar a alguien tienes que sentir esa necesidad y al igual que hac\u00eda 30 a\u00f1os que no musicaba a ning\u00fan poeta, pueden pasar otros 30. Siento que poetas m\u00e1s cercanos como Luis Garc\u00eda Montero o el mismo Pablo Guerrero podr\u00edan ser candidatos en un futuro a ser musicados por m\u00ed. <\/p>\n<p>P.- Hola! Cuando volver\u00e1s a Niter\u00f3i, Rio de Janeiro? Estuvimos juntos, vosotros tomando caipirinha. Cuando quieras ven tu y familia a mi casa, vale? ESt\u00e1n invitados. Besitos, Jane Valle<\/p>\n<p>R.- Quiz\u00e1s sea posible a lo largo de este a\u00f1o, a trav\u00e9s del Insituto Cervantes o el Instituto Camoes ir a presentar el nuevo disco libro con poemas de Jos\u00e9 Saramago que acaba de salir aqu\u00ed en Espa\u00f1a. Gracias por tu invitaci\u00f3n y espero poder compartir m\u00e1s caipirinha. <\/p>\n","protected":false},"excerpt":{"rendered":"<p>&#8220;En esta esquina del tiempo&#8221; es el t\u00edtulo del \u00faltimo disco de Luis Pastor, donde pone voz a los poemas del premio Nobel de literatura Jos\u00e9 Saramago. El c\u00e9lere cantautor ha charlado con nuestros lectores.<\/p>\n","protected":false},"author":1,"featured_media":0,"comment_status":"open","ping_status":"open","sticky":false,"template":"","format":"standard","meta":{"footnotes":""},"categories":[],"tags":[],"class_list":["post-982","post","type-post","status-publish","format-standard","hentry"],"_links":{"self":[{"href":"https:\/\/intervius.com\/index.html\/wp-json\/wp\/v2\/posts\/982","targetHints":{"allow":["GET"]}}],"collection":[{"href":"https:\/\/intervius.com\/index.html\/wp-json\/wp\/v2\/posts"}],"about":[{"href":"https:\/\/intervius.com\/index.html\/wp-json\/wp\/v2\/types\/post"}],"author":[{"embeddable":true,"href":"https:\/\/intervius.com\/index.html\/wp-json\/wp\/v2\/users\/1"}],"replies":[{"embeddable":true,"href":"https:\/\/intervius.com\/index.html\/wp-json\/wp\/v2\/comments?post=982"}],"version-history":[{"count":0,"href":"https:\/\/intervius.com\/index.html\/wp-json\/wp\/v2\/posts\/982\/revisions"}],"wp:attachment":[{"href":"https:\/\/intervius.com\/index.html\/wp-json\/wp\/v2\/media?parent=982"}],"wp:term":[{"taxonomy":"category","embeddable":true,"href":"https:\/\/intervius.com\/index.html\/wp-json\/wp\/v2\/categories?post=982"},{"taxonomy":"post_tag","embeddable":true,"href":"https:\/\/intervius.com\/index.html\/wp-json\/wp\/v2\/tags?post=982"}],"curies":[{"name":"wp","href":"https:\/\/api.w.org\/{rel}","templated":true}]}}