{"id":978,"date":"2007-02-05T00:00:00","date_gmt":"2006-11-06T00:00:00","guid":{"rendered":"https:\/\/intervius.com\/index.html\/?p=978"},"modified":"2006-11-06T00:00:00","modified_gmt":"2006-11-06T00:00:00","slug":"Quim_Gutierrez978","status":"publish","type":"post","link":"https:\/\/intervius.com\/index.html\/Quim_Gutierrez978\/","title":{"rendered":"Quim Guti\u00e9rrez"},"content":{"rendered":"<p>Pregunta.- \u00bf como empezaste tu vida como actor? \u00bf cual fue tu primer papel en el cine o en la tele? \u00bf alguna vez has hecho alguna obra de teatro? felicidades por el goya.<\/p>\n<p>Respuesta.- Pues empec\u00e9 en Catalu\u00f1a haciendo televisi\u00f3n a los 12 a\u00f1os y, s\u00ed, he hecho tres montajes de teatro en Barcelona. Me encantar\u00eda volver a ponerme encima de un escenario. Muchas gracias por las felicitaciones.<\/p>\n<p>P.- Enhorabuena por el premio y gran interpretaci\u00f3n. \u00bfHiciste antes m\u00e1s pel\u00edculas?\u00bfTe han surgido muchos proyectos a partir de Azuloscurocasinegro o lo has notado m\u00e1s tras recibir el Goya? Gracias y suerte, que seguro te sobra, en lo que te queda<\/p>\n<p>R.- Muchas gracias. Pues en realidad Azul&#8230; es la segunda peli que rod\u00e9. La primera se titula &#8220;Sin ti&#8221; y se estren\u00f3 en el festival de M\u00e1laga del a\u00f1o pasado, pero estuvo muy poco tiempo en las salas y creo que todav\u00eda no ha salido en dvd. En todo caso, yo estoy bastante orgulloso del trabajo que hice, no tiene nada que ver con lo de &#8220;Azul&#8221;.<\/p>\n<p>P.- Felicitats Quim! El Cor ya no es lo mismo sin ti y el otro equipo de actores. Volver\u00e1s a Barcelona algun d\u00eda o nos has abandonado definitivamente? <\/p>\n<p>R.- \u00a1Moltes gr\u00e0cies! Claro que volver\u00e9 a Barcelona, mi casa, mis amigos, mi familia est\u00e1n en Barcelona, y aunque mi ciudad me encanta tambi\u00e9n es cierto que Madrid me ha recibido muy bien. A nivel laboral, adem\u00e1s, me ofrece cosas que Barcelona no puede. El cine est\u00e1 aqu\u00ed, en Madrid.<\/p>\n<p>P.- participarias en un club de la comedia, me gustaria verte en algo comico para reirnos contigo, que yo por lo menos ya he llorao jajaja<\/p>\n<p>R.- En El club de la comedia no lo s\u00e9, pero adoro hacer comedia. En realidad, nunca he hecho nada p\u00faramente c\u00f3mico, pero en teatro he participado en varias funciones con una maravillosa mezcla de drama y comedia, y es muy gratificante sentir que puedes llevar al p\u00fablico del llanto a la risa en pocos segundos, que ese poder esta en tus manos&#8230;<\/p>\n<p>P.- \u00bfTe gusta trabajar en la serie g\u00e9nesis?<\/p>\n<p>R.- Hola Elisa. Yo s\u00f3lo hab\u00eda hecho televisi\u00f3n en bcn, de tipo costumbrista y en catal\u00e1n, con lo cual G\u00e9nesis ha supuesto un reto para m\u00ed en muchos flancos. Tambi\u00e9n es cierto que se trata de un serie de trama, no tanto de personajes, de modo que la interpretaci\u00f3n hay que enfocarla desde otro sitio.<\/p>\n<p>P.- Dime un actor, un libro, tu grupo o cantante favorito y la pelicula que te hubiera encantado protagonizar o el papel q esperas poder protagonizar? Muchas gracias y enhorabuena, yo personamente prefiero que te den el de la Uni\u00f3n de Actores. Un beso<\/p>\n<p>R.- Ahora mismo estoy leyendo &#8220;El libro de las ilusiones&#8221; (\u00bfes as\u00ed? joder, mucha memoria para los guiones y nula para los t\u00edtulos de los libros) de Auster, y releer\u00eda cualquiera de Amelie Nothomb. En el coche, de camino a este edificio enorme en el que me encuentro, ven\u00eda escuchando Kasabian, Rufus Wainwright, y esta semana pasada vi &#8220;The Departed&#8221; y me encant\u00f3. Muchas gracias y a ver qu\u00e9 pasa el lunes 12.<\/p>\n<p>P.- En la fiesta posterior a la entrega de los premios Goya me comentaste que ten\u00edas un proyecto cinematogr\u00e1fico para septiembre. \u00bfNos puedes adelantar algo o prefieres no dar detalles por superstici\u00f3n?<\/p>\n<p>R.- En esto del cine, y hablando desde mi poca experiencia en la industria, hasta que no tienes un contrato no tienes nada. Y como comprender\u00e1s, en el contexto de esa fiesta con un Goya reposando en un brazo cual beb\u00e9 de meses, y agitando un vodka con redbull en la otra no hay que dar mucho cr\u00e9dito a mis palabras. Obviamente, me muero por someterme a nuevos retos, que me pongan a prueba me permite mejorar como actor y me ayuda a sentirme realizado en mi vida personal.<\/p>\n<p>P.- Antes de nada \u00a1Enhorabuena por el Goya! (Creo que muy merecido). Un detalle acordarte del olvidado de este a\u00f1o:Ra\u00fal Ar\u00e9valo, que me parece imprescindible e incre\u00edble tanto en Azuloscuro&#8230; como en El camino de los ingleses. \u00bfTe esperabas el gran \u00e9xito de la pel\u00edcula, que ha sido tan bien recibida entre p\u00fablico y cr\u00edtica? Suerte!<\/p>\n<p>R.- Muchas gracias. Antes que nada tambi\u00e9n, Ra\u00fal Arevalo es amigo y compartimos junto a Daniel Antonio etc. Un proceso creativo acojonante y una experiencia nueva para todos, en la que Ra\u00fal y yo, como los alevines del grupo que eramos, lo vivimos con especial intensidad. Desde dentro es facil\u00edsimo trabajar con \u00e9l porque es muy generoso, y porque es buenis\u00edmo, joder. Como espectador, he tenido el lujo de verle en &#8220;El camino&#8230;&#8221; y en &#8220;Por qu\u00e9 se frotan las patitas&#8221; y lo disfrutado mogoll\u00f3n desde fuera. Por tanto, y con todo mi respeto para el resto de nominados, este a\u00f1o faltaba una quinta nominacion a actor revelacion. Sin duda, este ha sido el a\u00f1o de Ra\u00fal y, por su bien y por el nuestro, que vengan muchos a\u00f1os de tanto trabajo para \u00e9l.<\/p>\n<p>P.- \u00bfPor qu\u00e9 raz\u00f3n, seg\u00fan dijo, el Goya lo tiene junto al tetrabik de soja? \u00bfEs que no tiene importancia para Vd. este galard\u00f3n?<\/p>\n<p>R.- \u00bfVes? Ahora mismo entiendo la opotunidad que le da uno un chat de responder a determinadas dudas generadas en relaci\u00f3n a lo que se escribe de uno. En esa entrevista en la que el titular reza &#8220;tengo el Goya al lado de la soja&#8221;, la pregunta que pone en contexto la frase era la siguiente: \u00bfd\u00f3nde va usted a poner el Goya? A lo que yo respond\u00ed: &#8220;En un sitio donde se vea desde todos los \u00e1ngulos, aunque mi piso en Madrid es enano, con lo cual eso no sera dif\u00edcil&#8221;. De momento, y como trabaje el lunes despu\u00e9s de la gala, (enti\u00e9ndase, no ha habido tiempo de ordenar el piso en cuesti\u00f3n) se encuentra en la barra que separa la cocina del sal\u00f3n, al lado de un tetabrik de leche de soja (que al poco rato retorno al interior el frigo para su \u00f3ptima conservaci\u00f3n). Es un premio maravilloso, la magnitud del cual todav\u00eda no logro entender, y me gusta tenerlo en esa barra para dedicarle miradas de admiraci\u00f3n desde el sof\u00e1, as\u00ed como cortando tomates. Muchas gracias por hacerme esta pregunta.<\/p>\n<p>P.- Qu\u00e8 opines del panorama del teatre catal\u00e0 actual?<\/p>\n<p>R.- La veritat, perd\u00f3n, la verdad, es que hace mucho que no voy al teatro en Barcelona. Sigo en contacto con amigos que hacen teatro all\u00ed, pero no tengo contacto directo. Lo que s\u00ed puedo decir es que me sorprende la enorme calidad teatral de Madrid. Salir del entorno que conoces te ayuda a relativizar las cosas, y s\u00ed es cierto que si hay algo negativo en el panorama teatral catal\u00e1n es su endogamia. Vamos, que los que deciden son cuatro que trabajan con sus colegas, lo cual me parece muy bien. Pero cierto relevo no le vendr\u00eda nada mal, creo.<\/p>\n<p>P.- Hola Quim antes que nada decirte que eres muy guapo. \u00bfme gustaria saber si tu personaje va a tener alguna relacion con la nueva policia Sonia?<\/p>\n<p>R.- Pues no s\u00e9 yo hasta d\u00f3nde van a llegar las cosas&#8230; El personaje de Sof\u00eda tiene ya su vida montada y creo que dani no responde al perfil de hombre que la atrae. Sin embargo, no estar\u00eda mal darle un poco de vidilla al chaval, \u00bfno? Que tanto tuvo de ensayo&#8230;<\/p>\n<p>P.- A que se debe la fria relaci\u00f3n entre tu personaje y el de Mateo<\/p>\n<p>R.- Parece obvio que hay ciertos antecedentes en su relaci\u00f3n de hermanos en el pasado que entorpecen su vida actual. Creo, adem\u00e1s, que Mateo tiene m\u00e1s informaci\u00f3n que Dani. Es decir, el que pone freno a una coversaci\u00f3n normal entre hermanos, el que se muestra arisco y distante es Mateo. Dani est\u00e1 un poco a la expectativa hasta que determinados indicios le llevar\u00e1n a investigar un poco m\u00e1s&#8230; \u00bfPor qu\u00e9 Mateo se comporta as\u00ed? \u00bfPor qu\u00e9 tanta mala leche? Si pas\u00f3 algo, \u00bftan grave fue? \u00a1Toma inc\u00f3gnitas! Como para perd\u00e9rselo&#8230;<\/p>\n","protected":false},"excerpt":{"rendered":"<p>Quim Guti\u00e9rrez, protagonista de la serie de Cuatro G\u00e9nesis, en la mente del asesino (domingos, a las 21.30h) y reciente ganador de un Goya, ha charlado con los internautas.<\/p>\n","protected":false},"author":1,"featured_media":0,"comment_status":"open","ping_status":"open","sticky":false,"template":"","format":"standard","meta":{"footnotes":""},"categories":[],"tags":[],"class_list":["post-978","post","type-post","status-publish","format-standard","hentry"],"_links":{"self":[{"href":"https:\/\/intervius.com\/index.html\/wp-json\/wp\/v2\/posts\/978","targetHints":{"allow":["GET"]}}],"collection":[{"href":"https:\/\/intervius.com\/index.html\/wp-json\/wp\/v2\/posts"}],"about":[{"href":"https:\/\/intervius.com\/index.html\/wp-json\/wp\/v2\/types\/post"}],"author":[{"embeddable":true,"href":"https:\/\/intervius.com\/index.html\/wp-json\/wp\/v2\/users\/1"}],"replies":[{"embeddable":true,"href":"https:\/\/intervius.com\/index.html\/wp-json\/wp\/v2\/comments?post=978"}],"version-history":[{"count":0,"href":"https:\/\/intervius.com\/index.html\/wp-json\/wp\/v2\/posts\/978\/revisions"}],"wp:attachment":[{"href":"https:\/\/intervius.com\/index.html\/wp-json\/wp\/v2\/media?parent=978"}],"wp:term":[{"taxonomy":"category","embeddable":true,"href":"https:\/\/intervius.com\/index.html\/wp-json\/wp\/v2\/categories?post=978"},{"taxonomy":"post_tag","embeddable":true,"href":"https:\/\/intervius.com\/index.html\/wp-json\/wp\/v2\/tags?post=978"}],"curies":[{"name":"wp","href":"https:\/\/api.w.org\/{rel}","templated":true}]}}