{"id":9774,"date":"2012-02-06T00:00:00","date_gmt":"2006-11-06T00:00:00","guid":{"rendered":"https:\/\/intervius.com\/index.html\/?p=9774"},"modified":"2006-11-06T00:00:00","modified_gmt":"2006-11-06T00:00:00","slug":"Juan_Mora9774","status":"publish","type":"post","link":"https:\/\/intervius.com\/index.html\/Juan_Mora9774\/","title":{"rendered":"Juan Mora"},"content":{"rendered":"<p>Pregunta.- arranca la Copa Davis sin los baluartes de la Armada. Almagro ser\u00e1 un fijo para uno de los individuales, supongo. c\u00f3mo ves a Granollers? creo que viene bien que Kazakhstan sea el rival como primera prueba de la transici\u00f3n del equipo<\/p>\n<p>Respuesta.- Veo a Granollers como uno de los jugadores que merecen esta oportunidad. Est\u00e1 entre los 30 mejores del mundo y es l\u00f3gico que juegue, no ya s\u00f3lo por la renuncia de Nadal y Ferrer, sino porque si no es ante los kazajos \u00bfcu\u00e1ndo entonces? Me parece bien que se mueva el banquillo. En todos los deportes se hace, y tanto Almagro como Granollers no son cojos. Y me alegra, por cierto, la inclusi\u00f3n de Ferrero, todo un jugadorazo y un caballero.<\/p>\n<p>P.- Parece que ma\u00f1ana se resuelve el caso Contador \u00bfIntuye cual ser\u00e1 la sentencia?<\/p>\n<p>R.- Faltan apenas 45 minutos para que se comunique e intuyo que sea cual sea la decisi\u00f3n, va a sentar juridisprudencia. De lo contrario no entender\u00eda por qu\u00e9 se ha tardado tanto. Y si va a sentar juridisprudencia no ser\u00e1 para sancionar con dos a\u00f1os a Contador.<\/p>\n<p>P.- El Madrid no pudo ayer con el GBB \u00bfCree que los bilbainos pueden sacar al equipo de Laso de la Euroliga? \u00bfEstamos ante una bestia negra moderna (al menos en el campeonato dom\u00e9stico)<\/p>\n<p>R.- Tanto como para sacarle de la Euroliga, no, porque tendr\u00eda que perder por m\u00e1s de 16 puntos para que el Bilbao le pasara en la clasificaci\u00f3n, pero el Bilbao ha puesto, sin duda, en aprietos al Madrid, y siendo as\u00ed y tras haberle eliminado el a\u00f1o pasado en los playoff de la Liga, por supuesto que se ha convertido en su bestia negra.<\/p>\n<p>P.- te parece que alonso puede luchar por el mundial? de la rosa luchara por algo importante?<\/p>\n<p>R.- Alonso est\u00e1 considerado uno de los mejores pilotos, Ferrari es una escuder\u00eda que siempre vuelve despu\u00e9s de unos a\u00f1os malos, \u00bfc\u00f3mo entonces no considerarle entre los favoritos? Alonso es muy ambicioso y me cuesta creer que se fuera a retirar sin ganar un t\u00edtulo en Ferrari. Con respecto a De la Rosa, \u00bfqu\u00e9 va a poder hacer en una escuder\u00eda tan modesta como HRT? Luchar por puntuar en alguna carrera como mucho.<\/p>\n<p>P.- \u00bfPodremos con Ruman\u00eda? \u00bfD\u00f3nde cree que van a estar las claves del partido?<\/p>\n<p>R.- Una Selecci\u00f3n que aspira a ser campeona del mundo no ha de tener la menor duda ante rivales que no cuentan entre los favoritos al t\u00edtulo. Ruman\u00eda es una selecci\u00f3n complicada, porque tiene una defensa buen\u00edsima, pero para superarla tenemos nosotros un ataque buen\u00edsimo. Ganar, no ganaremos de calle, pero ganaremos.<\/p>\n<p>P.- \u00bfQu\u00e9 le pareci\u00f3 la Super Bowl?<\/p>\n<p>R.- La Super Bowl es una competici\u00f3n que me llama la atenci\u00f3n desde el punto de vista de fen\u00f3meno de masas. Que se enfrenten dos grandes ciudades como Nueva York y Boston, y que el pa\u00eds se paralice pr\u00e1cticamente para ver este encuentro es algo que, naturalmente, llama la atenci\u00f3n, pero no tanto como para pasarme la noche en vela con un deporte que, la verdad, me cuesta entender.<\/p>\n<p>P.- Hoy veremos la resoluci\u00f3n del TAS por el caso de Clembuterol de Contador. \u00bfC\u00f3mo cree usted que se resolver\u00e1 todo esto?<\/p>\n<p>R.- Ya lo he contestado antes: creo que con un veredicto que crear\u00e1 juridisprudencia. De otra manera no se hubiera tardado tanto. Quiz\u00e1 la presencia de clembuterol en el organismo se castigue a partir de ahora con sanciones m\u00ednimas en caso de que las cantidades encontradas sean igualmente \u00ednfimas.<\/p>\n<p>P.- \u00bfQu\u00e9 pasa con los Lakers? Si fueras Gasol, no valorar\u00edas seriamente la opci\u00f3n de ir a otra franquicia? Lo digo por el maltrato al que le sometieron esta pretemporada entre otras cosas<\/p>\n<p>R.- Pues que no terminan de arrancar. Verse por detr\u00e1s de los Clippers en su Divisi\u00f3n, y s\u00e9ptimos en su Conferencia es algo que debe preocupar, pero no s\u00f3lo a Gasol, sino a todos los jugadores. Hubo muchas indecisiones, muchos cambios de rumbo cuando acab\u00f3 el lockout, Gasol se vio tan pronto fuera como dentro, y el equipo no marcha. Todo eso pasa factura, aunque hay equipos en parecidas condiciones. Los actuales campeones, sin ir m\u00e1s lejos.<\/p>\n<p>P.- Hola, se\u00f1or Mora. \u00bfQu\u00e9 le parece el recargo que impone la Federaci\u00f3n de Atletismo a todas las carreras populares que quieran estar federadas? Ahora todos los corredores tenemos que pagar 3 euros m\u00e1s para tener las mismas condiciones que antes. Solo carreras con much\u00edsimo tir\u00f3n como la Behobia-San Sebasti\u00e1n ha rechazado este impuesto.<\/p>\n<p>R.- Espantoso. Desde aqu\u00ed ya se ha criticado esta medida. No tiene ning\u00fan beneficio para las carreras ni para los corredores, ni siquiera para los buenos atletas, que no pueden sacarse un dinerillo en carreras cl\u00e1sicas que no est\u00e9n federadas. Pero no es s\u00f3lo la Behovia-San Sebasti\u00e1n la que ha rechazado el impuesto. La de Canillejas tambi\u00e9n lo hizo.<\/p>\n<p>P.- \u00bfQu\u00e9 canal emitir\u00e1 la F\u00f3rmula 1?<\/p>\n<p>R.- Hoy acaba el plazo de presentaci\u00f3n de ofertas. Las \u00faltimas noticias apuntan a que no habr\u00e1 ninguna, por la cual ser\u00eda Antena 3, propietaria de los derechos tras la renuncia de la Sexta, con quien se ha asociado, quien diera las carreras.<\/p>\n<p>P.- entre pau gasol y dirk nowitzki, quien te parece el mejor europeo de baloncesto de la historia. saludos.<\/p>\n<p>R.- Los dos son buen\u00edsimos y decisivos all\u00e1 donde jueguen. Pero hay una diferencia: tras haber ganado los dos el anillo de la NBA, Gasol ha hecho a Espa\u00f1a campeona de todo, y Nowitzki no ha conseguido lo mismo con Alemania. El factor espa\u00f1ol tambi\u00e9n influye: Gasol, por tanto. Pero eso referido al mejor jugador del momento, porque si es de la historia ya habr\u00eda que poner por delante de ambos a Sabonis o Petrovic.<\/p>\n<p>P.- Ya ha empezado el VI Naciones y ayer pudimos disfrutar de un partidazo en irlanda \u00bfMe podr\u00eda decir que jugadores hay que seguir sin falta? \u00bfVe a los galeses capaces de ganar?<\/p>\n<p>R.- No tendr\u00e9 yo la osad\u00eda de se\u00f1alar ning\u00fan nombre cuando el rugby es un deporte que sigo a distancia, y teniendo como tenemos a grandes especialistas como Ferm\u00edn de la Calle y Juanjo Vispe. Ellos ya apuntan unos cuantos nombres en sus comentarios de hoy sobre el partido y es f\u00e1cil suponer que son las que hay que seguir. Sobre Gales, no les veo campeones s\u00f3lo por el hecho de haber ganado en Irlanda. Creo que es Inglaterra quien da la verdadera medida de cada selecci\u00f3n.<\/p>\n<p>P.- \u00bfQu\u00e9 le ha parecido el anuncio de Alguesuari de abandonar definitivamente la F1? \u00bfSe lo esperaba? \u00bfTiene algo que ver con la confirmaci\u00f3in del piloto indio como compa\u00f1ero de De la Rosa en HRT?<\/p>\n<p>R.- Yo creo que volver\u00e1. Y no veremos entonces al piloto correcto y disciplinado que hemos visto hasta ahora, sino a un piloto espectacular y agresivo. Se siente disciplinado y sin fuerzas despu\u00e9s de tantas decepciones, pero es joven y se recuperar\u00e1.<\/p>\n<p>P.- \u00bfpiensas que nadal podra ganar a djokovic este a\u00f1o y acabar numero 1 a final de a\u00f1o?<\/p>\n<p>R.- \u00a1Ufff! Eso pens\u00e1bamos el a\u00f1o pasado y mira&#8230; Es evidente que Djokovic lo va a tener m\u00e1s dif\u00edcil este a\u00f1o, sobre todo en la clasificaci\u00f3n de la ATP, porque despu\u00e9s de haberlo ganado todo pr\u00e1cticamente el a\u00f1o pasado, ahora no se puede permitir una sola derrota, porque ello le restar\u00eda puntos. Nadal, por tanto, se le va a acercar. Seguro. Y alg\u00fan que otro torneo le ganar\u00e1. Supongo. Al menos Roland Garros.<\/p>\n<p>P.- buenos dias,que te pareceria que en la liga endesa hubiera algun tipo de limite en presupuestos y salarios,crees que igualaria la competici\u00f3n?con esos dos monstruos,como son bar\u00e7a y madrid,a los equipos cien por cien baloncesto nos estan aniquilando.<\/p>\n<p>R.- Igualar, por supuesto que se igualar\u00eda: Pero ya no s\u00f3lo en Espa\u00f1a, sino en toda Europa, no estamos acostumbrados a esos l\u00edmites. Afortunadamente, un mayor presupuesto no garantiza nada. Mira el Madrid. \u00bfCu\u00e1ntos a\u00f1os lleva sin ganar nada? Y ayer mismo, derrotado por el Bilbao. El problema del baloncesto no es el l\u00edmite de salarios, es el poco inter\u00e9s que despierta la liga regular, donde da igual lo que pase. \u00bfO has advertido alg\u00fan tipo de nerviosismo en el Madrid por haber perdido el liderato?<\/p>\n","protected":false},"excerpt":{"rendered":"<p>Porque el deporte va m\u00e1s all\u00e1 del f\u00fatbol, Juan Mora, subdirector del diario AS, ha charlado con los internautas sobre las diversas disciplinas deportivas al margen del f\u00fatbol: tenis, balonmano, baloncesto, atletismo, motor&#8230;<\/p>\n","protected":false},"author":1,"featured_media":0,"comment_status":"open","ping_status":"open","sticky":false,"template":"","format":"standard","meta":{"footnotes":""},"categories":[],"tags":[],"class_list":["post-9774","post","type-post","status-publish","format-standard","hentry"],"_links":{"self":[{"href":"https:\/\/intervius.com\/index.html\/wp-json\/wp\/v2\/posts\/9774","targetHints":{"allow":["GET"]}}],"collection":[{"href":"https:\/\/intervius.com\/index.html\/wp-json\/wp\/v2\/posts"}],"about":[{"href":"https:\/\/intervius.com\/index.html\/wp-json\/wp\/v2\/types\/post"}],"author":[{"embeddable":true,"href":"https:\/\/intervius.com\/index.html\/wp-json\/wp\/v2\/users\/1"}],"replies":[{"embeddable":true,"href":"https:\/\/intervius.com\/index.html\/wp-json\/wp\/v2\/comments?post=9774"}],"version-history":[{"count":0,"href":"https:\/\/intervius.com\/index.html\/wp-json\/wp\/v2\/posts\/9774\/revisions"}],"wp:attachment":[{"href":"https:\/\/intervius.com\/index.html\/wp-json\/wp\/v2\/media?parent=9774"}],"wp:term":[{"taxonomy":"category","embeddable":true,"href":"https:\/\/intervius.com\/index.html\/wp-json\/wp\/v2\/categories?post=9774"},{"taxonomy":"post_tag","embeddable":true,"href":"https:\/\/intervius.com\/index.html\/wp-json\/wp\/v2\/tags?post=9774"}],"curies":[{"name":"wp","href":"https:\/\/api.w.org\/{rel}","templated":true}]}}