{"id":9770,"date":"2012-02-03T00:00:00","date_gmt":"2006-11-06T00:00:00","guid":{"rendered":"https:\/\/intervius.com\/index.html\/?p=9770"},"modified":"2006-11-06T00:00:00","modified_gmt":"2006-11-06T00:00:00","slug":"Javier_G-_Matallanas9770","status":"publish","type":"post","link":"https:\/\/intervius.com\/index.html\/Javier_G-_Matallanas9770\/","title":{"rendered":"Javier G. Matallanas"},"content":{"rendered":"<p>Pregunta.- si el atletico gana al valencia se coloca a 3 puntos de la tercera posicion, es hora de pensar que la champions es factible a pesar de la competencia de valencia, athletic, espa\u00f1ol y demas equipos que andan por ahi. saludos.<\/p>\n<p>Respuesta.- La clasificaci\u00f3n para la Champions m\u00e1s que algo factible es una obligaci\u00f3n para el Atl\u00e9tico de Madrid. El Atl\u00e9tico est\u00e1 en muy buena l\u00ednea, pero tampoco debe dejarse dominar por la euforia y, aunque sea un t\u00f3pico, debe ir partido a partido como repite Simeone.<\/p>\n<p>P.- Hola Mata, un placer, como siempre. 1.-\u00bfCrees que los medios deber\u00edas de dejar de prestar atenci\u00f3n a personajes como Eladio Parames, que no forman parte del equipo de prensa del Real Madrid, y que s\u00f3lo se dedica a insultar o a crear pol\u00e9mica? 2.- \u00bfNo deber\u00eda el Real Madrid tomar cartas en el asunto, pues el (supuesto) representante de Mou s\u00f3lo da\u00f1a la imagen del club? Gracias por estas charlas<\/p>\n<p>R.- Es un debate que tenemos los \u00faltimos meses en las redacciones. El asunto es que \u00e9l se autoproclama portavoz de Mourinho y Mourinho no dice lo contrario p\u00fablicamente. Entonces, las palabras de Param\u00e9s son pensamientos de Mourinho. Yo creo que el Real Madrid deber\u00eda obligar a Mourinho a decir p\u00fablicamente que Param\u00e9s no le representa porque, como bien dices, la imagen del Madrid sale cada vez m\u00e1s da\u00f1ada.<\/p>\n<p>P.- Hola Matador! Se habla (y con raz\u00f3n) del bajonazo que ha pegado el Bar\u00e7a en el juego. Pero yo creo que no deber\u00eda ser noticia. Desde que Pep cogi\u00f3 el equipo, todos los a\u00f1os, durante la \u00faltima quincena de enero y las 3 primeras semanas de febrero, pasa lo mismo, por los famosos ciclos de carga f\u00edsica. Es decir, una mini pretemporada para llegar frescos a abril y mayo. \u00bfSe le est\u00e1 dando demasiado bombo al baj\u00f3n de juego? Gracias<\/p>\n<p>R.- Todo es relativo porque de los partidos en los que ha pinchado fuera de casa, ha podido ganar todos. Es evidente que le cuesta hacer goles y que el Madrid tiene todo a favor para ser campe\u00f3n, pero a\u00fan queda mucha liga. Es l\u00f3gico que se hable del baj\u00f3n de juego del mejor equipo del mundo los \u00faltimos a\u00f1os. Pero yo creo que opta a todos los t\u00edtulos.<\/p>\n<p>P.- Las estad\u00edsticas son claras. EL Bar\u00e7a no ha tenido ning\u00fan jugador expulsado en todas las competiciones. \u00bf es extra\u00f1o verdad ? \u00bf los \u00e1rbitros se piensan mucho echar a un jugador del Bar\u00e7a ? <\/p>\n<p>R.- La estad\u00edstica llama la atenci\u00f3n ciertamente. Seguro que en los pr\u00f3ximos partidos le expulsan alguno. Pero no creo que les favorezcan los \u00e1rbitros por ning\u00fan complot internacional&#8230; <\/p>\n<p>P.- hola amigo javier,como ves lo de mourinho,es cierto que se marcha al final de temporada?un saludo javier.<\/p>\n<p>R.- Hay varias se\u00f1ales que invitan a pensar que se marcha, empezando por la filtraci\u00f3n de su entorno a Siro L\u00f3pez y Manu Sainz de que se va a final de temporada. Yo creo que si gana un t\u00edtulo se marcha. Ya veremos que sucede.<\/p>\n<p>P.- Hola Mata. \u00bfDeber\u00eda haber fichado algo en Atleti en este mercado?Gracias<\/p>\n<p>R.- Simeone s\u00f3lo quer\u00eda un mediocentro que mejorase a Tiago, que supiese distribuir el juego y que fuera agresivo y contundente defensivamente, pero no lo han encontrado en el mercado. Yo creo que la plantilla est\u00e1 bien as\u00ed, quiz\u00e1s necesita otro delantero.<\/p>\n<p>P.- hola javier,no crees tu que con granero el centro del campo del madrid es mas fluido y se toca mejor la pelota,eso hace que xabi alonso este mas liberado y mas comodo,un saludo.<\/p>\n<p>R.- Estoy de acuerdo. Me gusta mucho Granero y el juego del Madrid mejora claramente con su prencia junto a Alonso. Lo que me extra\u00f1a mucho es que hasta hace un par de partidos no le haya utilizado nada Mourinho. <\/p>\n<p>P.- Buenos d\u00edas Javier. Hace unas semanas me lleg\u00f3 un rumor muy fuerte desde dentro del Club, tengo un familiar muy amigo de los dirigentes, y es la inminente venta del Atl\u00e9tico de Madrid a un multimillonario asi\u00e1tico, creo que se llama Peter Lim. Sabes algo m\u00e1s sobre esto? Saludos<\/p>\n<p>R.- S\u00e9 lo que he ido contando aqu\u00ed de que el club lleva en venta los \u00faltimos meses y no aparec\u00eda ning\u00fan comprador. Igual ha aparecido y es el se\u00f1or que citas. Lo voy a mirar con mucha atenci\u00f3n.<\/p>\n<p>P.- Hola Mata, una cortita, porque se habla de la jugada de Pinto casi en la raya del area que puede confundir al arbitro y sin embargo casi no se hablo del penalti pitado a Ronaldo fuera del area, recuerdas. Yo creo que hay que dejar a los arbitros en paz, pues tambien los jugadores fallan y no pasa nada, es muy dificil el arbitraje, diselo de una pu\u00f1etera vez a Roncero hombre. Ami no me contesta y le hablo con suma educacion, es decir, mejor que el cuando lo hace de sus oponentes, gracias por atenderme.<\/p>\n<p>R.- Estoy bastante de acuerdo contigo. Y ese debate lo tengo yo con Tom\u00e1s aqu\u00ed en la redacci\u00f3n todos los d\u00edas. Yo creo que est\u00e1 muy obsesionado con los \u00e1rbitros. Y me parece que es una v\u00eda de escape que nunca hab\u00eda utilizado el Madrid en su historia, porque tampoco la pod\u00eda utilizar porque ha sido casi siempre favorecido, como el Bar\u00e7a. Hablar de los \u00e1rbitros me parece de mal perdedor, por eso tampoco me gusta cuando lo hac\u00edan los del Atleti, aunque ten\u00edan bastante m\u00e1s raz\u00f3n que ahora Roncero.<\/p>\n<p>P.- Hola Javi.\u00bfQu\u00e9 jugadores fichabas para el Atleti con los ojos cerrados con el presupuesto que tiene hoy en d\u00eda el club?. Te expongo una lista de jovenes jugadores que creo que le vendr\u00edan de perlas a este ATLETI: Roberto (Zaragoza), Bot\u00eda, Hugo Mallo, Van der Miel, Borja Valero, Javi Marquez, G.Dos Santos. \u00bfCon cual te quedabas?. \u00bfQue jugadores crees que saldran este verano?. Gracias.<\/p>\n<p>R.- De los que pones el que m\u00e1s me gusta es Borja Valero. Y Javi Mart\u00ednez ser\u00eda otro refuerzo ideal. Igual que Silva.<\/p>\n<p>P.- hola javi, que opina de de gea?no crees que se deberia haber quedado unos a\u00f1os mas enel aleti, aqui era un idolo de la aficion y en muchos de sus fallos se miraba hacia otro lado, crees que triunfara en el manchester?gracias<\/p>\n<p>R.- Espero que triunfe en el Manchester United porque es un porterazo. Como dices, quiz\u00e1 deber\u00eda haberse asentado en el Atl\u00e9tico y luego haberse marchado. Pero tanto al Atl\u00e9tico como a \u00e9l les ven\u00eda bien el traspaso. Son decisiones ya tomadas y de nada vale ahora arrepentirse. Aunque parece que se quiere marchar del United seg\u00fan publica hoy Antonio Sanz en El Confidencial: http:\/\/www.elconfidencial.com\/es-lo-que-hay\/2012\/02\/03\/de-gea-no-se-adapta-a-ferguson-y-medita-pedir-su-salida-91970\/<\/p>\n<p>P.- Buenas Javier. Me gustaria saber tu opini\u00f3n sobre estos jovenes jugadores. Cavani, Hazard, Gotze, Cabaye y Wilshere. \u00bfCual crees que dara el gran salto a un club Top?.<\/p>\n<p>R.- Cavani es un delantero tremendo, Hazard puede ser un top, Wilshere tiene dotes de mando y mucho f\u00fatbol, y a Gotze y Cabaye no les tengo muy vistos, pero parecen muy buenos. Cualquiera de los cinco est\u00e1n ya en las quinielas. Cavani ya ha estado cerca del Chelsea.<\/p>\n<p>P.- Hola Javier, \u00bfLo de Simeone es flor de un d\u00eda o esperas que esta regularidad se mantenga a lo alrgo de la 2\u00aa vuelta? \u00bfVes al Cholo como nuestro Guardiola? Te lo digo por que me he vuelto a ilusionar con volver a ver a un atleti grande y con personalidad y no se debo hacerlo Muchas gracias<\/p>\n<p>R.- Creo que la intensidad, la agresividad y la continuidad y ritmo en el juego la va a mantener seguro, otra cosa es mantener el nivel del resultados, pero ha conseguido el primer objetivo de frenar la sangr\u00eda defensiva. Lo que debe hacer Simeone es hacerse el amo absoluto de la parcela deteportiva, que controle todo lo del primer equipo y que ni Cerezo ni Gil Mar\u00edn se inmiscuyan en su trabajo lo m\u00e1s m\u00ednimo.<\/p>\n<p>P.- Hola crack. Sabido es por todos los que conocen la actualidad atletica que Se\u00f1ales De Humo es el principal grupo opositor a la gestion de Gil Marin. \u00bfCrees que se han excedido esta vez y que su demanda con la posterior sentencia puede perjudicar fundamentalmente al al Atleti y no a Gil Marin?<\/p>\n<p>R.- Esta Asociaci\u00f3n act\u00faa buscando el bien del Atl\u00e9tico y sus aficionados seg\u00fan sus estatutos. Con esta demanda y la decisi\u00f3n del Tribunal Superior de Justicia de Madrid perjudica a Fomento de Construcciones y Contratas, que no puede construir a m\u00e1s de tres alturas, al Atl\u00e9tico no le afecta porque consolida la operaci\u00f3n y FCC debe construir el nuevo estadio como est\u00e1 acordado.<\/p>\n<p>P.- Hola Mata!!!. \u00bfQu\u00e9 opinas del asunto Curtois?. A mi me parece un porterazo, el mejor que tenemos, pero la verdad no le veo sentido a que se quede otro a\u00f1o. Si se supone que se va a ir tarde o temprano y pensamos en Asenjo como futuro portero titular \u00bfpor qu\u00e9 no empezamos ya con \u00e9l el a\u00f1o que viene?. Adem\u00e1s es el momento perfecto porque con el sistema de Simeone no le van a tirar tanto como le tiraban antes y se puede ir haciendo con el puesto c\u00f3modamente y ganar confianza. <\/p>\n<p>R.- Courtois se quedar\u00e1 otro a\u00f1o m\u00e1s, o el acuerdo est\u00e1 cerca. Cuesta aceptar que el Atl\u00e9tico le forme un futbolista a ning\u00fan equipo, pero esa es la realidad actual.<\/p>\n<p>P.- MATADOR, buenos dias!\u00bfDe los nombres que te doy quienes formaran parte de plantilla del Atleti la proxima temporada?: Falcao, Diego Ribas, Borja Valero, Lass, Griezmman, Botia y Fernando Torres.<\/p>\n<p>R.- El \u00fanico que tiene contrato, de los que nombras, para la pr\u00f3xima temporda es Falcao. Del resto, se intentar\u00e1 la contrataci\u00f3n de Borja Valero, que se quede Diego. Y Fernando Torres no se contempla a d\u00eda de hoy por ninguna de las partes. Lass no quiere jugar en el Atl\u00e9tico, al menos el a\u00f1o pasado. Y Bot\u00eda y Griezmman, que ya le quisieron fichar el verano pasado, pueden ser objetivos.<\/p>\n<p>P.- Hola Javier, soyun admirador tuyo, mi pregunta es la siguiente: Crees que el partido de liga en el Camp Nou ser\u00e1 decisivo? Apostar\u00edas a partir de ahora con Kak\u00e1 y Ozil? Un saludo<\/p>\n<p>R.- Puede ser sin duda decisivo. Yo apostar\u00eda porque el Madrid le jugara de t\u00fa a t\u00fa al Bar\u00e7a, con todos los buenos en el campo. Un abrazo fuerte!!!<\/p>\n<p>P.- Hola Mata \u00bfComo crees que puede afectar la sentencia del TSJM al proyecto de la Peineta? \u00bfSe puede ir al traste dicho proyecto? Un abrazo<\/p>\n<p>R.- En principio no le afecta seg\u00fan he le\u00eddo, le afecta a FCC que no puede construir a m\u00e1s de tres alturas en el terreno de Mahou. Pero se ha consolidado el plan y FCC debe construir el nuevo estadio.<\/p>\n<p>P.- Hola este a\u00f1o el barca jugo 2 partidos seguidos contra 2 equipos que acabaron con nueve. No llego a encontra en la historia de la liga y del futbol europeo otro ejemplo, sabes tu de otro equipo a quien le paso eso en ligas o europa ?<\/p>\n<p>R.- No, tampoco conozco ning\u00fan precedente as\u00ed de memoria. Pero, \u00bfde verdad piensas que el Bar\u00e7a ha ganado 14 de los \u00faltimos 17 t\u00edtulos que ha disputado porque le han ayudado los \u00e1rbitros?<\/p>\n<p>P.- \u00bfDe quien eras m\u00e1s de Pantic o de simeone? A pesar de sus errores yo veo a De Gea como futuro portero de la selecci\u00f3n, \u00bfy tu? Un saludo.<\/p>\n<p>R.- Yo era m\u00e1s de Caminero&#8230; De Gea es un porterazo y ser\u00e1 el portero de la selecci\u00f3n ol\u00edmpica en Londres 2012. Un abrazo.<\/p>\n<p>P.- Hola Mata. Soy del Madrid. Sabes algo acerca de Di Maria. Porque tarda tanto de curarse de su lesion? Esta presionando para obterner aumento de sueldo? Gracias y un saludo. Creo que es bueno para para tu equipo la llegada del Cholo. A vre si os poneis terceros<\/p>\n<p>R.- No creo que tenga que ver con una presi\u00f3n para que le den un aumento de sueldo. Seguro que no. Recay\u00f3 y est\u00e1 tardando en curarse. Un abrazo fuerte!!!<\/p>\n<p>P.- Hola Matallanas, mi pregunta es: Crees que la venta ja que tiene el R.Madrid sobre el Bar\u00e7a es definitiva para la liga? crees que el Atletico se metera en champion? Un saludo<\/p>\n<p>R.- Es una ventaja importante, pero no definitiva, creo que el Bar\u00e7a a\u00fan tiene opciones. Pienso que el Atl\u00e9tico acabar\u00e1 entre los cuatro primeros, s\u00ed. Abrazo!!<\/p>\n<p>P.- Hola. Me encanta este Real Madrid y lo veo lanzado a por la liga, pero me da pena ver a jugadores como Juan Mata triunfando fuera de casa \u00bfCrees que volveremos a ver un Real Madrid en el que la cantera sea una parte importante del conjunto? Casillas vale por dos porteros normales, pero Arbeloa no es un fijo, y Granero es incomprensible que no juegue mas&#8230;<\/p>\n<p>R.- Este Madrid es un equipazo, buen\u00edsimo. Pero a m\u00ed, como a t\u00ed, me gustar\u00eda verle con Mata, Silva, Javi Mart\u00ednez, Llorente, con los jugadores de la Selecci\u00f3n campeona del mundo que no juegan en el Bar\u00e7a&#8230;. Y cree que al madridismo tambi\u00e9n le gustar\u00eda m\u00e1s un equipo as\u00ed. Pero el actual es un grand\u00edsimo equipo, sin duda.<\/p>\n","protected":false},"excerpt":{"rendered":"<p>Javier G. Matallanas, adjunto a la direcci\u00f3n de AS, ha charlado con los lectores e internautas sobre la actualidad deportiva, poniendo especial atenci\u00f3n a la actualidad colchonera.<\/p>\n","protected":false},"author":1,"featured_media":0,"comment_status":"open","ping_status":"open","sticky":false,"template":"","format":"standard","meta":{"footnotes":""},"categories":[],"tags":[],"class_list":["post-9770","post","type-post","status-publish","format-standard","hentry"],"_links":{"self":[{"href":"https:\/\/intervius.com\/index.html\/wp-json\/wp\/v2\/posts\/9770","targetHints":{"allow":["GET"]}}],"collection":[{"href":"https:\/\/intervius.com\/index.html\/wp-json\/wp\/v2\/posts"}],"about":[{"href":"https:\/\/intervius.com\/index.html\/wp-json\/wp\/v2\/types\/post"}],"author":[{"embeddable":true,"href":"https:\/\/intervius.com\/index.html\/wp-json\/wp\/v2\/users\/1"}],"replies":[{"embeddable":true,"href":"https:\/\/intervius.com\/index.html\/wp-json\/wp\/v2\/comments?post=9770"}],"version-history":[{"count":0,"href":"https:\/\/intervius.com\/index.html\/wp-json\/wp\/v2\/posts\/9770\/revisions"}],"wp:attachment":[{"href":"https:\/\/intervius.com\/index.html\/wp-json\/wp\/v2\/media?parent=9770"}],"wp:term":[{"taxonomy":"category","embeddable":true,"href":"https:\/\/intervius.com\/index.html\/wp-json\/wp\/v2\/categories?post=9770"},{"taxonomy":"post_tag","embeddable":true,"href":"https:\/\/intervius.com\/index.html\/wp-json\/wp\/v2\/tags?post=9770"}],"curies":[{"name":"wp","href":"https:\/\/api.w.org\/{rel}","templated":true}]}}