{"id":9767,"date":"2010-03-02T00:00:00","date_gmt":"2006-11-06T00:00:00","guid":{"rendered":"https:\/\/intervius.com\/index.html\/?p=9767"},"modified":"2006-11-06T00:00:00","modified_gmt":"2006-11-06T00:00:00","slug":"Beatriz_Diaz9767","status":"publish","type":"post","link":"https:\/\/intervius.com\/index.html\/Beatriz_Diaz9767\/","title":{"rendered":"Beatriz D\u00edaz"},"content":{"rendered":"<p>Pregunta.- Beatriz \u00bfque diferencia hay de andalucia directo a callejeros?<\/p>\n<p>Respuesta.- Puff! la inmediatez, sobre todo, es la gran diferencia. En AD no hab\u00eda tiempo ni para comer la mitad de los d\u00edas; en Callejeros tenemos m\u00e1s tiempo para elaborar los repoprtajes. Eso s\u00ed, creo que hab\u00eda que hacer antes AD para despu\u00e9s poder sacar partido a un programa como Callejeros. \u00a1Y gracias por la pregunta!<\/p>\n<p>P.- Hola Beatriz&#8230; \u00bfos imponen alg\u00fan criterio desde la producci\u00f3n o realmente los reporteros hac\u00e9is lo que pens\u00e1is que es lo suyo? Un saludo, no me pierdo nunca callejeros<\/p>\n<p>R.- La verdad es que tendr\u00e9 un problema cuando me vaya de aqu\u00ed porque nos dan una libertad como nunca he tenido a la hora de trabajar. Cuando me encargaron el primer reportaje (50 minutazos) me qued\u00e9 sorprendida porque la direcci\u00f3n del programa lo vi\u00f3 apenas una semana antes, cuando ya no hab\u00eda tiempo para rectificar. Esa confianza es brutal, para lo bueno y para lo malo.<\/p>\n<p>P.- \u00bfCu\u00e1ntos d\u00edas dura la grabaci\u00f3n de un programa?\u00bf Por ejemplo&#8230; \u00bfcu\u00e1ntos d\u00edas estuvisteis en El Vacie? \u00bfY un reportaje de los viajeros?<\/p>\n<p>R.- Cada reportaje tiene su tiempo. El Vacie igual fueron 10 d\u00edas, pero recuerdo algunos como &#8220;\u00bfComida basura?&#8221;o &#8220;Gran V\u00eda&#8221; en los que estuvimos m\u00e1s de un mes. Eso de grabaci\u00f3n, que luego est\u00e1 el montaje. Los Viajeros pasa igual, intentamos sobre todo rentabilizar los d\u00edas. Gracias!! <\/p>\n<p>P.- \u00bfCu\u00e1l es tu ritmo de trabajo? \u00bfVas alternando entre la versi\u00f3n original y la viajera? \u00bfCu\u00e1ntos reportajes puedes grabar al mes? \u00bfCu\u00e1nto tiempo tienes de descanso entre uno y otro? \u00bfCon cu\u00e1nta gente viajas para hacer un viajeros y cuante gente te acompa\u00f1a a Callejeros?<\/p>\n<p>R.- Para cualquiera de los reportajes solamente viajamos 2 personas, el c\u00e1mara y el reportero. El ritmo de trabajo, fren\u00e9tico, todo depende de las necesidades de producci\u00f3n, a veces estamos un poco m\u00e1s libres y otras no llegamos, pero siempre depende del tema o de que se nos eche encima la fecha de emisi\u00f3n. Los descansos, ay!! pues trabajamos muchos fines de semana, la verdad. Y de momento s\u00ed estamos alternando entre el Callejeros y el Viajeros. Lo dec\u00eda el abuelo de Eli\u00e1n en el Viajeros de Miami: entre col y col, una lechuguita&#8230;<\/p>\n<p>P.- Enhorabuena por transmitirnos de tan cerca los problemas que todos tenemos. \u00bfque es lo que mas te impresiona en los rpotajes?<\/p>\n<p>R.- La gente. Sin duda es lo mejor de trabajar aqu\u00ed. <\/p>\n<p>P.- Buenas d\u00edas, Beatriz. He de decirte que me encant\u00f3 cuando me enter\u00e9 que entrabas a formar parte de Callejeros, porque es uno de los programas que m\u00e1s me gustan y porque llevo siguiendo tu trayectoria profesional desde hace a\u00f1os. Soy de \u00dabeda y recuerdo perfectamente cuando estabas aqu\u00ed en Ja\u00e9n, especialmente con Andaluc\u00eda Directo. Mis dos pasiones son el turismo y el periodismo. La primera ya la estoy realizando y me encantar\u00eda seguir la segunda. Es por todo esto que adoro Callejeros Viajero, porque combina mis dos sue\u00f1os. Tambi\u00e9n ha dado la casualidad de que fuiste t\u00fa la que visitaste el pa\u00eds que m\u00e1s me fascina desde ni\u00f1o: Finlandia. Por todo ello te quiero preguntar (ojal\u00e1 no sean demasiadas) tres preguntas: \u00bfC\u00f3mo te sentiste cuando te incorporaste a Callejeros? \u00bfGuardas buenos recuerdos de tus trabajos aqu\u00ed en Andaluc\u00eda? \u00bfC\u00f3mo te lo pasaste en Finlandia? S\u00ed que es verdad que me intriga saber una cosa m\u00e1s, porque siempre te he vinculado a Ja\u00e9n y me gustar\u00eda saber si naciste por estas tierras. Muchas gracias y espero que tengas toda la suerte del mundo con todo lo que te propongas. Si me decido a estudiar periodismo, ojal\u00e1 tenga una trayectoria profesional como la tuya. Muchos saludos y os seguir\u00e9 viendo en Callejeros y en Callejeros Viajeros. (Hoy es 2, d\u00eda de la Candelaria, y no s\u00e9 si conoces las &#8220;tortas de candelaria&#8221; t\u00edpicas de \u00dabeda. Me comer\u00e9 una a tu salud! XD )<\/p>\n<p>R.- Mil gracias por tu mensaje, que es muy cari\u00f1oso y me trae muy buenos recuerdos. Mis mejores amigos siguen viviendo en Ja\u00e9n, asi que imagina c\u00f3mo me sigue llamando la tierra. Yo nac\u00ed en Madrid pero mi madre era de Lopera, asi que tengo toda mi infancia ligada a la provincia. Me la conozco como la palma de mi mano y me parece que hay que hacerle justicia de otra manera porque no se la reconoce en lo que se debe. Asi que mis mejores recuerdos andaluces no es lo que trabaj\u00e9 sino lo que viv\u00ed. En cuanto a c\u00f3mo me sent\u00ed cuando entr\u00e9 en el programa&#8230;la verdad es que est\u00e1 muy bien eso de que veas algo desde tu casa que te gusta mucho en la tele y despu\u00e9s te llamen!!! Finlandia estuvo muy bien, un poco triste, la verdad, no se escuchaba nada por la calle y eso me impresion\u00f3. Pero el paisaje era fant\u00e1stico. Madre m\u00eda las tortas. Y los och\u00edos, y los virolos, y las perrunas de Porcuna. C\u00f3mete un par de ellas por m\u00ed que est\u00e1n mu ricas. Y mil gracias.<\/p>\n<p>P.- \u00bfPor qu\u00e9 no hacen un reportaje de Cuba, La Habana, ya que es uno de los lugares tur\u00edstico mas solicitados?Adem\u00e1s del gran interes cultural de la Isla<\/p>\n<p>R.- A ver si nos dejan entrar con la c\u00e1mara&#8230;la verdad es que el pa\u00eds es una pasada!!<\/p>\n<p>P.- Tambi\u00e9n quer\u00eda preguntarte qu\u00e9 pens\u00e1is los de callejeros de los programas que han copiado vuestro formato de forma brutal&#8230;. y otra cosa&#8230; sinceramentel: \u00bfqu\u00e9 prefer\u00eds realizar, un Callejeros o un Callejeros Viajeros? \u00a1\u00a1Un abrazo, seguid as\u00ed!!<\/p>\n<p>R.- Yo, Callejera callejera, me encanta el formato y trabajar como trabajamos por aqu\u00ed, pero viajera est\u00e1 muy requetebi\u00e9n, que de vez en cuando hay que oxigenarse, con lo que a m\u00ed me gusta viajar!! En cuanto a lo de los programas similares, sinceramente, mientras un reportaje de calle o cualquier g\u00e9nero period\u00edstico ocupe el prime time de una cadena en vez de otros formatos, bienvenido. Si algo ha conseguido Callejeros es precisamente eso, que se le preste atenci\u00f3n al g\u00e9nero del reportaje. Y gracias por vernos, sigue as\u00ed t\u00fa tambi\u00e9n!!!<\/p>\n<p>P.- BUENAS NOCHES BEATRIZ, SOY OSCAR S. DE LOGRO\u00d1O. MI PREGUNTA ES LA SIGUIENTE: CUAL ES PARA TI EL DESTINO IDEAL QUE CONTENGA ESTOS INGREDIENTES?. SOL\/CALOR TODO EL A\u00d1O, NO MUY LEJOS DE ESPA\u00d1A Y CON PLAYA. MUCHAS GRACIAS. (MOLARIA UN CALLEJEROS &#8220;LA RIOJA&#8221;).<\/p>\n<p>R.- Lo de Callejeros en La Rioja, empezamos a moverlo sin problema, Oscar!! lo del destino es m\u00e1s complicado porque tampoco soy yo mucho de calor todo el a\u00f1o, que me gusta m\u00e1s el fresco. India est\u00e1 muy bien. pero se nos queda pel\u00edn lejos.<\/p>\n<p>P.- \u00bf\u00bfQu\u00e9 reportaje es el que m\u00e1s te ha gustado de todos los que has hecho?? \u00bfHasta qu\u00e9 punto est\u00e1s dispuesta a arriesgar por obtener la imagen o las palabras que quieres?<\/p>\n<p>R.- No creo que nada se merezca un riesgo real de la integridad de nadie para conseguir una imagen o unas declaraciones, la verdad. Hay que tomar las cosas como lo que son, que muchas veces no hace falta m\u00e1s. En cuanto al reportaje que m\u00e1s me ha gustado, pues lo estoy montando ahora, asi que ya te voy diciendo!!!<\/p>\n<p>P.- \u00bfTe ha costado mucho llegar a trabajar en un programa como este? te veia en andalucia directo<\/p>\n<p>R.- Gracias por lo de AD, que yo sigo presumiento de programa. La verdad es que he currado much\u00edsimo y lo he disfrutado un mont\u00f3n. No creo que me haya costado m\u00e1s o menos que a otro, no s\u00e9 si se pueden comparar los esfuerzos y las suertes. Que he sido currita a pie de calle, tambi\u00e9n.<\/p>\n<p>P.- Si no hubieras sido reportera de callejeros&#8230; \u00bfa qu\u00e9 otro tipo de periodismo te gustar\u00eda haberte dedicado o te dedicar\u00edas?<\/p>\n<p>R.- De periodismo nada!!!! Licenciada en Historia y perdida en alguna excavaci\u00f3n arqueol\u00f3gica. Es la asignatura pendiente.<\/p>\n<p>P.- Hola! me encantan tus programas pero sobre todo Callejeros Viajeros, me preguntaba si os estabais planteando hacer un reportaje sobre Praga, pues es una ciudad fascinante y estoy deseando verla bajo el punto de vista de uno de vuestros maravillosos programas, \u00bfpara cuando creeis que puede estar listo?. Gracias.<\/p>\n<p>R.- Pues lo de Praga me imagino que est\u00e1 m\u00e1s cerca que lejos porque b\u00e1sicamente nos hemos recorrido Europa. Y si me mandan a m\u00ed, estupendo, que no la conozco!! Gracias por la sugerencia y cuando caiga, a ver si te gusta.<\/p>\n<p>P.- Hola Beatriz&#8230; \u00bfen qu\u00e9 reportaje, si ha sido en alguno, has sentido miedo por tu integridad f\u00edsica? Lo digo porque seguro que te has enfrentado, durante una grabaci\u00f3n, a m\u00e1s de una situaci\u00f3n tensa. \u00a1Cu\u00e9ntanosla! Enhorabuena por el programa, no me lo pierdo NUNCA, sois el mejor programa de reportajes y todos los dem\u00e1s os han copiado.<\/p>\n<p>R.- Gracias por vernos, la verdad es que as\u00ed da gusto trabajar!!! La situaciones tensas surgen, y lo que se hace es intentar mediar para que la cosa no vaya a m\u00e1s. No te creas que hemos tenido tantos problemas como en principio pudiera pensarse por lo que despu\u00e9s se ve. La frase es de David Moreno: &#8220;correr correr, no, pero s\u00ed hemos tenido que andar rapidito&#8221;. Gracias por la pregunta!!!!<\/p>\n","protected":false},"excerpt":{"rendered":"<p>Pregunta.- Beatriz \u00bfque diferencia hay de andalucia directo a callejeros? Respuesta.- Puff! la inmediatez, sobre todo, es la gran diferencia. En AD no hab\u00eda tiempo ni para comer la mitad de los d\u00edas; en Callejeros<span class=\"theme-excerpt-more\"> [&#8230;] <a href=\"https:\/\/intervius.com\/index.html\/Beatriz_Diaz9767\/\" title=\"Beatriz D\u00edaz\">Read More<\/a><\/span><\/p>\n","protected":false},"author":1,"featured_media":0,"comment_status":"open","ping_status":"open","sticky":false,"template":"","format":"standard","meta":{"footnotes":""},"categories":[],"tags":[],"class_list":["post-9767","post","type-post","status-publish","format-standard","hentry"],"_links":{"self":[{"href":"https:\/\/intervius.com\/index.html\/wp-json\/wp\/v2\/posts\/9767","targetHints":{"allow":["GET"]}}],"collection":[{"href":"https:\/\/intervius.com\/index.html\/wp-json\/wp\/v2\/posts"}],"about":[{"href":"https:\/\/intervius.com\/index.html\/wp-json\/wp\/v2\/types\/post"}],"author":[{"embeddable":true,"href":"https:\/\/intervius.com\/index.html\/wp-json\/wp\/v2\/users\/1"}],"replies":[{"embeddable":true,"href":"https:\/\/intervius.com\/index.html\/wp-json\/wp\/v2\/comments?post=9767"}],"version-history":[{"count":0,"href":"https:\/\/intervius.com\/index.html\/wp-json\/wp\/v2\/posts\/9767\/revisions"}],"wp:attachment":[{"href":"https:\/\/intervius.com\/index.html\/wp-json\/wp\/v2\/media?parent=9767"}],"wp:term":[{"taxonomy":"category","embeddable":true,"href":"https:\/\/intervius.com\/index.html\/wp-json\/wp\/v2\/categories?post=9767"},{"taxonomy":"post_tag","embeddable":true,"href":"https:\/\/intervius.com\/index.html\/wp-json\/wp\/v2\/tags?post=9767"}],"curies":[{"name":"wp","href":"https:\/\/api.w.org\/{rel}","templated":true}]}}