{"id":976,"date":"2007-02-01T00:00:00","date_gmt":"2006-11-06T00:00:00","guid":{"rendered":"https:\/\/intervius.com\/index.html\/?p=976"},"modified":"2006-11-06T00:00:00","modified_gmt":"2006-11-06T00:00:00","slug":"Daniela_Creamer976","status":"publish","type":"post","link":"https:\/\/intervius.com\/index.html\/Daniela_Creamer976\/","title":{"rendered":"Daniela Creamer"},"content":{"rendered":"<p>Pregunta.- \u00bfC\u00f3mo definir\u00eda la situaci\u00f3n pol\u00edtica por la que est\u00e1 pasando Ecuador por estos momentos?<\/p>\n<p>Respuesta.- Hola Berni. La situacion politica actual, definitivamente, es critica. Es la primera vez desde 1979, ano en que se restablecio la democracia en Ecuador, que se ha comenzado a implantar el socialismo en este pais, acobijado por naciones cercanas como Venezuela y Bolivia. Eso preocupa enormemente a los empresarios que han invertido en este pais y a los ecuatorianos por la imagen que estamos proyectando hacia el exterior. Su consecuencia es el grave enfrentamiento que vivimos hoy entre la tendencia derechista, que el presidente Rafael Correa llama &#8220;partidocracia&#8221; y la tendencia izquierdista, compuesta por movimientos revolucionarios que han surgido los ultimos meses para exigir cambios radicales. Creo que efectivamente son necesarios akgunos cambios radicales, pero no creo que incitar a la gente a salir a las calles para generar caos sea el modo. El problema es que cada uno de los poderes del Estado -Ejecutivo, Legislativo y Judicial- interpretan la constitucion a su manera y a su favor.<\/p>\n<p>P.- \u00bfCree que el cambio traer\u00e1 mejoras sutanciales para toda la poblaci\u00f3n o s\u00f3lo a una parte?<\/p>\n<p>R.- Depende de que cambios estamos hablando. Es un poco dificil predecir las consecuencias de los mismos. Pero basandonos en el ofrecimiento de campana del actual presidente Rafael Correa, los cambios apuntan para mejorar la situacion social y economica de la clase mas desprotegida, a traves de mayor inversion en salud, educacion y vivienda. Esto, obviamente, es positivo en ese sentido, pues son aspectos de la sociedad muy importantes que afectan a la evolucion del pais. Sin embargo, el asunto es que para lograr esto se estan tomando fuertes medidas que afectaran al resto de la poblacion, como lo es la subida y creacion de nuevos impuestos para ciertos productos y servicios que atanen al bolsillo del sector productivo del pais. Esto hara que dicho sector (comercial, industrial, turistico, etc.), que invierte, produce y que ha aportado con sus recursos enormemente al desarrollo del Ecuador, a pesar de la gran inestabilidad que han provocado los ultimos gobiernos, salga corriendo apenas pueda. <\/p>\n<p>P.- \u00bfConsidera peligroso viajar a Ecuador en estos momentos?<\/p>\n<p>R.- Lara, eres muy bienvenida a visitar Ecuador, ahora y siempre, mientras no te acerques mucho al Congreso Nacional, ni al Palacio de Carondelet, ni al Tribunal Supremo Electoral ( es solo una broma). Ecuador sigue siendo un pais muy acogedor y hermoso. Su gente siempre se ha destacado por su calidez y por ser uno de los mejores anfitriones de Latinoamerica. En la Costa ecuatoriana arranco la temporada de playa, la Sierra esta despejada luciendo maravillosamente los picos nevados de sus volcanes, la Amazonia es impresionante y divertida, y concluye la aventura en Galapagos, nuestro mayor tesoro natural. No te arrepentiras.<\/p>\n<p>P.- Hola Daniela: Creo que te conoc\u00ed cuando fuiste becaria en la Comisi\u00f3n Europea hace unos cuantos a\u00f1os&#8230; Desde entonces he le\u00eddo tus art\u00edculos en El Pa\u00eds con curiosidad. \u00bfEres la misma Daniela?<\/p>\n<p>R.- Hola tomaspa. Por supuesto que soy la misma Daniela. No te equivocas. Que tiempos aquellos, verdad?? Espero que todo te este saliendo bien. Saludos con nostalgia. <\/p>\n<p>P.- \u00bfC\u00f3mo crees que va a evolucionar la situaci\u00f3n en los pr\u00f3ximos meses?<\/p>\n<p>R.- Creo que si no se resuelve la pugna entre los poderes principales del Estado, la situacion podria degenerar en un caos. Y ese es el temor que tiene la ciudadania ecuatoriana que no es participe de las protestas. El Congreso Nacional esta buscando un dialogo pacifico y mediador con el Ejecutivo, mientras que el presidente Rafael Correa y su vicepresidente Lenin Moreno afirman que la epoca del dialogo ya paso. Es mas, Correa en su posesion de mando dijo radicalmente que no estamos en una epoca de cambios, sino en un cambio de epoca, anticipando su intencion de llevar a Ecuador hacia el cambio socialista que se esta implementando en algunos paises de la region. La esperanza de algunos es que si esto verdaderamente sucede, sea bajo el modelo del socialismo mas conservador como el de Brasil y Chile y no el mas radical, como Venezuela y Bolivia. <\/p>\n<p>P.- Una pregunta directa para una respuesta directa: \u00bfHasta qu\u00e9 punto se ha podido ver afectada la imagen de los espa\u00f1oles en Ecuador tras el \u00faltimo atentado de ETA?Muchas gracias<\/p>\n<p>R.- Migue, la imagen de los espanoles sigue siendo la misma y tampoco se ha afectado para nada el aprecio y el carino de los ecuatorianos. En Ecuador no los asociamos en absoluto con la figura del ETA, pues ellos forman parte del terrorismo internacional. Probablemente esto se deba a que sus ataques no van dirigidos directamente a la poblacion ecuatoriana. Desgraciadamente, en este caso particular, hubo victimas de Ecuador y lo sentimos enormemente. Y estamos muy conmovidos de como ha reaccionado Espana ante el dolor de los familiares de estos compatriotas.<\/p>\n<p>P.- Hola Daniela, encantado de saludarte. S\u00f3lo decirte que eres la mujer m\u00e1s guapa de todo Ecuador. Besos&#8230;<\/p>\n<p>R.- Laerte, mil gracias por esas lindas palabras. Eso me sube los animos y la estima. Tambien estas cordialmente invitado a Ecuador cuando quieras, je, je.<\/p>\n<p>P.- Piensa usted que la relaci\u00f3n mediatica, se vio en todos los canales del mundo, entre el actual presidente y Chavez son buenas cartas de presentaci\u00f3n para la democracia europea cuando se sabe que hoy en d\u00eda es muy arriesgado defender nacionalismos carentes de valores democraticos como los de Cuba y Venezuela.<\/p>\n<p>R.- Creo qe esa relacion mediatica de la que hablas fue negativa para la imagen de Ecuador en el exterior, pues obviamente la gente a partir de alli ha comenzado a visualizar a Rafael Correa como al futuro Chavez. Asi mismo, a Ecuador como a la actual Venezuela, que ha vivido cambios totalmente radicales y con matices excesivamente socialsitas. De hecho, el riesgo pais alcanzo en estos dias 1020 puntos, colocandonos entre las naciones mas inestables politica, economica y socialmente del mundo. Esto ahuyenta inmediatamente las inversiones extranjeras, fundamentales para nuestro progreso.<\/p>\n<p>P.- \u00bfCalificar\u00eda de involucionismo democr\u00e1tico la situaci\u00f3n actual de Ecuador, tal y c\u00f3mo se puede observar en pa\u00edses como Venezuela?<\/p>\n<p>R.- Creo que los hechos hablan por si solos. Las protestas, la violencia, la agresion fisica, el caos, la anarquia que esta propulsando Rafael Correa, bajo el discurso de que el pueblo tiene derecho a protestar, aun arriesgando la vida de gente inocente, definitvamente no colaboran ni han colaborado nunca con la evolucion de un pais democratico. Solo van 16 dias con Correa al poder, y Ecuador no ha dejado de vivir manifestaciones publicas por los nuevos grupos revolucionarios y rojos, partidarios de Correa, que se mantienen en las calles exigiendo que se haga su voluntad y atropellando el orden y las leyes. Otro punto preocupante son las conversaciones entre los tres presidentes andinos (Chavez, Correa y Evo Morales) que giran entorno a asuntos inquietantes: la unificacion de la moneda regional (lo cual significa salir de la dolarizacion que ha estabilizado a Ecuador economicamente en los ultimos anos) y crear un Banco del Sur, para manejar los fondos de la region &#8220;dentro de casa&#8221;. Ademas, se habla ya de un canal nuevo, solo del Estado, al estilo chavista, para impartir sobretodo su filosofia con total libertad de expresion. El problema es que todo esto esta generando gran temor, pues la gente relaciona mucho a estos dos mandatarios y sus estategias. Gran parte del capital del pais se ha fugado en las ultimas semanas, y si presentamos problemas con el pago de la deuda externa, habra tambien dificultades para conseguir creditos internacionales.<\/p>\n<p>P.- \u00bfCrees que la soluci\u00f3n para Ecuador es una mayoria de izquierdas en el Parlamento? <\/p>\n<p>R.- Eso seria irnos al otro lado de la balanza. Creo que la solucion coherente para Ecuador es una mediacion entre la derecha y la izquierda. Ningun extremo es bueno y la historia politica de Ecuador es un gran ejemplo de ello. Este pais debe aprender a vivir con la oposicion, esto es saludable, siempre y cuando esta sea constructiva y contribuya a la democracia. Recordemos, ademas, que el Parlamento esta para legislar en pro del pais, respetando la constitucion, y no para subyugarse al presidente y su ideologia de turno. Sea Correa o quien fuera.<\/p>\n<p>P.- Admirada Daniela; le he visto en Teleamazonas y he le\u00eddo sus cr\u00f3nicas para el Pa\u00eds desde los mejores festivales de cine del mundo. Sepa que cuenta con mi admiraci\u00f3n por su trabajo period\u00edstico. Tambi\u00e9n s\u00e9 que es usted un personaje importante en Ecuador y que ha estudiado Econom\u00eda en Nueva Orleans y Barcelona&#8230; \u00bfEstamos colonizando Ecuador los espa\u00f1oles? \u00bfNo estamos explotando su mano de obra barata a cambio de muy poco dinero y ninguna inversi\u00f3n a largo plazo?<\/p>\n<p>R.- Hola Kapullin. Gracias por tus comentarios alentadores. Me he sonrojado, sobretodo el recordar estas maravillosas experiencias profesionales, de vida y a mis queridos amigos companeros de estas aventuras. No creo que los espanoles nos esten colonizando. Esos tiempos ya pasaron hace mucho. Son los descendientes de esos mismos espanoles, llamados ahora ecuatorianos, los que han vuelto a reclamar sus derechos a la Madre Patria. Y estan dando lo mejor de si por alla. En cuanto a los que aqui quedan, es verdad, la realidad para ellos no es muy justa, por eso buscan salir desesperadamente. pero no es solo cuestion de empresas espanolas u otras internacionales, es un mal generalizado que sufre la region. Te envio un besote especial Kapullin. a baja paga por su mano de obra por parte de empresas internacionales <\/p>\n<p>P.- \u00bfSe puede definir a Correa como un politico populista de izquierdas? <\/p>\n<p>R.- Definitivamente. Tanto es asi que su actual nivel de popularidad asciende a 73%, segun Cedatos. Mientras que el Congreso Nacional, por ejemplo, compuesto por mayoria opositora, cuenta hoy con solo un 5% de credibilidad. Y son estas cifras las que han llevado precisamente a Rafael Correa a sentirse mas confiado y seguro en sus decisiones politicas.<\/p>\n<p>P.- \u00bfTan mala es la situacion en Ecuador que obliga a emigrar masivamente a sus ciudadanos ?. Muchas veces me pregunto si realmente queda alguien alli, dado el n\u00famero de compatriotas tuyos que hay en Espa\u00f1a. Y que conste que no me molesta. Opino que tenemos una deuda historica en este aspecto con America Latina, que tan bien nos acogio cuando nosotros lo necesitamos.<\/p>\n<p>R.- Esta mala en cuanto a oportunidades laborales, salarios para quienes tienen un empleo y el alto costo de la vida (el precio de la canasta familiar equivale a dos sueldos basicos). Si, todavia quedamos trece millones, a pesar de los mas de tres que han emigrado. Aunque una de las ofertas de campana de Correa ha sido reducir el flujo de emigracion. Eso esta por verse. Definitivamente, la vida es ciclica y si antes los ecuatorianos acogieron a los espanoles con amabilidad y brindadoles oportunidades, la situacion ahora se ha vuelto reciproca. <\/p>\n<p>P.- Daniela: \u00bfTu crees que la DERECHA, los POL\u00cdTICOS DERECHISTAS..van a dejar Gobernar a Rafael Correa?. Vivo en Espa\u00f1a y quiero ver a mi PAIS caminar hacia adelante y no hacia atras. Un saludo desde Madrid.<\/p>\n<p>R.- Saludos tambien para ti, Pilar. Te aseguro que todos queremos ver a Ecuador progresar, como de verdad se lo merece. No creo que los politicos derechistas esten buscando la caida de Correa o algo similar, pues han demostrado en estos 16 dias de gobierno que quieren dialogar con el presidente Correa, pero es el quien no quiere dialogar con ellos. Juzga a un Congreso, elegido por el mismo pueblo, donde el 80% es sangre nueva, a pesar de ser la mayoria opositora. Es cierto que la imagen del Congreso Nacional se ha desprestigiado mucho en los ultimos anos, por sus malas acciones. Pero creo que es justo tambien que, si ha sido elegido democraticamente, se le de la oportunida de demostrar su capacidad como estan intentando hacerlo en esta situacion. <\/p>\n","protected":false},"excerpt":{"rendered":"<p>El martes por la tarde el Congreso de Ecuador fue evacuado ante la presencia de miles de manifestantes que exig\u00edan la convocatoria de una consulta popular para instalar una Asamblea Constituyente. Daniela Creamer, colaboradora de EL PA\u00cdS en Ecuador, ha charlado con los lectores sobre los momentos dif\u00edciles que se est\u00e1n viviendo en Ecuador.<\/p>\n","protected":false},"author":1,"featured_media":0,"comment_status":"open","ping_status":"open","sticky":false,"template":"","format":"standard","meta":{"footnotes":""},"categories":[],"tags":[],"class_list":["post-976","post","type-post","status-publish","format-standard","hentry"],"_links":{"self":[{"href":"https:\/\/intervius.com\/index.html\/wp-json\/wp\/v2\/posts\/976","targetHints":{"allow":["GET"]}}],"collection":[{"href":"https:\/\/intervius.com\/index.html\/wp-json\/wp\/v2\/posts"}],"about":[{"href":"https:\/\/intervius.com\/index.html\/wp-json\/wp\/v2\/types\/post"}],"author":[{"embeddable":true,"href":"https:\/\/intervius.com\/index.html\/wp-json\/wp\/v2\/users\/1"}],"replies":[{"embeddable":true,"href":"https:\/\/intervius.com\/index.html\/wp-json\/wp\/v2\/comments?post=976"}],"version-history":[{"count":0,"href":"https:\/\/intervius.com\/index.html\/wp-json\/wp\/v2\/posts\/976\/revisions"}],"wp:attachment":[{"href":"https:\/\/intervius.com\/index.html\/wp-json\/wp\/v2\/media?parent=976"}],"wp:term":[{"taxonomy":"category","embeddable":true,"href":"https:\/\/intervius.com\/index.html\/wp-json\/wp\/v2\/categories?post=976"},{"taxonomy":"post_tag","embeddable":true,"href":"https:\/\/intervius.com\/index.html\/wp-json\/wp\/v2\/tags?post=976"}],"curies":[{"name":"wp","href":"https:\/\/api.w.org\/{rel}","templated":true}]}}