{"id":9757,"date":"2012-01-31T00:00:00","date_gmt":"2006-11-06T00:00:00","guid":{"rendered":"https:\/\/intervius.com\/index.html\/?p=9757"},"modified":"2006-11-06T00:00:00","modified_gmt":"2006-11-06T00:00:00","slug":"Juanma_Trueba9757","status":"publish","type":"post","link":"https:\/\/intervius.com\/index.html\/Juanma_Trueba9757\/","title":{"rendered":"Juanma Trueba"},"content":{"rendered":"<p>Pregunta.- \u00a1Hola crack! \u00bfNo te parece que el Mirand\u00e9s es ya uno de los grandes protagonistas de la historia del f\u00fatbol espa\u00f1ol? No se trata del t\u00edpico equipo de segunda b que gana a alg\u00fan primera a base de casta, suerte, y malas actuaciones del equipo grande y sus suplentes, sino de un equipazo que juega bien al f\u00fatbol, bien de veras. En mi opini\u00f3n, m\u00e1s all\u00e1 de Barcelona y Madrid, el equipo del a\u00f1o en Espa\u00f1a. La eliminatoria con el Athletic va a ser preciosa.<\/p>\n<p>Respuesta.- Es un ejemplo, desde luego. El representante de los modestos en el mundo del f\u00fatbol afectado y maquillado. Lo de ser uno de los protagonistas de la historia del f\u00fatbol espa\u00f1ol lo veo ligeramente exagerado, al menos de momento. Le har\u00eda falta llegar a la final, y ganarla, probablemente. Lo de equipo del a\u00f1o lo tiene m\u00e1s f\u00e1cil, dentro de las dificultades&#8230;<\/p>\n<p>P.- Hola Juanma:\u00bfQue diferencia existe entre la alineacion de Mou en el partido del Bernabeu contra el barca y la de Guardiola contra el villareal?. Merece la misma critica de equipo peque\u00f1o. Mou al menos saco tres delanteros y Guardiola uno. Y sobre Shuster aun no se ha tenido que ir de ningun sitio lo echan de todos por algo sera<\/p>\n<p>R.- Bien. La actitud ofensiva del Barcelona no se mide por el n\u00famero de delanteros. Si algo distingue su juego es la polivalencia de los jugadores y la movilidad de las posiciones. Desde ese punto de vista, el debate se complica. M\u00e1s que refugiarse en una t\u00e1ctica defensiva, como hizo el Madrid, el Barcelona acus\u00f3 en Villarreal el cansancio y el desgaste de una plantilla demasiado corta. Lo de Schuster es otro asunto. Y viene viciado por sus declaraciones contra el planteamiento de Mourinho. Es posible que su carrera como t\u00e9cnico no haya sido ejemplar (si bien consigui\u00f3 una Liga, mismo t\u00edtulo que persigue con tanto ah\u00ednco Mou), pero el sentido cr\u00edtico de sus declaraciones lo compartimos algunos.<\/p>\n<p>P.- hola juanma, tengo una discusion con un amigo sobre si el madrid-barca es un derbi o un clasico? gracias y un cordial saludo<\/p>\n<p>R.- El derbi, en sentido estricto, enfrenta a equipos de la misma ciudad. Anulado lo del derbi, el Cl\u00e1sico es una invenci\u00f3n argentina que funciona muy bien en los titulares.<\/p>\n<p>P.- hola juanma,no crees tu que fernando torres es un futbolista en clara decadencia,sus numeros en la premier son muy malos y no tiene pinta de mejorar,si sigue asi es muy dificil que vaya a la eurocopa,un saludo.<\/p>\n<p>R.- Es para preocuparse, la verdad. Su crisis se alarga y hace temer que sea algo m\u00e1s que una mala racha. Yo, de natural optimista, pienso que volver\u00e1, pero es una intuici\u00f3n sin base cient\u00edfica. Lo mismo pensaba de Kak\u00e1 y, de momento, est\u00e1 volviendo. Al nivel actual tengo claro que Del Bosque no lo llevar\u00e1 a la Euro con todo el dolor de su coraz\u00f3n.<\/p>\n<p>P.- Si se va Mou (ojal\u00e1 que gane todo y se vaya) \u00bfquien te gustar\u00eda mas entre Low, Wenger,Michel,Toril \u00f3 Benitez y por qu\u00e9? \u00bfY que te parecer\u00eda traer a J.Martinez por Pepe (el mismo caso que mou) y a Silva (si le juntamos con ozil menuda delicia) ?<\/p>\n<p>R.- Low: me gusta el estilo de juego que trata de inculcar en la selecci\u00f3n alemana y entiendo que esa experiencia al m\u00e1ximo nivel le avala para entrenar a un club como el Madrid. Tambi\u00e9n me parece un se\u00f1or educado, virtud que tengo en alta estima. Para Wenger pas\u00f3 el tren y para M\u00edchel y Toril todav\u00eda est\u00e1 por llegar. A Ben\u00edtez le veo demasiado personalista, acaparador e inflexible y supongo que despu\u00e9s de Mourinho la intenci\u00f3n del club ser\u00e1 cambiar el tono. Lo de Javi Mart\u00ednez y Silva lo firmar\u00eda con sumo agrado.<\/p>\n<p>P.- Hola Juanma, saludos crack. Si Benzema y \u00d6zil siguen a este ritmo, te extra\u00f1aria ver a uno o a los dos entre los tres nominados para el Balon de Oro el proximo?<\/p>\n<p>R.- Entre los nominados, no. Pero otra cosa ser\u00e1 ganarlo. Les queda un trecho para conseguirlo y podr\u00edan recorrerlo esta temporada. S\u00f3lo necesitar\u00e1n ser buenos escaladores. Porque vienen monta\u00f1as.<\/p>\n<p>P.- Hola Juanma, En mi opini\u00f3n, cuando Mouri\u00f1o decida irse del RM, el consecuente baj\u00f3n que sufrir\u00e1 el equipo (ya pas\u00f3 con el Chelsea y el Inter) durar\u00e1 un par de a\u00f1os como m\u00ednimo \u00bf que piensas ?<\/p>\n<p>R.- Creo que el Madrid tambi\u00e9n ser\u00e1 distinto en eso y se recuperar\u00e1 antes. Su historia resistir\u00e1 mejor la tormenta. Espero.<\/p>\n<p>P.- hola juanma! sabes que a pasado al final con giovanni dos santos? porque por granada nos vendria bien! jaja gracias<\/p>\n<p>R.- Supongo que el Sevilla cerrar\u00e1 hoy su fichaje, o en eso estaba. Y si no lo hace el Sevilla apuesto a que no le faltar\u00e1n pretendientes. Buen jugador.<\/p>\n<p>P.- Hola JUanma. Es realmente Granero tan buen futbolista como lo dicen ahora que ha jugado 2 o 3 partidos? Pienso que si. Pero para el Madrid pienso que nos haria falta uno mejor que el. Como fondo de armario si. Que piensas? Gracias y un saludo.<\/p>\n<p>R.- Pienso, aproximadamente, lo mismo que usted. Me queda una duda. Hemos visto a Granero disfrutando de minutos, al menos \u00faltimamente. Ahora s\u00f3lo nos faltar\u00eda que adem\u00e1s le dieran confianza. Es posible que nos llev\u00e1ramos una sorpresa. Positiva, digo.<\/p>\n<p>P.- Hola Juanma! Puedes hablarme un poco de dos genios que siempre vincularon con el Barcelona y Madrid pero que nunca llegaron a venir, como son David Ginola y Dejan Savicevic. Qu\u00e9 crees que les falt\u00f3 para llegar a ser considerados &#8220;grandes&#8221;? Gracias!<\/p>\n<p>R.- Bueno, yo los tengo por grandes, aunque es cierto que no est\u00e1n al nivel de los Zidane, Ronaldo (Nazario) y compa\u00f1\u00eda, esa aristocracia que sigue a los m\u00e1s grandes. Hay muchos jugadores en ese selecto nivel: Cantona, Donadoni&#8230; hasta cien nos saldr\u00edan.<\/p>\n<p>P.- Si Parames habla como persona de futbol, podrias decirme quien es este personaje dentro del mundo del futbol?Si no es nadie, porque le dais bola?Si habla como portavoz de Mou, porque no preguntais a Mou sobre el personaje en question?<\/p>\n<p>R.- Param\u00e9s se declara portavoz de Mourinho y Mourinho, hasta donde yo s\u00e9, no ha desmentido nunca esa portavoc\u00eda. Esa relaci\u00f3n es la que da relevancia a sus comentarios, impresentables en la mayor parte de las ocasiones.<\/p>\n<p>P.- Hola Juanma,\u00bfsi tuvieses que quedarte con un escalador en la historia del ciclimo? (el mio ser\u00eda Pantani) Un saludo.<\/p>\n<p>R.- No hay nada m\u00e1s amado que lo nunca he tenido (Serrat), nada m\u00e1s hermoso que lo nunca vi (Trueba). Es decir, que me quedo con Vicente Trueba, Bahamontes, Gaul, Fuente&#8230; Los antiguos, para entendernos.<\/p>\n<p>P.- \u00bfAlguien deberia decirle a Eladio Pamar\u00e9s que se tome una tila, o dos..? no representa al Madrid, pero claro, indirectamnete (o directa) est\u00e1 vinculado al ser el portavoz Jose Mourinho, entrenador del primer equipo&#8230;<\/p>\n<p>R.- Correcto. El problema es que el entrenador del Madrid consienta, y hasta le ofrezca declaraciones. Param\u00e9s no hace otra cosa que fomentar la crispaci\u00f3n. Est\u00e1 bien elegido su avatar: un perro poco amistoso.<\/p>\n<p>P.- Por que he tenido hoy un examen de la asignatura de derecho si la carrera en la que estoy- o eso dicen- es periodismo? Gracias. Espero tu respuesta ansioso. Y no intentes complacerme, que ya sabes que es la formula del fracaso&#8230;<\/p>\n<p>R.- Estudiar derecho es de las pocas cosas \u00fatiles que estudiar\u00e1s en la carrera de periodismo. Lo dem\u00e1s es, en su mayor\u00eda, evanescente, y m\u00e1s te vale que lo estudies por tu cuenta. Trabajando y leyendo. Tambi\u00e9n viviendo.<\/p>\n<p>P.- Hola Juanma, un placer leer tus previas. \u00bfAlgo que decir sobre el gran Manolo Preciado, hoy destituido? Gracias<\/p>\n<p>R.- Hola, encantado, gracias. Una pena lo de Preciado, s\u00ed se\u00f1or. Pero comprendo a las partes, a todas. Los lamentos, la injusticia y la impaciencia. Es el f\u00fatbol. Y Preciado volver\u00e1 a entrenar, y no ser\u00e1 tarde. Tiene conocimientos, mano, talante y amigos. <\/p>\n<p>P.- Hola Juanma. otro aplazamiento en el Caso Contador. Van a esperara que se retire el solo? Que crees que indica tanto retraso: Absolucion o Condena? Y si tu fueras el TAS? Gracias<\/p>\n<p>R.- Dif\u00edcil cuesti\u00f3n. Tan dif\u00edcil que estoy dispuesto a dar por bueno lo que dictamine el TAS. Sea lo que sea. Y no me quedar\u00e9 con los detalles del veredicto, sino con su esencia: inocente o culpable. Me creer\u00e9 lo que me digan. Aunque se vaya haciendo tarde.<\/p>\n<p>P.- que porcentaje le das al valencia de pasar en su enfrentamiento de copa con el barcelona y que te parece el nivel que muestra banega. saludos.<\/p>\n<p>R.- Me gusta el Banega futbolista desde el primer momento en que le vi. Incluso defend\u00ed la cuesti\u00f3n ante mi amigo I\u00f1ako en sus peores tiempos en el Atl\u00e9tico (los de Banega). Dicho lo cual, asumo que su cabeza es espumosa. Y a la eliminatoria la concedo un 55\/45 para el Barcelona.<\/p>\n<p>P.- Hola Juanma, ayer estuve viendo Gladiator y me preguntaba que seria Mourinho \u00bfesclavo, gladiador, soldado romano, cesar, leon devora cristianos? Un saludo<\/p>\n<p>R.- El C\u00e9sar es Florentino, de modo que habr\u00e1 que descartar ese papel. Habr\u00e1 que reservarle el de alg\u00fan general con altas aspiraciones pol\u00edticas y ego tan grande como el imperio. Ni gladiador, ni soldado ni le\u00f3n, menos a\u00fan le\u00f3n devora Cristianos.<\/p>\n","protected":false},"excerpt":{"rendered":"<p>El subdirector de Diario AS ha charlado sobre el mundo del deporte con los internautas, con especial atenci\u00f3n a la actualidad futbol\u00edstica, las novedades del caso Contador y el resto de acontecimientos deportivos rese\u00f1ables.<\/p>\n","protected":false},"author":1,"featured_media":0,"comment_status":"open","ping_status":"open","sticky":false,"template":"","format":"standard","meta":{"footnotes":""},"categories":[],"tags":[],"class_list":["post-9757","post","type-post","status-publish","format-standard","hentry"],"_links":{"self":[{"href":"https:\/\/intervius.com\/index.html\/wp-json\/wp\/v2\/posts\/9757","targetHints":{"allow":["GET"]}}],"collection":[{"href":"https:\/\/intervius.com\/index.html\/wp-json\/wp\/v2\/posts"}],"about":[{"href":"https:\/\/intervius.com\/index.html\/wp-json\/wp\/v2\/types\/post"}],"author":[{"embeddable":true,"href":"https:\/\/intervius.com\/index.html\/wp-json\/wp\/v2\/users\/1"}],"replies":[{"embeddable":true,"href":"https:\/\/intervius.com\/index.html\/wp-json\/wp\/v2\/comments?post=9757"}],"version-history":[{"count":0,"href":"https:\/\/intervius.com\/index.html\/wp-json\/wp\/v2\/posts\/9757\/revisions"}],"wp:attachment":[{"href":"https:\/\/intervius.com\/index.html\/wp-json\/wp\/v2\/media?parent=9757"}],"wp:term":[{"taxonomy":"category","embeddable":true,"href":"https:\/\/intervius.com\/index.html\/wp-json\/wp\/v2\/categories?post=9757"},{"taxonomy":"post_tag","embeddable":true,"href":"https:\/\/intervius.com\/index.html\/wp-json\/wp\/v2\/tags?post=9757"}],"curies":[{"name":"wp","href":"https:\/\/api.w.org\/{rel}","templated":true}]}}