{"id":9748,"date":"2012-02-02T00:00:00","date_gmt":"2006-11-06T00:00:00","guid":{"rendered":"https:\/\/intervius.com\/index.html\/?p=9748"},"modified":"2006-11-06T00:00:00","modified_gmt":"2006-11-06T00:00:00","slug":"Tomas_Roncero9748","status":"publish","type":"post","link":"https:\/\/intervius.com\/index.html\/Tomas_Roncero9748\/","title":{"rendered":"Tom\u00e1s Roncero"},"content":{"rendered":"<p>Pregunta.- Roncero, me encantan tus discursos en Punto pelota, te juro que me conmueve tu profundo madridismo. Realmente sientes los colores. Estamos a 7 puntos del Barcelona \u00a1Incre\u00edble! Mourinho puede hacer historia \u00bfT\u00fa crees que se vaya a final de temporada a Inglaterra? Ser\u00eda una verdadera pena. Considero que ning\u00fan equipo de la liga inglesa (ni siquiera los dos Manchester) tienen el nivel del Real Madrid. Ser\u00eda un mal trueque para Mou. <\/p>\n<p>Respuesta.- Gracias por tus palabras. S\u00f3lo puedo decirte que siempre escribo y digo lo que pienso y siento, aunque ya s\u00e9 que a veces puedo estar equivocado. En cuanto a Mou tienes raz\u00f3n. Pese a algunos errores que ha cometido es un entrenador excepcional y el trabajo que est\u00e1 haciendo en el Madrid es impagable. Que este Bar\u00e7a est\u00e9 a siete puntos demuestra el nivel de trabajo efectuado con esta plantilla. Mou debe seguir un a\u00f1o m\u00e1s como m\u00ednimo. <\/p>\n<p>P.- Amigo Tom\u00e1s&#8230;&#8230;. Sigo pensando que hay que andar con pies de plomo y seguir partido a partido, si se diera el caso hipot\u00e9tico y ser\u00eda algo que me encantar\u00eda y seguramente a usted mucho m\u00e1s. \u00bfSer\u00e1n capaces los cul\u00e9s de hacernos un posible pasillo en el Camp Nou?<\/p>\n<p>R.- Lo titul\u00e9 as\u00ed en mi p\u00e1gina del otro d\u00eda sabiendo que asum\u00eda riesgos, pero es evidente que para un madridista ser\u00eda la revancha ideal despu\u00e9s de tres a\u00f1os de hegemon\u00eda cul\u00e9. Si los jugadores del Madrid se meten el chip en la cabeza y aprietan pueden llegar campeones al Camp Nou y ser\u00eda glorioso e inolvidable que nos tuvieran que hacer pasillo. Pero primero hay que ganar en Getafe. Aviso. Va a ser un partido dur\u00edsimo. Toca remar. <\/p>\n<p>P.- hola tom\u00e1s eres un crack en primer lugar!!!! No crees que la clave del buen juego madridista ultimamente el la conjunci\u00f3n de KAKA y Ozil en el mismo campo? Ozil se sale y Kaka a pocos minutos que va jugando se le vuelve a ver mejor.<\/p>\n<p>R.- Gracias amigo. Es evidente que Kak\u00e1 y \u00d6zil juntos suman talento. Si est\u00e1n f\u00edsicamente bien son indiscutibles. Y juntos me gustan como conjugan. Calidad m\u00e1s calidad siempre es bueno.<\/p>\n<p>P.- No crees que los barcelonistas son hip\u00f3critas?? Es muy f\u00e1cil decir que no hablan de los arbitros cuando les benefician, y encima esq hay equipos mucho m\u00e1s perjudicados, yo por ejemplo, que soy del granada, cuando el bar\u00e7a vino aqui y marco xabi de falta, la falta no tenia q aberla pitado porq antes le abian echo falta a uno del granada, y luego, llendo ya 0-1, en los minutos finales \u00a1Nos pitaron un fuera de juego que bacal\u00e1!! m\u00ednimo habriamos empatado, ya serian 9 puntos&#8230; \u00bfQu\u00e9 opinas?<\/p>\n<p>R.- Que tienes m\u00e1s raz\u00f3n que un santo. Ellos siempre est\u00e1n con la doble moral. Van de santos y dicen que no hablan de los \u00e1rbitros y que eso es de &#8220;perdedores&#8221; (Alves dixit). Pero en cuatro d\u00edas han hablado de los \u00e1rbitros Rosell y el propio Guardiola (aunque sea con su habitual elegancia y s\u00f3lo con indirectas). Rosell dijo que esto pintaba mal para el Bar\u00e7a y ahora pinta (y Pinto) mal para el Valencia. Qui\u00e9n no llora no mama. Algunso han quedado retratados esta semana. <\/p>\n<p>P.- Hola tomas,queria preguntarte si el madrid abrira algun dia el plazo para hacer nuevos socios a familiares de socios. Un saludo crak<\/p>\n<p>R.- Creo que en cuanto terminen los litigios judiciales abiertos al final de la etapa de Calder\u00f3n y la llegada de Florentino. Eso se arreglar\u00e1 seguro y tras las sentencias se abrir\u00e1 de nuevo el plazo amigo. <\/p>\n<p>P.- Hola sr. Roncero, una pregunta dificil para un crack: \u00bfcu\u00e1l ser\u00eda tu 11 ideal de la historia del R.Madrid? Yo no s\u00e9 el m\u00edo pero s\u00e9 que no pueden faltar ni Raul, ni juanito ni Don Alfredo<\/p>\n<p>R.- No es f\u00e1cil porque me salen tres equipos de bandera. Apuesto por \u00e9ste: Casillas, Ramos, Pirri, Stielike, Roberto Carlos; Zidane, Juanito, Ra\u00fal, Di St\u00e9fano, Puskas y Gento. <\/p>\n<p>P.- \u00a1\u00a1Hola Tom\u00e1s!! La eliminaci\u00f3n del Madrid en Copa me doli\u00f3, pero a la vez me dej\u00f3 contento porque hab\u00edamos jugado mucho mejor que ellos -deb\u00edmos pasar-. Ahora que sabemos c\u00f3mo ganarles -y se vio-, \u00bfcrees que para pasar bastar\u00e1 con jugar igual que en el partido de vuelta en el Camp Nou?<\/p>\n<p>R.- Por supuesto. Con valent\u00eda, osad\u00eda t\u00e1ctica, presi\u00f3n adelantada y sin complejos es como hay que jugarle al Bra\u00e7a. Y sin la ayuda de Teixeira, estar\u00edamos ahora hablando del Valencia-Madrid de anoche. Y mira que pas\u00f3 con Pinto. Les llevan en carroza de plata hasta la final&#8230;<\/p>\n<p>P.- Con qui\u00e9n te quedas, con \u00d6zil o con Cesc?<\/p>\n<p>R.- Con \u00d6zil, sin negar que Cesc es un gran llegador y un buen manejador del juego en l\u00ednea de tres cuartos. Pero \u00d6zil es pura magia, es zidanesco&#8230;<\/p>\n<p>P.- Hola Tom\u00e1s, la Copa para el Bar\u00e7a, la Liga para el Madrid&#8230; y la Champions? Si estando tan igualados, cae del lado azulgrana, la temporada te dejar\u00eda buen sabor de boca? <\/p>\n<p>R.- No. Tambi\u00e9n quiero la Champions. Soy insaciable, soy del Madrid&#8230;<\/p>\n<p>P.- Tom\u00e1s! crees que ahora Mou entiende m\u00e1s al madridismo? Crees que se quedar\u00e1 finalmente sabiendo que la gente est\u00e1 con \u00e9l aunque a veces merezca una reprimenda? Un saludo<\/p>\n<p>R.- Mou se llev\u00f3 una buena lecci\u00f3n tras su indefendible planteamiento de la ida de la Copa y su desafortunada frase sobre que \u00e9l no escuchaba al Bernab\u00e9u. Ahora \u00e9l parece haberse adaptado a nuestra cultura y eso podr\u00eda convertirle en un t\u00e9cnico para muchos a\u00f1os. De \u00e9l depende ahora. <\/p>\n<p>P.- Buenos d\u00edas Tom\u00e1s. Primero felicitarte porque eres un gran profesional al que me encanta leer y ver diariamente en punto pelota. Mi pregunta es si la decisi\u00f3n de Mourinho de abandonar el club merengue a final de temporada es irrevocable o crees que cabr\u00eda una posibilidad de que decida continuar con el proyecto que empez\u00f3 y que tan buenos resultados est\u00e1 comenzando a dar. Y pregunto esto, porque parece que el entrenador cuenta con el apoyo incondicional de la plantilla ( as\u00ed lo han expresado algunos jugadores \u00faltimamente) y con el de la directiva y la prensa no es tan cr\u00edtica con \u00e9l como lo era anteriormente)&#8230; dicho esto, cual ser\u00eda entonces el motivo por el que Mou tendr\u00eda pensado abandonar su proyecto a medias? Muchas gracias de antemano y un abrazo merengue. Hala madrid<\/p>\n<p>R.- Has hecho una estupenda pregunta porque tu exposici\u00f3n responde a la realidad y no se entiende que pese a eso est\u00e9 sopesando irse. El Madrid no ruega por nadie y si se va, all\u00e1 \u00e9l. Pero cometer\u00eda el mayor error de su vida. Despu\u00e9s del Madrid no hay nada. Como t\u00e9cnico, bajar\u00eda tres pelda\u00f1os y dejar\u00eda de ser el gran referente que es para mucha gente. Para lo bueno y lo menos bueno. <\/p>\n<p>P.- Roncero, algunos cul\u00e9s nos acusan de segundones por caer con la cabeza bien alta en la copa del rey, y se siguen creyendo superiores, entonces porque llevan perdidos 13 puntos fuera de casa? No ser\u00e1 que no quieren ver la realidad de que el barsa del se\u00f1or pep, los valors y el seny, ya no es lo que eran? Porque se siguen justificando con victorias limitdas ante el Madrid si luego no pueden con los colistas? Un saludo crack! <\/p>\n<p>R.- D\u00e9jales. La falta de autocr\u00edtica les est\u00e1 debilitando cada vez m\u00e1s. Ellos niegan la mayor. Y as\u00ed est\u00e1n, a siete puntos y con errores arbitrales para seguir vivos en la Copa. Algo pasa m\u00e1s all\u00e1 del puente a\u00e9reo&#8230; <\/p>\n<p>P.- \u00a1Hola Tom\u00e1s! \u00bfNo te parece que el Mirand\u00e9s es ya uno de los grandes protagonistas de la historia del f\u00fatbol espa\u00f1ol? No se trata del t\u00edpico equipo de segunda b que gana a alg\u00fan primera a base de casta, suerte, y malas actuaciones del equipo grande y sus suplentes, sino de un equipazo que juega bien al f\u00fatbol, bien de veras. En mi opini\u00f3n, m\u00e1s all\u00e1 de Barcelona y Madrid, el equipo del a\u00f1o en Espa\u00f1a. La eliminatoria con el Athletic va a ser preciosa.<\/p>\n<p>R.- Estoy contigo. Lo del Mirand\u00e9s es un ejemplo de superaci\u00f3n y del triunfo del amateurismo que ya se ha perdido. Si la figura del equipo (Pablo Infante) abre el banco a las ocho de la ma\u00f1ana, eso es la leche. Y la afici\u00f3n de Anduva es de diez. Un ejemplo para todos. \u00a1Felicidades rojillos!<\/p>\n<p>P.- Hola Tom\u00e1s! sabes si lalesi\u00f3n de Xabi Alonso es muy grave y para cu\u00e1nto tiempo ser\u00e1? El Madrid pierde bastante cuando no juega \u00e9l, aunque tiene muy buenos cambios no es lo mismo. Un saludo! <\/p>\n<p>R.- Tranquilo que s\u00f3lo es un problema muscular y ni siquiera est\u00e1 descartado para Getafe. El tolosarra es un crack y estar\u00e1 disponible muy pronto. Que no cunda el p\u00e1nico amigo. <\/p>\n<p>P.- Hola Roncero,soy tan madridista como tu y por eso me duele tanto lo de Mou.\u00bfC\u00f3mo puede permitir que su portavoz nos averguenza dia si dia tambi\u00e9n?Me parece increible que nadie le pida un poco de respeto a ese hombre y que represente a un entrenador del Real madrid. Saludos Crack<\/p>\n<p>R.- Param\u00e9s se est\u00e1 equivocando porque est\u00e1 radicalizando el discurso en nombre de Mourinho, justo ahora que el m\u00edster est\u00e1 tranquilo y bastante sereno en sus apariciones. Los amigos deben ayudar, no echar gasolina al fuego. S\u00e9 que lo hace de buena fe porque cree que as\u00ed le defiende de los ataques que recibe, pero el camino que ha emprendido no creo que sea bueno para nadie. Y menos para Mourinho.<\/p>\n<p>P.- Tom\u00e1s,me alegra mucho el vuelco en la situaci\u00f3n de Granero, pero an\u00edmame un poco,me encanta Sahin y creo que con Mou se nos va a ir un crack.\u00bfSabes los motivos reales por los que no juega?Tiene alguna posibilidad de cambiar la situaci\u00f3n a corto plazo?o crees que su oportunidad llegar\u00e1 el a\u00f1o q viene.Saludos-media liga es nuestra.<\/p>\n<p>R.- Granero es aire fresco de la cantera y por fin estamos disfrutando de las buenas condiciones del Pirata. En cuanto a Sahin es un misterio. Mourinho le fich\u00f3 porque cre\u00eda en \u00e9l y lleva dos meses curado. No entiendo por qu\u00e9 no le d\u00e1 m\u00e1s minutos. La \u00faltima vez que lo hizo meti\u00f3 un gol a la Ponferradina&#8230;<\/p>\n<p>P.- Hola Tomas, un saludo desde Australia. Si podrias &#8220;fichar&#8221; un galactico del pasado para redondear a este Madrid, a quien seria y porque?<\/p>\n<p>R.- A Pirri. Era un jugador total, ambicioso, poderoso, en\u00e9rgico atr\u00e1s y demoledor adelante. Y un se\u00f1or en todos los sentidos. <\/p>\n<p>P.- Hola amigo, \u00bfqu\u00e9 piensa de las declaraciones de Dzagoev jugador del CSKA? Espero que nuestro equipo saque de casta y orgullo y en Rusia ganemos m\u00ednimo por un 0-6 y jugando como Dios manda, a ver si luego dice que el juego del Madrid le aburre a ese.<\/p>\n<p>R.- D\u00e9jales que nos pierdan el respeto. Eso hicieron en Barcelona hace poco y a\u00fan est\u00e1 quit\u00e1ndose el sudor del miedo en el cuerpo que les metimos. Y ESTAMOS EN LA A-7&#8230;<\/p>\n<p>P.- Tom\u00e1s, hace dos semanas te pregunte si el que pasaba del clasico a semis ganaria la copa, y me respondistes que si, pero que cuidado con el Levante y el Mirandes. Mi pregunta hoy es: la final de copa sera Bar\u00e7a-Mirandes\u00bf<\/p>\n<p>R.- No es imposible. Para el Mirand\u00e9s no hay muro imposible de escalar, sin negar que el Athletic en San Mam\u00e9s es una m\u00e1quina. Por cierto, ojo al Valencia en el Camp Nou. El Madrid le ense\u00f1\u00f3 el camino&#8230;<\/p>\n<p>P.- Pese a estar a tres partidos de conseguirlo, veo m\u00e1s factible en estos momentos que el Madrid gane la Liga que el Bar\u00e7a la Copa. Si hay dos equipos dif\u00edciles en Espa\u00f1a que le plantan cara a Madrid y Bar\u00e7a (bueno, al Bar\u00e7a cada domingo que juega fuera) son el Valencia y el Athletic de Bilbao (con todos los respetos al Mirandes). T\u00fa que opinas? Un abrazo, pasate pronto por Granada<\/p>\n<p>R.- Granadino, tienes toda la raz\u00f3n. La Liga ya s\u00f3lo la puede perder el Madrid porque esa ventaja deber\u00eda ser irremontable. Y lo del Valencia y el Athletic es cierto. Le tienen tomada la medida a los de Guardiola. Vamos a ver qu\u00e9 pasa en la vuelta del Camp Nou&#8230; <\/p>\n<p>P.- Tom\u00e1s, un madridista en barcelona, ayuda!!, jeje. Queria saber que tanta influencia tiene la prensa de madrid en el vestuario merengue, me lo pregunto por que ultimamente se ha hablado de que el madrid es un club especial en relacion al trato del bernabeu hacia mourinho y a cristiano, no crees tu que ese especial viene de la brutal influencia que tiene la prensa en la aficion y en el club?, lo digo porque realmente la ultimas semanas se han vivido como una conversaci\u00f3n directa entre prensa y mourinho, este ultimo respondiendo con los &#8220;jugones&#8221; despues de las criticas.. en definitiva, no crees que incluso esa mini depre que acabamos de pasar (milagrosamente curada por el empate del barca) es culpa de la misma prensa madrile\u00f1a? no crees que a veces incluso se les va la mano?, o todo fue a proposito?<\/p>\n<p>R.- No hay que sacar las cosas de quicio. Hist\u00f3ricamente la prensa cuenta lo que sabe de lo que pasa entre bambalinas en el vestuario y cuando se pierde, sale lo inevitable: enfados, reproches y peque\u00f1as bronquillas. Pero el Madrid es m\u00e1s fuerte que todo eso y Mourinho debe entenderlo. El Madrid est\u00e1 por encima de la presi\u00f3n y de todo. \u00bfT\u00fa crees que a Ra\u00fal le afect\u00f3 alguna vez que le criticasen? Para nada. Un killer nace killer y muere killer&#8230;<\/p>\n<p>P.- Hola Tom\u00e1s. \u00bfT\u00fa crees que hay palabras para definir a Rafa Nadal? Grande, y adem\u00e1s madridista!<\/p>\n<p>R.- Nadal es DIOS con una raqueta en la mano. Una persona ejemplar, un t\u00edo sano y un madridista de bandera. De peque\u00f1o me hubiera gustado ser como \u00e9l. Rafa, a tus pies m\u00e1quina. <\/p>\n<p>P.- Hola tomas le escribo desde Guatemala por favor deme una buena noticia que lo de la visita de Mi madrid es cierto en mayo, para celebrar que hace 110 a\u00f1os jugo un guatemalteco (federico rebuelto) en el madrid, se hizo una manisfestaci\u00f2n publica para que vengan si hay algo oficial favor avisarnos<\/p>\n<p>R.- El club tiene decidido ir salvo que las fechas de los internacionales para jugar la Eurocopa lo aplacen a 2013. Pero el Madrid ir\u00e1 a Guatemala, donde se ha demostrado un madridismo que emociona amigo. <\/p>\n<p>P.- ola mister Madrid,soy brasileiro e Madridista,por parte de madre espanhola,no me gustou la preferencia de Neymar,pero me gustaria de que jugasse en el Madrid,en nuestra equipo no tiene uno solo a su nivel,es um crak hala Hala Madrid<\/p>\n<p>R.- Ojal\u00e1 Neymar lo tuviera tan claro como t\u00fa amigo. Pero ya sabes que para jugar en el Madrid lo tienes que tener muy claro y no coquetear con el enemigo. Si quiere ir al Bar\u00e7a, que se vaya. Pero si prefiere el Madrid, que lo diga bien alto y con valor. <\/p>\n<p>P.- Buenos d\u00edas Tom\u00e1s. \u00bf c\u00f3mo ves este triple enfrentamiento que tendr\u00e1n el Barcelona y el Valencia, en copa y liga? En caso de que el Bar\u00e7a pierda alguno de estos partidos puede salir muy malparado y desanimado para el resto de competiciones: Liga y Champions<\/p>\n<p>R.- Es evidente. Si el Bar\u00e7a se quedase fuera de la final de Copa ser\u00eda un palo terrible para ellos. Vamos a ver qu\u00e9 pasa en el Camp Nou. Morbo asegurado. <\/p>\n<p>P.- Tom\u00e1s, quer\u00eda saber que opina sobre implantar un &#8220;quinto \u00e1rbitro&#8221; que revisara las im\u00e1genes de video en las jugadas pol\u00e9micas y as\u00ed evitar errores arbitrales y atajar las acusaciones sobre la calidad profesional de los \u00e1rbitros de 1\u00aa divisi\u00f3n. En mi opini\u00f3n, ese recurso ser\u00eda beneficioso para todos: clubes, jugadores, \u00e1rbitros, y para el propio deporte que se vuelve m\u00e1s justo. No s\u00e9 por qu\u00e9 no lo implantado ya como en otros deportes, si no lo han hecho es porque alguien quiere sacar tajada. Y por favor, haber si puedes llevar esta pregunta a Punto Pelota y debatirla. Gracias.<\/p>\n<p>R.- Dos ojos m\u00e1s siempre ayudar\u00edan a cometer menos errores, pero el problema es de base. Los \u00e1rbitros espa\u00f1oles son muy malors amigo. No le d\u00e9s m\u00e1s vueltas. Por muchos que pongas en el campo, seguir\u00e1n pifi\u00e1ndola. <\/p>\n","protected":false},"excerpt":{"rendered":"<p>Tom\u00e1s Roncero ha charlado con los internautas sobre la actualidad del conjunto presidido por Florentino P\u00e9rez, marcada por el liderato del Real Madrid en la Liga BBVA<\/p>\n","protected":false},"author":1,"featured_media":0,"comment_status":"open","ping_status":"open","sticky":false,"template":"","format":"standard","meta":{"footnotes":""},"categories":[],"tags":[],"class_list":["post-9748","post","type-post","status-publish","format-standard","hentry"],"_links":{"self":[{"href":"https:\/\/intervius.com\/index.html\/wp-json\/wp\/v2\/posts\/9748","targetHints":{"allow":["GET"]}}],"collection":[{"href":"https:\/\/intervius.com\/index.html\/wp-json\/wp\/v2\/posts"}],"about":[{"href":"https:\/\/intervius.com\/index.html\/wp-json\/wp\/v2\/types\/post"}],"author":[{"embeddable":true,"href":"https:\/\/intervius.com\/index.html\/wp-json\/wp\/v2\/users\/1"}],"replies":[{"embeddable":true,"href":"https:\/\/intervius.com\/index.html\/wp-json\/wp\/v2\/comments?post=9748"}],"version-history":[{"count":0,"href":"https:\/\/intervius.com\/index.html\/wp-json\/wp\/v2\/posts\/9748\/revisions"}],"wp:attachment":[{"href":"https:\/\/intervius.com\/index.html\/wp-json\/wp\/v2\/media?parent=9748"}],"wp:term":[{"taxonomy":"category","embeddable":true,"href":"https:\/\/intervius.com\/index.html\/wp-json\/wp\/v2\/categories?post=9748"},{"taxonomy":"post_tag","embeddable":true,"href":"https:\/\/intervius.com\/index.html\/wp-json\/wp\/v2\/tags?post=9748"}],"curies":[{"name":"wp","href":"https:\/\/api.w.org\/{rel}","templated":true}]}}