{"id":9723,"date":"2012-01-25T00:00:00","date_gmt":"2006-11-06T00:00:00","guid":{"rendered":"https:\/\/intervius.com\/index.html\/?p=9723"},"modified":"2006-11-06T00:00:00","modified_gmt":"2006-11-06T00:00:00","slug":"Inako_Diaz_Guerra9723","status":"publish","type":"post","link":"https:\/\/intervius.com\/index.html\/Inako_Diaz_Guerra9723\/","title":{"rendered":"I\u00f1ako D\u00edaz Guerra"},"content":{"rendered":"<p>Pregunta.- Buenas I\u00f1ako! \u00bfQu\u00e9 haremos el d\u00eda que se retiren Xavi y Puyol de la selecci\u00f3n? \u00bfNos hacemos alemanes?Saludos<\/p>\n<p>Respuesta.- No es ning\u00fan secreto que soy devoto de Puyol, pero creo que su ausencia podr\u00e1 ser bien cubierta. Est\u00e1 quedando claro este a\u00f1o que Ramos de central es un fen\u00f3meno, as\u00ed que con \u00e9l y Piqu\u00e9 tenemos pareja de \u00e9lite para a\u00f1os. Otra cosa es Xavi. Con \u00e9l se rompi\u00f3 el molde. Porque por muy buenos que sean Cesc y Thiago, que lo son, ninguno de los dos cumple exactamente el papel de Xavi, de puro organizador, de motor de todo. Quiz\u00e1s con el paso de los a\u00f1o Iniesta tienda a retrasarse un poco y asumir ese rol. Pero, bueno, con el Bar\u00e7a y su cantera de por medio, centrocampistas de primer nivel no nos van a faltar. <\/p>\n<p>P.- \u00bfCrees realmente en Juanfran como lateral derecho?.A Pet\u00f3n le gusta mucho. Teniendo en cuenta que Silvio,(si es que alguna vez vuelve),puede jugar por ambas bandas,tendr\u00edamos tres laterales &#8220;para dar la cara&#8221;. \u00bfTe parece real lo de Borja para este verano,o es un &#8220;humo&#8221; de tantos?<\/p>\n<p>R.- S\u00ed, me creo muchas dudas en aquel partido de Granada, pero luego ha mejorado sustancialmente en cada partido que ha jugado en la posici\u00f3n. Hay muchos casos de extremos reconvertidos a laterales que han funcionado muy bien, desde Aguilera a Jordi Alba, y Juanfran, que es un jugador extremadamente profesional, est\u00e1 demostrando que se est\u00e1 tomando muy en serio el proceso de adaptaci\u00f3n. Y coincido contigo, cuando vuelva S\u00edlvio (si vuelve) igual el puesto que acaba peligrando es el de Filipe, aunque \u00e9l tambi\u00e9n ha mejorado. Que Borja interesa, es un hecho. A partir de ah\u00ed hay muchas cosas por ver: si el Atleti entra en Champions, c\u00f3mo acaba el Villarreal, qu\u00e9 otras ofertas tiene el jugador, qu\u00e9 ventas hacen ambos equipos&#8230;<\/p>\n<p>P.- Hola I\u00f1aki! No te esta sorprendiendo el nivel de los wolves? No estan nada mal, yo me cre\u00eda que iban a llevar menos victorias a estas alturas. Menuda diferencia de ESPECTACULO entre el baloncesto NBA y el europeo, como se podr\u00eda mejorar este aspecto? Un saludo.<\/p>\n<p>R.- S\u00ed, pero no tanto. No soy muy de ponerme pins, pero desde verano coment\u00e9 que estaba convencido de que Ricky iba a funcionar muy bien en la NBA (me molieron a palos, por cierto) y que en Minnesota iba a cuadrar de maravilla porque estaba rodeado de jugadores que la enchufan( Love, Beasley, Ridnour, Tolliver, Williams&#8230;) y con uno de los mejores entrenadores de la NBA, como es Adelman (y los LAkers con Mike Brown&#8230;). Minnesota, con la renovaci\u00f3n de Love ya cerrada, va a ser equipo de playoff permanente en uno o dos a\u00f1os a poco que haga un par de movimientos inteligentes (un 2 y un 5 decentes). Lo primero q tiene q hacer el basket europeo para mejorar su producto es dejar de pensar que su producto es el bueno, el aut\u00e9ntico, que lo de all\u00ed es s\u00f3lo espect\u00e1culo y todos esos autoenga\u00f1os. Despu\u00e9s, entender que la gente quiere ver puntos por encima de todo y que hay reglas que cambiar. A principios de los 2000, la NBA entr\u00f3 en una crisis de anotaci\u00f3n y de inmediato cambio las reglas para la defensa de per\u00edmetro, no poder usar las manos, etc&#8230; La anotaci\u00f3n subi\u00f3 de inmediato. y las audiencias detr\u00e1s.<\/p>\n<p>P.- I\u00f1ako, me ilusiona este Real Madrid de baloncesto \u00bf soy un iluso o es verdad que por fin se ha dado en la tecla? \u00bf podr\u00eda ir Mirotic a los JJ.OO o alguna norma lo impide ? Saludos.<\/p>\n<p>R.- Se ha dado con la tecla para volver, pero todav\u00eda est\u00e1 por ver que ya se haya llegado. Quiero decir que este Madrid, al que da gusto ver, sigue un escaloncito por debajo de la \u00e9lite. pero m\u00e1s cerca y en el camino correcto, de eso no hay duda. Por ahora, s\u00f3lo puede ir un nacionalizado por selecci\u00f3n, as\u00ed que Espa\u00f1a tendr\u00e1 que elegir entre Ibaka y Mirotic. La elecci\u00f3n parec\u00eda evidente en noviembre, ahora no tanto. Veremos como evolucionan ambos el resto de temporada y si Scariolo prefiere intimidaci\u00f3n o el famosos 4 tirador que falta sin Garbajosa. En FIBA se est\u00e1 discutiendo cambiar esa norma y permitir llevar m\u00e1s de uno, pero por ahora no hay nada y Londres se acerca<\/p>\n<p>P.- Hola I\u00f1ako. \u00bfQuien ser\u00e1 Rookie del a\u00f1o? Digan lo que digan el mejor es Irving.Gracias<\/p>\n<p>R.- Ser\u00e1 Irving, casi seguro, s\u00ed. Pero con los rookies hay que juzgar m\u00e1s tarde, porque no todos aguantan igual el ritmo de la temporada y en los \u00faltimos meses algunos se vienen abajo.<\/p>\n<p>P.- \u00bfEs DIego Ribas un top 10 mundial?<\/p>\n<p>R.- No<\/p>\n<p>P.- Hola I\u00f1ako. 1.Soy de los Patriots y no veo nada clara la SB. Es m\u00e1s, se habla de que Bellichick y Brady estan con muchas ganas de revancha, lo cual no me gusta, creo que saldr\u00e1n con mucha presi\u00f3n, lo que me preocupa. \u00bfPiensas lo mismo? 2. \u00bfEs Television lo mejor que dio Nueva York en los 70, incluso por delante de los Knicks de aquella \u00e9poca?<\/p>\n<p>R.- 1. A m\u00ed no me preocupa tanto q Belichick y Brady se metan presi\u00f3n a estas alturas, no creo que les afecte. Me preocupa que hay varios factores tangibles a favor de Giants (su capacidad para presionar a Brady y su brillante cuerpo de receptores contra una secundaria floja) y uno intangible (la suerte paranormal de Eli en situaciones l\u00edmite). Pese a todo, soy optimista con que caiga la cuarta. 2. No soy un gran fan de Television y, sin embargo, aquellos Knicks fueron uno de los equipos que mejor han jugado nunca. As\u00ed que en eso discrepamos cordialmente<\/p>\n<p>P.- No se si conocer\u00e1s a estos chicos ni si estas al corriente, pero yo ultimamente me estoy quedando de piedra. Despues de ver un espectacular Mundial sub-17 de Keko hace unos a\u00f1os, le rescinden su contrato. Germ\u00e1n Pacheco, aquel que los mas avispados llamaron el Messi rojiblanco, les rescinden su contrato. Cedric, uno de los que m\u00e1s destacaba en la cantera, en el Numancia y ahi se ha quedado. Pulido, ni un solo minuto con la primera plantilla. Borja Bast\u00f3n, ocupando asiduamente la posicion de banquillo izquierda, e incluso a veces la de graderio central. Estos son\/han sido nuestras mayores esperanzas (junto a Koke) de cantera y la mayoria est\u00e1n demostarndo o que no valen para competir al m\u00e1ximo nivel o que a\u00fan est\u00e1n verdes. Donde crees que est\u00e1 el problema? Crees que nos han estado vendiendo humo con respecto a la cantera hablandonos de gente muy buena y luego no eran para tanto?(ejemplo los obama, que nos los venden como el futuro, y se mean a los rivales entre otras cosas porque les sacan una cabeza a todos)? que no han sabido llevar los pasos l\u00f3gicos en el crecimiento de los canteranos y se los han\/estan cargando? ambas? otra teor\u00eda? a mi esto me preocupa bastante porque si dicen que no hay dinero dime tu de donde vamos a sacar a un equipo competitivo para el futuro. un abrazo<\/p>\n<p>R.- Es un problema complejo que por cuestiones de tiempo y espacio aqu\u00ed simplificar\u00eda en dos partes: 1. La afici\u00f3n y, a veces, los expertos (t\u00e9cnicos, periodistas&#8230;) en categor\u00edas inferiores, tienden a venirse arriba muy r\u00e1pido con chavales de 15 o 16 a\u00f1os cuando la experiencia demuestra que de los que brillan a esas edades muy pocos llegan. Esas ganas extra de la afici\u00f3n por ver a sus canteranos, pensando que son lo que vieron jugando contra los de su edad y no que son lo que son cuando juegan con profesionales, hacen que muchas veces se precipiten los plazos y se quemen jugadores. Unos porque no estaban preparados f\u00edsica y t\u00e9cnicamente y otros porque no lo estaban mentalmente y se les va la cabeza al creerse estrellas. 2. Para que un chaval funcione el entrono tiene que ser el adecuado. COnfianza, tranquilidad e inteligencia a la hora de utilizarles. El Atleti no ha tenido nada de eso en estos a\u00f1os y s\u00f3lo han sobrevivido excepciones, algunos porque eran ellos excepcionales: Torres, De Gea, Dom\u00ednguez, quiz\u00e1s Koke. Seguramente en el Bar\u00e7a, se habr\u00eda perdido alguno menos.<\/p>\n<p>P.- Hola I\u00f1ako \u00bfTu crees que casillas es el &#8220;topo?<\/p>\n<p>R.- Sinceramente, me da igual quien fuera el topo y, por cierto, me sorprender\u00eda que fuera s\u00f3lo uno. Me repelen las cazas de brujas y me sorprende ese empe\u00f1o en cazar fantasmas en lugar de en analizar el problema que estos denuncian.<\/p>\n<p>P.- Oye I\u00f1ako, qu\u00e9 ha pasado desde agosto hasta aqu\u00ed para que Joel pasara de primer a tercer portero? No le recuerdo cantadas graves ni lesiones graves ni declaraciones graves? Entiendo que Courtois est\u00e1 mejor y Asenjo ahora s\u00ed parece que tiene garant\u00edas, pero no s\u00e9 si es que ha sido simple mala suerte o que sus compa\u00f1eros entrenan mejor? \u00bfSabes t\u00fa algo?<\/p>\n<p>R.- Courtois lo devor\u00f3. En cuanto a Asenjo, tiene m\u00e1s sentido utilizarle porque te da dos v\u00edas: que lo vean si decides venderlo y t\u00fa mismo observar si te puede servir cuando se vaya Courtois. Adem\u00e1s de una cuesti\u00f3n de galones, que tambi\u00e9n cuenta en los vestuarios. Joel deber\u00eda haberse ido cedido en este mercado, es mi opini\u00f3n<\/p>\n<p>P.- Una de consultorio. Quiero a mi novia, le tengo much\u00edsimo cari\u00f1o por todo el tiempo q hemos pasado juntos, pero ya no estoy enamorado de ella, no siento lo q sent\u00eda antes. Me he dado alguna oportunidad para ver si volv\u00eda a sentirlo, pero no,no s\u00e9, es como q no me atrae ya,como q me he dado cuenta q ya no es la chica q necesito. No quiero hacerle da\u00f1o, debo dejarla cuanto antes verdad? Gracias crack<\/p>\n<p>R.- Cuanto antes. A la gente le encanta pensar que el gran problema de las relaciones es la infidelidad, porque es muy espectacular y da para mucho peliculeo, pero es mentira: lo que mata las relaciones es la monoton\u00eda por encima de todo. Por respeto hacia ella, hacia ti y hacia la relaci\u00f3n que tuvisteis, d\u00e9jalo.<\/p>\n<p>P.- hola, i\u00f1ako. qu\u00e9 pasa con Fran M\u00e9rida? Tanto luchar por el chaval y no tiene sitio? No juega ni en Portugal y aqu\u00ed no s\u00e9 si va a tener sitio. En qu\u00e9 situaci\u00f3n queda? gracias<\/p>\n<p>R.- Por ahora sigue entren\u00e1ndose en Braga porque est\u00e1 as\u00ed firmado y no le encuntran otro equipo. No pasa nada. Simplemente igual no val\u00eda.<\/p>\n<p>P.- Hola, fen\u00f3meno. Dime las opciones de 0 a 10 de que: a) Veamos a Courtois defendiendo la porter\u00eda del Atleti el a\u00f1o que viene y b) Veamos a Diego Ribas repartiendo magia en el Atleti el a\u00f1o que viene. Al hilo de esto, no crees que el Atleti SIEMPRE deber\u00eda tener un jugador del tipo del brasile\u00f1o: creativo, imprevisible, desbordante, visionario, t\u00e9cnico, r\u00e1pido (de pensamiento)?<\/p>\n<p>R.- a) 7 b) 8 Que el Atleti haya estado tantos a\u00f1os sin jugadores del corte de Diego y Arda es demencial<\/p>\n<p>P.- Buenos d\u00edas I\u00f1ako \u00bfQu\u00e9 te parecer\u00edan los fichajes de Javi Martinez y Banega para el Real Madrid 2012?. Creo que el del Athletic y Ramos formar\u00edan la mejor pareja de centrales del mundo, mientras que el mediocampo Xabi-Banega ser\u00eda una locura. Banega reparte y roba de cine. Estos dos mas la esperada explosi\u00f3n de Sahin dar\u00edan el salto de calidad que necesita el Madrid<\/p>\n<p>R.- El de Javi Mart\u00ednez, excelente. Soluciona dos p\u00e1jaros de un tiro: un central, si se echar a Pepe, para alternar con Varane y un mediocentro f\u00edsico bastante mejor, para m\u00ed, que Khedira y Lass. A BAnega con Mou, no le veo<\/p>\n","protected":false},"excerpt":{"rendered":"<p>I\u00f1ako D\u00edaz-Guerra, jefe de secci\u00f3n de AS, ha charlado con los internautas sobre la ACB, la NBA y la actualidad colchonera. Asimismo, temas tan mundanos como el cine, la literatura o la m\u00fasica tambi\u00e9n tienen cabida en esta charla con los internautas. <\/p>\n","protected":false},"author":1,"featured_media":0,"comment_status":"open","ping_status":"open","sticky":false,"template":"","format":"standard","meta":{"footnotes":""},"categories":[],"tags":[],"class_list":["post-9723","post","type-post","status-publish","format-standard","hentry"],"_links":{"self":[{"href":"https:\/\/intervius.com\/index.html\/wp-json\/wp\/v2\/posts\/9723","targetHints":{"allow":["GET"]}}],"collection":[{"href":"https:\/\/intervius.com\/index.html\/wp-json\/wp\/v2\/posts"}],"about":[{"href":"https:\/\/intervius.com\/index.html\/wp-json\/wp\/v2\/types\/post"}],"author":[{"embeddable":true,"href":"https:\/\/intervius.com\/index.html\/wp-json\/wp\/v2\/users\/1"}],"replies":[{"embeddable":true,"href":"https:\/\/intervius.com\/index.html\/wp-json\/wp\/v2\/comments?post=9723"}],"version-history":[{"count":0,"href":"https:\/\/intervius.com\/index.html\/wp-json\/wp\/v2\/posts\/9723\/revisions"}],"wp:attachment":[{"href":"https:\/\/intervius.com\/index.html\/wp-json\/wp\/v2\/media?parent=9723"}],"wp:term":[{"taxonomy":"category","embeddable":true,"href":"https:\/\/intervius.com\/index.html\/wp-json\/wp\/v2\/categories?post=9723"},{"taxonomy":"post_tag","embeddable":true,"href":"https:\/\/intervius.com\/index.html\/wp-json\/wp\/v2\/tags?post=9723"}],"curies":[{"name":"wp","href":"https:\/\/api.w.org\/{rel}","templated":true}]}}