{"id":9711,"date":"2010-02-25T00:00:00","date_gmt":"2006-11-06T00:00:00","guid":{"rendered":"https:\/\/intervius.com\/index.html\/?p=9711"},"modified":"2006-11-06T00:00:00","modified_gmt":"2006-11-06T00:00:00","slug":"Bartolome_Gonzalez9711","status":"publish","type":"post","link":"https:\/\/intervius.com\/index.html\/Bartolome_Gonzalez9711\/","title":{"rendered":"Bartolom\u00e9 Gonz\u00e1lez"},"content":{"rendered":"<p>Pregunta.- Yo soy nacido en Alcal\u00e1, pero ya no resido, y para ser una ciudad patrimonio de la humanidad, no tiene mucha propaganda para ir a visitarla, y estoy hablando a nivel nacional. Yo vivo en Alicante y aqu\u00ed nadie conoce Alcal\u00e1 como ciudad tur\u00edstica, habr\u00eda que conseguir que los que visitan Madrid tuvieran un d\u00eda para ir a Alcal\u00e1.<\/p>\n<p>Respuesta.- Ese es el objetivo. Desde que fuimos declarados Patrimonio de la Humanidad, nos han puesto en el mapa. Mucha gente se pregunta qu\u00e9 significa eso, te reconocen lo que tienes y te pone en el mapa tur\u00edstico. Afortunadamente, ha servido para que ese objetivo de que los madrile\u00f1os tengan la iquietud de visitar Alcal\u00e1, y tambi\u00e9n que los turistas que visitan Madrid visiten Alcal\u00e1. Ahora nos falta que no s\u00f3lo visiten Alcal\u00e1, sino tambi\u00e9n se queden. Por eso, hemos pasado de tener apenas 400 habitaciones a tener m\u00e1s de 2.500 plazas hoteleras. Pero todav\u00eda nos falta eso, que no s\u00f3lo los vecinos de Madrid, sino los de Alicante, tengan iquietud por conocer la ciudad. <\/p>\n<p>P.- \u00bfPara cuando una reforma del transporte en Alcal\u00e1 de Henares? Y por favor, no me diga que est\u00e1n trabajando en ello, que llevan trabajando en ello desde su primera legislatura. Nos falta una l\u00ednea circular por ejemplo, o una l\u00ednea directa al Aeropuerto. Muchas gracias, un saludo<\/p>\n<p>R.- Son las dos reivindicaciones hist\u00f3ricas de los vecinos. Ya estamos con la l\u00ednea circular, y el problema antes de hacerse que necesitaba las infraestructuras necesarias. Ya estamos terminando la circunvalaci\u00f3n de la ciudad, y estamos reivindicando a quien tiene la competencia, que es el Consorcio de Transportes, que lo haga. Aqu\u00ed viene la exigencia a la Comunidad de Madrid, que es quien tiene que darnos soluci\u00f3n a los problemas de los alcala\u00ednos. Por eso, en el \u00faltimo Plan de Infraestrucutras presentado por Fomento y la Comunidad en cuanto a las infraestructuras ferroviarias, el Ayuntamiento de Alcal\u00e1 aleg\u00f3, porque no se contempl\u00f3 ni el soterramiento de las v\u00edas a su paso por Alcal\u00e1 ni el tren hacia el aeropuerto. <\/p>\n<p>P.- \u00bfPor qu\u00e9 el resto de municipios de la Comunidad de Madrid tiene grandes infraestructuras, estaciones de autobuses, elegantes estaciones de Renfe, metro, v\u00edas del tren soterradas, etc, etc. y en Alcal\u00e1 no hay nada de esto?<\/p>\n<p>R.- Es cierto que nos falta una estaci\u00f3n de autobuses, pero en estaciones de Renfe Alcal\u00e1 es una de las ciudades mejor conectadas con Madrid, hemos pasado de una estaci\u00f3n y el apeadero de la Universidad, a tener 3 estaciones, una de ellas se convirti\u00f3 en estaci\u00f3n el apeadero, y desde 2003 tenemos Alcal\u00e1 Garena, que es la primera cuando se llega a la ciudad, y es una estaci\u00f3n moderna y bonita. El soterramiento de las v\u00edas tambi\u00e9n es necesario, y lo que nos falta, y ser\u00e1 una reivindicaci\u00f3n que plantearemos en la siguiente legislatura ser\u00e1 que el Metro, ya que va a llegar a Torrej\u00f3n, tiene que llegar tambi\u00e9n a Alcal\u00e1 de Henares. Lo plantearemos en la pr\u00f3xima legislatura. <\/p>\n<p>P.- La inmensa ayor\u00eda de promociones de Espartales Norte est\u00e1n sufriendo retrasos, bien por cuestiones burocr\u00e1ticas bien por dificultades de las propias constructoras. Algunas, incluso, tienen expedientes abiertos ante el ayuntamiento y la Comunidad de Madrid que en todo este a\u00f1o no han sido respondidos. \u00bfEl Ayuntamiento tienen en mente acelerar las gestiones de este proyecto, gran baza de las anteriores elecciones municipales? \u00bfo tendremos que esperar al a\u00f1o que viene a tener una respuesta? <\/p>\n<p>R.- Por la situaci\u00f3n econ\u00f3mica, muchas de las empresas que ten\u00edan adjudicada la parcela han tenido dificultades para poner en marcha sus proyectos. Todas aquellas qeu han solicitado al ayuntamiento sus licencias, el ayuntamiento las ha concedido, y dio prioridad en el trabajo diario para que salieran adelante. Ya son m\u00e1s de 10 las empresas que han comenzado a construir en Espartales. Todas las infraestructuras, calles, etc, est\u00e1n hechas, y en los pr\u00f1oximos meses vamos a instalar en el centro de la ciudad una carpa en la que las empresas y cooperativas que tienen parcelas en los Espartales puedan comercializar sus productos. <\/p>\n<p>P.- Alcalde: \u00bfpara cuando el famoso t\u00fanel de la rotonda de la Fiat? Somos muchos los trabajadores afectados en hora punta. No me importa qui\u00e9n lo pague, pero Alcal\u00e1 lo necesita urgentemente y sin esperar a la pr\u00f3xima campa\u00f1a electoral<\/p>\n<p>R.- En breve van a empezar las obras del proyecto sobre la M-300, un proyecto que paga la Comunidad de Madrid. Es el desv\u00edo de la M300 desde Electrolux, por la zona trasera, y solap\u00e1ndose con esa obra, que paga la Comunidad (17 millones) y espero que empiece antes del verano, con el presupuesto municipal, en torno a 4 millones, vamos a abordar tambi\u00e9n el t\u00fanel de la Fiat. Ser\u00e1 un proyecto similar y parecido al que hicimos en la legislatura pasada en la calle \u00c1vila. <\/p>\n<p>P.- El carril &#8220;bici&#8221; que se est\u00e1 realizando en la ciudad \u00bfser\u00eda usted capaz de usarlo para ir a trabajar hasta el ayuntamiento? \u00bfCu\u00e1nto nos va a costar semejante chapuza?<\/p>\n<p>R.- El carril bici es un proyecto que suscribimos con el Foro del Henares en campa\u00f1a electoral los tres partidos pol\u00edticos. Nos comprometimos a impulsar el carril bici en la ciudad. Luego, el ayuntamiento hizo un Plan Director y despu\u00e9s, con el Plan E, hemos hecho la primera fase, y ahora vamos a acometer la segunda. Tengo la suerte de que voy todos los d\u00edas andando al ayuntamiento. <\/p>\n<p>P.- \u00bfQu\u00e9 est\u00e1 haciendo en materia de alquiler de viviendas para j\u00f3venes?<\/p>\n<p>R.- Aparte de tener la bolsa de alquiler joven, dentro de los proyectos con la Comunidad, y estar dentro de su Plan Alquila, en Espartales Norte hay tres parcelas, 500 viviendas, para alquiler para j\u00f3venes. Por desgracia, son de las que tienen problemas. Hace 6 meses hemos vendido otras 3 parcelas muncipales en el pol\u00edgono Camporroso que tambi\u00e9n se acogen al Plan Joven, unas 100 viviendas m\u00e1s.<\/p>\n<p>P.- Tenemos un problema enorme de aparcamiento en los barrios de la ciudad. En los a\u00f1os 80 se hicieron una serie de aparcamiento en los barrios, desde los a\u00f1os 90 apenas se han iniciado nuevos proyectos, y se han puesto a disposici\u00f3n de los vecinos un n\u00famero rid\u00edculo de plazas de garaje que contrasta con el gran aumento del parque automovil\u00edstico. \u00bfNos puede decir cu\u00e1ntas plazas de garaje se han ofrecido a los vecinos en los \u00faltimos 5 a\u00f1os? \u00bfHasta cuando va a durar esta situaci\u00f3n?<\/p>\n<p>R.- En la pasada legislatura hicimos 3 proyectos de aparcamientos. Insuficientes, s\u00ed, porque es uno de los mayores problemas que tenemos, coincido contigo, \u00c1ngel. En esta legislatura, hemos iniciado un nuevo proyecto en el paseo de Pastrana, y lo hemos hecho con una cooperativa de vecinos. Al igual que 2 de la legislatura pasada. Estamos intentando en otro barrio de la ciudad hacerlo con cooperativas de vecinos, y posiblemente en los pr\u00f3ximos meses podamos anunciar alguno nuevo. \u00bfPor qu\u00e9 as\u00ed? Creemos que con la crisis es una buena soluci\u00f3n, que el vecino tenga protagonismo, y salga adem\u00e1s m\u00e1s barato. <\/p>\n<p>P.- Alcalde, dado que en Alcal\u00e1 paran numerosas l\u00edneas de autobuses que conectan Alcal\u00e1 con m\u00e1s de una treintena de pueblos de su \u00e1rea metropolitana, de Guadalajara y con capitales como Barcelona, Zaragoza, Pamplona, Soria, Valencia, Teruel, Logro\u00f1o y el autob\u00fas Toledo-Guadalajara&#8230;\u00bfse compromete usted a canalizar esas l\u00edneas a trav\u00e9s de una estaci\u00f3n de autobuses que ponga a nuestra ciudad en una digna conectividad?<\/p>\n<p>R.- El problema que esta infraestructura tiene que ser pagada no s\u00f3lo por el ayuntamiento, sino por los interesados. Son l\u00edneas a muchas ciudades, es una infraestructura cara en la que tienen que participar otras administraciones, porque con la situaci\u00f3n de crisis la situaci\u00f3n del ayuntamiento no es \u00f3ptima. <\/p>\n<p>P.- Buenos d\u00edas se\u00f1or alcalde. \u00bfPara cu\u00e1ndo se van a poner en serio a arreglar la f\u00e1brica de GAL, que en teor\u00eda es patrimonio cultural? Hab\u00eda antes unos carteles de un Museo de la moto, pero desde hace tiempo no est\u00e1, y el edificio se cae a cachos. Muchas gracias<\/p>\n<p>R.- Uno de los proyectos que se han apoyado en el Plan E 2010 es la inversi\u00f3n de 2 millones para consolidar el edificio de la antigua GAL. Luego, seguiremos invirtiendo para convertir el edificio en un museo en el que entre otros estar\u00e1n el Museo de la Moto, el Museo del Perfume, con los fondos de la antigua Perfumer\u00eda GAL, y acabamos de firmar un convenio con la constructora que ha desarrollado la zona para convertir en centro de recepci\u00f3n de visitantes el piso piloto de la urbanizaci\u00f3n junto a la antigua f\u00e1brica. <\/p>\n<p>P.- Estimado alcalde Estoy muy preocupado porque Alcal\u00e1 cada vez se parece m\u00e1s a una ciudad dormitorio. Usted dijo que nuestra ciudad deb\u00eda convertirse en una ciudad de servicios, sin embargo, mientras proliferan los centros comerciales no parece surgir un modelo que haga m\u00e1s ciudad a Alcal\u00e1, en el que surjan bufetes de abogados, de periodismo, empresas sanitarias, etc. \u00bfQuiere una Alcal\u00e1 dormitorio o una capital con fuerte personalidad? Un saludo.<\/p>\n<p>R.- Alcal\u00e1 es una ciudad en la que hay un gran sector servicios pero no renunciamos a que sea una ciudad industrial. Y, afortunadamente, Alcal\u00e1 es una ciudad que, a\u00fan estando a 30 km de la capital, consigue mantener su se\u00f1a de identidad. Eso nos hace que siendo una de las ciudades m\u00e1s grandes de la Comunidad de Madrid, no sea una ciudad dormitorio.<\/p>\n<p>P.- Alcal\u00e1 opta a ser capital cultural de las artes y las letras en 2016 como podemos ver en el logo que han puesto por toda la ciudad y en todos los carteles del ayuntamiento. \u00bfHay algo m\u00e1s aparte de ese logo para conseguir esta capitalidad o s\u00f3lo es humo?<\/p>\n<p>R.- EStamos trabajando en ese proyecto con el compromiso de todas las administraciones y uno de los \u00faltimos ejemplos es la firma ayer de un convenio con la Comunidad de Madrid para que la colecci\u00f3n de los Madrazo, cuya exposici\u00f3n inauguramos ayer, se quede de forma definitiva en la ciudad de Alcal\u00e1. <\/p>\n<p>P.- \u00bfCuanto cobra usted al a\u00f1o?<\/p>\n<p>R.- Aprobado por unanimidad por todos los grupos pol\u00edticos, lo mismo que cobra un consejero de la Comunidad de Madrid. <\/p>\n<p>P.- \u00bfTienes previsto presentarte a la elecciones a la Asamblea de Madrid?<\/p>\n<p>R.- Tengo que decirte, Balmala, que en estos d\u00edas en los que todo el mundo est\u00e1 esperando que deshoje la margarita, te lo voy a decir a ti en primicia: me gustar\u00eda ser el candidato en las pr\u00f3ximas elecciones al Ayuntamiento de Alcal\u00e1 de Henares. Porque aunque hab\u00eda anunciado que \u00e9sta iba a ser mi \u00faltima legislatura, como por muchas circunstancias no he podido completar mi proyecto y modelo de ciudad, creo que debo seguir trabajando por Alcal\u00e1 desde Alcal\u00e1 y en Alcal\u00e1. Por eso, mi objetivo es la candidatura al Ayuntamiento de Alc\u00e1l\u00e1. <\/p>\n<p>P.- Tenemos nuestro r\u00edo, el Henares, bastante abandonado y aunque s\u00e9 que no toda la culpa es del ayuntamiento, me gustar\u00eda saber si realizar\u00e1 alguna mejora para que nuestro r\u00edo deje de estar de espaldas a nuestra ciudad. <\/p>\n<p>R.- Coincido contigo en la situaci\u00f3n. No me voy a escudar en las competencias, sabemos que el r\u00edo es competencia del Confederaci\u00f3n Hidrogr\u00e1fica del Tajo, y por tanto del Ministerio. Pero no me voy a escudar en falta de competencias y, por eso, uno de los proyectos que hemos aprobados dentro del nuevo Plan E es el paseo de Nueva Alcal\u00e1, ese gran paseo en torno al r\u00edo en el barrio de Nueva Alcal\u00e1. Espero que a esta inversi\u00f3n municipal siga alguna otra inversi\u00f3n del Ministerio, y puedo decirte en primicia que alguna obra social de alguna entidad financiera tambi\u00e9n en breve nos dar\u00e1 una alegr\u00eda e invertir\u00e1 en el r\u00edo. <\/p>\n<p>P.- \u00bfPara cuando se va a acabar con la extrema derecha en Alcal\u00e1?<\/p>\n<p>R.- Yo que soy una persona tolerante respeto a todo aquel que piense distinto a m\u00ed siempre que lo haga dentro del marco constitucional. Pero no es el Ayuntamiento quien legaliza o ilegaliza opciones pol\u00edticas. <\/p>\n<p>P.- Que le parece como estan los parques infantiles para los ni\u00f1@s.<\/p>\n<p>R.- Los parques no est\u00e1n mal, aunque podr\u00edan estar mucho mejor. De hecho, con el pasado Plan E hemos invertido en la sustituci\u00f3n de algunos de ellos, con el Plan Prisma vamos a hacer alguno m\u00e1s, y una de las cosas que hemos hecho en esta legislatura es contratar una empresa para el mantenimiento de los mismos, que est\u00e1 funcionando razonablemente. <\/p>\n<p>P.- \u00bfSe ha seguido alg\u00fan criterio para utilizar los recursos del Plan E?<\/p>\n<p>R.- En los dos a\u00f1os, 2009 y 2010, hemos seguido el siguiente camino: primero, me he reunido con los concejales del equipo de gobierno para que plantearan proyectos, luego con los portavoces de los grupos pol\u00edticos con el mismo objetivo, en tercer lugar me he reunido con los empresarios y los sindicatos, en cuarto lugar, con los presidentes de las asociaciones de vecinos, y tambi\u00e9n he recibido algunas peticiones de colectivos y de vecinos a nivel individual, y hemos elegido proyectos propuestos de cada una de las personas a las que hemos dado la oportunidad de plantear programas, y atendiendo a proyectos que eran de inter\u00e9s general. <\/p>\n<p>P.- \u00bfPara cuando un arreglo en condiciones de la Plaza del Jazm\u00edn? Llevamos a\u00f1os sin poda de \u00e1rboles, arreglo parcial de aceras de alrededor de la urbanizaci\u00f3n, pero no se arreglan las aceras del interior que est\u00e1n totalmente levantadas. Puesto que algunas llevan m\u00e1s de 30 a\u00f1os sin cambiar. Gracias. <\/p>\n<p>R.- Tengo que reconocer que tienes toda la raz\u00f3n. As\u00ed que cuando salga de aqu\u00ed hablar\u00e9 con los concejales correspondientes para que presente un proyecto, y espero poderlo hacer lo m\u00e1s r\u00e1pido posible. <\/p>\n<p>P.- \u00bfQu\u00e9 le parece el cierre de industrias asentadas en la ciudad hace a\u00f1os como Electrolux? \u00bfEl consistorio va a hacer algo o a hecho algo al respecto?<\/p>\n<p>R.- Me parece muy mal. Lo primero que he dicho a sindicatos y empresarios es que el ayuntamiento no va a consentir que ninguna empresa aproveche la crisis para especular con sus terrenos. Es algo en lo que la corporaci\u00f3n al completo estamos de acuerdo. Por ejemplo, algo que hicimos con Vetrotex, que tiene que tomar una decisi\u00f3n para hacer una inversi\u00f3n: mediante una carta, me he comprometido con la direcci\u00f3n de la multinacional a que si hacen ese horno en la ciudad que dar\u00eda viabilidad a la empresa los pr\u00f3ximos 10 a\u00f1os, el ayuntamiento les bonifica el pago de todas las licencias municipales. <\/p>\n<p>P.- Estoy interesado en pagar el vado de mi casa y se me niega. Quisiera saber por qu\u00e9. Gracias <\/p>\n<p>R.- Con los datos que me das, no s\u00e9 por qu\u00e9. A m\u00ed tambi\u00e9n me gustar\u00eda que lo pudieras pagar, porque por desgracia el ayuntamiento no est\u00e1 bien econ\u00f3micamente. Si lo deseas puedes enviarnos los datos y tu consulta al buz\u00f3n de sugerencias del alcalde, o de la concejal\u00eda de Hacienda, en la p\u00e1gina web del ayuntamiento: www. ayto-alcaladehenares.es<\/p>\n<p>P.- La crisis, el paro, empresas de toda la vida de Alcal\u00e1 que cierran o despiden a mucha gente. \u00bfQu\u00e9 est\u00e1 haciendo el ayuntamiento para ayudar a estas personas?<\/p>\n<p>R.- Ya he dicho qu\u00e9 estamos haciendo con algunas empresas concretas, y en el presupuesto municipal que aprobamos ma\u00f1ana vamos a aprobar una partida de 1,5 millones de euros para atender a las situaciones de dificultad que est\u00e1n pasando algunas familias alcala\u00ednas con motivo de la crisis. En las pr\u00f3ximas semanas lo presentaremos, va a haber 9 l\u00edneas distintas de ayudas. <\/p>\n<p>P.- \u00bfQu\u00e9 se ha hecho en Alcal\u00e1 con el dinero que recibi\u00f3 por ser Patrimonio de la Humanidad?<\/p>\n<p>R.- La ciudad no recibe nada por ser Patrimonio de la Humanidad, simplemente la Unesco reconoce lo que tiene. Es un reconocimiento, pero no lleva detr\u00e1s, por desgracia, un presupuesto. <\/p>\n<p>P.- \u00bfEs cierto que se ha cedido terreno p\u00fablico para la construcci\u00f3n de un colegio privado?. De ser afirmativa la respuesta&#8230;. \u00bf Porqu\u00e9?. Gracias.<\/p>\n<p>R.- No. <\/p>\n<p>P.- Alcalde, estaba ilusionado con que Alcal\u00e1 fuera la sede de la Ryder Cup de golf en El Enc\u00edn, pero hoy me he enterado de q se va a Tres Cantos. \u00bfOtra vez alcal\u00e1 se queda sin nada?<\/p>\n<p>R.- No. Tres Cantos presenta su candidatura y Alcal\u00e1 tambi\u00e9n, pero la decisi\u00f3n no est\u00e1 tomada por quien corresponde, la Comunidad de Madrid. <\/p>\n<p>P.- Los acceso de Alcal\u00e1 son ca\u00f3ticos. Tenemos una autopista de peaje a Madrid que desemboca en una carretera de los 60. La v\u00eda complutense est\u00e1 colapsada la mayor\u00eda del d\u00eda. Sr. Alcalde, \u00bfPara cuando unas actuaciones valientes en materia vial?<\/p>\n<p>R.- Estamos desarrollando dos actuaciones m\u00e1s una tercera que va a empezar en breve: el desdoblamiento de la M100, carretera de Daganzo, la que nos conecta con la autopista de peaje, el tercer carril de la Nacional II que est\u00e1 haciendo el Ministerio, que ya est\u00e1 en obras, y en breve la M-300, entrada a Alcal\u00e1 desde Madrid, con el t\u00fanel de la Fiat inclu\u00eddo. <\/p>\n<p>P.- \u00bfQu\u00e9 tiene pensado el ayuntamiento para &#8220;salvar&#8221; el cine Cisneros? <\/p>\n<p>R.- El mismo apoyo que para el resto de empresas e industrias de la ciudad. Pero, al igual que el ayuntamiento no va a abrir hoteles ni restaurantes, tampoco va a explotar cines. <\/p>\n<p>P.- Con respecto a la limpieza de Alcal\u00e1 \u00bfporqu\u00e9 solo limpian la zona centro?Se puede pasear por zona San Isidro, Caballer\u00eda Espa\u00f1ola, Chorrillo para que lo pueda comprobar.<\/p>\n<p>R.- Se limpia en toda la ciudad, aunque es cierto que m\u00e1s en el centro. Tomo nota para darle un toque a la empresa concesionaria y al concejal para que no s\u00f3lo en el centro ni en la zona de San Isidro, sino en todas las zonas, mejore la limpieza. <\/p>\n<p>P.- Conseguir una plaza en los mejores colegios es muy dif\u00edcil. \u00bfPara cuando m\u00e1s colegios biling\u00fces en Alcal\u00e1? \u00bfY escuelas infantiles en los nuevos barrios?<\/p>\n<p>R.- Afortunadamente, para el pr\u00f3ximo curso tendremos dos nuevos colegios biling\u00fces m\u00e1s, y dos institutos tambi\u00e9n biling\u00fces. <\/p>\n<p>P.- Buenos d\u00edas, soy un ciudadano de Alcal\u00e1 que cada vez que quiere practicar deporte debe de soportar los precios que debemos pagar por querer practicar algun deporte en cualquier polideportivo municipal. \u00bfMe puede explicar el porqu\u00e9 de los precios tan abusivos? Muchas gracias<\/p>\n<p>R.- Buenos d\u00edas, soy un ciudadano de Alcal\u00e1 que cada vez que quiere practicar deporte debe de soportar los precios que debemos pagar por querer practicar algun deporte en cualquier polideportivo municipal. \u00bfMe puede explicar el porqu\u00e9 de los precios tan abusivos? Muchas gracias<\/p>\n<p>P.- \u00bfPorque en los distritos donde no ha ganado el PP se ignoran las peticiones vecinales?<\/p>\n<p>R.- No estoy de acuerdo contigo, Chema. De hecho, en los \u00faltimos proyectos y obras que ha hecho el ayuntamiento, en los barrios donde m\u00e1s se ha invertido es donde peores resultados tiene el Partido Popular. <\/p>\n<p>P.- \u00bfQue opina de la gesti\u00f3n privada de la residencia ADAVIR? \u00bfEst\u00e1 al tanto de los problemas que aquejan a enfermos y familiares, como son, entre otros, la falta de personal y los cambios en el mismo y en su direcci\u00f3n en cortos espacios de tiempo?<\/p>\n<p>R.- Es una empresa privada, y su gesti\u00f3n compete a la empresa. Lo \u00fanico que me preocupa son las plazas que tiene concertadas con la Comunidad de Madrid, exigir a la Comunidad de Madrid que oblige a la empresa a cumplir los compromisos del concierto. <\/p>\n<p>P.- Buenos d\u00edas, hace un tiempo se public\u00f3 una noticia que hizo que me planteara si iba seguir viviendo en Alcal\u00e1 muchos a\u00f1os m\u00e1s: la posible instalaci\u00f3n de una incineradora en el norte del municipio. \u00bfCu\u00e1l es la situaci\u00f3n actual al respecto?<\/p>\n<p>R.- No va haber en la ciudad ninguna incineradora. Aquello fue una intoxicaci\u00f3n interesada sin ning\u00fan fundamento. <\/p>\n<p>P.- \u00bfC\u00f3mo piensa afrontar la deuda con proveedores, que no para de crecer, sobre todo con las peque\u00f1as empresas?<\/p>\n<p>R.- En esta legislatura, se ha contenido la deuda con proveedores. Estamos negociando l\u00edneas de cr\u00e9dito con los bancos, con los que el ayuntamiento sigue teniendo cr\u00e9dito, con todos, para poder pagar sobre todo a los peque\u00f1os.<\/p>\n<p>P.- \u00bfQu\u00e9 se va a hacer en la Ciudad del Aire?<\/p>\n<p>R.- La Ciudad del Aire es propiedad del INVIFAS, Instituto de Vivienda de las Fuerzas Armadas, y en el pasado Pleno ya aprobamos el proyecto que presentaron para que se solucione lo que m\u00e1s les preocupa, que pueda venderles las viviendas a los residentes. <\/p>\n<p>P.- Sr Alcalde mi pregunta es: \u00bfque pasa con el apoyo al deporte? Todos los municipios estan apoyando al baloncesto, Alcobendas, Fuenlabrada, Leganes, etc, y nosotros estamos apunto de perder a nuestros equipos que por no tener no tienen ni dinero para las equipaciones.<\/p>\n<p>R.- No es cierto. Estamos apoyando al mejor equipo del mundo de f\u00fatbol sala, que es el Inter Movistar, entre otros. <\/p>\n<p>P.- Como receta a la salida de la crisis en la que nos hallamos el PP a nivel nacional nos propone reducir los cargos de confianza el 25%, disminuir el gasto p\u00fablico y que las administraciones p\u00fablicas paguen a sus proveedores en plazo m\u00e1ximo de 30 dias . \u00bf Se aplicar\u00e1n esas recetas en el Ayuntamiento de Acal\u00e1 o veremos un PP distinto en nuestra Ciudad ?<\/p>\n<p>R.- Ya se han aplicado. Cuando no era noticia, y fue el primer ayuntamiento que, entre otras cosas, redujo el 10 por ciento el sueldo del alcalde y los concejales. Y no s\u00f3lo el sueldo tambi\u00e9n de los cargos de confianza, sino m\u00e1s del 25 por ciento de los cargos de confianza, entre ellos uno de los asesores del Grupo Popular, medida que no ha sido seguida por el resto de grupos pol\u00edticos. Fue en diciembre de 2008. <\/p>\n","protected":false},"excerpt":{"rendered":"<p>El siguiente alcalde en responder a las preguntas de los lectores es Bartolom\u00e9 Gonz\u00e1lez (PP), regidor de Alcal\u00e1 de Henares. Con 201.400 habitantes, se trata de la tercera ciudad con mayor poblaci\u00f3n de la regi\u00f3n, adem\u00e1s de ser un importante n\u00facleo de la cultura espa\u00f1ola gracias a su hijo predilecto, Miguel de Cervantes, a su Universidad y a ser ciudad Patrimonio de la Humanidad. El alcalde complutense, Bartolom\u00e9 Gonz\u00e1lez, ha charlado con los lectores de la actualidad de la ciudad.<br \/>\nFOTO: Alberto Ferreras<br \/>\nEncuentros anteriores:<br \/>\nEntrevista con Esteban Parro (M\u00f3stoles) &#8211; Entrevista con Rafael G\u00f3mez Montoya (Legan\u00e9s)<\/p>\n","protected":false},"author":1,"featured_media":0,"comment_status":"open","ping_status":"open","sticky":false,"template":"","format":"standard","meta":{"footnotes":""},"categories":[],"tags":[],"class_list":["post-9711","post","type-post","status-publish","format-standard","hentry"],"_links":{"self":[{"href":"https:\/\/intervius.com\/index.html\/wp-json\/wp\/v2\/posts\/9711","targetHints":{"allow":["GET"]}}],"collection":[{"href":"https:\/\/intervius.com\/index.html\/wp-json\/wp\/v2\/posts"}],"about":[{"href":"https:\/\/intervius.com\/index.html\/wp-json\/wp\/v2\/types\/post"}],"author":[{"embeddable":true,"href":"https:\/\/intervius.com\/index.html\/wp-json\/wp\/v2\/users\/1"}],"replies":[{"embeddable":true,"href":"https:\/\/intervius.com\/index.html\/wp-json\/wp\/v2\/comments?post=9711"}],"version-history":[{"count":0,"href":"https:\/\/intervius.com\/index.html\/wp-json\/wp\/v2\/posts\/9711\/revisions"}],"wp:attachment":[{"href":"https:\/\/intervius.com\/index.html\/wp-json\/wp\/v2\/media?parent=9711"}],"wp:term":[{"taxonomy":"category","embeddable":true,"href":"https:\/\/intervius.com\/index.html\/wp-json\/wp\/v2\/categories?post=9711"},{"taxonomy":"post_tag","embeddable":true,"href":"https:\/\/intervius.com\/index.html\/wp-json\/wp\/v2\/tags?post=9711"}],"curies":[{"name":"wp","href":"https:\/\/api.w.org\/{rel}","templated":true}]}}