{"id":9703,"date":"2010-02-22T00:00:00","date_gmt":"2006-11-06T00:00:00","guid":{"rendered":"https:\/\/intervius.com\/index.html\/?p=9703"},"modified":"2006-11-06T00:00:00","modified_gmt":"2006-11-06T00:00:00","slug":"Modesto_Lomba9703","status":"publish","type":"post","link":"https:\/\/intervius.com\/index.html\/Modesto_Lomba9703\/","title":{"rendered":"Modesto Lomba"},"content":{"rendered":"<p>Pregunta.- \u00bfC\u00f3mo es el desfile y el tipo de moda que presenta este a\u00f1o?<\/p>\n<p>Respuesta.- Nuria, como sabes, y si no, te lo cuento, Devota y Lomba,colecci\u00f3n tras colecci\u00f3n es una investigaci\u00f3n sobre el volumen, y \u00e9sta es una colecci\u00f3n de nuevo que a trav\u00e9s de cada corte crea ondas r\u00edtmicas y geom\u00e9tricas para conseguir vol\u00famenes nuevos. Sobre tu segunda pregunta, te dir\u00eda que en las pasarelas en el mundo ya no se habla de moda, sino de dise\u00f1o. Por resumir la filosof\u00eda de Devota &#038; Lomba, es arquitectura en la moda. <\/p>\n<p>P.- \u00bfQu\u00e9 crees necesario para poder ser una modelo?<\/p>\n<p>R.- Gen\u00e9tica. Como un profesional del cicllismo o del atletismo o la nataci\u00f3n, una modelo tiene que tener un componente gen\u00e9tico primero, una altura, un f\u00edsico que le permita dedicarse a esta profesi\u00f3n, que es una profesi\u00f3n muy dura, una carrera muy corta, muy breve y r\u00e1pida, como les pasa a los futbolistas, por ejemplo. <\/p>\n<p>P.- \u00bfC\u00f3mo influyen los materiales artesanales en la Moda Espa\u00f1ola? \u00bfExiste una conexi\u00f3n de la que los dise\u00f1adores puedan sentirse orgullosos de sus or\u00edgenes? <\/p>\n<p>R.- S\u00ed, el conocimiento de la artesan\u00eda no es imprescindible, pero como t\u00fa bien sabes, cuando ves una colecci\u00f3n ves si hay ese conocimiento o desconocimiento. <\/p>\n<p>P.- \u00bfCu\u00e1l es su modelo favorita? \u00bfPor qu\u00e9?<\/p>\n<p>R.- No tengo tanto modelos favoritas, sino que me gusta trabajar con aut\u00e9nticas profesionales, hay modelos que son aut\u00e9nticas profesionales, y con esas da gusto trabajar. <\/p>\n<p>P.- Se\u00f1or Lomba, soy una estudiante de bachillerato la cual vive por la moda y todo lo relacionado con ella, pero como estudiante que soy mis ingresos son muy escasos y espor\u00e1dicos. Mi pregunta es que si existe alguna manera de ir siempre a la moda sin tener que gastar demasiado en estos tiempos que no son muy pr\u00f3speros para la conom\u00eda y aun menos familiar.<\/p>\n<p>R.- Yo te recomiendo que consumas dise\u00f1o. En el corto plazo es m\u00e1s caro pero en el largo la inversi\u00f3n es mejor. Si te compras un traje de Devota y Lomba que te va a costar un poco m\u00e1s que un traje de moda, la diferencia es que el traje de Devota y Lomba lo podr\u00e1s usar muchos m\u00e1s a\u00f1os, y dentro de unos a\u00f1os lo podr\u00e1s subastar y te pagar\u00e1n una fortuna, y un traje de moda no lo van a querer ni regalado, jeje<\/p>\n<p>P.- \u00bfEs f\u00e1cil, en el mundo de la moda, llegar hasta donde t\u00fa has llegado solo por tus propios m\u00e9ritos, sin venir arropado por un nombre o antecedentes familiares? \u00bfExige muchos sacrificios? <\/p>\n<p>R.- S\u00ed, pero compensa. Tengo la suerte de hacer un trabajo que me gusta, por eso la nueva ley de Zapatero de jubilaci\u00f3n a los 67 a\u00f1os me gusta. <\/p>\n<p>P.- Recuerdo tus inicios hace muchos a\u00f1os, \u00e9rais Juan Devota y Modesto Lomba, \u00bfqu\u00e9 pas\u00f3 con Juan? \u00bfPor qu\u00e9 os separasteis?<\/p>\n<p>R.- Luis Devota y yo empezamos juntos y Luis Devota y Modesto Lomba nunca se han separado, como sabes sigue siendo Devota y Lomba, aunque Luis falleci\u00f3 en 1993. <\/p>\n<p>P.- \u00bfPara cuando tallas 44 y 46 para personas un poco rellenitas pero que quieren seguir teniendo estilo, no por encima de la rodilla? Gracias <\/p>\n<p>R.- Querida Mar\u00eda Jos\u00e9, te doy el contacto comercial de Devota y Lomba y a partir de un modelo por talla y color, te hacemos lo que quieras en la talla que quieras. El contacto es comercial@devotailomba.com<\/p>\n<p>P.- Hola; Como presidente de la Asociaci\u00f3n de creadores de Moda de Espa\u00f1a, \u00bfcomo ve que haya muchos dise\u00f1adores dentro de la asociaci\u00f3n que reciben altas subvenciones para hacer sus colecciones y en cambio no venden en ning\u00fan punto de venta? \u00bfNo cree que en tiempos de crisis esto es muy injusto y adem\u00e1s no sirve para crear empleo?<\/p>\n<p>R.- No s\u00e9 de qu\u00e9 asocaici\u00f3n me hablas, pero si es la Asociaci\u00f3n de Creadores de Espa\u00f1a, de la que soy presidente, somos 28 dise\u00f1adores, con 28 empresas en las que damos trabajo directo a 3.000 trabajadores. Nuestra media, comparada con la peque\u00f1a y media empresa, es mucho m\u00e1s alta que la media general del pa\u00eds, y damos trabajo a m\u00e1s de 20.000 trabajadores indirectos. Somos una asocaci\u00f3n sectorial profesional y muy seria, y que hacemos empresa. Yo represento a Devota y Lomba, tengo casi 20 trabajadores en n\u00f3mina, m\u00e1s los trabajadores indirectos que tienen las 25 empresas con las que tenemos contratos de relojes, bolsos, zapatos, gafas, ropa de hogar&#8230;<\/p>\n<p>P.- Soy modista, hace 30 a\u00f1os estudi\u00e9 en Argentina dise\u00f1o y alta costura, pero estoy en Le\u00f3n y no veo muchas posibilidades de salir adelante, pues este oficio est\u00e1 muy mal pagado, \u00bfusted cree que las modistas deber\u00edamos unirnos para que nuestro oficio se valore m\u00e1s?, o \u00bftal vez ustedes nos podr\u00edan ayudar a que nuestro oficio est\u00e9 m\u00e1s difundido y tengamos m\u00e1s trabajo? Much\u00edsimas gracias y lo admiro!<\/p>\n<p>R.- Mar\u00eda del Carmen, no s\u00e9 qu\u00e9 decirte, pero yo tengo modistas que tienen hijas abogadas o m\u00e9dicos y que a veces est\u00e1n en el paro, las modistas est\u00e1n llenas de trabajo y trabajan como el que m\u00e1s y ganan mucho dinero. Hoy en d\u00eda los oficios b\u00e1sicos hay muy poca gente formada y cada vez que necesitamos una modista nueva nos cuenta mucho encontrar alguna buena. <\/p>\n<p>P.- \u00a1Hola Modesto! Mientras te escribo esta pregunta est\u00e1 siendo tu desfile, as\u00ed que quiero desearte much\u00edsima suerte y cuando leas esto, \u00bfest\u00e1s contento con el resultado? Mi pregunta es: \u00bfqu\u00e9 tiene que hacer una persona normal, me refiero, sin contactos en este mundo, pero con mucha experiencia y sobre todo, ilusi\u00f3n, para trabajar con un dise\u00f1ador en su gabinete de comunicaci\u00f3n, ayud\u00e1ndole creativamente en su imagen y lanzamiento de colecciones? \u00bfSin contactos he de tirar la toalla? Muchas gracias!<\/p>\n<p>R.- Estoy no s\u00f3lo contento, sino muy satisfecho con mi trabajo. En cuanto al resto de la pregunta, ahora no estamos contratando a nadie, pero tenemos un cupo para gente en formaci\u00f3n, en pr\u00e1cticas, y no necesitas ning\u00fan contacto, s\u00f3lo necesitas picar en tu ordenador devotaylomba.com en tu ordenador y ah\u00ed tienes nuestro contacto para lo que quieras. <\/p>\n<p>P.- \u00bfPor qu\u00e9 la moda espa\u00f1ola sigue siendo una secudanria en este campo? \u00bfNo falta un poco de atrevimiento a la hora de vestir, no somos demasiado cl\u00e1sicos?<\/p>\n<p>R.- Paco, no tengo m\u00e1s que decirte que tienes mucha raz\u00f3n, yo no hago m\u00e1s que intentarlo, pero convenzo a muy poquitos. <\/p>\n<p>P.- \u00a1Hola! Uno de tus trajes fue mostrado la semana pasada en el Guggenheim de Nueva York dentro del desfile Dressed to Dance&#8221;. \u00bfTe gusta que la moda entre en los templos del arte contempor\u00e1neo?<\/p>\n<p>R.- Me gusta porque es uno de sus lugares, la moda es parte de nuestra riqueza cultural, y los museos son lugares adecuados para todo lo que tiene que ver con la cultura. <\/p>\n<p>P.- Seg\u00fan usted, \u00bfcu\u00e1les son los colores que se llevar\u00e1n este verano?<\/p>\n<p>R.- Como ya contest\u00e9 antes, en las pasarelas ya no hablamos tanto de moda, sino de estilo, personalidad, y cada dise\u00f1ador tiene su particular personalidad con los colores que ha elegido para su colecci\u00f3n, pero eso no quiere decir que sea lo que vaya a verse por todas partes. En Devota y Lomba ver\u00e1s el magenta, el cobalto, amarillo fr\u00edo, verde y negro y gris. <\/p>\n<p>P.- \u00bfQu\u00e9 crees que aporta D&#038;L a la moda espa\u00f1ola?<\/p>\n<p>R.- Creo que aportamos la personalidad de D&#038;L que lo da el trabajo de investigaci\u00f3n que hacemos en volumen, el conocimiento del oficio y el patronaje y el volumen arquitect\u00f3nico, pr\u00e1cticamente, acompa\u00f1ado de un desarrollo comercial a trav\u00e9s de todos los fbricantes que forman la empresa Devota y Lomba, que son 25 fabricantes haciendo ropa de hogar,relojes, bolsos, gafas, ropa interior masculina&#8230;<\/p>\n<p>P.- \u00bfQu\u00e9 es m\u00e1s perjudicial para el mundo de la moda, una crisis econ\u00f3mica o de ideas?<\/p>\n<p>R.- Por supuesto, de ideas. Las crisis econ\u00f3micas estimulan las ideas, por lo que lo peor ser\u00eda una crisis de ideas, para un creativo es mucho m\u00e1s perjudicial. La crisis econ\u00f3mica s\u00f3lo nos ha hecho estimularnos m\u00e1s. <\/p>\n<p>P.- Hola Modesto, quer\u00eda preguntarte si alguna vez, fuera de los c\u00edrculos de la moda, te fijas en alguien que te llame la atenci\u00f3n por su estilo y captas ideas para tus dise\u00f1os, o por su f\u00edsico para modelo y si incluso te has dirigido a alguien por eso, en la calle, haciendo deporte, etc. Muchas gracias<\/p>\n<p>R.- No, yo me reconozco como un gran observador y me gusta pasear y observar a los dem\u00e1s,no me suelo atrever a dirigirme a nadie. <\/p>\n<p>P.- \u00bfMe puedes decir d\u00f3nde se venden la mayor\u00eda de estas colecciones? Yo vivo en Alicante y en ninguna tienda veo ropa de los dise\u00f1adores que participan en Cibeles. <\/p>\n<p>R.- No te puedo dar informaci\u00f3n de todos, pero si tienes inter\u00e9s te puedo recomendar que te dirijas a comercial@devotailomba.com y te podemos dar toda la informaci\u00f3n de la colecci\u00f3n que quieras y en qu\u00e9 sitio puedes encontrarlo. Si no, visita tiendas online donde muchos de nosotros vendemos. Y aprovecho para anunciarte que Devota y Lomba, en unos meses, inaugura su tienda online. <\/p>\n<p>P.- \u00bfDonde puedo estudiar dise\u00f1o tanto en Espa\u00f1a como en otro pa\u00eds? Una vez acabada Arquitetura que comienzo este a\u00f1o, \u00bfser\u00e9 demasiado mayor para este estudio que es el que m\u00e1s deseo?<\/p>\n<p>R.- Nunca se es demasiado mayor para nada. Yo fund\u00e9 Devota y Lomba con Luis Devota, que era arquitecto, y en mi equipo tambi\u00e9n hay varios arquitectos. <\/p>\n<p>P.- \u00bfDonde podemos encontrar la ropa de Devota y Lomba en Espa\u00f1a? \u00bfse vende internacionalmente?<\/p>\n<p>R.- Te vuelvo a recomendar dirigirte a comercial@devotailomba.com y que visites la web devotaylomba.com. Y te facilitamos la informaci\u00f3n sobre el art\u00edculo que quieras y el punto de venta que necesites. Llevo 22 a\u00f1os con D&#038;L y hace 15 a\u00f1os te pod\u00eda decir de memoria cada punto de venta en Espa\u00f1a y fuera, el nombre del due\u00f1o, la cantidad de prendas que me compra, lo que me paga y no paga, jeje, pero hora somos 25 empresas haciendo m\u00e1s de 60 colecciones diferentes, por lo que te recomiendo que nos pidas lo que necesites a trav\u00e9s de nuestro contacto de comercial@devotailomba.com. Y vuelvo a aprovechar para anunciar que en unos meses inauguramos nuestra tienda online. A trav\u00e9s de Buyvip, donde puedes encontrar moda espa\u00f1ola en Francia, Italia y Polonia. <\/p>\n<p>P.- Tengo una boda fashion el pr\u00f3ximo Junio en Madrid, de noche. Mido 160cm y uso una 36-38,tengo 35 a\u00f1os pero llevo siempre un estilo juvenil.,\u00bfque tipo de vestido crees que me iria bien?\u00bfque complementos se llevan?Mi suegra esta pendiente de mi para criticarme y es muy importante que quede bien.Muchas gracias.<\/p>\n<p>R.- Es como una recomendaci\u00f3n de un m\u00e9dico a distancia, es dif\u00edcil hacer una recomendaci\u00f3n seria a distancia, por lo que me perdonar\u00e1s que me abstenga de contestarte. Pero hay reglas b\u00e1sicas, como el color negro, los trajes silueta&#8230; pero no es regla de oro. <\/p>\n<p>P.- cree que en Espa\u00f1a entiende la moda como algo cultural, inherente a la sociedad?? un saludo, muchas gracias<\/p>\n<p>R.- S\u00ed, el nivel cultural en moda en Espa\u00f1a cada vez es m\u00e1s alto, con lo cual eso nos permite a los dise\u00f1adores y empresas desarrollarnos cada vez m\u00e1s en el mercado. <\/p>\n<p>P.- Hola que tal. \u00bfComo es tu rutina diaria de trabajo? \u00bfViajas mucho o estas mas en Madrid? \u00bfTe da tiempo a mantenerte en forma y a salir con amigos? Gtacias<\/p>\n<p>R.- Viajo mucho, pero despu\u00e9s de muchos a\u00f1os viajando, lo que m\u00e1s disfruto ahora es estar en mi casa y estar con mis amigos. Yo, cuando estoy en una fiesta, a pesar de lo que puede pensar la gente, estoy trabajando. Cuanod no se me ve en una fiesta es que me lo estoy pasando bien con mis amigos.<\/p>\n<p>P.- Se\u00f1or Lomba: \u00bfSe justifica que la gente se gaste tanto dinero en ropa de dise\u00f1o cuando hay gente que no tiene ni una manta para dormir? \u00bfNo ser\u00eda m\u00e1s razonable que muchos de esos recursos se repartan m\u00e1s y se destinen a que la sociedad sea m\u00e1s equilibrada?<\/p>\n<p>R.- Estar\u00eda de acuerdo si eso lo extiendes al consumo en auom\u00f3viles, alimentaci\u00f3n, bebidas, casas&#8230; Pero si quieres, juntos podemos hacer una revoluci\u00f3n, pero probablemente t\u00fa tendr\u00e1s que dejar tu trabajo y yo el m\u00edo, y junto montamos una ONG, pero tienes raz\u00f3n, pero esto no nos lo hemos inventado ni t\u00fa ni yo. Invertir en dise\u00f1o es una forma m\u00e1s sostenible que invertir en moda, que es m\u00e1s ef\u00edmero. <\/p>\n","protected":false},"excerpt":{"rendered":"<p>Modesto Lomba es uno de los dise\u00f1adores m\u00e1s conocidos de nuestro pa\u00eds. Integrante del d\u00fao Devota y Lomba, es uno de los cl\u00e1sicos en la Pasarela Cibeles. Pero adem\u00e1s, es el presidente de la Asociaci\u00f3n de Creadores de Moda de Espa\u00f1a (ACME), que re\u00fane a muchos de los modistos m\u00e1s conocidos del pa\u00eds. Lomba ha charlado con los lectores. Lo ha hecho el mismo d\u00eda en que ha presentado su desfile en Cibeles.<br \/>\nModesto Lomba, en el Especial de ELPA\u00cdS.com<\/p>\n","protected":false},"author":1,"featured_media":0,"comment_status":"open","ping_status":"open","sticky":false,"template":"","format":"standard","meta":{"footnotes":""},"categories":[],"tags":[],"class_list":["post-9703","post","type-post","status-publish","format-standard","hentry"],"_links":{"self":[{"href":"https:\/\/intervius.com\/index.html\/wp-json\/wp\/v2\/posts\/9703","targetHints":{"allow":["GET"]}}],"collection":[{"href":"https:\/\/intervius.com\/index.html\/wp-json\/wp\/v2\/posts"}],"about":[{"href":"https:\/\/intervius.com\/index.html\/wp-json\/wp\/v2\/types\/post"}],"author":[{"embeddable":true,"href":"https:\/\/intervius.com\/index.html\/wp-json\/wp\/v2\/users\/1"}],"replies":[{"embeddable":true,"href":"https:\/\/intervius.com\/index.html\/wp-json\/wp\/v2\/comments?post=9703"}],"version-history":[{"count":0,"href":"https:\/\/intervius.com\/index.html\/wp-json\/wp\/v2\/posts\/9703\/revisions"}],"wp:attachment":[{"href":"https:\/\/intervius.com\/index.html\/wp-json\/wp\/v2\/media?parent=9703"}],"wp:term":[{"taxonomy":"category","embeddable":true,"href":"https:\/\/intervius.com\/index.html\/wp-json\/wp\/v2\/categories?post=9703"},{"taxonomy":"post_tag","embeddable":true,"href":"https:\/\/intervius.com\/index.html\/wp-json\/wp\/v2\/tags?post=9703"}],"curies":[{"name":"wp","href":"https:\/\/api.w.org\/{rel}","templated":true}]}}