{"id":970,"date":"2007-01-31T00:00:00","date_gmt":"2006-11-06T00:00:00","guid":{"rendered":"https:\/\/intervius.com\/index.html\/?p=970"},"modified":"2006-11-06T00:00:00","modified_gmt":"2006-11-06T00:00:00","slug":"Bruno_Carnio_y_Marisa_Ruliss970","status":"publish","type":"post","link":"https:\/\/intervius.com\/index.html\/Bruno_Carnio_y_Marisa_Ruliss970\/","title":{"rendered":"Bruno Carnio y Marisa Ruliss"},"content":{"rendered":"<p>Pregunta.- Hay muchas personas que opinan que la eutanasia es una soluci\u00f3n muy cobarde. Muchas personas con graves enfermedades prefieren luchar, \u00bfQu\u00e9 opinan?<\/p>\n<p>Respuesta.- Al contrario, hay que tener mucho valor y respetamos las decisiones libres de cada uno, por ejemplo, la de las personas que desean vivir con graves enfermedades y luchar.<\/p>\n<p>P.- \u00bfC\u00f3mo les dio por meterse en esta asociaci\u00f3n?\u00bfCu\u00e1les fueron sus inquietudes o motivaciones?<\/p>\n<p>R.- Observar que en este pa\u00eds, en la mayor\u00eda de los casos, las personas enfermas mueren mal y con dolor.<\/p>\n<p>P.- Voy a hacer una pregunta un tanto cin\u00e9fila y que me marc\u00f3 en la pel\u00edcula de mar adentro \u00bfpor qu\u00e9 morir?<\/p>\n<p>R.- Porque no deseas vivir con dolor.<\/p>\n<p>P.- En otros pa\u00edses como Holanda este derecho se ha regulado, \u00bfen Espa\u00f1a estamos preparados para regularlo por ley?<\/p>\n<p>R.- Por supuesto que si, el 78% de la poblaci\u00f3n est\u00e1 de acuerdo con &#8220;la buena muerte&#8221;, pero este Gobierno no est\u00e1 cumpliendo con su programa electoral en el que promet\u00eda crear una Comisi\u00f3n de debate en el Congreso de los Diputados. (Ver programa electoral PSOE 2004, p\u00e1g.: 34).<\/p>\n<p>P.- \u00bfCreen que la gente todav\u00eda no asume que la muerte es parte de la vida?<\/p>\n<p>R.- Si, evidentemente sigue siendo un tema tab\u00fa.<\/p>\n<p>P.- \u00bfHa habido alg\u00fan caso que les haya marcado a lo largo de su trayectoria en su organizaci\u00f3n?<\/p>\n<p>R.- Precisamente estamos dentro de la Asociaci\u00f3n por la cantidad de casos de muertes indignas que hemos visto fuera.<\/p>\n<p>P.- \u00bfSe dan realmente muchos casos de personas que piden ayuda para morir? Nunca he conocido ning\u00fan caso cercano.<\/p>\n<p>R.- Si, pregunta a m\u00e9dicos o enfermeras de confianza y ver\u00e1s como te lo confirman. Eso si, hemos observado que tener la informaci\u00f3n adecuada tranquiliza al enfermo y anula parte de la angustia y el deseo de morir. www.eutanadia.ws<\/p>\n<p>P.- \u00bf Por qu\u00e9 no se regula la eutanasia? <\/p>\n<p>R.- Por miedo. www.eutnasia.ws<\/p>\n<p>P.- \u00bfMar adentro es una pelicula emblem\u00e1tica de los objetivos de vuestra organizaci\u00f3n?<\/p>\n<p>R.- Lee nuestros objetivos en www.eutanasia.ws<\/p>\n<p>P.- No estoy muy puesto al d\u00eda sinceramente pero es un tema que me da mucha curiosidad. Actualmente \u00bfest\u00e1 Espa\u00f1a muy lejos de legalizar la eutanasia?\u00bfHay pa\u00edses que ya la levan a cabo?\u00bfDonde se puede encontrar m\u00e1s informaci\u00f3n sobre \u00e9sto? Muchas gracias<\/p>\n<p>R.- No, precisamente Espa\u00f1a es uno de los pa\u00edses dentro de la Uni\u00f3n Europea que m\u00e1s se est\u00e1 acercando a las demandas sociales. En Europa, Holanda y B\u00e9lgica y el Estado de Oreg\u00f3n en USA. www.eutanasia.ws<\/p>\n<p>P.- Hola, me parece muy bien los criterios con los que defiendes el derecho a vivir dignamente, yo tambi\u00e9n pertenezco a pro-eutanasia, pero&#8230;quien se encargaria de culminar el deseo de estas personas ? yo, como m\u00e9dico no quiero tener ese papel&#8230;gracias. un abrazo.<\/p>\n<p>R.- Mientras la eutanasia no est\u00e9 despenalizada para que te pueda ayudar un m\u00e9dico, solo tu puedes encargarte de culminar tu deseo, nosotros s\u00f3lo podemos informarte y acompa\u00f1arte. www.eutanasia.ws<\/p>\n<p>P.- Admito el aborto, no tengo hijos, as\u00ed que nunca he tenido que plantearme traer o no traer un ni\u00f1o al mundo. En este caso el ni\u00f1o no decide. Mi pregunta es en un planteamiento futuro: No estoy enferma, solo tengo muchos a\u00f1os, mi vista es muy mala y no quiero terminar mis d\u00edas en una residencia de ancianos, \u00bfPuedo elegir o decidir morir? <\/p>\n<p>R.- Claro que si, tu vida es tuya y la muerte forma parte de la vida. www.eutanasia.ws<\/p>\n<p>P.- \u00bfQu\u00e9 papel juega la asociaci\u00f3n Derecho a Morir Dignamente en Espa\u00f1a? \u00bfCu\u00e1ntos socios hay en asociaciones pro-muerte diga en el mundo? \u00bfC\u00f3mo me puedo hacer socio?<\/p>\n<p>R.- Somo los \u00fanicos que luchamos por la despenalizaci\u00f3n de la eutanasia en Espa\u00f1a. En todo el mundo 1.000.000 de socios. En nuestra web tienes la informaci\u00f3n y la solicitud para inscribirte como socio. www.eutanasia.ws<\/p>\n<p>P.- \u00bfSufre amenzas?<\/p>\n<p>R.- No.<\/p>\n<p>P.- \u00bfC\u00f3mo se deber\u00eda legalizar la eutanasia? \u00bfEn qu\u00e9 terminos o supuestos?<\/p>\n<p>R.- A trav\u00e9s de la correspondiente ley que nacer\u00eda del dabete en el Parlamento. Pero para eso tenemos que presionar a los pol\u00ecticos y hablar del tema con total naturalidad, como si la muerte formara de la vida (que la forma). www.eutanasia.ws<\/p>\n<p>P.- En el caso de que quien decide &#8220;morir dignamente&#8221; sea catolico cree que este hecho le causa algun tipo de conflicto etico?<\/p>\n<p>R.- Puede que si, todo depende de la educaci\u00f3n religiosa que haya recibido, hay cat\u00f3licos que no quieren sufrir para morir y esa creencia no est\u00e1 re\u00f1ida con su religi\u00f3n. En la Asociaci\u00f3n hay socios que son cat\u00f3licos, por ejemplo, y los Jesuitas tienen su propio modelo de Testamento Vital. www.eutanasia.ws<\/p>\n<p>P.- No soy partidaria en absoluto del sufrimiento, todo lo contrario, creo que hay que evitarlo al m\u00e1ximo, adem\u00e1s creo que debe de ser cada ser humano quien juzgue si puede o no m\u00e1s-. Pero&#8230;\u00bfNo cree ud. que a veces se usa mal la palabra dignidad? \u00bfPor qu\u00e9 se tiene que considerar indigna la dependencia o la invalidez?<\/p>\n<p>R.- Nosotros no consideramos indigna ni la dependencia, ni la invalidez, lo que consideramos indigno es morir sufriendo, pero esto es una decisi\u00f3n personal, por lo tanto respetamos al que decide que tiene que sufrir para morir. www.eutanasia.ws <\/p>\n<p>P.- \u00bfQu\u00e9 labores realizan en su asociaci\u00f3n?<\/p>\n<p>R.- Muchas, te agradecer\u00eda que lo mirases en nuestra p\u00e1gina web. www.eutanasia.ws <\/p>\n<p>P.- \u00bfQu\u00e9 ocurri\u00f3 con la mujer que ayud\u00f3 a morir a Sanpedro? \u00bfEst\u00e1 en la c\u00e1rcel? <\/p>\n<p>R.- Pues no. www.eutanasia.ws<\/p>\n<p>P.- Gracias por hacer el trabajo que hacen. Sepan que hay mucha gente que estamos esperando que el PSOE se atreva a ser m\u00e1s valientes con este tema. Hay alguna campa\u00f1a actualmente en esta direcci\u00f3n?<\/p>\n<p>R.- De nada. Mientras el PSOE no cumpla con su promesa de crear la Comisi\u00f3n de Debate en el Parlamento, la \u00fanica campa\u00f1a que existe en direcci\u00f3n a la despenalizaci\u00f3n de la eutanasia, es la que desde la Asociaci\u00f3n provocamos cuando la situaci\u00f3n nos lo permite. www.eutanasia.ws<\/p>\n<p>P.- \u00bfSe han interesado por el acoso que est\u00e1 sufriendo el Doctor Montes Mieza por evitar el dolor a enfermos terminales? \u00bfNo es justo que la sociedad mostremos apoyo a qui\u00e9n est\u00e1 en esta situaci\u00f3n por ayudarnos o debemos pensar que &#8220;no es asunto nuestro&#8221; con cobard\u00eda, s\u00f3lo porque quien tiene enfrente es una estructura de poder ?<\/p>\n<p>R.- Por supuesto que nos hemos interesado, adem\u00e1s tenemos un comunicado de apoyo en nuestra web. www.eutanasia.ws<\/p>\n<p>P.- \u00bfLe gust\u00f3 el reportaje de ELPAIS? No cree que se ha utilizado a la periodista para dar m\u00e1s voz a las asociaciones pro eutanasia? Le sorprende que el hijo de la se\u00f1ora que decidi\u00f3 morir haya tomado acciones legales en contra de la asoaciaci\u00f3n y del peri\u00f3dico?<\/p>\n<p>R.- Si, mucho, era muy humano. A la periodista no, al art\u00edculo si. El asunto que nos trata es la muerte de Madeleine. www.eutanasia.ws <\/p>\n<p>P.- Mi padre muri\u00f3 de ELA hace ya muchos a\u00f1os, cuando yo era joven. No s\u00e9 si se trata de la variante de trasnsmisi\u00f3n gen\u00e9tica y es posible que alg\u00fan d\u00eda tenga que plantearme la Gran Pregunta. S\u00f3lo quiero agradeceros vuestro compromiso y recordar que si alg\u00fan enfermo, como Madeleine, adelant\u00f3 la hora de su despedida fue, precisamente, por no tener garant\u00edas legales de poder acabar con su sufrimiento cuando sus m\u00fasculos ya no respondieran. Muchas gracias de nuevo<\/p>\n<p>R.- Gracias a ti por comprendernos. Nos gustar\u00eda contar con tu apoyo. www.eutanasia.ws<\/p>\n<p>P.- Que significa morir dignamente? <\/p>\n<p>R.- Morir sin sufrimiento, ni f\u00edsico, ni ps\u00edquico. Bien acompa\u00f1ado, tranquilo, como fruto de una decisi\u00f3n libre y personal. www.eutanasia.ws<\/p>\n<p>P.- \u00bfCual cr\u00e9is que es el &#8220;problema base&#8221; de que la eutanasia deba de ser debatida como legal? me refiero,deber\u00eda de ser algo de elecci\u00f3n propia, como el donar \u00f3rganos, sangre, tratamiento&#8230; no entiendo pq debe de ser &#8220;legal o legal&#8221;..<\/p>\n<p>R.- Todo lo que mencionas tambi\u00e9n tuvo su debate legal y nos guste o no nos guste, la muerte y todo lo que le rodea est\u00e1 institucionalizada por la sociedad, por lo tanto necesita de regulaci\u00f3n para impedir abusos. www.eutanasia.ws<\/p>\n<p>P.- \u00bfCu\u00e1l son los modelos de legislaci\u00f3n que se dan en distintos pa\u00edses?<\/p>\n<p>R.- Busca, por favor, en internet las leyes de Holanda y B\u00e9lgica.<\/p>\n","protected":false},"excerpt":{"rendered":"<p>Bruno Carnio es uno de los 2.000 voluntarios de la Asociaci\u00f3n por el Derecho a Morir Dignamente. Dos de sus compa\u00f1eros acompa\u00f1aron a Madeleine, enferma de 69 a\u00f1os, a &#8220;dejar de vivir&#8221; hace dos semanas. Bruno y otra socia, Marisa Ruliss, han respondido a las dudas sobre esta organizaci\u00f3n pro eutanasia. <\/p>\n","protected":false},"author":1,"featured_media":0,"comment_status":"open","ping_status":"open","sticky":false,"template":"","format":"standard","meta":{"footnotes":""},"categories":[],"tags":[],"class_list":["post-970","post","type-post","status-publish","format-standard","hentry"],"_links":{"self":[{"href":"https:\/\/intervius.com\/index.html\/wp-json\/wp\/v2\/posts\/970","targetHints":{"allow":["GET"]}}],"collection":[{"href":"https:\/\/intervius.com\/index.html\/wp-json\/wp\/v2\/posts"}],"about":[{"href":"https:\/\/intervius.com\/index.html\/wp-json\/wp\/v2\/types\/post"}],"author":[{"embeddable":true,"href":"https:\/\/intervius.com\/index.html\/wp-json\/wp\/v2\/users\/1"}],"replies":[{"embeddable":true,"href":"https:\/\/intervius.com\/index.html\/wp-json\/wp\/v2\/comments?post=970"}],"version-history":[{"count":0,"href":"https:\/\/intervius.com\/index.html\/wp-json\/wp\/v2\/posts\/970\/revisions"}],"wp:attachment":[{"href":"https:\/\/intervius.com\/index.html\/wp-json\/wp\/v2\/media?parent=970"}],"wp:term":[{"taxonomy":"category","embeddable":true,"href":"https:\/\/intervius.com\/index.html\/wp-json\/wp\/v2\/categories?post=970"},{"taxonomy":"post_tag","embeddable":true,"href":"https:\/\/intervius.com\/index.html\/wp-json\/wp\/v2\/tags?post=970"}],"curies":[{"name":"wp","href":"https:\/\/api.w.org\/{rel}","templated":true}]}}