{"id":9683,"date":"2010-02-15T00:00:00","date_gmt":"2006-11-06T00:00:00","guid":{"rendered":"https:\/\/intervius.com\/index.html\/?p=9683"},"modified":"2006-11-06T00:00:00","modified_gmt":"2006-11-06T00:00:00","slug":"Daniel_Monzon9683","status":"publish","type":"post","link":"https:\/\/intervius.com\/index.html\/Daniel_Monzon9683\/","title":{"rendered":"Daniel Monz\u00f3n"},"content":{"rendered":"<p>Pregunta.- \u00a1Hola Daniel, Enhorabuna! Viendo el resultado de tus actores parece que cada uno hab\u00eda nacido para interpretar su papel. \u00bfPensaste desde el principio en sus caras cuando preparabas la pel\u00edcula? \u00a1Un abrazo!<\/p>\n<p>Respuesta.- Hola amigo Angelillo. Era Kubrick el que dec\u00eda que labor m\u00e1s importante que ten\u00eda que hacer un director con los actores era elegirlos bien y yo creo que eso es lo que hicimos en Celda, nos tiramos m\u00e1s de ocho meses seleccionando este reparto del que estoy extremadamente orgulloso, y te confieso que el \u00fanico actor que ten\u00edamos claro desde el principio, desde que escrib\u00edamos el gui\u00f3n, era Luis Tosar como Malamadre. <\/p>\n<p>P.- Hola Daniel, Felicidades. Ah\u00ed va la pregunta: \u00bfc\u00f3mo se siente un ex-cr\u00edtico ante las cr\u00edticas (las negativas, se entiende)?<\/p>\n<p>R.- Trato de exttraer de todas las lecturas de la pel\u00edcula, las buenas y las malas, de cr\u00edticos o de espectadores, cualquier aspecto positivo que me sirva para aprender un poco m\u00e1s de c\u00f3mo narrar una historia. Las \u00fanicas cr\u00edticas a las que no hago caso son aquellas en las que noto que las impusa una man\u00eda personal hacia m\u00ed o hacia alguno de los que intervienen en la pel\u00edcula, porque est\u00e1n aquejadas de una subjetividad que las invalida. <\/p>\n<p>P.- En primer lugar felicitarle por una verdadera obra de arte y por una elecci\u00f3n de actores perfecta con Luis Tosar y compa\u00f1\u00eda. Mi pregunta ser\u00eda \u00bfc\u00f3mo se consigue que un malo mal\u00edsimo como Malamadre impacte y llegue tanto al p\u00fablico?<\/p>\n<p>R.- Se consigue encarg\u00e1ndoselo a Luis Tosar, as\u00ed de sencillo&#8230; y los canallas con sentido del humor, como Malamadre, siempre acaban seduci\u00e9ndonos, \u00bfo no?<\/p>\n<p>P.- &#8220;Celda 211&#8221; part\u00eda como favorita, pero \u00bfcu\u00e1nta confianza ten\u00edas en hacerte con los dos premios gordos? \u00bfQu\u00e9 pasaba por tu cabeza antes de que se anunciara el ganador del Goya a mejor director? Enhorabuena por los premios y por esta gran pel\u00edcula.<\/p>\n<p>R.- Mil gracias por tu enhorabuena. Te dir\u00e9 lo que pasaba por mi cabeza. Llegu\u00e9 a esa ceremonia con una especie de pensamiento zen, me dije: no nos van a dar nada. As\u00ed, si no nos daban nada, me dir\u00eda: si ya lo sab\u00eda. Pero si nos iban dando cosas, cada una de ellas iba a ser una estupenda sorpresa. Vamos, que le di la vuelta: en lugar de llorar por lo que no nos daban, me daba la gran alegr\u00eda por lo que nos iba cayendo. <\/p>\n<p>P.- Como zamorana estoy orgullosa del tratamiento dado a la ciudad en la pel\u00edcula y el \u00e9xito obtenido, \u00bfse sinti\u00f3 el equipo igualmente satisfecho durante el rodaje?<\/p>\n<p>R.- Nos enamoramos de Zamora. Mi hija Sof\u00eda todav\u00eda lo recuerda como un m\u00edtico parque tem\u00e1tico lleno de iglesias rom\u00e1nicas. No, en serio, amamos Zamora, gracias a todos por como nos acogisteis y a todos los figurantes por la fuerza que le concedieron a la pel\u00edcula. <\/p>\n<p>P.- Hola lo primero mis felicitaciones por este merecido reconocimiento. Daniel, despu\u00e9s de un \u00e9xito como este \u00bfun director qu\u00e9 objetivos se plantea para su pr\u00f3ximo trabajo? Y otra cosa, \u00bfcrees que despu\u00e9s de un a\u00f1o tan grande para nuestro cine por calidad y respuesta del p\u00fablico, se puede aspirar a m\u00e1s o esto ha sido flor de un d\u00eda?, gracias.<\/p>\n<p>R.- Gracias, Rafa. Lo que me planteo para mi pr\u00f3ximo trabajo es encontrar una historia que me apasione exactamente igual que las pel\u00edculas que he hecho hasta ahora. Es necesario que t\u00fa est\u00e9s apasionado para poder transmitir esa pasi\u00f3n primero a tu equipo y finalmente a los espectadores. Si a ti te importa un pimiento lo que est\u00e1s contando,dif\u00edcilmente puedes hacer que a nadie le importe nada. Respecto a tu segunda pregunta, espero y deseo que el \u00e9xito del a\u00f1o pasado se repita una y otra vez, por los siglos de los siglos, am\u00e9n. <\/p>\n<p>P.- Buenos d\u00edas Daniel. Tu pelicul\u00f3n ha recibido el respaldo un\u00e1nime de p\u00fablico, cr\u00edtica y compa\u00f1eros de profesi\u00f3n. Todo un logro (pocas veces se da todo junto). FELICIDADES. \u00bfC\u00f3mo te sientes?<\/p>\n<p>R.- Francamente bien, amiga Beatriz&#8230;. Aunque te confieso que en estos momentos tengo un pelo de sue\u00f1o. Todav\u00eda no me he acostado tras la gala de los Goya que para m\u00ed ya est\u00e1 durando casi 24 horas. Pero buen rollo. <\/p>\n<p>P.- \u00bfCrees que es justa la ausencia de Luis Zahera entre los nominados a secundario? El mejor actor de reparto de la peli, codo con codo con Bardem y muy por encima de Resines&#8230;<\/p>\n<p>R.- Luis Zahera es tan grande que mucha gente no se dio cuenta siquiera de que era un actor. Pensaban que era uno de los figurantes reales con los que contamos para la pel\u00edcula. Se merece todos los premios del mundo y me alegra saber que sus compa\u00f1eros de profesi\u00f3n de la Uni\u00f3n de Actores le han nominado a Mejor actor de reparto. \u00d3jala se lo lleve, se lo merece y le quiero a pesar de sus dientes podridos y sus salivazos. <\/p>\n<p>P.- Est\u00e1 usted de acuerdo con lo que dijo George Cukor: &#8220;Con un buen gui\u00f3n soy 100 veces mejor director&#8221; <\/p>\n<p>R.- Desde luego. Con un mal gui\u00f3n no llego ni a medio director. <\/p>\n<p>P.- En primer lugar felicidades, no por los galardones, sino por la impecable pel\u00edcula, que nos ha hecho recuperar a muchos la fe en el cine espa\u00f1ol. \u00bfC\u00f3mo consigues inspirar a todo el equipo para que reme de forma tan conjunta en una misma direcci\u00f3n? Un saludo.<\/p>\n<p>R.- Dando buen ambiente. El resto lo hacen todo ellos. <\/p>\n<p>P.- \u00bfCu\u00e1l es tu pel\u00edcula carcelaria favorita?<\/p>\n<p>R.- Una de ellas es La evasi\u00f3n, de Jacques Becker. M\u00edtica,no te la pierdas si no la has visto. <\/p>\n<p>P.- Buenas tardes Daniel, en primer lugar enhorabuena por el premio m\u00e1s que merecido, me gustar\u00eda saber cu\u00e1les son sus pr\u00f3ximos proyectos y preguntarle si el buen rollo que se vivi\u00f3 ayer en la Gala, con Pedro Almod\u00f3var incluido y los saludos sinceros entre los compa\u00f1eros que &#8220;compet\u00edan&#8221; por los premios, fue un espejismo, o era real. \u00bfCrees que \u00c1lex de la Iglesia ha conseguido cohesionar a la toda la familia del cine espa\u00f1ol? <\/p>\n<p>R.- \u00c1lex de la Iglesia es el presidente perfecto. Ingenioso, carism\u00e1tico, l\u00facido, arriesgado. Si se presenta para presidente de la naci\u00f3n, yo le voto. <\/p>\n<p>P.- \u00bfA qu\u00e9 edad tuviste claro que quer\u00edas dedicarte al cine? \u00bfY por qu\u00e9 te decidiste a rodar por primera ver?<\/p>\n<p>R.- Mi abuela me llev\u00f3 a ver King Kong, la antigua, la de blanco y negro, a los 7 a\u00f1os. Por freak que parezca, desde entonces no pude pensar en otra cosa que en hacer cine alg\u00fan d\u00eda. Me decid\u00ed a rodar por primera vez porque llevaba 20 a\u00f1os deseando hacerlo. <\/p>\n<p>P.- \u00bfTe ha servido de algo tu experiencia como cr\u00edtico de cine a la hora de hacer pel\u00edculas?<\/p>\n<p>R.- Fue una escuela estupenda. \u00a1Me pagaban por ver cine!, y me permit\u00eda acudir a rodajes, entrevistar a directores m\u00edticos, conocer las pel\u00edculas desde las tripas.<\/p>\n<p>P.- \u00a1Felicidades Daniel! Una pel\u00edcula que me atrap\u00f3 desde el principio. \u00a1Qu\u00e9 envidia me da! \ud83d\ude42 Me gustar\u00eda saber qu\u00e9 consejo puede dar para alguien de audiovisuales que le apasiona el cine y que no sabe c\u00f3mo hacerse un hueco dentro del cine espa\u00f1ol. <\/p>\n<p>R.- Perseverar, perseverar&#8230; Si de verdad quieres hacer una pel\u00edcula alg\u00fan d\u00eda,no desfallezcas. Lo conseguir\u00e1s. <\/p>\n<p>P.- Felicidades por el \u00e9xito de Celda 211. \u00bfY ahora? \u00bfEn qu\u00e9 proyectos est\u00e1 trabajando?<\/p>\n<p>R.- Jorge Guerricaechevarr\u00eda y yo estamos trabajando en una fren\u00e9tica comedia negra que sucede en Londres. De momento nos estamos riendo de lo lindo, lo que no es un mal comienzo. La idea es hacer una de esas pel\u00edculas que le alegran la tarde al espectador. Lo que, creo, no es un mal prop\u00f3sito. \u00bfA ti qu\u00e9 te parece? \u00bfQu\u00e9 tal suena?<\/p>\n<p>P.- \u00a1Felicitaciones Daniel! \u00a1Bravo por tu peli! Espero que pronto nos regocijes con otra. Soy coterr\u00e1nea de Alberto Amman y nos pareci\u00f3 su trabajo estupendo. Con tu experiencia \u00bfqu\u00e9 lectura haces de su participaci\u00f3n?<\/p>\n<p>R.- Alberto Ammann es la gran revelaci\u00f3n de Celda 211. Sin ninguna duda. <\/p>\n<p>P.- Enhorabuena Daniel. Siempre te le\u00ed como cr\u00edtico de cine, y ahora admiro mucho el hecho de que te hayas pasado a la direcci\u00f3n: tus pel\u00edculas est\u00e1n hechas pensando en un espectador inteligente y eso se nota. \u00bfComo acad\u00e9mico, a qui\u00e9n votaste como mejor pel\u00edcula este a\u00f1o?<\/p>\n<p>R.- Adiv\u00ednalo&#8230; <\/p>\n<p>P.- \u00bfAceptar\u00edas que de tu pel\u00edcula se hiciese un remake en Hollywood? Enhorabuena por tu gran pel\u00edcula.<\/p>\n<p>R.- Muchas gracias, Ricard. Los productores de Celda 211 est\u00e1n manteniendo conversaciones con gente muy interesada como Paul Haggis y David Fincher, lo que no s\u00e9 es si finalmente se llegar\u00e1 a un acuerdo. <\/p>\n<p>P.- \u00bfCu\u00e1nto te averguenzas de tu primera pel\u00edcula &#8220;El coraz\u00f3n del guerrero&#8221;? Era mala de solemnidad&#8230;<\/p>\n<p>R.- Gracias, amigo Oscar, yo tambi\u00e9n te quiero&#8230; Adoro esa peli, es un hijo muy querido. <\/p>\n<p>P.- \u00bfQu\u00e9 recuerdos tienes de Un tal John Carpenter?, \u00bfes cierto que fue una de tus primeras colaboraciones como cr\u00edtico en una revista con muy pocos a\u00f1os? POr cierto, ya sab\u00edamos que tarde o temprano te ibas a salir. \u00a1Enhorabuena!<\/p>\n<p>R.- John Carpenter es un maestro indiscutible y uno de mis h\u00e9roes de adolescencia. Pel\u00edculas como Asalto a la comisar\u00eda del distrito 13, La cosa o 1997&#8230; rescate en Nueva York, forman parte de mi ser tanto como mis u\u00f1as o mis muelas. <\/p>\n<p>P.- \u00bfC\u00f3mo se vive mejor&#8230; de cr\u00edtico o director? \u00bfY cu\u00e1l es m\u00e1s recompensado econ\u00f3micamente?<\/p>\n<p>R.- Si est\u00e1s pensando en meterte a director para hacerte rico, te recomiendo que te dediques mejor al contrabando de percebes. <\/p>\n<p>P.- \u00bfTe gust\u00f3 el discurso de \u00c1lex de la Iglesia? Muchas gracias y enhorabuena por el \u00e9xito profesional, y como tambi\u00e9n se pudo ver en la gala, personal, cosechado.<\/p>\n<p>R.- Gracias a ti, Sof\u00eda, \u00bfsabes que te llamas como mi hija? Qu\u00e9 nombre m\u00e1s bonito. Supongo que sabes que significa Sabidur\u00eda en griego y pens\u00e9: puesto que no puede heredar semejante virtud de su padre, al menos que la lleve en el nombre&#8230; El discurso de Alex me gust\u00f3 mucho, como todo lo que hace ese gran hombre. Empezando por sus gafas de pasta, me encantan. <\/p>\n<p>P.- He oido que te planteas rodar una pelicula en Londres. Es cierto o solo rumor?<\/p>\n<p>R.- Es s\u00f3lo un rumor. Pero es cierto. <\/p>\n<p>P.- \u00a1Enhorabuena Director! Mi pregunta es la siguiente: \u00bfC\u00f3mo se le ocurre una pel\u00edcula de este tipo y c\u00f3mo confecciona la trama, es decir, c\u00f3mo llega a imaginar los escenarios y el desarrollo del film? \u00bfTodo es suyo, o deja a guionistas y dem\u00e1s que vayan elaborando la pel\u00edcula? Gracias.<\/p>\n<p>R.- Gracias, Jos\u00e9 Manuel. Esta pel\u00edcula est\u00e1 basada en la novela hom\u00f3nima escrita por Francisco P\u00e9rez Gandul, a partir de la cual Jorge Guerricaechevarr\u00eda y yo escribimos el gui\u00f3n. Lo escribimos a cuatro manos, pero Jorge en esta ocasi\u00f3n estaba tan sembrado que casi dialogaba de corrido muchas de las secuencias. Es un genio. Hicimos un trabajo de documentaci\u00f3n, visitando c\u00e1rceles, hablando con presos, algunos hist\u00f3ricos con un pasado como el de Malamadre, leyendo diarios de presos, hablando con funcionarios, educadores&#8230; De todas esas visitas sacamos el esp\u00edritu, el estilo de la pel\u00edcula y de los personajes y Jorge, como la esponja humana que es, se embebi\u00f3 de todo aquello y lo plasm\u00f3 sobre las p\u00e1ginas. Fue casi un a\u00f1o de trabajo en com\u00fan intenso y estimulante. <\/p>\n","protected":false},"excerpt":{"rendered":"<p>La pel\u00edcula Celda 211 ha sido la gran triunfadora de la gala de los Goya. El film de Daniel Monz\u00f3n se ha hecho con 8 estatuillas, entre ellas mejor pel\u00edcula, mejor director y mejor actor protagonista. Monz\u00f3n ha charlado con los lectores sobre estos premios y la pel\u00edcula que le ha valido ser considerado el mejor director del a\u00f1o. <\/p>\n","protected":false},"author":1,"featured_media":0,"comment_status":"open","ping_status":"open","sticky":false,"template":"","format":"standard","meta":{"footnotes":""},"categories":[],"tags":[],"class_list":["post-9683","post","type-post","status-publish","format-standard","hentry"],"_links":{"self":[{"href":"https:\/\/intervius.com\/index.html\/wp-json\/wp\/v2\/posts\/9683","targetHints":{"allow":["GET"]}}],"collection":[{"href":"https:\/\/intervius.com\/index.html\/wp-json\/wp\/v2\/posts"}],"about":[{"href":"https:\/\/intervius.com\/index.html\/wp-json\/wp\/v2\/types\/post"}],"author":[{"embeddable":true,"href":"https:\/\/intervius.com\/index.html\/wp-json\/wp\/v2\/users\/1"}],"replies":[{"embeddable":true,"href":"https:\/\/intervius.com\/index.html\/wp-json\/wp\/v2\/comments?post=9683"}],"version-history":[{"count":0,"href":"https:\/\/intervius.com\/index.html\/wp-json\/wp\/v2\/posts\/9683\/revisions"}],"wp:attachment":[{"href":"https:\/\/intervius.com\/index.html\/wp-json\/wp\/v2\/media?parent=9683"}],"wp:term":[{"taxonomy":"category","embeddable":true,"href":"https:\/\/intervius.com\/index.html\/wp-json\/wp\/v2\/categories?post=9683"},{"taxonomy":"post_tag","embeddable":true,"href":"https:\/\/intervius.com\/index.html\/wp-json\/wp\/v2\/tags?post=9683"}],"curies":[{"name":"wp","href":"https:\/\/api.w.org\/{rel}","templated":true}]}}