{"id":9673,"date":"2010-02-22T00:00:00","date_gmt":"2006-11-06T00:00:00","guid":{"rendered":"https:\/\/intervius.com\/index.html\/?p=9673"},"modified":"2006-11-06T00:00:00","modified_gmt":"2006-11-06T00:00:00","slug":"Jaime_Cordoba9673","status":"publish","type":"post","link":"https:\/\/intervius.com\/index.html\/Jaime_Cordoba9673\/","title":{"rendered":"Jaime C\u00f3rdoba"},"content":{"rendered":"<p>Pregunta.- El Jueves ya he quedado para ir a comprar tu disco, a mi ya no me tienes que convencer pero.. \u00bfporque deber\u00edan comprar tu disco? Muchisima suerte con la promo y el disco.<\/p>\n<p>Respuesta.- Creo que deber\u00edan comprarlo aparte de por las canciones,porque es un trabajo casi artesanal en el que no hay grandes multinacionales detr\u00e1s y est\u00e1 gestionado y editado por m\u00ed, adem\u00e1s, he intentado disminuir intermediarios con lo que el disco ha salido a un precio muy reducido al mercado, si lo compran, conseguir\u00e1n que pueda financiar un segundo disco. Muchos besos Ellie.<\/p>\n<p>P.- hola me podrias decir que haces durante todos los martes? gracias<\/p>\n<p>R.- Los martes cierran &#8220;los encargados de la tienda de la esquina&#8221; as\u00ed que el 80% de este d\u00eda de la semana estoy tocando en el Honky Tonk Madrid con la banda de &#8220;Haselvein&#8221;<\/p>\n<p>P.- Enhorabuena por el concierto de Galileo!No crees que tu m\u00fasica va destinada a un publico m\u00e1s adulto de lo normal? O es de 0 a 99 a\u00f1os como el Monopoly?<\/p>\n<p>R.- Muchas gracias Paloma,Intento que sea como el Monopoly, lo que si que es cierto es que el rango de edades de mi p\u00fablico es bastante grande, por lo que estoy muy agradecido, creo que mi m\u00fasica es para cualquier momento y cualquier edad, cuanta m\u00e1s gente la escuche, mucho mejor. Besos<\/p>\n<p>P.- cual es el sitio m\u00e1s raro en el que has tocado y que es lo m\u00e1s extra\u00f1o que te ha pasado encima de un escenario?<\/p>\n<p>R.- Hola Marco, hicimos un bolo en un festival del Mediterraneo que se supon\u00eda que era de m\u00fasicas del mundo, m\u00e1s de &#8220;ra\u00edz&#8221;,el promotor no se porq\u00e9, pens\u00f3 que mi m\u00fasica era adecuada en ese evento, sal\u00ed como siempre con el traje y la corbata y la gente no nos dejo terminar, recibimos todo tipo de objetos sobre el escenario, desde entonces ese concierto est\u00e1 en nuestro recuerdo con el nombre de &#8220;bolus interruptus&#8221;. Hemos tocado encima de todo tipo de escenarios y circunstancias extra\u00f1as&#8230;..<\/p>\n<p>P.- Me gusta bastante tu disco, quer\u00eda preguntarte porque decidiste empezar una carrra en solitario? No era m\u00e1s f\u00e1cil ir con un grupo que ya ten\u00eda camino andado?<\/p>\n<p>R.- Muchas gracias Marisa.Quer\u00eda contar otras historias,y hacerlo a mi manera, es verdad que los grupos tienen muchas cosas buenas ya que se reparten responsabilidades y hay m\u00e1s opiniones que contrastar, ahora mismo mis canciones no pasan por ning\u00fan filtro y van directas de la composici\u00f3n al p\u00fablico, si algo sale mal, siempre ser\u00e1 culpa m\u00eda&#8230;.besos<\/p>\n<p>P.- Hola Jaime quer\u00eda saber cu\u00e1les son tus referentes en la m\u00fasica actual y cu\u00e1les han sido en el pasado ? muchas gracias y felicidades por tu gran disco.<\/p>\n<p>R.- Gracias Clemenza. Actualmente escucho much\u00edsimo a John Mayer, creo que es un gran compositor, guitarrista y cantante, me gusta lo que hacen Mika,Ryan Adams, Quique Gonzalez, o M-Clan, y de toda la vida he seguido la m\u00fasica de Fito Paez, Paul Mccartney, Billy Joel o Andr\u00e9s Calamaro. Besos<\/p>\n<p>P.- Cuales son tus influencias m\u00e1s palpables en tu m\u00fasica? Como definirias tu estilo musical? Eres un grande!<\/p>\n<p>R.- Gracias Mr Campillo! Creo que en mis directos se nota la influencia directa de m\u00fasicos a los que admiro y respeto como Billy Joel o Fito Paez, mi estilo se asemeja bastante a los songwriters americanos pero cantando en castellano. Abrazo!<\/p>\n<p>P.- \u00bfQu\u00e9 prop\u00f3sitos te planteas (musicalmente hablando) tanto a corto como a largo plazo?<\/p>\n<p>R.- Querido Boquer\u00f3n,sabes que eres uno de mis aparitivos favoritos en las largas noches de Madrid, a corto plazo, seguir tocando en cualquier escenario, y a largo plazo la grabaci\u00f3n de los siguientes discos&#8230;.muchas gracias por la pregunta y que Dios te libre del anisakis!<\/p>\n<p>P.- Jaime, en primer lugar felicitarte por tu magn\u00edfico trabajo. Tengo curiosidad por saber qu\u00e9 sientes cuando bajas del avi\u00f3n en Alicante y paseas por esas calles en las que tantas aventuras has vivido y si esas sensaciones te acompa\u00f1an en los momentos de intimidad, junto a tu teclado, creando.Un saludo y mucha suerte.<\/p>\n<p>R.- Querido oskar&#8230;Alicante es la ciudad en la que nac\u00ed y a la que vuelvo siempre para descansar, es un sitio tranquilo, en el que est\u00e1n mis amigos de toda la vida y mi familia, adem\u00e1s creo que es un gran lugar para componer. Abrazos!<\/p>\n<p>P.- he visto a jaime en varios conciertos y siempre me viene la misma pregunta, \u00bfha pensado alguna vez en darle m\u00e1s rienda suelta a su faceta como humorista adem\u00e1s de m\u00fasico? me parece buen\u00edsimo haciendo ambas<\/p>\n<p>R.- Dear Perico. \u00daltimamente en varios conciertos me han preguntado si me he planteado hacerme &#8220;humorista&#8221;, la verdad es que las cosas que digo muchas veces son a causa de los nervios que llevo en lo alto en cada concierto, como no puedo estar quieto entre canci\u00f3n y canci\u00f3n me pongo a hablar como un loco y digo lo primero que me pasa por la cabeza, algunas de las cosas que digo reconozco que resultan graciosas debido a lo absurdo del momento, gracias por tu pregunta y viva Brett Dennen!<\/p>\n<p>P.- Te vi el viernes en la presentaci\u00f3n del Galileo Galilei y me encant\u00f3, la banda suena muy bien, cuando podremos vrte otra vez por Madrid? enhorabuena por el disco<\/p>\n<p>R.- Hola Juanma, en Madrid estoy otra vez el d\u00eda 2 de Marzo en la sala Honky Tonk (C\/Covarrubias 24) a las 00:00h, la entrada es gratuita, todos los meses toco en esta sala ya que me siento como en casa. Muchas gracias!<\/p>\n<p>P.- \u00bfEs verdad que a tus amigos les llamas juguetes?<\/p>\n<p>R.- Querido Cesar, yo soy su aut\u00e9ntico juguete, el juguetismo es como quieras, igual que los jaleos que me montan en los bolos&#8230;.si no fuera por ellos&#8230;&#8230;.ser\u00eda por otros ;-). Un abrazo in the night<\/p>\n<p>P.- \u00bfQue es el cartonpiedrismo?<\/p>\n<p>R.- Mani Manuel, el cartonpiedrismo es un t\u00e9rmino acu\u00f1ado por un buen amigo m\u00edo, habla de las relaciones entre los m\u00fasicos y artistas que cuando alcanzan la cima se quedan s\u00f3los en medio de un mont\u00f3n de gente y se crean relaciones de cart\u00f3n piedra&#8230;.creo que es de las pocas palabras en las que se escribe n antes de p. Muchas gracias!<\/p>\n<p>P.- Has visto la realidad? Haselvein in the night?<\/p>\n<p>R.- Antonio, he visto la realidad pero vamos, buah, recuerdo que iba en mi coche con mi guitarrista favorito &#8220;Rafa Sala&#8221; camino a un bolo en la FNAC de Legan\u00e9s, y los 2 vimos la &#8220;realidad&#8221;, no puedo contar mucho mas,Haselvein siempre in the night!<\/p>\n<p>P.- Hola Jaime, enhorabuena por tu nuevo disco. Eres el Fito Paez Espa\u00f1ol? Me recuerdas mucho a \u00e9l, se que est\u00e1 dentro de tus influencias asi que espero que aceptes la comparaci\u00f3n como un cumplido. Solo hecho de menos el amor \/desamor en tus letras, lo haces para marcar la diferencia?<\/p>\n<p>R.- Muchas gracias Lola, no pretendo ser el Fito Paez espa\u00f1ol, aunque como he dicho antes es uno de mis m\u00fasicos favoritos, me parece un gran cumplido que me digas eso, pero sinceramente creo que no estoy a la altura de sus composiciones, la verdad es que ha sido una casualidad que ninguna de las canciones del disco hable de amor, quiz\u00e1s para el pr\u00f3ximo disco&#8230;besos!<\/p>\n<p>P.- &#8230;.. sabiendo la dificultad y habiendo estado en las puertas \u00bfvolver\u00e1s a presentarte a la selecci\u00f3n de una beca para Berkley?<\/p>\n<p>R.- Querido amigoraul&#8230;.es cierto que estuve a las puertas de irme a Boston, fue una experiencia intensa que pude compartir con m\u00fasicos mucho m\u00e1s talentosos que yo y que merec\u00edan realmente obtener esa beca, lo pas\u00e9 un poco mal en la prueba final delante del tribunal, dej\u00e9 todas las teclas del piano mojadas del sudor por los nervios, no creo que vuelva a presentarme, pero fue una aventura interesante&#8230;un abrazo!!<\/p>\n<p>P.- \u00bfte resulta raro verte entre tanta m\u00fasica marciana como hay en los 40?<\/p>\n<p>R.- No creo que en los 40 haya m\u00fasica marciana, pienso tambi\u00e9n que no hay m\u00fasica buena ni mala, simplemente la que gusta y la que no gusta, cada uno que escuche lo que quiera, ahora mismo estoy mirando la lista y veo entre otros a Joaqu\u00edn Sabina,Georgina, Antonio Orozco,Alejandro Sanz,Fito y fitipaldis&#8230;..no me parecen marcianos, en realidad los admiro a todos. Gracias por tu pregunta! Abrazo!<\/p>\n<p>P.- Tehas planteado alguna vez cantar en ingl\u00e9s dado que tienes ese rollo Billy Joel?<\/p>\n<p>R.- Hola Paco. En mis conciertos siempre hacemos alguna versi\u00f3n en ingl\u00e9s, nos gusta el contraste con todas las canciones que tenemos en castellano, gracias por lo del rollo Billy Joel , es uno de los m\u00fasicos que admiro!<\/p>\n<p>P.- Hola .Os vi en directo en Honky Tonk y me gust\u00f3 que suena la banda muy contundente .\u00bfQuienes son los m\u00fasicos que te acompa\u00f1an(The haselveins)?<\/p>\n<p>R.- Hola Gallo. La banda de &#8220;Haselvein&#8221; me acompa\u00f1a desde que empec\u00e9 con este proyecto, Rafa Sala es un guitarrista del que he aprendido un mont\u00f3n, Alfonso Cifo al bajo y Oscar del Ramo a la bater\u00eda hacen una base muy s\u00f3lida y contundente sobre la que resulta muy f\u00e1cil adaptarse, siempre trato de estar a su altura ya que son grandes m\u00fasicos, y si alguna vez suena algo mal en un concierto, es culpa m\u00eda, son unos cracks,un abrazo!<\/p>\n<p>P.- Te segui con los Indras. Porque acabo tu historia en el grupo y que tal te llevas con tus antiguos compa\u00f1eros<\/p>\n<p>R.- Una vez que termin\u00e9 la grabaci\u00f3n del \u00faltimo disco con el grupo, decid\u00ed que quer\u00eda enfocar mi carrera de otra forma, no s\u00f3lo a nivel musical, pienso que en la m\u00fasica, se pueden tener diferentes enfoques,ni mejores ni peores, simplemente diferentes, hace tiempo que no hablo con ellos, ya que estoy volcado con esto, pero les deseo todo lo mejor.<\/p>\n<p>P.- Que opinas de la m\u00fasica que se hace actualmente en este pa\u00eds? En que te diferencias del resto de gente que andan haciendo cosas ahora? Cuando vienes por Oviedo?<\/p>\n<p>R.- Hola Juanlu, creo que vamos para Oviedo en Mayo, pienso que hay muy buenas bandas y artistas en Espa\u00f1a, me gustan mucho los trabajos que han sacado Alex Ferreira y Georgina, no intento diferenciarme de nadie, s\u00f3lo hago canciones sin m\u00e1s pretensiones que llegar a la gente a la que pueda gustarle mi forma de tocar y contar historias&#8230;un abrazo<\/p>\n<p>P.- ohhh! como va ser tu nuevo disco?<\/p>\n<p>R.- La verdad es que &#8220;micr\u00f3fonos en la basura&#8221; a pesar de ser un primer disco, es como una especie de &#8220;transici\u00f3n&#8221; entre mi anterior etapa y la actual, estaba buscando mi sonido, ahora creo que lo hemos encontrado, el nuevo disco ser\u00e1 m\u00e1s variado en cuanto a concepto musical. Mil gracias!<\/p>\n<p>P.- Hola Jaime, la verdad es que he tenido todav\u00eda oportunidad de escuchar tu m\u00fasica, nada m\u00e1s qeu por el v\u00eddeo que han colgado en los40.com, y me ha parecido bastante gracioso y original. De indr\u00e1s si que escuch\u00e9 cositas, pero no ten\u00eda idea de tu carrera en solitario. Qu\u00e9 ser\u00e1 distinto en este disquete respecto a tu anteior etapa? Por qu\u00e9 crees qeu nos gustar\u00eda tambi\u00e9n a los que nos molaba Indras? <\/p>\n<p>R.- Hola Patri! Muchas de las canciones de Indras estaban compuestas por mi, sobretodo las del primer disco que sacamos con Zero Records, creo que tengo una forma de componer caracter\u00edstica que sigue estando palpable en mi carrera en solitario. Me alegra que te haya gustado el video. Besos!<\/p>\n<p>P.- Hola Jaime, te vi en la Fnac de Plaza Norte y me gust\u00f3 mucho, me compr\u00e9 tu disco al terminar el concierto, que bueno el arte, pega mucho con la m\u00fasica, como se te ocurri\u00f3?<\/p>\n<p>R.- Hola Violeta!. El arte del disco es obra de Andrea Dopico, una magn\u00edfica fot\u00f3grafa y dise\u00f1adora, todo el concepto y el artwork es suyo, yo s\u00f3lo le dije que el disco se llamaba &#8220;micr\u00f3fonos en la basura&#8221; y ella capt\u00f3 enseguida la idea. Miau!<\/p>\n<p>P.- Jaime! Que bueno encontrarte, te vi por primera vez en el concierto de Brett Dennen en Bikini y me encant\u00f3, volver\u00e1s por Barcelona? Es verdad la historia que contabas de que eras el conductor de la furgoneta de Brett Dennen?<\/p>\n<p>R.- Hola Laura! Le envie el disco a Brett Dennen para ver si pod\u00eda ser telonero suyo en la gira espa\u00f1ola, y lo he teloneado las 2 veces que ha venido a Espa\u00f1a, es cierto, hice las labores de Backliner y de conductor de la furgoneta, una gran experiencia, adem\u00e1s nos hemos hecho grandes amigos. Besos!<\/p>\n<p>P.- Jelou majo! qu\u00e9 es lo \u00faltimo qeu has metido en el Ipod? Pero tienes Ipod? Qu\u00e9 tal te llevas con la tecnolog\u00eda? Mira, dos preguntas en una. Mucha mierda con el disco<\/p>\n<p>R.- Hola Peks. ten\u00eda Ipod, pero debido a mi afici\u00f3n al Ron, una noche de concierto, sal\u00ed de la sala en la que tocabamos en Zaragoza, y debido a un agujero en el pantal\u00f3n lo perd\u00ed, en aquellos momentos sonaba John Mayer&#8230;&#8230;me gusta mucho toda la tecnolog\u00eda, soy un freaki de los cacharritos!<\/p>\n<p>P.- \u00bfPorqu\u00e9 os presentais en los conciertos como Jaime C\u00f3rdoba y su banda Haselvaink in the nigth? \u00bfDe d\u00f3nde habeis sacado ese nombre tan original? Eres un crack<\/p>\n<p>R.- Gracias Jimmy. La banda de Haselvaink in the night (Oscar del Ramo, Rafa Sala y Alfonso Cifo) tienen identidad propia y merecen estar como entidad independiente sobre el escenario, son fant\u00e1sticos, el nombre fue creado por Mani Manuel Gonz\u00e1lez Haba, entrenador de gallos y coleccionista de escarolas. Un abrazo!<\/p>\n<p>P.- tienes planeada una gira cerrada o vas donde vayan saliendo bolos? Lo digo saber si podremos verte en &#8220;provincias&#8221;, m\u00e1s bien tirando hacia el norte&#8230; Un abrazo!<\/p>\n<p>R.- Mr Mongui! ya tenemos varias fechas de la gira, y aparte vamos all\u00e1 donde nos llaman, puedes encontrar toda la informaci\u00f3n en www.jaimecordoba.com , un abrazo!<\/p>\n<p>P.- Pop? Rock? indie? Musica de autor? Blues? Soul? Hard-pachanga? Estilos que te gustan\/odias y con los cuales te identificas?<\/p>\n<p>R.- Me identifico con el Pop y el Rock, no odio ning\u00fan tipo de m\u00fasica, hay m\u00fasicas que simplemente no me gustan y no las escucho , como he dicho antes no creo que haya m\u00fasica buena ni mala, simplemente la que gusta y la que no gusta. Besos!<\/p>\n","protected":false},"excerpt":{"rendered":"<p>El que fuera integrante de Indras, Jaime C\u00f3rdoba, acaba de estrenarse en solitario con Micr\u00f3fonos en la basura, y el lunes 22 de Febrero a las 17:00 estuvo en la redacci\u00f3n de Los40.com para responder a las preguntas de sus fans. \u00a1Haz clic y consulta el encuentro! <\/p>\n","protected":false},"author":1,"featured_media":0,"comment_status":"open","ping_status":"open","sticky":false,"template":"","format":"standard","meta":{"footnotes":""},"categories":[],"tags":[],"class_list":["post-9673","post","type-post","status-publish","format-standard","hentry"],"_links":{"self":[{"href":"https:\/\/intervius.com\/index.html\/wp-json\/wp\/v2\/posts\/9673","targetHints":{"allow":["GET"]}}],"collection":[{"href":"https:\/\/intervius.com\/index.html\/wp-json\/wp\/v2\/posts"}],"about":[{"href":"https:\/\/intervius.com\/index.html\/wp-json\/wp\/v2\/types\/post"}],"author":[{"embeddable":true,"href":"https:\/\/intervius.com\/index.html\/wp-json\/wp\/v2\/users\/1"}],"replies":[{"embeddable":true,"href":"https:\/\/intervius.com\/index.html\/wp-json\/wp\/v2\/comments?post=9673"}],"version-history":[{"count":0,"href":"https:\/\/intervius.com\/index.html\/wp-json\/wp\/v2\/posts\/9673\/revisions"}],"wp:attachment":[{"href":"https:\/\/intervius.com\/index.html\/wp-json\/wp\/v2\/media?parent=9673"}],"wp:term":[{"taxonomy":"category","embeddable":true,"href":"https:\/\/intervius.com\/index.html\/wp-json\/wp\/v2\/categories?post=9673"},{"taxonomy":"post_tag","embeddable":true,"href":"https:\/\/intervius.com\/index.html\/wp-json\/wp\/v2\/tags?post=9673"}],"curies":[{"name":"wp","href":"https:\/\/api.w.org\/{rel}","templated":true}]}}