{"id":9669,"date":"2010-02-18T00:00:00","date_gmt":"2006-11-06T00:00:00","guid":{"rendered":"https:\/\/intervius.com\/index.html\/?p=9669"},"modified":"2006-11-06T00:00:00","modified_gmt":"2006-11-06T00:00:00","slug":"Javier_G-_Matallanas9669","status":"publish","type":"post","link":"https:\/\/intervius.com\/index.html\/Javier_G-_Matallanas9669\/","title":{"rendered":"Javier G. Matallanas"},"content":{"rendered":"<p>Pregunta.- Hola Mata. \u00bfQue defensa sacar\u00eda hoy? \u00bfCrees que quique sacar\u00e1 la titular? Yo creo que dominguez y ujfalusi van necesitando un descanso, pero los dos a la vez me da miedo. \u00bfQue opinas de ir rotando a Ujfalusi y dominguez con valera y Juanito? Aunque a mi varela el otro d\u00eda me convencio de que puede cumplir de medio. Un saludo<\/p>\n<p>Respuesta.- Creo que Quique sacar\u00e1 el equipo titular, con alg\u00fan retoque obligado por la ausencia de Tiago. La defensa apunta a la titular. Es cierto que Valera en Santander rindi\u00f3 bien por delante del lateral. Yo sacar\u00eda a Rub\u00e9n P\u00e9rez en el medio.<\/p>\n<p>P.- Hola Javi. Una sobre europa. \u00bfque opciones le ves al Atletico en la Europa League?\u00bfCrees que puede ser un cadidato si se la toman en serio? \u00bfque va a pasar con Asenjo?<\/p>\n<p>R.- Creo que opta al t\u00edtulo, debe ir eliminatoria a eliminatoria, pero puede llegar a la final. Asenjo decidir\u00e1 su futuro, sino est\u00e1 a gusto y lo pide, el club lo traspasar\u00e1.<\/p>\n<p>P.- Hola Javi. Lo de q Fernano Torres decidi\u00f3 irse del atleti el d\u00eda del 0-6 es cierto o es una leyenda urbana?<\/p>\n<p>R.- Fue uno de los motivos.<\/p>\n<p>P.- Si fueras quique sanchez flores sentarias a forlan en el banquillo viendo lo que esta haciendo? y sacarias a Borja o Ibra?<\/p>\n<p>R.- Forl\u00e1n acabar\u00e1 bien la temporada, ha pasado un bache pero se vendr\u00e1 arriba, aunque yo dar\u00eda su sitio a Borja, una vez recuperado de su lesi\u00f3n de menisco. Ibra es un buen jugador, pero Borja es el futuro del Alteti.<\/p>\n<p>P.- Hola \u00bfque es lo que te gusto del madrid contra el olimpique de lion? gracias<\/p>\n<p>R.- No hubo muchas cosas que destacar del equipo blanco. Me gust\u00f3 el arrojo de Cristiano, Arbeloa y Sergio, de central. Fue un mal partido del Madrid, pero las cr\u00edticas est\u00e1n siendo demasiado crueles, especialmente para Pellegrini.<\/p>\n<p>P.- \u00bfSer\u00eda un fracaso que el madrid no ganase ning\u00fan t\u00edtulo este a\u00f1o?<\/p>\n<p>R.- Si<\/p>\n<p>P.- Hola,me encantar\u00eda que opinaras sobre los habituales comentarios de VALDANO despues de los partidos,para mi inoportunos,con ello le hace un flaco favor al entrenador \u00bfprotagonismo?.Con ello desde mi punto de vista lo que consigue es enfrentarse al entrenador.Me da pena tener que poner de ejemplo al Barcelona&#8230;pero \u00bfcuantas veces salen comentarios de Beguiristain?.Gracias<\/p>\n<p>R.- Valdano es el mejor portavoz posible para el Real Madrid. En esa faceta se gana su sueldo con creces. Lo que sucede es que cuando hablas mucho te puedes equivocar. Lo que no tengo tan claro es que se equivoque al mandar mensajes al entrenador, creo que est\u00e1n medidos&#8230;<\/p>\n<p>P.- Pareja,Gamez,Cata,Monreal&#8230;puede venir alguno al Atletico? Grande Matallanas!!<\/p>\n<p>R.- Cata y Monreal son futuribles, pero no hay nada cierto. Grande tu!!!<\/p>\n<p>P.- Mata, un reto \u00bfCual ser\u00eda tu once hist\u00f3rico de la seleccion espa\u00f1ola?<\/p>\n<p>R.- Arconada; Chendo, Maceda, Hierro, Camacho; Caminero, Xavi, Iniesta, Mart\u00edn V\u00e1zquez; Ra\u00fal y Torres&#8230; As\u00ed a bote pronto, de los que he visto jugar yo este ser\u00eda un once&#8230; Me dejo muchos como Michel, Kiko, Juanito, Puyol, Butrague\u00f1o, Alfonso, Rub\u00e9n Cano!!! <\/p>\n<p>P.- Buenas Javier, crees que Marcelo es un jugador con suficiente calidad para jugar en el lateral izquierdo del Madrid<\/p>\n<p>R.- S\u00ed. Aunque quiz\u00e1s sea un buen suplente.<\/p>\n<p>P.- Buenos dias.Quisiera saber que pasa con Cabrera,tan malo es que siendo lateral y viendo lo que hay en el Atleti no tiene ni una oportunidad? y en el filial tampoco hay laterales?ah,me olvidaba,lo de Merida es cierto? Muchas gracias<\/p>\n<p>R.- Yo s\u00f3lo le he visto jugar en un partido del Mundial sub 20, ante Brasil. Jug\u00f3 de lateral izquierdo y estuvo correcto. Estar\u00e1 en proceso de adaptaci\u00f3n&#8230; Lo de M\u00e9rida es cierto. Gracias a ti!!!<\/p>\n<p>P.- Vamos a ver si lo he entendido&#8230; entonces yo, socio desde hace 15 a\u00f1os, \u00bfme tengo que creer que Benzem\u00e1 e Higua\u00edn est\u00e1n por delante del capit\u00e1n de mi equipo de toda la vida? Y por qu\u00e9, por favor? porque son m\u00e1s r\u00e1pidos? es que todav\u00eda no he le\u00eddo otra raz\u00f3n que no sea la maldita VELOCIDAD. Pues mire, se\u00f1or Matallanas, la VELOCIDAD del martes se la pueden quedar todos los que la defienden&#8230; menuda paparruchada, lo que ha de correr es el bal\u00f3n!. Yo, repito, socio desde hace 15 a\u00f1os, si Ra\u00fal no juega el 10 de Marzo, ni me molesto en ir al campo y vendo mi abono. Ya est\u00e1 bien de tomar el pelo a la gente, que entiendo que no se vendan peri\u00f3dicos siendo portada el mismo durante 16 a\u00f1os, pero conmigo ya no se juega m\u00e1s. Un saludo.<\/p>\n<p>R.- Ra\u00fal ni calent\u00f3 en Lyon. Eso no es decisi\u00f3n de la prensa, sino del entrenador. Yo creo que a\u00fan jugar\u00e1 minutos, no s\u00e9 si de titular el 10 de marzo. Entiendo su enfado. Un abrazo<\/p>\n<p>P.- Hola Javier, \u00bfPor qu\u00e9 cree que el boxeo no tiene una gran trascendencia en los medios espa\u00f1oles? Creo que hay m\u00e1s aficionados de los que parece. Un saludo<\/p>\n<p>R.- Fue un deporte muy seguido en Espa\u00f1a en la d\u00e9scada de los 60 y los 70 y luego con Poli D\u00edaz. Pero se ha convertido en un deporte maldito. Me consta que sigue habiendo muchos aficionados. Desconozco porque no lo tratan los medios.<\/p>\n<p>P.- Hola javi: No te parece que todos estan deseando que el proyecto de Florentino fracase magnificando las derrotas del madrid? <\/p>\n<p>R.- Siempre que pierde el Madrid se magnifica la derrota, est\u00e9 o no Florentino. Con el Madrid se es exagerado para el elogio y para la cr\u00edticia. No creo que ning\u00fan madridista desee que fracase el proyecto de ning\u00fan presidente de su equipo. Aunque es cierto que suced\u00eda con el anterior presidente y tambi\u00e9n sucede con el actual. Ese guerracivilismo es mal\u00edsimo para el Madrid.<\/p>\n<p>P.- No se si compartir\u00e1s mi apreciaci\u00f3n, pero veo ciertos parelelismos entre el Arsenal y el Madrid. en sus respectivas Ligas, sin ser los mejores, golean con facilidad al hull o al Xerez, por ejemplo. Pero luego llega un equipo minimamente serio y les crujen&#8230;<\/p>\n<p>R.- Se parecen en eso, pero en el modelo de juego y en las causas por las que no aguantan el tir\u00f3n con equipos m\u00e1s potentes no hay similitudes. El Arsenal es un equipo mucho m\u00e1s joven y su juego es de posici\u00f3n y de posesi\u00f3n y el Madrid no tiene un modelo definido en los \u00faltimos a\u00f1os y gana por pegada.<\/p>\n<p>P.- Te crees la formula: Rossell Ag\u00fcero = President ????? Se dice que Rossell acudir\u00e1 a las elecciones del Bar\u00e7a, con el Kun Ag\u00fcero como arma electoral.<\/p>\n<p>R.- Tambi\u00e9n se dice que tiene cerrado el fichaje de Villa. El Atl\u00e9tico solo vende a Ag\u00fcero si le pagan los 60 millones de euros de su clausula.<\/p>\n<p>P.- \u00bfCu\u00e1les de estos jugadores seguir\u00e1n el a\u00f1o que viene? Simao, Reyes, Kun, Forl\u00e1n, Tiago, Ra\u00fal Garc\u00eda, Assun\u00e7ao, Perea, Ujfalusi<\/p>\n<p>R.- De los nueve que nombras, m\u00e1ximo seis. Un saludo.<\/p>\n<p>P.- javier despues de ver el intento de remontada ante el alcorcon que posibilidades tenemos en el madrid ante un equipo de champions. sea sincero por favor<\/p>\n<p>R.- Creo que va a pasar el Madrid. Estoy convencido. Con Cristiano en figura.<\/p>\n<p>P.- hola mata, me encanta verte en los debates defendiendo al glorioso, rodeado de madridistas.. De los posibles fichajes que anunciaste hace poco.. cual ser\u00eda m\u00e1s factible? Dime que ficharemos a Filipe&#8230;!! y a Pedro Le\u00f3n!! jejej, gracias crack<\/p>\n<p>R.- Filipe es una opci\u00f3 que est\u00e1n intentando ahora que est\u00e1 lesionado. Ser\u00eda un gran fichaje. Y Pedro Le\u00f3n se lo est\u00e1n planteando. Yo creo que tambi\u00e9n ser\u00eda un acierot. Gracias a ti!!!<\/p>\n<p>P.- Rendir\u00eda el Kun Ag\u00fcero de extremo izquierda (Henry), en un equipo como el Bar\u00e7a??<\/p>\n<p>R.- A lo mejor, aunque rinde m\u00e1s por el medio. Y en la fase defensiva no ayudar\u00eda demasiado a interiores y laterales.<\/p>\n<p>P.- Hola Javier. \u00bf Se ha hablado en Barcelona sobre la continuidad de Henry o Toure Yaya, continuaran otro a\u00f1o? o ya estan buscando nuevo destino?<\/p>\n<p>R.- Yo creo que los dos dejar\u00e1n el Barcelona.<\/p>\n<p>P.- Seguid dandoles ca\u00f1a asi a los jugadores y no caigais en la monotonia como otros periodicos, de las remontadas y las historias de anta\u00f1o. Mis felicitaciones por hacerles ver la realdiad a los jugadores.<\/p>\n<p>R.- Gracias por seguirnos. Un saludo.<\/p>\n<p>P.- C\u00f3mo ves el debt de Salvio? \u00bfQu\u00e9 esperas de \u00e9l?<\/p>\n<p>R.- Salvio debe ir despacio. Es una apuesta de futuro, lleg\u00f3 fuera de forma porque ven\u00eda de las vacaciones en Argentina y con una pubalgia. Lo suyo es que empiece a adaptarse en este tramo final de temporada.<\/p>\n<p>P.- crees que los equipos espa\u00f1oles llegaran lejos en la europa league?por ejemplo el athletic de caparros<\/p>\n<p>R.- M\u00e1s que creerlo lo deseo. Por el Athletic Club y por todos. Ojal\u00e1 veamos una final espa\u00f1ola.<\/p>\n<p>P.- Nadie se da cuenta de que lo de ser 4\u00ba en liga no es ninguna quiemra? los jugadores hablan de descenso por curarse en salud pero interiormente piensan que es posible la champions? Gracias crack<\/p>\n<p>R.- Imagino que te refieres al Atl\u00e9tico. Si realiza una segunda vuelta como la que hizo con Abel, puede meterse cuarto. Pero lo del descenso no es curarse en salud, deben distanciarse lo m\u00e1s pronto posible de la zona baja. Fuerte abrazo!!!<\/p>\n<p>P.- Hola Mata, acabas de responder que est\u00e1n intentando fichar a filipe Luis. \u00bfEse es el lateral que comentabas la semana pasada que no querias decir? jeje. Un saludo<\/p>\n<p>R.- S\u00ed, me refer\u00eda a el y lo cont\u00e9 en mi columna de la contra de AS del pasado viernes. Vamos que hay que dejarse un eurito en el quiosco adem\u00e1s de estar siempre pendiente de AS.com. Un abrazo Leo!!!<\/p>\n<p>P.- Hola don Javier, desde Colombia, por qu\u00e9 se comenta tanto el juego del Real Madrid, blanco o negro, favoritos a todo o fracaso absoluto solo con un resultado <\/p>\n<p>R.- Han sido exageradas las cr\u00edticas despu\u00e9s de la derrota de Lyon, estoy de acuerdo. Pero siempre sucede con el Real Madrid, siempre. Un abrazo muy fuerte para Colombia!!!<\/p>\n<p>P.- \u00bfPorqu\u00e9 si no est\u00e1 bien&#8230; Kaka sigue jugando? \u00bfPorqu\u00e9 Raul sigue teniendo minutos en ese vestuario, cuando todos vemos que parece un alma en pena, y quizas no est\u00e9 para jugar ni en 2\u00aa regional?<\/p>\n<p>R.- Ra\u00fal juega poco ya. Y lo de Kak\u00e1 es ya preocupante porque est\u00e1 terminando febrero y a\u00fan no ha rendido. Pero le dar\u00e1n margen a\u00fan. Un saludo!<\/p>\n<p>P.- mata leyendo toda la charla he visto que has hecho un 11 historico de espa\u00f1a,te atreves con el madrid?espectacular periodista mata<\/p>\n<p>R.- De los que yo he visto jugar, eh!!! Miguel Angel; Chendo, Hierro, Sanchis, Roberto Carlos; Michel, Redondo, Del Bosque; Juanito, Hugo S\u00e1nchez y Cunningham. As\u00ed a vuela pluma, que me dejo a Zidane, al Buitre, a Santillana, a Ronaldo, a Stielike, a Angel, a Ra\u00fal!!!!!!<\/p>\n<p>P.- buenas javier donde te gustaria que se celebrase la final de copa del rey gracias<\/p>\n<p>R.- buenas javier donde te gustaria que se celebrase la final de copa del rey gracias<\/p>\n<p>P.- Hola Mata, igual llego un poco tarde pero me parece una buena pregunta que poca gente se est\u00e1 haciendo. Es Higua\u00edn el jugador del Real Madrid que m\u00e1s baja su rendimiento fuera de casa de los \u00faltimos&#8230; 20 a\u00f1os? Recuerdo que a Zidane le pasaba algo parecido, pero lo de Higua\u00edn es digno de estudio.<\/p>\n<p>R.- Habr\u00e1 que analizarlo, pero recuerdo goles importantes que ha hecho fuera de casa como en el campo de Osasuna. Ya lo miramos. Un abrazo!!!<\/p>\n","protected":false},"excerpt":{"rendered":"<p>Javier G. Matallanas, adjunto a la direcci\u00f3n de AS, ha charlado con los lectores sobre la actualidad deportiva. <\/p>\n<p>ARCHIVO DE ENTREVISTAS:<br \/>\n11 de febrero &#8211; 04 de febrero &#8211; 28 de enero &#8211; 21 de enero &#8211; 14 de enero &#8211; 07 de enero &#8211; 31 de diciembre &#8211; 24 de diciembre &#8211; 18 de diciembre &#8211; 10 de diciembre &#8211; 3 de diciembre &#8211; 26 de noviembre &#8211; 19 de noviembre &#8211; <\/p>\n","protected":false},"author":1,"featured_media":0,"comment_status":"open","ping_status":"open","sticky":false,"template":"","format":"standard","meta":{"footnotes":""},"categories":[],"tags":[],"class_list":["post-9669","post","type-post","status-publish","format-standard","hentry"],"_links":{"self":[{"href":"https:\/\/intervius.com\/index.html\/wp-json\/wp\/v2\/posts\/9669","targetHints":{"allow":["GET"]}}],"collection":[{"href":"https:\/\/intervius.com\/index.html\/wp-json\/wp\/v2\/posts"}],"about":[{"href":"https:\/\/intervius.com\/index.html\/wp-json\/wp\/v2\/types\/post"}],"author":[{"embeddable":true,"href":"https:\/\/intervius.com\/index.html\/wp-json\/wp\/v2\/users\/1"}],"replies":[{"embeddable":true,"href":"https:\/\/intervius.com\/index.html\/wp-json\/wp\/v2\/comments?post=9669"}],"version-history":[{"count":0,"href":"https:\/\/intervius.com\/index.html\/wp-json\/wp\/v2\/posts\/9669\/revisions"}],"wp:attachment":[{"href":"https:\/\/intervius.com\/index.html\/wp-json\/wp\/v2\/media?parent=9669"}],"wp:term":[{"taxonomy":"category","embeddable":true,"href":"https:\/\/intervius.com\/index.html\/wp-json\/wp\/v2\/categories?post=9669"},{"taxonomy":"post_tag","embeddable":true,"href":"https:\/\/intervius.com\/index.html\/wp-json\/wp\/v2\/tags?post=9669"}],"curies":[{"name":"wp","href":"https:\/\/api.w.org\/{rel}","templated":true}]}}