{"id":9657,"date":"2010-02-18T00:00:00","date_gmt":"2006-11-06T00:00:00","guid":{"rendered":"https:\/\/intervius.com\/index.html\/?p=9657"},"modified":"2006-11-06T00:00:00","modified_gmt":"2006-11-06T00:00:00","slug":"Rafael_Gomez_Montoya9657","status":"publish","type":"post","link":"https:\/\/intervius.com\/index.html\/Rafael_Gomez_Montoya9657\/","title":{"rendered":"Rafael G\u00f3mez Montoya"},"content":{"rendered":"<p>Pregunta.- Buenos Dias Se\u00f1or Alcalde, \u00bfa qu\u00e9 viene esa tasa de basura tan abusiva?<\/p>\n<p>Respuesta.- Estimado Leoncio, lector de El Pa\u00eds, hace ya dos a\u00f1os que este gobierno local elimin\u00f3 la tasa de basura, adem\u00e1s de otras tasas que ayudan a soportar mejor esta situaci\u00f3n de crisis internacional. <\/p>\n<p>P.- \u00bfCu\u00e1l es la fecha concreta de inauguraci\u00f3n del metro a La Fortuna? Llevamos mucho tiempo esperando.<\/p>\n<p>R.- Estimado Pericles, las obras del metro est\u00e1n muy avanzadas, de hecho ya se est\u00e1n acomentiendo los arreglos del Parque Seraf\u00edn D\u00edez Ant\u00f3n. No te puedo decir la fecha exacta pero parece que a final de este a\u00f1o las obras estar\u00e1n completamente terminadas; por cierto, sabr\u00e1s que estas obras han sido financiadas por fondos de la Uni\u00f3n Europea y del Gobierno de Espa\u00f1a, adem\u00e1s de la Comunidad de Madrid. <\/p>\n<p>P.- \u00bfQu\u00e9 problemas considera usted que son los m\u00e1s importantes ahora mismo en Legan\u00e9s? <\/p>\n<p>R.- Estimada N\u00faria, el principal problema de nuestra ciudad es el desempleo, y en esa tarea estoy y estamos desde el equipo de gobierno trabajando a diario para paliarlo en la medida de nuestras posibilidades. Como sabr\u00e1s, gracias a los fondos del Plan Zapatero, invertiremos 20 millones de euros en m\u00e1s de 30 proyectos de mejora de la ciudad, que nos supondr\u00e1n unos 800 nuevos puestos de trabajo directos. Por otro lado, desde el Ayuntamiento invertiremos unos 12 millones de euros en el Plan Estrena Legan\u00e9s, que seguir\u00e1 poniendo guapa la ciudad y que generar\u00e1 unos 300 nuevos puestos de trabajo. Otras inversiones ayudar\u00e1n pero seguimos siendo activos comerciales para traer todo el empleo posible a la ciudad. <\/p>\n<p>P.- \u00bfPara cuando un nuevo sorteo del Emsule para vivendas protegidas? Con el \u00faltimo sorteo de menos de 1000 viviendas, dificil veo que pueda irme de casa antes de los 40<\/p>\n<p>R.- Estimado Jos\u00e9, efectivamente han sido 1036 nuevas viviendas las que se han sorteado para otros tantos vecinos y vecinas. Como sabr\u00e1s, estas viviendas se construyen gracias a la iniciativa del ayuntamiento; sin duda, si la Comunidad de Madrid echara una mano, podr\u00edan ser m\u00e1s las viviendas que se construyeran en la ciudad. Adem\u00e1s, vamos a firmar de manera inmediata con el Ministerio de la vivienda para iniciar la construcci\u00f3n de 2000 nuevas viviendas de alquiler para j\u00f3venes y mayores. <\/p>\n<p>P.- Buenos d\u00edas: Me gustar\u00eda saber si ya ha contestado la Comunidad de Madrid sobre la rehabilitaci\u00f3n del Barrio de San Nicasio y que podemos hacer los vecinos para apoyar la petici\u00f3n del Ayuntamiento. Gracias y sigue as\u00ed<\/p>\n<p>R.- Estimado Juan de San Nicasio, la Comunidad todav\u00eda no ha contestado. He solicitado recientemente una cita con la Consejera de Urbanismo de la CAM, Ana Isabel Mari\u00f1o, para poder tener una contestaci\u00f3n clara. Debo decirte que, una vez que los vecinos y vecinas han dicho que s\u00ed al proyecto, la comunidad de madrid no puede ni debe paralizar este proyecto. En cualquier caso, estareis informados de primera mano del desenlace, aunque deseo que la Comunidad lo autorice cuanto antes. no tengas duda que os pediremos ayuda si fuera menester. <\/p>\n<p>P.- He o\u00eddo que usted se reune con los vecinos para escuchar sus demandas y sugerencias, \u00bflas aplica en sus proyectos o es una actuaci\u00f3n de cara a la galer\u00eda? Gracias.<\/p>\n<p>R.- Estimado Antonio Mej\u00edas, me re\u00fano con habitualidad con vecinos y vecinas y les convoco con regularidad en actos que hemos denominado &#8220;El Alcalde en tu barrio&#8221; con el fin de captar de primera mano sus sugerencias y opiniones. Tal y como puedes comprobar en la web de legacom, los encuentros son absolutamente transparentes y cada vecino pregunta y opina como cree oportuno. Por supuesto, sus opiniones las aplico en los proyectos y entre todos mejoramos la ciudad.<\/p>\n<p>P.- \u00bfC\u00f3mo ha mejorado la Universidad al municipio?<\/p>\n<p>R.- estimada dafne86, la universidad ha sido el hito que nos ha consolidado como gran ciudad. No s\u00f3lo hablo de la parcela del conocimiento que aporta la universidad carlos III, sino del polo de atracci\u00f3n cient\u00edfico, tecnol\u00f3gico e industrial. Gracias a la universidad somos un municipio que aporta nuevos proyectos de i+d al conjunto de la comunidad de madrid y del Estado. Sabr\u00e1s que recientemente la universidad ha sido elegida como c\u00e1mpus de excelencia europea. Sin duda, nuestra universidad, la Carlos III, es la mejor universidad p\u00fablica de la CAM.<\/p>\n<p>P.- \u00bfPara cuando una calle a Extremoduro? Sin duda es uno de los grandes grupos de rock del pa\u00eds y quiz\u00e1s ya merezcan ese reconocimientos en el municipio de Legan\u00e9s.<\/p>\n<p>R.- Estimado Triscas, a m\u00ed tambi\u00e9n me gusta Extremoduro, por lo que te insto a que me hagas una solicitud formal para poner la calle. <\/p>\n<p>P.- \u00bfNos puede decir cu\u00e1l es su sueldo? \u00bflo considera justo para las tareas que realiza?<\/p>\n<p>R.- Estimado o estimada NML, mi salario, como el de todos los concejales y concejalas, es p\u00fablico. Son 77.000 euros al a\u00f1o y lo considero justo. <\/p>\n<p>P.- Buenos d\u00edas, soy vecino de Arroyoculebro. \u00bfPara cuando el centro de salud del barrio? un saludo<\/p>\n<p>R.- Estimado javier mg, el centro de salud del barrio debe estar constru\u00eddo, seg\u00fan palabras de la presidenta de la comunidad, antes de acabar esta legislatura. Como sabes esta responsabilidad es exclusiva de la CAM. Nosotros, el ayuntamiento, cedimos el suelo hace ya m\u00e1s de 5 a\u00f1os. <\/p>\n<p>P.- \u00bfC\u00f3mo es posible que se haya puesto una piedra para un centro cultural (Andalucia) y sigamos esperando a ver la segunda?<\/p>\n<p>R.- Estimado o estimada Lacide, la obra ya est\u00e1 adjudicada y estamos pendientes de la firma del contrato para iniciar la obra, que espero sea muy pronto. Pedir disculpas por el retraso.<\/p>\n<p>P.- \u00bfRealiz\u00f3 usted la ense\u00f1anza media en Legan\u00e9s?<\/p>\n<p>R.- Estimada Sagrario, estudi\u00e9 EGB en el CP Severo Ochoa y el bachillerato en el IB Mar\u00eda Zambrano. <\/p>\n<p>P.- La \u00fanica forma de conseguir que la mayor\u00eda de la gente utilice la bicicleta como medio de transporte preferente es proporcionar carriles bici que nos permiten llegar a los sitios importantes de la ciudad y esto no se hace. \u00bfPor qu\u00e9 no se apuesta decididamente por la bicicleta como medio de transporte preferente en nuestra ciudad?<\/p>\n<p>R.- Estimado \u00d3scar Barquero P\u00e9rez, efectivamente la bici tiene que ser un medio de transporte y dejar de ser exclusivamente un elemento para el ocio. En ese empe\u00f1o estamos, como sabes. Ya son m\u00e1s de 10.000 los usuarios de ENBICI e iniciamos las obras del eje norte-sur de Legan\u00e9s a trav\u00e9s de un nuevo carril bici, que s\u00ed conectara los lugares de inter\u00e9s de la ciudad. Nuestra apuesta es incuestionable y te agradezco tus aportaciones para seguir haciendo de LGNS un referente en cuanto al uso de la bici se refiere. <\/p>\n<p>P.- \u00bfCuando se abrir\u00e1n colegios en la nueva zona de Solagua? Soy vecina y veo que cada vez hay mas gente en este barrio, pero estamos totalmente a trasmano en este tema.\u00bfTeneis el proyecto en mente?<\/p>\n<p>R.- Estimada Mariana10, en Solagua ya se ha cedido el suelo para que la Comunidad de Madrid construya el colegio, es su competencia y su responsabilidad. Hace ya dos a\u00f1os que la Consejer\u00eda de Educaci\u00f3n tiene nuestra solicitud y espero poder cerrar con ello en breve una fecha para el inicio de su construcci\u00f3n.<\/p>\n<p>P.- \u00bfCree que debe haber primarias en el PSM para elegir al candidato? <\/p>\n<p>R.- Estimado Alejandro, en estos momentos lo m\u00e1s importante es remar junto al Presidente del Gobierno para salir cuanto antes de esta situaci\u00f3n de crisis internacional. <\/p>\n<p>P.- \u00bfPor qu\u00e9 el coche oficial que utiliza es m\u00e1s caro que el del Rey?<\/p>\n<p>R.- Estimada Mar\u00eda, no s\u00e9 cuanto cuesta el coche de SM El Rey, pero puedo decirte que el veh\u00edculo de la alcald\u00eda de LGNS es m\u00e1s barato que el del Alcalde de Alcal\u00e1 o 6 veces m\u00e1s barato que el del alcalde de Madrid.<\/p>\n<p>P.- Siendo una poblaci\u00f3n tan grande, no entiendo como no hay buhos directamente hasta la Castellana, volver a Legan\u00e9s por la noche es un infierno a no ser que pagues 30 euros de taxi. \u00bfNo han pensado en aumentarlos?<\/p>\n<p>R.- Estimado o estimada Kox, es cierto que tenemos un problema en los transportes de la ciudad, que como sabes, gestiona directamente el consorcio regional de transporte de la CAM. hemos redactado un Plan de Movilidad urbana sostenible, que ahora mismo est\u00e1 en fase de estudio por parte de las entidades ciudadanas, que nos dice, entre otras cosas, que hacen falta dos l\u00edneas urbanas. Sin duda, por la noche, har\u00e1 falta reforzar el transporte hacia la ciudad y me interesar\u00e9 para que nuestro plan lo recoga. Gracias por la sugerencia. <\/p>\n<p>P.- \u00bfSe ve como posible sustituto de Tom\u00e1s G\u00f3mez, si \u00e9ste se estrella en las elecciones?<\/p>\n<p>R.- Estimado Olmo, no me veo sustituyendo a nadie ya que estoy muy satisfecho con el puesto que estoy desempe\u00f1ando en este momento. Trabajar por tu ciudad es algo apasionante que me llena de orgullo y responsabilidad. <\/p>\n<p>P.- Hola se\u00f1or alcalde. Soy un j\u00f3ven vecino de Legan\u00e9s. \u00bfNo cree que el maestro Manuel Rodr\u00edguez Sales, fundador y alma de nuestra escuela de m\u00fasica tristemente fallecido, se merece algo m\u00e1s que ponerle su nombre al patio trasero de la Escuela como han hecho ustedes?<\/p>\n<p>R.- Estimado Pablo, Manuel Rodr\u00edguez Sales ha sido un personaje muy importante e influyente en la ciudad, de hecho, se le otorg\u00f3 la medalla de oro de la ciudad. Gracias a \u00e9l tenemos una escuela de m\u00fasica referente en nuestra comunidad y varias generaciones de leganenses han crecido musicalmente gracias a sus ense\u00f1anzas. Sin duda, Manuel Rodr\u00edguez Sales es patrimonio de todos y toda la ciudad. <\/p>\n<p>P.- Quiero preguntar que se puede hacer desde el Ayuntamiento para evitar los atascos que se forman en las rotondas de la M40 para salir de Legan\u00e9s, como por ejemplo la de La Fortuna hacia Cuatro Vientos Gracias<\/p>\n<p>R.- Estimado Fortunero, la M40 es una autov\u00eda del Estado, como sabes. Sin duda, las horas punta son complicadas en cualquier carretera estatal, regional o local. Con respecto del enlace entre cuatro vientos y la M40, gracias a una iniciativa del ayuntamiento, hemos conseguido que el Ministerio de Fomento presupueste su arreglo, empezando por la redacci\u00f3n del proyecto, ante la inhibici\u00f3n del Ayuntamiento de Madrid y la Comunidad de Madrid. Como sabes tambi\u00e9n, esta carretera est\u00e1 \u00edntegramente en t\u00e9rmino municipal de madrid ciudad. <\/p>\n<p>P.- Buenas, soy vecino de Legan\u00e9s, concretamente del Barrio de la Fortuna, y mi voto fue para usted. Me gustar\u00eda saber que planes tiene para la Fortuna, cuando van a reabilitar el maravilloso parque abandonado, llevo de escombros, olvidado&#8230; \u00bfy para cuando un colegio m\u00e1s? No se peuden construir pisos y pisos, y no crecer en infraestrcutura&#8230;. Muchas gracias.<\/p>\n<p>R.- Estimado Fernando, gracias por su voto y su confianza. Si se refiere al Parque Seraf\u00edn D\u00edez Ant\u00f3n, se arreglar\u00e1 en breve, coincidiendo con la terminaci\u00f3n de las obras del metro. si se refiere al Parque lineal del butarque, sabr\u00e1 que en este momento se est\u00e1n terminando las obras financiadas por la Confederaci\u00f3n Hidrog\u00e1fica del Tajo de una pasarela de conexi\u00f3n entre el barrio y el parque y nuevas zonas deportivas en el propio parque. El colegio est\u00e1 solicitado a la CAM, aunque creeemos que debe construirse un nuevo instituto y el actual dedicarlo a colegio de infantil y primaria. La CAM sigue sin responder pero puedo decirte que con presupuesto municipal, vamos a constuir una nueva escuela infantil. El barrio, gracias al Plan Urban, conseguido hace dos a\u00f1os, va a convertirse en una referencia important\u00edsima para la ciudad y su entorno. El nuevo recinto ferial, dos escuelas infantiles, dos colegios, un instituto, dos instalaciones deportivas de primer orden, un nuevo centro de mayores &#8230;.. Nuestra apuesta, mi apuesta por la fortuna, es indudable. <\/p>\n<p>P.- \u00bfQu\u00e9 va a pasar con las oposiciones de auxiliar administrativo de Legan\u00e9s? \u00bfes consciente de la situaci\u00f3n en que estamos los opositores?<\/p>\n<p>R.- Estimada Amparo, m\u00e1s all\u00e1 del ruido medi\u00e1tico del PP local, las oposiciones de este ayuntamiento son transparentes, siguiendo el modelo concursal de la CAM. El ayuntamiento hace un esfuerzo en sacar ofertas de empleo p\u00fablico lo m\u00e1s numerosas posibles para poder llegar a un mayor n\u00famero de vecinos y vecinas. <\/p>\n<p>P.- \u00bfPor qu\u00e9 no colabora la Comunidad de Madrid en su proyecto de reformar todos los colegios antiguos (los de tejado azul? y a la vez hacer aparcamientos?<\/p>\n<p>R.- Esa misma pregunta le hice a la Consejera Figar hace dos a\u00f1os pero la comunidad decidi\u00f3 no apoyarlo. Como sabr\u00e1s Alberto, invertimos 1 mill\u00f3n de euros en mantenimiento de todos nuestros colegios, adem\u00e1s de reformar sus instalaciones. Ser\u00eda deseable una mayor implicaci\u00f3n de la CAM en la ense\u00f1anza p\u00fablica. <\/p>\n<p>P.- \u00bfQu\u00e9 le parece que Esperanza Aguirre no quiera recibir a los Alcaldes del Sur tan solo porque los vecinos de esas ciudades hayan escogido otras opciones pol\u00edticas que no son el partido popular? \u00bfLe parece democr\u00e1ticamente aceptable esta actitud?<\/p>\n<p>R.- Estimada Almudena, me parece mal que el criterio de lealtad institucional, criterio que practico a diario, no sea el que la presidenta utilice para el desempe\u00f1o de su funci\u00f3n. Efectivamente, la democracia permite que gobiernen unos u otros partidos. Me parece mal que la presidenta de todos haga partidismo en el ejercicio de su cargo. Estoy redactando una carta personal para comunicarle mi opini\u00f3n pero la presidenta no debe frivolizar con los intereses, deseos y necesidades de m\u00e1s de 1 mill\u00f3n de vecinos y vecinas. <\/p>\n<p>P.- Para m\u00ed uno de los principales problemas de Legan\u00e9s es el menudeo de drogas, sobre todo hach\u00eds. Nuestra ciudad se ha convertido en el hipermercado nacional de venta de este estupefaciente. Todo el mundo sabe donde se vende pero parece ser que nadie hace nada. \u00bfSabr\u00eda corregirme?<\/p>\n<p>R.- Estimado Fernando, no s\u00f3lo puedo corregirte sino que te puedo afirmar que tu consideraci\u00f3n no es cierta. Con la ayuda de la Polic\u00eda Nacional y de la CAM (protecci\u00f3n ciudadana) nuestra polic\u00eda local ha cerrado m\u00e1s de 11 locales en 2009 y uno m\u00e1s muy recientemente. Afirmar tan categoricamente que nos hemos convertido en un hipermercado nacional de venta de estupefacientes no solo es incierto sino injusto para los vecinos y vecinas y para la imagen de LGNS. <\/p>\n<p>P.- \u00bf No cree que sin en vez de pelearse con la presidenta de la comunidad de Madrid, remara usted a su lado, las cosas nos irian mejor a los Leganenses?<\/p>\n<p>R.- Estimado Tambi\u00e9n de Legan\u00e9s, estar\u00e9 encantado de remar junto a la Presidenta por los intereses de LGNS y de sus vecinos y vecinas. Pero, a d\u00eda de hoy, parece imposible. Debo decirte que no dejar\u00e9 de intentarlo, a pesar de haber solicitado en tres ocasiones una reuni\u00f3n con ella y obtener la callada por respuesta. Ahora bi\u00e9n, ser\u00e9 inflexible en luchar por el centro de salud de arroyo culebro, el nuevo colegio en arroyo culebro, el colegio en Solagua, Vereda, las nuevas instalaciones deportivas de Butarque y tantas otras infraestructuras que el gobierno de la CAM tiene paralizados. Tambi\u00e9n por la correcta aplicaci\u00f3n de la Ley de Dependencia en la ciudad, donde m\u00e1s de 4500 dependientes est\u00e1n sin percibir ninguna atenci\u00f3n.<\/p>\n<p>P.- Faltan 15 meses para las elecciones, es decir, ha transcurrido m\u00e1s de la mitad de su legislatura. De 0 a 10 c\u00f3mo valorar\u00eda su gesti\u00f3n hasta ahora.<\/p>\n<p>R.- Estimado neptuno28, buenos d\u00edas de nuevo, sin duda la gesti\u00f3n ha sido muy intensa y hemos conseguido invertir, hasta la fecha, m\u00e1s 70 millones de euros en la ciudad, adem\u00e1s de la gesti\u00f3n de un presupuesto muy elevado. Nuestros compromisos electorales, que son programa de gobierno, est\u00e1n cumplidos en un 85% y aquellos que est\u00e1n pendientes dependen de otras administraciones, como la CAM. En cualquier caso, adem\u00e1s de mi satisfacci\u00f3n por como van las cosas, lo importante es saber lo que opinan los vecinos y vecinas. Por cierto, \u00bfQu\u00e9 opinas t\u00fa?<\/p>\n<p>P.- \u00bfEs verdad eso que dicen por ah\u00ed que los de la Comunidad nos va a construir un hotel para indigentes? No me considero insolidario, pero no quiero que mi barrio se llene de esas personas y creo que con esas medidas no se hace nada para sacarlos de su situaci\u00f3n. \u00bfQue opina Ud.?<\/p>\n<p>R.- Estimado Elviro, no conoc\u00eda esos rumores pero puedo garantizarte que no se va a construir un albergue en Legan\u00e9s. Como sabes, yo tampoco soy insolidario, todo lo contrario, pero construir albergues y otras instalaciones similares significa perpetuar la pobreza y yo soy partidario del trabajo social, no de la beneficencia. Cualquier persona que quiera salir de una situaci\u00f3n complicada personal, tiene acceso a la red de servicios sociales y sus magn\u00edficos profesionales. Puedo decirte que son muchos y muchas los que han salido adelante gracias a esta ayuda. Lo que no se puede consentir ni dejar de denunciar es el nepotismo de la oposici\u00f3n municipal, PP e independiente, que han utilizado la desgraciada muerte de dos personas para hacer partidismo y electoralismo. Esto \u00faltimo, lo saben los vecinos y vecinas de LGNS. <\/p>\n<p>P.- \u00bfPor qu\u00e9 en tiempos de crisis no reducen la cantidad de asesores, cerca de sesenta, que tiene el ayuntamiento cuando sus funciones podr\u00edan ser cubiertas por los t\u00e9cnicos municipales? No cree que es un gasto excesivo y un desgaste en la imagen en los partidos de la izquierda<\/p>\n<p>R.- Estimado oscar, en la actualidad son 45 los asesores que tenemos en el ayuntamiento, contando con los que tienen los dos grupos de la oposici\u00f3n. Hemos reducido en dos ocasiones su n\u00famero y todos los cargos p\u00fablicos y designados tienen congelado su salario desde 2007. Tambi\u00e9n ser\u00eda bueno preguntarnos si hacen falta los m\u00e1s de 1000 cargos en la comunidad de madrid o los 600 del Ayuntamiento de Madrid &#8230;. <\/p>\n","protected":false},"excerpt":{"rendered":"<p>El siguiente alcalde en responder a las preguntas de los lectores es Rafael G\u00f3mez Montoya (PSOE), regidor de Legan\u00e9s. Este municipio cuenta con un campus universitario y m\u00e1s de 189.424 habitantes, lo que lo convierte en el quinto m\u00e1s grande de la regi\u00f3n. Aunque tambi\u00e9n habr\u00e1 muchos que conozcan Legan\u00e9s por la plaza de toros cubierta, en la que se celebran numerosos conciertos, y por haber dado nombres de bandas de rock a algunas calles, lo que la convierte en la capital de rock del sur. G\u00f3mez Montoya ha respondido a las preguntas de los internautas.<br \/>\nFOTO: ALBERTO FERRERAS<br \/>\nEncuentros anteriores:<br \/>\nEntrevista con Esteban Parro (M\u00f3stoles) <\/p>\n","protected":false},"author":1,"featured_media":0,"comment_status":"open","ping_status":"open","sticky":false,"template":"","format":"standard","meta":{"footnotes":""},"categories":[],"tags":[],"class_list":["post-9657","post","type-post","status-publish","format-standard","hentry"],"_links":{"self":[{"href":"https:\/\/intervius.com\/index.html\/wp-json\/wp\/v2\/posts\/9657","targetHints":{"allow":["GET"]}}],"collection":[{"href":"https:\/\/intervius.com\/index.html\/wp-json\/wp\/v2\/posts"}],"about":[{"href":"https:\/\/intervius.com\/index.html\/wp-json\/wp\/v2\/types\/post"}],"author":[{"embeddable":true,"href":"https:\/\/intervius.com\/index.html\/wp-json\/wp\/v2\/users\/1"}],"replies":[{"embeddable":true,"href":"https:\/\/intervius.com\/index.html\/wp-json\/wp\/v2\/comments?post=9657"}],"version-history":[{"count":0,"href":"https:\/\/intervius.com\/index.html\/wp-json\/wp\/v2\/posts\/9657\/revisions"}],"wp:attachment":[{"href":"https:\/\/intervius.com\/index.html\/wp-json\/wp\/v2\/media?parent=9657"}],"wp:term":[{"taxonomy":"category","embeddable":true,"href":"https:\/\/intervius.com\/index.html\/wp-json\/wp\/v2\/categories?post=9657"},{"taxonomy":"post_tag","embeddable":true,"href":"https:\/\/intervius.com\/index.html\/wp-json\/wp\/v2\/tags?post=9657"}],"curies":[{"name":"wp","href":"https:\/\/api.w.org\/{rel}","templated":true}]}}