{"id":9645,"date":"2010-02-15T00:00:00","date_gmt":"2006-11-06T00:00:00","guid":{"rendered":"https:\/\/intervius.com\/index.html\/?p=9645"},"modified":"2006-11-06T00:00:00","modified_gmt":"2006-11-06T00:00:00","slug":"Manu_Carreno9645","status":"publish","type":"post","link":"https:\/\/intervius.com\/index.html\/Manu_Carreno9645\/","title":{"rendered":"Manu Carre\u00f1o"},"content":{"rendered":"<p>Pregunta.- Se sabe quienes seran los que retrasmitiran el mudial de sud-Africa?<\/p>\n<p>Respuesta.- Pues mientras a mi me digan que lo vamos a dar en cuatro, os dir\u00e9 que lo vamos a dar en cuatro&#8230; en ello estamos trabajando porque as\u00ed nos lo han encargado&#8230; <\/p>\n<p>P.- Hola Manu! Es la segunda vez que te mando estas preguntas haber si me las contestas!!!!!!!!!!!!!Primero decir que me encantais todos los de Deportes cuatro pero sobre todo tu y Juanma.Aver mis preguntas son: 1\u00bfCrees que el Valencia se va a relajar como siempre o va a seguir ah\u00ec en zona Champions? 2\u00bfQue equipo quieres contra Espa\u00f1a en la final del Mundial? 3\u00bfSi sique bien el Valencia y para el a\u00f1o que viene se mete en Champions venderan alguna de las estrellas Silva,Villa o Mata? 4\u00bfSi venden a Villa donde crees que estara mejor en el Bar\u00e7a o en el Madrid? Bueno&#8230;.pues creo que no me queda nada mas que preguntar.A bueno que yo creo que POOODEEEEEMOOOOS!!!!!!!!!!!!!!!!!!!!<\/p>\n<p>R.- gracias, me alegro de que disfrutes con nuestros deportes&#8230; En la final del mundial me gustar\u00eda Brasil&#8230; Y en cuanto a Villa, le veo igual de bien en el Bar\u00e7a que en el Madrid, y le veo bien en el Chelsea, y en el Manchester, y en el Inter, y en el Liverpool&#8230;etc, etc, etc&#8230; Y en el Valencia, of course<\/p>\n<p>P.- manu usted cree ke elmadrid va a ganar la liga en el bernabeu ganaadole al barsa?\u00bfese granada cf a segundaa<\/p>\n<p>R.- Pues no lo s\u00e9&#8230; A d\u00eda de hoy sigo apostando por el Bar\u00e7a, pero es verdad que hay liga, y que ojal\u00e1 est\u00e9 emocionante hasta el \u00faltimo minuto del \u00faltimo partido&#8230; Lo del Bernab\u00e9u es impredecible&#8230; Os acord\u00e1is de lo del a\u00f1o pasado, no?&#8230;<\/p>\n<p>P.- Pluriempleado en Cuatro \u00bfno? Director de deportes, presentador de informativos y presentador de deportes \u00bfQu\u00e9 te falta por hacer en un informativo?<\/p>\n<p>R.- Me falta seguir aprendiendo y mejorando muchas cosas&#8230; El &#8220;traje&#8221; de deportes apenas noto que lo llevo puesto, y el de informativos me aprieta un poco m\u00e1s, pero supongo que es cuesti\u00f3n de tiempo&#8230; En cualquier caso, en principio es hasta el Mundial&#8230; <\/p>\n<p>P.- HOLA MANU! ERES EL MEJOR HEE! LA PREGUNTA:\u00bf QUE PREFERIRIAS ALBITRAR UN REAL MADRID- BARCELONA O JUGAR DE TITULAR EN UN VILLAREAL -SPORTING ?AA Y ESPERO VEROS EN EL MUNDIAL MUCHA SUERTEE !!!<\/p>\n<p>R.- Sin duda ser titular en un Villarreal-Sporting&#8230; Lo de ser \u00e1rbitro no va conmigo&#8230; <\/p>\n<p>P.- \u00bfte sientes el hombre con mas informaci\u00f3n de Espa\u00f1a? Lo digo como presentas las noticias y los deportes (sin corbata) jaja Sois los mejores!!<\/p>\n<p>R.- Pues no, no me siento uno de los hombres con m\u00e1s informaci\u00f3n de Espa\u00f1a, una cosa es tener informaci\u00f3n y otra transmitirla&#8230; Adem\u00e1s, el de la corbata no soy yo&#8230;, jeje<\/p>\n<p>P.- \u00bfQuien crees q va a ir al mundial como tercer portero y como tercer delantero? Gracias y !forza depor!<\/p>\n<p>R.- Yo creo que tercer portero va a ser Palop, sin perder de vista a Vald\u00e9s, aunque creo que ser\u00e1 Palop&#8230; Y como tercer delantero ser\u00e1 G\u00fciza, y como cuarto&#8230; Negredo o Fernando Llorente&#8230; Yo creo que va a llevar cuatro<\/p>\n<p>P.- Hola Manu, que opinas de que casi no se ha hablado del gol anulado a canales en el Bernabeu, como de mas acciones, pero sin embargo todo lo que le ocurre al Barcelona se multiplica en los medios. \u00bfCrees que hay campa\u00f1a anti Barcelona? Se honesto por favor.<\/p>\n<p>R.- Te soy honesto, como lo soy siempre&#8230;(bueno, casi siempre)&#8230; Creo que no hay campa\u00f1a anti Bar\u00e7a, de verdad&#8230; Y desde luego en cuatro, aunque a veces nos acusaron de madridistas, ahora estos nos dicen que somos barcelonistas&#8230; Pero lo que demuestra esto es que en cuatro no vamos con nadie ni contra nadie, se enfade el que se enfade&#8230; <\/p>\n<p>P.- hola manu, soy fiel seguidor de noticias cuatro y en muchas ocasiones he notado que al referirte a la copa mundial de la fifa (trofeo) le llamas copa julet rimet. yo tengo entendido que la copa julet rimet se dejo de entregar tras haberla conquistado por tercera vez el equipazo de brasil. \u00bfpuedes aclararlo?&#8230;gracias<\/p>\n<p>R.- Pues tienes raz\u00f3n, fue el premio que se entreg\u00f3 originalmente a los equipos que ganaban la copa del mundo de f\u00fatbol, y a veces nos seguimos refiriendo a ella con ese nombre, pero creo que a partir del Mundial de Alemania 74, ya no se denomina as\u00ed&#8230; Tienes raz\u00f3n, ya no se llama as\u00ed, aunque a veces nos refiramos a ella con su nombre original <\/p>\n<p>P.- te dejarias el pelo largo si espa\u00f1a gana el mundial 2010<\/p>\n<p>R.- Cuando Espa\u00f1a gane el Mundial de f\u00fatbol, que ser\u00e1 el pr\u00f3ximo 11 de julio en Johannesburgo ante Brasil, lo celebraremos con los jugadores y con todos los espa\u00f1oles que lo vean por la tele&#8230; Lo del pelo, la verdad es que no lo he pensado, por? Eres peluquero?, jeje<\/p>\n<p>P.- \u00bfcrees que las &#8220;botas amarillas &#8221; les serviran de algo a CR9? \u00bfY crees que Benzema era necesario para el Real Madrid?<\/p>\n<p>R.- A CR9 le valen las botas amarillas, desde luego&#8230; Bueno, y las azules&#8230; y las negras, y las naranjas&#8230; y las que le de la gana&#8230; A pesar de haber estado dos meses lesionado y dos semanas sancionado, esta temporada lleva 17 goles en 17 partidos&#8230; Lo de las botas puede ser mitad superstici\u00f3n y mitad marketing&#8230; pero el que es bueno, es bueno&#8230; Y Benzema me parece un buen jugador, y creo que ir\u00e1 a m\u00e1s con los a\u00f1os&#8230; Otra cosa es si me preguntas si hubiera fichado el verano pasado a Benzema o a Villa; en ese caso, me hubiera decantadao por el guaje <\/p>\n<p>P.- hola manu \u00a1\u00a1\u00a1\u00a1 me gustaria saber : \u00bf como te sientes en tu nueva faceta como presentador del telediario ? \u00bf que te gusta mas, presentar los deportes con lama o los informativos sin lama ?<\/p>\n<p>R.- Pues me siento m\u00e1s c\u00f3modo en los deportes que es lo que he hecho la mayor parte de mi vida&#8230; pero tal vez presentar el informativo con Lama tendr\u00eda su punto&#8230;jeje<\/p>\n<p>P.- \u00bfCual ha sido el partido de futbol que mas te ha gustado del Real Madrid en el siglo XXI?<\/p>\n<p>R.- Joder, no recuerdo el mejor partido del Real Madrid en lo que llevamos de siglo, pero s\u00ed desde luego recuerdo el m\u00e1s importante: el de la final de la Champions temporada 2001\/02&#8230; el de la novena copa de europa, con aquel golazo de Zidane en Glasgow&#8230;<\/p>\n<p>P.- \u00bfSabea si Luis Aragones a echo ya el \u00a8Camino de Santiago\u00a8 como prometio si ganabamos la Eurocopa?<\/p>\n<p>R.- Pues no tengo noticias&#8230; Desde aqu\u00ed un abrazo fuerte a Luis Aragon\u00e9s, que nos hizo campeones de Europa&#8230; <\/p>\n<p>P.- que opinas de raul gonzalez?desde zamora..<\/p>\n<p>R.- Opino que es un profesional intachable, que est\u00e1 llegando al final de su carrera, que a pesar de eso ha sido apartado del equipo de forma un poco forzada porque hab\u00eda empezado muy bien y de pronto desapareci\u00f3, y que es muy inteligente y acabar\u00e1 de entrenador para seguir en el f\u00fatbol, que es su vida&#8230; y luego ser\u00e1 lo que quiera ser en el Madrid&#8230; <\/p>\n<p>P.- sue\u00f1as con narrar en cuatro un partido de champions<\/p>\n<p>R.- Ser\u00eda muy bonito que pudi\u00e9semos tener la champions en cuatro, y desde luego que me gustar\u00eda narrar esos partidos, a qui\u00e9n no&#8230;<\/p>\n<p>P.- \u00bfCrees que Canales puede ser el futuro Guti?<\/p>\n<p>R.- Pues ojal\u00e1 no sea el futuro Guti&#8230; No creo que Canales quiera ser como Guti&#8230; Seguro que preferir\u00e1 ser m\u00e1s constante en su carrera, ser un titular indiscutible en el Madrid y en la selecci\u00f3n, cosa que Guti no ha hecho, aunque su calidad es propia de un superclase&#8230;<\/p>\n<p>P.- \u00bfQu\u00e9 9 pondrias en el real madrid. Drogba, Rooney, Villa o dejar\u00edas a Benzema?<\/p>\n<p>R.- Ahora mismo, ahora mismo&#8230;pondr\u00eda a Drogba, me encanta ese delantero&#8230; Y despu\u00e9s a Rooney o a Villa&#8230; Benzema tambi\u00e9n es bueno y tiene clase para jugar en el Madrid, pero entres esos cuatro, para mi es el cuarto<\/p>\n<p>P.- \u00bfQue piensas de la palabra villarato?<\/p>\n<p>R.- Una buena palabra para vender peri\u00f3dicos, que al fin y al cabo es de lo que se trata, y est\u00e1 muy bien tirada para crear debate&#8230; Otra cosa es que me crea que hay &#8220;villarato&#8221;, que para mi no existe&#8230;<\/p>\n","protected":false},"excerpt":{"rendered":"<p>Pregunta.- Se sabe quienes seran los que retrasmitiran el mudial de sud-Africa? Respuesta.- Pues mientras a mi me digan que lo vamos a dar en cuatro, os dir\u00e9 que lo vamos a dar en cuatro&#8230;<span class=\"theme-excerpt-more\"> [&#8230;] <a href=\"https:\/\/intervius.com\/index.html\/Manu_Carreno9645\/\" title=\"Manu Carre\u00f1o\">Read More<\/a><\/span><\/p>\n","protected":false},"author":1,"featured_media":0,"comment_status":"open","ping_status":"open","sticky":false,"template":"","format":"standard","meta":{"footnotes":""},"categories":[],"tags":[],"class_list":["post-9645","post","type-post","status-publish","format-standard","hentry"],"_links":{"self":[{"href":"https:\/\/intervius.com\/index.html\/wp-json\/wp\/v2\/posts\/9645","targetHints":{"allow":["GET"]}}],"collection":[{"href":"https:\/\/intervius.com\/index.html\/wp-json\/wp\/v2\/posts"}],"about":[{"href":"https:\/\/intervius.com\/index.html\/wp-json\/wp\/v2\/types\/post"}],"author":[{"embeddable":true,"href":"https:\/\/intervius.com\/index.html\/wp-json\/wp\/v2\/users\/1"}],"replies":[{"embeddable":true,"href":"https:\/\/intervius.com\/index.html\/wp-json\/wp\/v2\/comments?post=9645"}],"version-history":[{"count":0,"href":"https:\/\/intervius.com\/index.html\/wp-json\/wp\/v2\/posts\/9645\/revisions"}],"wp:attachment":[{"href":"https:\/\/intervius.com\/index.html\/wp-json\/wp\/v2\/media?parent=9645"}],"wp:term":[{"taxonomy":"category","embeddable":true,"href":"https:\/\/intervius.com\/index.html\/wp-json\/wp\/v2\/categories?post=9645"},{"taxonomy":"post_tag","embeddable":true,"href":"https:\/\/intervius.com\/index.html\/wp-json\/wp\/v2\/tags?post=9645"}],"curies":[{"name":"wp","href":"https:\/\/api.w.org\/{rel}","templated":true}]}}