{"id":964,"date":"2007-01-26T00:00:00","date_gmt":"2006-11-06T00:00:00","guid":{"rendered":"https:\/\/intervius.com\/index.html\/?p=964"},"modified":"2006-11-06T00:00:00","modified_gmt":"2006-11-06T00:00:00","slug":"Nacho_Vigalondo964","status":"publish","type":"post","link":"https:\/\/intervius.com\/index.html\/Nacho_Vigalondo964\/","title":{"rendered":"Nacho Vigalondo"},"content":{"rendered":"<p>Pregunta.- \u00bfQu\u00e9 har\u00eda usted para que una pel\u00edcula que transcurriera en un s\u00f3lo escenario, con dos personas y sin sexo, se le hiciera f\u00e1cil de ver al espectador y, adem\u00e1s, le sorprendiera? <\/p>\n<p>Respuesta.- Hola. Muy buenos d\u00edas. Vamos all\u00e1. Espero que hayas visto &#8220;La huella&#8221; de Mankiewicz. Si yo hiciese una pel\u00edcula en ese plan, supongo que la plagiar\u00eda en m\u00e1s de un sentido. Har\u00eda que los dos personajes se odiasen a muerte y se torturasen en un juego psicol\u00f3gico repleto de giros, sorpresas y dobles sentidos. Y meter\u00eda algo que le falta a &#8220;La Huella&#8221;, una secuencia de tortazos. <\/p>\n<p>P.- Alguna novela que le haya entusiasmado \u00faltimamente?<\/p>\n<p>R.- Ahora mismo estoy terminando &#8220;El prestigio&#8221; de Chistopher Priest. Hac\u00eda tiempo que no me le\u00eda una novela en tres d\u00edas. No, no he visto la pel\u00edcula. Le tengo un poco de tirria a Christopher Nolan. Nada serio, bah. <\/p>\n<p>P.- \u00bfPor qu\u00e9 hiciste el gesto ese cuando te enfocaron en la gala de los oscar? Estuviste genial.<\/p>\n<p>R.- Alguien lo propuso a la ligera en mi web &#8220;Deber\u00edas imitar a Chiquito&#8221;. Fue leerlo e iluminarme. &#8220;Voy a ser el \u00fanico ser humano en toda la historia que recoger\u00e1 un Oscar imitando a Chiquito&#8221;. Al final no me llev\u00e9 la estatuilla (que en realidad es una estatuaza que pesa m\u00e1s que un ni\u00f1o) y me qued\u00e9 con ese gesto &#8220;apiticandemora&#8221;. <\/p>\n<p>P.- recomiendame alguna pelicual para descargarme del emule, que se me han acaba las ideas y todavia me queda disco duro&#8230;. que opinas sobre compartir peliculas P2P? <\/p>\n<p>R.- B\u00e1jate &#8220;Yo vigilo el camino&#8221; de John FrankenHeineken, es alucinante y es inencontrable de otra manera. En mi colecci\u00f3n combino originales y tambi\u00e9n tengo pel\u00edculas bajadas, sobre todo joyitas de Don Siegel y tal que est\u00e1n descatalogadas. Reconociendo esto, no puedo posicionarme en contra del P2P. Cada uno que haga lo que le apetezca y vea correcto. <\/p>\n<p>P.- que va a aportar los crono crimenes al genero de la ciencia ficcion? crees que sera un exito de taquilla (sinceramente hablando)?<\/p>\n<p>R.- Mira, Cronocr\u00edmenes va a aportar a la ciencia ficci\u00f3n&#8230; \u00a1A Karra Elejalde y a B\u00e1rbara Goenaga! Qu\u00e9 m\u00e1s quieres. Respecto a lo otro, la verdad es que nunca trabajo o ideo en t\u00e9rminos de &#8220;\u00e9xito de taquilla&#8221;, que es un t\u00e9rmino inevitable pero envenenado. Eso s\u00ed, te aseguro que la pel\u00edcula est\u00e1 pensada para que no respires hasta que acaba. Creo que eso puede ayudar en taquilla, pero prefiero no volverme loco con esos c\u00e1lculos. <\/p>\n<p>P.- \u00bfEn qu\u00e9 fase de Los Cronocr\u00edmenes est\u00e1s?, el trabajar con medios en condiciones \u00bfes tan bonito c\u00f3mo te imaginabas?<\/p>\n<p>R.- Te voy a contar algo muy triste. Como cortometrajista, te pasas los d\u00edas so\u00f1ando con hacer un largo. Hoy en d\u00eda, me paso los d\u00edas so\u00f1ando con hacer un largo con pasta. Sin m\u00e1s, para poder rodar con m\u00e1s comodidad, con descansos adaptados a las necesidades b\u00e1sicas del ser humano. Creo que he perdido tres a\u00f1os de vida. Estoy en una fase bastante agradecida: La de sonorizaci\u00f3n y etalonaje. B\u00e1sicamente, consiste en ver a gente con m\u00e1s talento que t\u00fa haciendo que la pel\u00edcula d\u00eda a d\u00eda sea m\u00e1s bonita y m\u00e1s grande. <\/p>\n<p>P.- \u00bfC\u00f3mo conociste a los de la hora chanante?<\/p>\n<p>R.- Con algunos ya hab\u00eda intercambiado alguna palabra, pero fue en el festival de Gij\u00f3n donde pasamos una noche juntos y surgi\u00f3 la posibilidad de que yo les dirigiese alg\u00fan sketch. Por estas cosas merece la pena la vida. <\/p>\n<p>P.- \u00bfCrees que la gala de los Goya ser\u00e1 igual que siempre? \u00bfO est\u00e1 vez ser\u00e1 divertida??<\/p>\n<p>R.- Es que&#8230; a ver&#8230; No quiero ser malicioso, pero&#8230; Creo que el estilo de&#8230; por ejemplo, la del a\u00f1o pasado fue bastante&#8230; divertido. En serio. Est\u00e1bamos vi\u00e9ndola en San Sebasti\u00e1n y no pod\u00edamos creer lo que estaba pasando. Era una sitcom de tres horas sin risas enlatadas. <\/p>\n<p>P.- \u00bfCual es su opini\u00f3n acerca de las nuevas series de televisi\u00f3n que han revolucionado el panorama audiovisual (Arrested Development, Sopranos o The Office) y si cree que eso est\u00e1 desencadenando una fuga de talentos del cine a la t.v.?<\/p>\n<p>R.- Ahora el cine est\u00e1 empezando a despertar, pero como sucede con todos los medios de comunicaci\u00f3n que mueven demasiado dinero y se mueven entre demasiados despachos, es lento y balbuceante. Las nuevas series de televisi\u00f3n se definen en algo tan sencillo como que el autor est\u00e9 a la cabeza en la pol\u00edtica de producci\u00f3n. A eso sumale dinero y tiempo, y ah\u00ed tienes las quince o veinte obras maestras que est\u00e1n definiendo en televisi\u00f3n nuestra \u00e9poca. <\/p>\n<p>P.- Creo que te gustan los comics. \u00bfCuales recomendar\u00edas de los \u00faltimos que has leido?. <\/p>\n<p>R.- Mis favoritos hoy en d\u00eda son &#8220;Los ultimates&#8221; de Mark Millar, &#8220;La Mazmorra&#8221; de Trondheim y Sfarr, &#8220;Blanco Humano&#8221;, de Peter Milligan y &#8220;Black Jack&#8221; de Osamu Tezuka. <\/p>\n<p>P.- \u00bfCu\u00e1nto hay de &#8220;Donnie Darko&#8221; en &#8220;Los Cronocr\u00edmenes&#8221;? Lo digo especialmente por la est\u00e9tica de ambas webs adem\u00e1s de, obviamente, la cuesti\u00f3n de los viajes en el tiempo.<\/p>\n<p>R.- Las webs tienen una est\u00e9tica parecida. Pero las pel\u00edculas no tienen nada que ver. Donnie Darko es muy referencial, muy difuminada y enigm\u00e1tica. La nuestra es un se\u00f1or corriendo, sufriendo, peg\u00e1ndose hostias y teniendo revelaciones imposibles durante noventa y pico minutos. <\/p>\n<p>P.- Hola Nacho, He de reconocerte el honor de ser el primer director que consiguio llamar mi atencion hacia el corto y desde entonces cada vez que entro en un cafe se me mueven los hombros al ritmo de las 7.35. Podrias comentarnos como surgio aquel corto asi como recomendarnos directores nacionales y extranjeros que quizas no conozcamos porque no han conseguido exito, pero merezcan la pena tanto o mas que los que bebemos a diario?? Un saludo. Suerte! <\/p>\n<p>R.- Gracias por el honor concedido. La idea surgi\u00f3 como surgen las buenas ideas: Sin pensarlo demasiado. Es al cabo del tiempo cuando descubres de qu\u00e9 frustraciones, miedos y ansiedades surge una idea tan fel\u00edz pero tan macabra. Era una \u00e9poca complicada. Respecto a lo de los Directores, sigue la pista de David Domingo, Alberto Gonz\u00e1lez, C\u00e9sar Velasco Broca, los Venga Monjas, yo qu\u00e9 s\u00e9&#8230; M\u00e9tete en el notodofilmfest, hurga en la secci\u00f3n de links de mi p\u00e1gina. Hay gente brillante ah\u00ed fuera. Si alguien de la redacci\u00f3n est\u00e1 leyendo \u00a1SE ME HA ACABADO EL CAF\u00c9! <\/p>\n<p>P.- en una ocasi\u00f3n le entrevistaron en una revista digital menor llamada el poder, el gran poder o algo as\u00ed, a pesar de ello me pareci\u00f3 interesante , \u00bfve una p\u00e9rdida de tiempo el valorar y apoyar intervenciones de este tipo?. Gracias.<\/p>\n<p>R.- A la vista est\u00e1 que no. Hasta ahora no he dicho que no a ninguna entrevista venga de donde venga, a no ser que haya una imposibilidad espaciotemporal. Alguna oferta se me ha pasado por alto por despiste o exceso de trabajo. Hay cosas que jam\u00e1s te preguntar\u00e1n en un medio &#8220;mayor&#8221;, por supuesto. Me acaban de decir por m\u00f3vil que tengo unas ojeras espantosas. <\/p>\n<p>P.- Querido Nacho, uno mira al cine espa\u00f1ol y el 90% de las pel\u00edculas son historias de la posguerra, o de barrios marginales, o &#8220;Desde que amanece, apetece&#8221;. Dime, \u00bfqu\u00e9 g\u00e9nero cinematogr\u00e1fico echas de menos en la producci\u00f3n nacional? \u00a1Un saludo y suerte con Los cronocr\u00edmenes!<\/p>\n<p>R.- Esa imagen del 90% que comentas no es real. Es el prejuicio en el que todos estamos cayendo. Hay suficientes directores interesantes como para hacer atractivos incluso los &#8220;g\u00e9neros&#8221; que comentas. En cualquier caso, s\u00ed que echo en falta que sea m\u00e1s f\u00e1cil ver\/hacer cine de g\u00e9nero espa\u00f1ol. Cuando intentas hacer un thriller o recalientas el modelo norteamericano, tirando de alg\u00fan \u00e9xito reciente, o lo tienes francamente dif\u00edcil. <\/p>\n<p>P.- Hola Nacho. \u00bf Has visto los cortos nominados para el Oscar o el Goya? \u00bfcuales son tus favoritos?<\/p>\n<p>R.- S\u00f3lo he visto &#8220;Contracuerpo&#8221; y &#8220;La guerra&#8221; y ver\u00eda justo que se lo llevase cualquiera de los dos. Son excelentes. <\/p>\n<p>P.- En la uni eras el notas de turno en las manifestaciones, te encantaba dirigirnos hasta en esos eventos&#8230; \u00bfc\u00f3mo haces para atraer tanto la atenci\u00f3n del p\u00fablico?\u00bfcu\u00e1l es el secreto de &#8220;tu masa&#8221;? y sobre todo \u00bfpor qu\u00e9 has protagonizado anuncios tan chungos? Me tienes en ascuas.<\/p>\n<p>R.- A ver, mehuele, el evento al que te refieres fue UNO. Aquel d\u00eda pas\u00f3 algo que s\u00f3lo pas\u00f3 UNA VEZ, no empecemos a levantar leyendas raras, a ver si hay un golpe de estado y me pasa como al hijo de Jack Lemmon en &#8220;Desaparecido&#8221;. Y no me digas que los anuncios en los que sal\u00eda eran chungos, hombre, por dios, que me hundes la ma\u00f1ana. <\/p>\n<p>P.- Quer\u00eda agradecerte que pese a estar con tu largo, te metas en proyectos de cortometrajes. \u00bfqu\u00e9 tal la versi\u00f3n para los de Cannes? y por \u00faltimo, \u00bfqu\u00e9 piensas de que &#8220;\u00c9ramos pocos&#8221; no est\u00e9 nominado a los Goya, y s\u00ed a los Oscars, tal y como pas\u00f3 con el tuyo? gracias.<\/p>\n<p>R.- Vamos a acabar pensando que para que te nominen al Oscar hay que no-ser nominado al goya. No s\u00e9. Curiosamente el anterior corto de Cobeaga &#8220;La primera vez&#8221; s\u00ed fue nominado. Ambas nominaciones, a los Goya y los Oscar, son dos variables independientes. Es como ser rubio y que te gusten las anchoas. La versi\u00f3n para los de Cannes, o sea, el premontaje para ver si Cronocr\u00edmenes va para all\u00e1, es la responsable directa de las ojeras que ven tatuadas sobre mis mejillas (bueno, y tambi\u00e9n anoche, el Nasti, ehh&#8230;). Y siempre que haya proyectos interesantes y divertidos como el tuyo, Mart\u00edn, estar\u00e9 encantado de seguir enfangado en los cortometrajes. <\/p>\n<p>P.- Tras ver muchos de tus cortos, me espero lo mejor, pero trat\u00e1ndose de cine espa\u00f1ol y ciencia ficci\u00f3n, el miedo me corroe: \u00bfTu pel\u00edcula podr\u00e1 ser del agrado de un fan medio de ciencia ficci\u00f3n (aunque salga Karra), o has perpetrado una modernez trascendente insufrible?<\/p>\n<p>R.- &#8220;Modernez Trascendente Insufrible&#8221;,jajajaja. \u00a1Eso lo has escrito apretando los dientes mientras se te hinchaba la vena! No, mira, Pi, si vieses mi estanter\u00eda n\u00famero 11, ver\u00edas que soy ultrafan de la ciencia ficci\u00f3n m\u00e1s exigente de los cincuenta para ac\u00e1. No me podr\u00eda mirar al espejo despu\u00e9s de hacer una chapucilla de papel albal y cables de tel\u00e9fono. Una cosa es hacer una pel\u00edcula accesible y otra tratar al p\u00fablico como a un tonto al que col\u00e1rsela. No, no, quiero agradarle a mi hermano (que pasa de todo esto) y al lector de Robert Heinlein, por ejemplo. <\/p>\n<p>P.- Gilliam o Burton? Moore o Miller? Creedence o Eagles?<\/p>\n<p>R.- Gilliam una y mil veces. Moore. De los terceros&#8230; Eh&#8230; No s\u00e9. S\u00e9 que con este bigote parezco fan de cualquiera de esos dos grupos, pero, eh&#8230;<\/p>\n<p>P.- en primer lugar, me gustar\u00eda felicitarle por un relato que public\u00f3 usted en una antolog\u00eda de escritores c\u00e1ntabros editada por La Ortiga en 1998; se titulaba &#8220;Sexo&#8221;, y, como en La Metamorfosis de Kafka, tambi\u00e9n hab\u00eda un escarabajo. en segundo lugar, me gustar\u00eda hacerle una pregunta: \u00bfha pensado alguna vez, ahora que quiz\u00e1 se le presenten mayores opciones, en publicar un libro de relatos? no deje que el guionista le mande a Madagascar al escritor. besucos.<\/p>\n<p>R.- \u00a1Me cago en la leche, lo que sale por ah\u00ed! Madre m\u00eda, cre\u00ed que NADIE hab\u00eda le\u00eddo eso. No sabes la ilusi\u00f3n que me ha hecho. Creo que aquel cuento fue la primera cosa que escrib\u00ed que merec\u00eda la pena un poquito. Tengo un problema para escribir literatura: Soy un puro nervio. No tengo la capacidad de concentraci\u00f3n ni el talento para escribir una novela o un cuento realmente bueno. Escribir guiones, donde todo tiene que ser sint\u00e9tico y veloz, me resulta un poco m\u00e1s f\u00e1cil.<\/p>\n<p>P.- \u00bfTe parece que la sociedad actual es mas indiferente ante los crimenes que en el pasado?<\/p>\n<p>R.- \u00a1La madre que me pari\u00f3! Desde luego en las portadas no se deja de hablar de cr\u00edmenes de hoy y ayer. D\u00eda tras d\u00eda. <\/p>\n<p>P.- nacho tuve la oportunidad de ver ayer en oviedo tu corto Choque, nos divertimos mucho los que estabamos en la sala del teatro filarmonica, solo preguntarte: \u00bfEl corto esta basado en hechos reales? saludos<\/p>\n<p>R.- Si lo que sucede en Choque me hubiese pasado en la vida real no habr\u00eda tenido el valor de hacer una comedia con ello. Digamos que no me sucedi\u00f3 pero s\u00ed que parte de un sitio, un momento, y una sensaci\u00f3n que despu\u00e9s reconoces como abominable. <\/p>\n<p>P.- Hola tunante\u00a1 \u00bfQue te impulsa a unirte (de vez en cuando) a esa panda de descerebrados geniales de la HORA CHANANTE? <\/p>\n<p>R.- \u00bfQue qu\u00e9 me impulsa? Es como preguntar que qu\u00e9 me impulsa a zamparme un redondo de ternera tras una semana sin comer. Pienso girar en torno a ellos, como un sat\u00e9lite, todo el tiempo que ellos me permitan. <\/p>\n<p>P.- \u00bfNo te parece que el cine est\u00e1 falto de ideas nuevas y originales mientras que en televisi\u00f3n si que hay una gran creatividad y es donde ahora mismo se hacen las cosas mas interesantes?, no lo digo solo por el cine espa\u00f1ol, aunque aqui es mas evidente. Suerte con tu peli, ir\u00e9 a verla.<\/p>\n<p>R.- Pero es que la televisi\u00f3n espa\u00f1ola&#8230; Digamos que no es la HBO en t\u00e9rminos de originalidad y provocaci\u00f3n. Cada vez somos m\u00e1s los que encontramos refugio en las series norteamericanas. \u00bfHas visto The Shield? La quinta temporada me ha provocado sensaciones que echo demasiado de menos en cine. Parece que las pel\u00edculas (incluso las m\u00e1s prestigiosas hoy en d\u00eda) tienen miedo de tambalearte lo m\u00e1s m\u00ednimo mientras que estas series te torturan sin piedad. <\/p>\n<p>P.- He visto que ya se est\u00e1 promocionando en Internet tu \u00faltimo corto, Foxy Lady, \u00bfqu\u00e9 nos puedes adelantar y cu\u00e1ndo podremos verlo?<\/p>\n<p>R.- No es m\u00edo. Es de \u00c1lvaro Oliva. Yo s\u00f3lo hago un agradecido papel. Mira: www.alvarooliva.com \u00a1Tach\u00e1n!<\/p>\n<p>P.- \u00bfQui\u00e9n es el Pianista en un Burdel?<\/p>\n<p>R.- Ven luego a estas oficinas, a las cuatro. En la cuarta columna en el aparcamiento. Llevo gabardina y bigote. Por sesenta euros te lo digo. Bueno, por cincuenta. Cuarenta. <\/p>\n<p>P.- Me encata ese peaso [pedazo] de tema Musical que es &#8220;Me sabe el pito a canela&#8221;, para cuando otro nuevo HIT como este? Un saludo.<\/p>\n<p>R.- Siempre que hago canciones me salen letras guarras y tontas. Qu\u00e9 recurso te queda cuando como compositor eres una nulidad: Hacer rimas guarras. Mi pr\u00f3ximo lanzamiento ser\u00e1 el emocionante tema &#8220;Follar en la FNAC&#8221;, aunque prefiero ced\u00e9rsela al maravilloso combo &#8220;Ultraplayback&#8221;, que ellos s\u00ed que s\u00ed. <\/p>\n<p>P.- \u00bf Cree que Penelope Cruz puede llevarse el Oscar? \u00bf Por qu\u00e9 cree que la Academia de Hollywood ha ignorado Volver?<\/p>\n<p>R.- \u00a1Eh, eh, a m\u00ed no me mir\u00e9is que yo s\u00f3lo emito un voto, un voto! Creo que Pe puede llevarse el Oscar, por supuesto y no s\u00e9 por qu\u00e9 la Academia ha ignorado Volver. Esas preguntas nunca tienen respuestas claras, s\u00f3lo especulaciones que no van a ning\u00fan sitio. <\/p>\n<p>P.- Hola. Felicidades por tu corto &#8220;7:35 AM&#8221;. \u00bfDe d\u00f3nde sacas la necesidad de continuar creando ideas que no dejan indiferente y hacen pensar?<\/p>\n<p>R.- \u00a1Ay, dios, qu\u00e9 bello, como dir\u00eda Tones! Saco esa necesidad de la de ustedes de no quedarse indiferentes y pensar. \u00a1Sin ustedes yo no valgo para nada!<\/p>\n<p>P.- \u00bfCuantos compa\u00f1eros de piso tuyos faltan por nominar al oscar? \u00bftiro mi vida por el retrete tirando yo mismo de la cadena estudiando comunicacion audiovisual? \u00bfDeberia autofinanciarme mi largometraje? \u00bfPara cuando los cronocrimenes?<\/p>\n<p>R.- \u00bfCuantos compa\u00f1eros de piso tuyos faltan por nominar al oscar? \u00bftiro mi vida por el retrete tirando yo mismo de la cadena estudiando comunicacion audiovisual? \u00bfDeberia autofinanciarme mi largometraje? \u00bfPara cuando los cronocrimenes?<\/p>\n<p>P.- Hola Nacho. \u00bfQu\u00e9 crees que influye m\u00e1s a la hora de nominar una pel\u00edcula en una gala de premios, un argumento intrigante y original o unos espectaculares y sorprendentes efectos especiales? \u00bfQu\u00e9 piensas acerca del gran estreno espa\u00f1ol &#8220;El laberinto del Fauno&#8221;? \u00bfCrees que lo tiene todo? \u00a1Gracias y mucha suerte con tu primer largo!<\/p>\n<p>R.- Tengo pendiente hablar en mi blog de lo que ha pasado con la pel\u00edcula de Guillermo del Toro, por otro lado, una de las personas vinculadas al cine m\u00e1s encantadoras que existen. Seis nominaciones al Oscar, idioma espa\u00f1ol, pel\u00edcula con MONSTRUOS. S\u00f3lo esa confluencia de elementos en un solo punto demuestra que no hay f\u00f3rmulas ni m\u00e9todos para garantizarse estar en una gala de premios. Mi \u00fanico consejo es olvidar las galas de premios cuando estas creando. <\/p>\n<p>P.- &#8220;AVISO: Recuerde que las preguntas enviadas ser\u00e1n previamente seleccionadas por un moderador. No se aceptar\u00e1n preguntas ni comentarios que resulten agraviantes o insultantes para el invitado&#8221;. El agraviar e insultar \u00bfse va a acabar?? Siempre desde el cari\u00f1o y con tonillo socarr\u00f3n, algunos &#8220;agravios&#8221; de tu blog anterior no estaban tan mal&#8230; \u00bfse impondr\u00e1 la censura en el nuevo?Adem\u00e1s&#8230; \u00bfqu\u00e9 podr\u00eda agraviar al Sr. Vigalondo? <\/p>\n<p>R.- En efecto, estoy curad\u00edsimo de espanto. Y aviso que tal filtro soy yo, y hasta ahora no he filtrado ninguna pregunta. D\u00edgame una burrada que ya ver\u00e1 c\u00f3mo aparece por aqu\u00ed. Vamos, a esos mierdecillas que se meten conmigo les tumbo con el me\u00f1ique.<\/p>\n<p>P.- Hola Nacho. Me alegro de que estrenes blog, ser\u00e9 fiel seguidor. \u00bfQue te parece ese logro hist\u00f3rico de que dos cortometrajistas espa\u00f1oles est\u00e9n nominados al preciado Oscar de Hollywood? \u00bfPara cuando podremos ver tus Cronocr\u00edmenes en los cines? Un saludo.<\/p>\n<p>R.- Uno de los mensajes que le envi\u00e9 a Cobeaga, uno que me sali\u00f3 de las tripas, dec\u00eda &#8220;Lo mio fue un \u00e9xito, pero lo vuestro marca \u00e9poca&#8221;. Me parece algo tan alucinante que todav\u00eda no lo hemos asimilado del todo. He hablado de Cobeaga, pero tengo que a\u00f1adir que el que un director de largometrajes como Fesser, que ha sido el que m\u00e1s ha apoyado el mundo del cortometraje, reciba este reconocimiento con un cortometraje es uno de los casos m\u00e1s hermosos de justicia po\u00e9tica que se han dado en la historia de nuestro cine. Y respecto a Los Cronocr\u00edmenes, s\u00f3lo puedo dec\u00edr&#8230; Mant\u00e9nganse en sinton\u00eda. <\/p>\n<p>P.- Hola Nacho, Tus cortos generan inspiracion. Gracias por ello. \u00bfQue recomendarias a un director para dar el salto del corto al largo sin un duro en el bolsillo? Suerte con los cronocrimenes!<\/p>\n<p>R.- \u00a1Hacer cortos que no cuesten un duro! Daniel S\u00e1nchez Ar\u00e9valo, Koldo Serra&#8230; \u00a1Todos empiezan as\u00ed! De alguna manera, conseguir que tu trabajo sea inspirador es lo que le da sentido \u00faltimo a todo esto. \u00a1Gracias por el \u00e1nimo!<\/p>\n<p>P.- Diga cinco nombres de personas que vayan a cambiar en los pr\u00f3ximos a\u00f1os la manera de entender el cine comercial en este pa\u00eds (vale decir todos los socios de su productora).<\/p>\n<p>R.- \u00a1Los socios de mi productora ya son cuatro! De ellos no dudo en absoluto. Lo bueno de todo esto es que los nombres que escoger\u00eda no le van a sonar extra\u00f1os a nadie. Las pel\u00edculas de Cabezudo, S\u00e1nchez Ar\u00e9valo y compa\u00f1\u00eda no son referencias intrincadas. Y luego est\u00e1n Luiso Berdejo, Oskar Santos, Eugenio Mira&#8230; Uf, es muy complicado hacer una lista de cinco nombres. Mientras se me ocurre algo, voy a visitar el estupendo blog de Mauro Entrialgo. <\/p>\n<p>P.- Pregunta t\u00edpica: \u00bfC\u00f3mo afrontas esta repentina popularidad y la consecuente expectaci\u00f3n por tu largo? \u00bfTe asusta? \u00bfTe motiva? \u00bfTe la suda? De todos modos, enhorabuena por lograrlo.<\/p>\n<p>R.- No es una popularidad aplastante, si te paras a pensar. Tampoco me paran por la calle ni me invitan en los restaurantes. Y a la hora de pasar la tarjeta de cr\u00e9dito me piden el carnet, vamos. En cualquier caso, la expectaci\u00f3n forma parte de mi trabajo, y espero que no desaparezca jam\u00e1s. <\/p>\n<p>P.- \u00bfEl futuro est\u00e1 en el porno?<\/p>\n<p>R.- El futuro est\u00e1 en cortometrajes como &#8220;El futuro est\u00e1 en el porno&#8221;<\/p>\n","protected":false},"excerpt":{"rendered":"<p>El director de cine Nacho Vigalondo, que ultima su primer largo Los cronocr\u00edmenes, estrena blog en ELPAIS.com el viernes 26. Por tal motivo y coincidiendo con la gala de los Premios Goya que se celebra la noche del domingo, ha charlado con los lectores sobre cine y otras expresiones audiovisuales. FOTO: JAVIER MOYA<\/p>\n","protected":false},"author":1,"featured_media":0,"comment_status":"open","ping_status":"open","sticky":false,"template":"","format":"standard","meta":{"footnotes":""},"categories":[],"tags":[],"class_list":["post-964","post","type-post","status-publish","format-standard","hentry"],"_links":{"self":[{"href":"https:\/\/intervius.com\/index.html\/wp-json\/wp\/v2\/posts\/964","targetHints":{"allow":["GET"]}}],"collection":[{"href":"https:\/\/intervius.com\/index.html\/wp-json\/wp\/v2\/posts"}],"about":[{"href":"https:\/\/intervius.com\/index.html\/wp-json\/wp\/v2\/types\/post"}],"author":[{"embeddable":true,"href":"https:\/\/intervius.com\/index.html\/wp-json\/wp\/v2\/users\/1"}],"replies":[{"embeddable":true,"href":"https:\/\/intervius.com\/index.html\/wp-json\/wp\/v2\/comments?post=964"}],"version-history":[{"count":0,"href":"https:\/\/intervius.com\/index.html\/wp-json\/wp\/v2\/posts\/964\/revisions"}],"wp:attachment":[{"href":"https:\/\/intervius.com\/index.html\/wp-json\/wp\/v2\/media?parent=964"}],"wp:term":[{"taxonomy":"category","embeddable":true,"href":"https:\/\/intervius.com\/index.html\/wp-json\/wp\/v2\/categories?post=964"},{"taxonomy":"post_tag","embeddable":true,"href":"https:\/\/intervius.com\/index.html\/wp-json\/wp\/v2\/tags?post=964"}],"curies":[{"name":"wp","href":"https:\/\/api.w.org\/{rel}","templated":true}]}}