{"id":9633,"date":"2012-01-03T00:00:00","date_gmt":"2006-11-06T00:00:00","guid":{"rendered":"https:\/\/intervius.com\/index.html\/?p=9633"},"modified":"2006-11-06T00:00:00","modified_gmt":"2006-11-06T00:00:00","slug":"Tomas_Roncero9633","status":"publish","type":"post","link":"https:\/\/intervius.com\/index.html\/Tomas_Roncero9633\/","title":{"rendered":"Tom\u00e1s Roncero"},"content":{"rendered":"<p>Pregunta.- roncero, una cosa, te gustaria que siguieran mou,cris,ozil,pepe,coentrao,kaka y benzema si no ganamos la champions o la liga.<\/p>\n<p>Respuesta.- Por supuesto. El entrenador y los jugadores que me has nombrado son de un nivel top, que dir\u00eda el propio Mourinho. Un proyecto no puede depender s\u00f3lo de los resultados. Adem\u00e1s, no me planteo ahora perder. El Madrid aspira a los tres t\u00edtulos y algo caer\u00e1. Seguro. <\/p>\n<p>P.- Hola Tom\u00e1s, te deseo una feliz navidad. Estaba leyendo la noticia en AS del equipo del a\u00f1o para los internautas de LEquipe, todos juegan en nuestra liga lo cual es algo asombroso, lo \u00fanico que no me gusta es que 7 son del Barcelona y 4 del Real&#8230;. soy yo el \u00fanico que estoy hasta las cejas de este ciclo que no acaba se terminar? <\/p>\n<p>R.- Mira el lado bueno. Dicen que el Bar\u00e7a es el mejor equipo de la historia (\u00a1qu\u00e9 falta de respeto al Madrid de las cinco Copas de Europa seguidas de Di St\u00e9fano y Gento!) y resulta que el Madrid ha metido en el once inicial al 35% de sus integrantes. Eso significa que la tendencia est\u00e1 cambiado y que el Madrid poco a poco ya recupera su sitio natural en la escala hist\u00f3rica del f\u00fatbol: la cima. <\/p>\n<p>P.- El madridista Mou ya se ha puesto fecha de caducidad cuando no lleva ni 1 a\u00f1o y medio en el Madrid. C\u00f3mo crees que se lo deben tomar los pseudomadridistas y \u00e1quellos que siguen el camino marcado por su dedo?<\/p>\n<p>R.- \u00c9l no ha dicho nada anormal. Acaba contrato en 2014 y ha dicho que cumplir\u00e1 su contrato. Pero no ha dicho que no haya posibilidades de renovar despu\u00e9s ese acuerdo por m\u00e1s a\u00f1os. Lo que ocurre es que lo dice Mou. Guardiola no decide su futuro hasta que quedan pocos meses para acabar cada temporada y nadie se rasga las vestiduras. S\u00f3lo interesa lo que haga o diga Mou. Guardiola deja indiferenet a la gente. Esa es la gran conquista del Madrid: la del INTER\u00c9S GENERAL. <\/p>\n<p>P.- Hola Tom\u00e1s, \u00bfy las navidades? Espero que bien. Mira, este per\u00edodo sin f\u00fatbol da para pensar m\u00e1s en este bendito deporte sin tener que analizar una jugada, una acci\u00f3n o un gesto. Te puedes centrar m\u00e1s en lo general y no en lo concreto. Bueno, pues ahora que el Barsa juega a lo Cruyff, con 3 y medio atr\u00e1s (Busquets se convierte en central cuando Alves pasa a ser interior), recuerdo que hubo un equipo que puso en su sitio al gran Barsa de Romario y c\u00eda. Era el Zaragoza de V\u00edctor Fern\u00e1ndez, donde jugaba Pardeza. Ese equipo jugaba arriba con el citado Pardeza, Higuera y Esnaider. Me recuerda a Kak\u00e1-Benzem\u00e1-Cristiano, salvo que deber\u00edan jugar de otra forma. Es decir, con Cristiano de 9 puro. S\u00e9 que no le gusta, pero tampoco le gustaba a Ronaldinho partir desde el costado izquierdo y lleg\u00f3 a ser el n\u00famero 1. \u00bfNo crees que ya es hora de que Cristiano sea el referente arriba, con Benzem\u00e1 por detr\u00e1s? El franc\u00e9s ve mucho mejor el juego y se asocia mejor con todos. Solo me falta saber quien jugar\u00eda de Gustavo Poyet. Pudiera ser Callej\u00f3n o incluso Di Mar\u00eda, pero podr\u00eda ser la soluci\u00f3n; un 4-3-2-1.<\/p>\n<p>R.- Reflexi\u00f3n interesante. Es verdad que el experimento de Sevilla sirvi\u00f3 paar ver que Cristiano puede ser igual de letal de nueve, que Benzema se sigue moviendo entre l\u00edneas como una bailarina cargada de imaginaci\u00f3n y que Di Maria puede hacer de Ozil y de kak\u00e1. Sin olvidar que Callej\u00f3n se ha ganado el puesto en el costado derecho con su desparpajo y sus goles. Es una opci\u00f3n y seguro que Mou la maneja. Tienen tantas con este plantill\u00f3n que maneja&#8230; <\/p>\n<p>P.- Hola, Tom\u00e1s., feliz 12. La pregunta del mill\u00f3n: \u00bfQu\u00e9 pasa con Neymar? Lo fichar\u00e1 por fin el Barcelona o el Madrid? Si lo fichan ellos, no veo soluci\u00f3n. Y otra: \u00bfQui\u00e9n puede convencer a Mou de que Carvajal puede ser mejor que Arbeloa? No digo que este no merezca jugar, pero el chico se merece oportunidades y seguro que triunfar\u00e1. \u00bfPor qu\u00e9 tanto desprecio a las j\u00f3venes promesas?<\/p>\n<p>R.- Carvajal sabe que si hay un contratiempo en el puesto de 2 subir\u00e1 al primer equipo. De hecho, el Madrid ha cerrado a cal y canto el mercado de invierno. No se fichar\u00e1 a nadie. En cuanto a Neymar no lo s\u00e9 y tampoco me importa mucho. S\u00e9 que baila muy bien en las discotecas de Sao Paulo y que en las finales de los Mundialitos ni la huele. Es mi \u00faltima referencia sobre este cr\u00edo sin curr\u00edculo y sueldo estratosf\u00e9rico.<\/p>\n<p>P.- hola roncero soy un fan tuyo desde hace tiempo mi pregunta es \u00bfcres que el real madrid llegara con mas de 3 puntos de ventaja al camp nou?muchas gracias amigo un saludo desde mallorca y felices fiestas<\/p>\n<p>R.- Eso espero y deseo. Como el Bar\u00e7a es ahora favorito en los duelos directos (hay que aceptarlo y ser humildes para mejorar en esa faceta), lo importante es llegar all\u00ed con un colch\u00f3n m\u00ednimo de cuatro puntos. Se puede perder en el Camp Nou y ganar la Liga. Como en los tiempos de la Quinta del Buitre. Lo importante es ganar la Liga, no ganarle al Bar\u00e7a. Eso les ha consolado hist\u00f3ricamente a ellos. A nosotros, no. <\/p>\n<p>P.- Hola Tom\u00e1s! c\u00f3mo crees que afectar\u00e1 la lesi\u00f3n de Di Maria ? crees que confiar\u00e1 en Kak\u00e1 para los partidos grandes como los cuartos de la copa del rey? Y callej\u00f3n? Un saludo <\/p>\n<p>R.- Yo creo que Kak\u00e1 ser\u00e1 titular hoy por la lesi\u00f3n de Di Mar\u00eda y Mourinho est\u00e1 deseando recuperar al brasile\u00f1o. Siempre confi\u00f3 en \u00e9l y est\u00e1 claro que el talento no caduca nunca. El problema de Kak\u00e1 han sido las lesiones. Esperemos que le respeten m\u00e1s a partir de ahora. <\/p>\n<p>P.- Que pasa al Madrid es incapaz de fichar a Alves, Villa, Silva, Mata, Neymar que les pasa dios mio si yo lo veo tu lo ves y ellos que ??? imaginate que de esos 5 llegan 3 Alves Silva Neymar esto estaria ya resuelto no ???<\/p>\n<p>R.- No es incapaz. Alves no vino porque Del Nido se neg\u00f3 y despu\u00e9s se lo vendi\u00f3 gustoso al Bar\u00e7a. Igual le pas\u00f3 al Valencia con Villa. Neymar no ha empatado con nadie y Mata se nos fue porque el Valencia hizo una oferta buena y el club se equivoc\u00f3 no igual\u00e1ndola. El \u00fanico error es el de Siva. Se le debi\u00f3 fichar y no permitir que se fuese a Inglaterra. Pedazo de jugador. Por cierto, el Bar\u00e7a no fue capaz de fichar a Cristiano, Higua\u00edn, Benzema y Xabi Alonso pero s\u00ed a Ibrahimovic, C\u00e1ceres, Hleb, Keirrison, Henrique, Chygrynski y Afellay. S\u00f3lo es por poner unos ejemplos&#8230; <\/p>\n<p>P.- Tomas, \u00bfno deber\u00eda el Madrid replantearse un cambio de patrocinador en la camiseta ante los rumores a que se prohiba la publicidad de empresas de apuestas deportivas?<\/p>\n<p>R.- El Madrid est\u00e1 analizando todas las opciones porque novias y ofertas no le faltan. Si eso ocurriera, seguro que tendr\u00edan muchas alternativas v\u00e1lidas y s\u00f3lidas. Eso no ser\u00e1 problema. <\/p>\n<p>P.- Tom\u00e1s! \u00bfqu\u00e9 te parecen las \u00faltimas declaraciones de Alves? Por qu\u00e9 aplauden a un jugador y por otro lado abuchean a un entrenador por hacer lo mismo? un saludo crack! feliz a\u00f1o!<\/p>\n<p>R.- Por que hay mucha hipocres\u00eda y todo lo que hacen o dicen los del Bar\u00e7a tiene un filtro moral y si lo dice o hace uno del Madrid pasa por otro. Es lo que hay. Pero la gente del Madrid lo sabe y nadie se altera por ello. <\/p>\n<p>P.- Hola Tom\u00e1s, Feliz A\u00f1o Nuevo! Soy un barcelonista que no comparte las teor\u00edas conspiratorias de villaratos y dem\u00e1s y por eso estoy abiertamente a favor de utilizar la tecnolog\u00eda para ayudar al \u00e1rbitro a no errar en decisiones como goles fantasma, piscinazos, agresiones, etc. Mucha gente est\u00e1 en contra por tradici\u00f3n o por autoprotecci\u00f3n, para tener la carta de la pataleta arbitral cuando las cosas no han ido tan bien como se esperaba, qu\u00e9 opinas t\u00fa? Yo creo que es triste que el Liverpool jugase una final por un gol que no entr\u00f3, por ejemplo&#8230; Viene al hilo de las declaraciones de Platini.<\/p>\n<p>R.- Abres un interesante debate amigo. Conste que no soy muy partidario o de tu propuesta porque creo que se perder\u00eda frescura en el f\u00fatbol si hubiera que parar el juego y ver por el v\u00eddeo marcador en cada jugada pol\u00e9mica. Lo veo, adem\u00e1s, muy arriesgado por temas de seguridad en las gradas. Peron quiz\u00e1s en algunas jugadas muy l\u00edmites tipo goles fantasma y similiares s\u00ed que habr\u00eda que hacer eso se\u00f1or. <\/p>\n<p>P.- Hola Tom\u00e1s! \u00bfcomo ves el clasico de basquet de hoy? el Bar\u00e7a sin navarro se puede resentir pero viendo el partido del otro dia el Madrid viene con ciertas dudas \u00bfque cres que pasara? Gracias Crack!<\/p>\n<p>R.- El partido de ma\u00f1ana promete. Ganar, ganar y ganar. <\/p>\n<p>P.- Feliz a\u00f1o Tom\u00e1s! ves al Madrid y a Mou capaces de afrontar la eliminatoria de la copa contra el barsa estando relativamente reciente el \u00faltimo cl\u00e1sico? \u00bfCrees que Mou va a hacer cambios en estrategia y alineaci\u00f3n? Gracias, un saludo crack!<\/p>\n<p>R.- Claro que el Madrid est\u00e1 preparado. El problema es m\u00e1s psicol\u00f3gico que futbol\u00edstico. El equipo no tiene que tener complejos con el Bar\u00e7a porque ya le gan\u00f3 la final de Copa a 120 minutos. Pero es verdad que todos, incluido Mourinho, se estresan ante el Bar\u00e7a y dejan de ser ellos. Ojal\u00e1 esto cambe y la Copa puede ser una oportunidad. Con permiso de M\u00e1laga y Osasuna, por supuesto. <\/p>\n<p>P.- Roncero, creo que Callej\u00f3n se ha ganado la titularidad definitivamente, yo creo que deber\u00eda salir contra el barsa, \u00bftu crees que si saliera de titular se &#8220;empeque\u00f1ecer\u00eda como les ha pasado a otros? Gracias, un abrazo. Hala Madrid!<\/p>\n<p>R.- Vamos a esperar. Claro que Callej\u00f3n se ha ganado la titularidad, pero cada partido es un mundo y hay que ir poco a poco. De momento hay que ganar hoy al M\u00e1laga, el s\u00e1bado al Granada&#8230; Humildad. <\/p>\n<p>P.- Hola Tom\u00e1s. \u00bf Crees que el Real Madrid deber\u00eda reforzar alguna zona del equipo durante este mercado de invierno? Gracias.<\/p>\n<p>R.- No. La plantilla es espectacular y con ella se puede luchar por la Triple Corona: Champions, Liga y Copa del Rey. <\/p>\n<p>P.- Ahora que Sergio Ramos juega siempre de central, \u00bfcrees que el Madrid debe fichar a un lateral derecho de garant\u00edas? \u00bfCu\u00e1l te gustar\u00eda?<\/p>\n<p>R.- No. Arbeloa, Lass y Carvajal garantizan el nivel en esa posici\u00f3n. <\/p>\n<p>P.- Tomas&#8230; feliz a\u00f1o, ojala que sea espectacular para ti y tu familia. Mi duda es simple, el otro d\u00eda leyendo comentarios de una noticia lei uno de un cule que me molesto bastante, pero luego me dio vueltas mucho tiempo y te queria pedir tu opinion&#8230; el madrid gano 5 copas de europa seguidas en los 50&#8230; y hace unos a\u00f1os gano 3 en 5 a\u00f1os, es decir en 10 a\u00f1os gano 8 titulos&#8230; y en los otros 45 a\u00f1os solo gano 1&#8230; \u00bfque paso en todos esos a\u00f1os? porque no se ha podido ser dominante en diferenes epocas? ves al madrid en condiciones de ser un habitual ganando copas de europa en las proximas decadas? eso era, un abrazo.<\/p>\n<p>R.- Ganar la Copa de Europa es dificil\u00edsimo y la prueba est\u00e1 en los pocos t\u00edtulos que tienen los grandes del continente, a excepci\u00f3n del Madrid (9) y el Mil\u00e1n (7). Esto va por generaciones y rachas y s\u00f3lo cuando re\u00fanes una espectacular, como la de Di St\u00e9fano, Puskas y Gento, la del Ajax de Cruyff o el Bar\u00e7a de ahora, puedes ganar varias m\u00e1s o menos en pocos a\u00f1os. Pero esto es muy largo amigo. Ya veremos c\u00f3mo acaba el cuento. Nunca dejes de lado la opci\u00f3n del Madrid. Siempre vuelve&#8230;<\/p>\n<p>P.- Roncero como ves las opciones este a\u00f1o del Madrid siendo realistas y \u00bfque prefieres en champions al Barcelona en cuartos como en la copa del rey o en una finalisima jugandonos la decima? yo personalmente no quisiera ver esa final&#8230; jaja un saludo! gracias por contestar<\/p>\n<p>R.- Al Bar\u00e7a le quiero cuando lo decida el gui\u00f3n. No me asustan ni me acomplejan. Me da igual una final que en una eliminatoria. No hay miedo. Se juega contra ellos y se lucha con humildad por invertir el curso de los \u00faltimos Cl\u00e1sicos. En el Madrid est\u00e1s prohibido conjugar el verbo rendirse. LA RISA VA POR BARRIOS&#8230; <\/p>\n","protected":false},"excerpt":{"rendered":"<p>Tom\u00e1s Roncero ha charlado con los internautas sobre la actualidad del conjunto presidido por Florentino P\u00e9rez, marcada en esta ocasi\u00f3n por la jornada de Copa del Rey y el liderato del Real Madrid en la Liga BBVA<\/p>\n","protected":false},"author":1,"featured_media":0,"comment_status":"open","ping_status":"open","sticky":false,"template":"","format":"standard","meta":{"footnotes":""},"categories":[],"tags":[],"class_list":["post-9633","post","type-post","status-publish","format-standard","hentry"],"_links":{"self":[{"href":"https:\/\/intervius.com\/index.html\/wp-json\/wp\/v2\/posts\/9633","targetHints":{"allow":["GET"]}}],"collection":[{"href":"https:\/\/intervius.com\/index.html\/wp-json\/wp\/v2\/posts"}],"about":[{"href":"https:\/\/intervius.com\/index.html\/wp-json\/wp\/v2\/types\/post"}],"author":[{"embeddable":true,"href":"https:\/\/intervius.com\/index.html\/wp-json\/wp\/v2\/users\/1"}],"replies":[{"embeddable":true,"href":"https:\/\/intervius.com\/index.html\/wp-json\/wp\/v2\/comments?post=9633"}],"version-history":[{"count":0,"href":"https:\/\/intervius.com\/index.html\/wp-json\/wp\/v2\/posts\/9633\/revisions"}],"wp:attachment":[{"href":"https:\/\/intervius.com\/index.html\/wp-json\/wp\/v2\/media?parent=9633"}],"wp:term":[{"taxonomy":"category","embeddable":true,"href":"https:\/\/intervius.com\/index.html\/wp-json\/wp\/v2\/categories?post=9633"},{"taxonomy":"post_tag","embeddable":true,"href":"https:\/\/intervius.com\/index.html\/wp-json\/wp\/v2\/tags?post=9633"}],"curies":[{"name":"wp","href":"https:\/\/api.w.org\/{rel}","templated":true}]}}