{"id":9625,"date":"2010-02-10T00:00:00","date_gmt":"2006-11-06T00:00:00","guid":{"rendered":"https:\/\/intervius.com\/index.html\/?p=9625"},"modified":"2006-11-06T00:00:00","modified_gmt":"2006-11-06T00:00:00","slug":"Tomas_Roncero9625","status":"publish","type":"post","link":"https:\/\/intervius.com\/index.html\/Tomas_Roncero9625\/","title":{"rendered":"Tom\u00e1s Roncero"},"content":{"rendered":"<p>Pregunta.- \u00bfQue tal ves estas 2 ultimas jornadas sin cristiano ? \u00bfmerece granero un sitio en el 11?<\/p>\n<p>Respuesta.- Granero es din\u00e1mico, se vence bien a las bandas y es un jugador que ha asumido su rol en el grupo. Adem\u00e1s, es espa\u00f1ol y canterano. Magn\u00edfico ern su aportaci\u00f3n y cada vez tiene m\u00e1s gol. Lo de Cristiano ha sido duro porque al mejor jugador del mundo fastidia no verle. Pero ah\u00ed le tenemos el s\u00e1bado en Jerez para disfrutar con su espect\u00e1culo. <\/p>\n<p>P.- HOla Tomas! Tienen sitio Ribery y Silva en este Madrid? Pueden jugar juntos?<\/p>\n<p>R.- Claro que tiene sitio. Para los buenos siempre se puede buscar hueco. Rib\u00e9ry es un demonio por las bandas y creo que est\u00e1 mejor de su lesi\u00f3n. Y Silva es un genio al que da gusto verle jugar entre l\u00edneas. Yo fichaba a los dos. <\/p>\n<p>P.- Hola Tom\u00e1s, \u00bfqu\u00e9 har\u00edas por ver a Ra\u00fal levantando la decima el pr\u00f3ximo 22 de mayo?, \u00bfy si es ante la at\u00f3nita mirada de los Xavi, Messi, Piqu\u00e9&#8230;?. Gracias crack. Un blanco abrazo. <\/p>\n<p>R.- Me ir\u00eda de rodillas desde el Bernab\u00e9u a Cibeles. Ver al gran capit\u00e1n levantar su cuarta Champions en el santuario del madridismo ser\u00eda el no va m\u00e1s. Y si el Bar\u00e7a es testigo pues mira, de postre no estar\u00eda mal para que vean lo dif\u00edcil que es ganar diez Copas de Europa. Ellos llevan s\u00f3lo tres&#8230;<\/p>\n<p>P.- Hola Tom\u00e1s. Qu\u00e9 jugador te ha maravillado m\u00e1s jugando como visitante en el Bernab\u00e9u? <\/p>\n<p>R.- Maradona. Aquel golazo en la porter\u00eda del Fondo Norte rompiendo la cintura Juan Jos\u00e9 fue para enmarcar. Incre\u00edble. L\u00e1stima que se vida fuese un desastre, pero coo jugador no vi nada igual. <\/p>\n<p>P.- Hola jefe, debe mantener Pellegrini el tridente Xabi-Granero-Guti tras la recuperaci\u00f3n de Lass?<\/p>\n<p>R.- De momento, s\u00ed. Soy admirador de Lass, pero este tridente garantiza mejor trato con la pelota y dominio de los partidos, algo que se echaba en falta desde hace tiempo. <\/p>\n<p>P.- Tomas , \u00bfqu\u00e9 opinas sobre el bajon fisico que sufre el equipo a la hora de juego mas o menos , sobretodo se nota en Kaka y Guti , crees que nos pasara factura en Champions?<\/p>\n<p>R.- No olvides que los dos han salido de lesiones que les han tenido dos meses parados y es normal que les cueste algo m\u00e1s coger el fondo f\u00edsico preciso para estar a tope. Cuando lleguen los grandes partidos de la Champions tanto Guti como Kak\u00e1 est\u00e1n a tope. El equipo se ha dosificado pensando en la D\u00e9cima y en eso est\u00e1n. No te preocupes. Todo va por el camino adecuado. <\/p>\n<p>P.- Hola gran faro del madridismo!!! Queria preguntarte sobre Parejo, crees que esta ya para el Madrid, o se le debe dejar en el Geta?? Crees que lo recompraremos este verano??? Muchismas gracias gran Tomas.<\/p>\n<p>R.- Depende de si vienen Cesc o Silva. Si llega un jug\u00f3n de gran calibre es mejor que est\u00e9 otro a\u00f1o de formaci\u00f3n en Getafe para que tenga minutos y partidos. Si lo otro saliera rana, si podr\u00eda venir ya porque ha demostrado en Getafe tener cuajo y calidad para triunfar. Es un buen futbolista y me gusta su desparpajo. Ojal\u00e1 esta noche ayude al geta a meterse en la final de Copa. <\/p>\n<p>P.- Tom\u00e1s, te juro que me gustar\u00eda equivocarme, pero creo que este a\u00f1o va a acabar por ser m\u00e1s o menos como el anterior y que al final solo vamos a engordar para morir. \u00bfDe verdad crees que podemos ganar alg\u00fan t\u00edtulo?<\/p>\n<p>R.- Claro que lo creo. Con Cristiano, Kak\u00e1, Higua\u00edn y compa\u00f1\u00eda parece dif\u00edcil no ser optimista. Adem\u00e1s, el Madrid tiene una defensa que es una roca. S\u00e9 optimista, amigo. Algo cae seguro. <\/p>\n<p>P.- \u00bfTomas quien consideras que debe ser el titular en Lyon? \u00bfBenzema o Higuain? Muchas gracias , un abrazo.<\/p>\n<p>R.- Ser\u00e1 Higua\u00edn con seguridad. Adem\u00e1s, Benzema ha tenido la mala suerte de lesionarse y eso ha rebajado el nivel del debate. Adem\u00e1s, Higua\u00edn se lo ha ganado. Est\u00e1 que se sale y a la vuelta de su lesi\u00f3n formar\u00e1 con Cristiano una pareja diab\u00f3lica. <\/p>\n<p>P.- Tomas \u00a1\u00a1\u00a1 \u00bf\u00bf\u00bfque final de copa desearias??? Yo un Racing-Getafe , aunque lo veo complicado y ver al Atleti en la final..cualquiera aguanta a Manolete \u00a1\u00a1 \u00bfCrees que el Getafe tiene posibilidades? Gracias<\/p>\n<p>R.- La final Racing-Getafe ser\u00eda muy emotiva porque supondr\u00eda el triunfo del f\u00fatbol modesto y aut\u00e9ntico. Pero me temo que la Federaci\u00f3n tiene otros planes. No hay m\u00e1s que ver c\u00f3mo han sido los arbitrajes del Atleti con el Celta y el Racing. Los han machacado literalmente. Pero ojal\u00e1 se rompan los pron\u00f3sticos y los modestos puedan gritar: &#8220;Esta boca es m\u00eda&#8221;. <\/p>\n<p>P.- tomas grande de espa\u00f1a, no te esta defraudando kaka, esta al nivel de drenthe y no al nivel de un jugador que ha costado 65 kilos. sinceramente, van der vaart le da mil vueltas, ha sido el timo del siglo<\/p>\n<p>R.- No soy tan dr\u00e1stico como t\u00fa. Todos estamos de acuerdo en que Kak\u00e1 no ha dado a\u00fan el nivel de juego esperado para el que fuera Bal\u00f3n de Oro en 2007. Pero Kak\u00e1 me parece un jugador superlativo y yo no desconfiar\u00eda de \u00e9l. Seguro que poco a poco rompe con la pana y ya ante el Espanyol dej\u00f3 destellos firmando casi dos goles. S\u00e9 paciente conn \u00e9l porque el talento no muere as\u00ed como as\u00ed. <\/p>\n<p>P.- Buenos d\u00edas Tom\u00e1s&#8230; Una pregunta muy simple: \u00bfCrees que nos pueden llegar a cegar los colores a la hora de medir ciertas jugadas?<\/p>\n<p>R.- Seguramente, los sentimientos a veces te pueden llevar a confusi\u00f3n. Pero si un jugador de tu equipo hace una entrada como la de Piqu\u00e9 o un penalti como el de M\u00e1rquez me parece absurdo cuestionarlo. Yo no discut\u00ed que Pepe merec\u00eda una sanci\u00f3n ejemplar. Todos debemos ser m\u00e1s fr\u00edos a la hora de analizar estas jugadas. <\/p>\n<p>P.- Que Tom\u00e1s, ahora a pedirle favorcitos al Atletico, eh?. <\/p>\n<p>R.- El Atleti es impredecible y basta que le pidas algo para que haga lo contrario. Te recuerdo que Fernando Torres decidi\u00f3 irse del Atleti el d\u00eda del 0-6 con el Bar\u00e7a, porque la grada jaleaba los goles cul\u00e9s pese a que le dejaban a su Atleti fuera de Europa. Por cierto, esa Liga la gan\u00f3 el Madrid. Espero que la afici\u00f3n atl\u00e9tica entienda que aquello fue un error. Siempre hay que salir a ganar. Adem\u00e1s, el Alteti necesita los puntos porque est\u00e1 a s\u00f3lo seis del descenso a Segunda&#8230;<\/p>\n<p>P.- \u00bf Y si el Lyon tiene un buen d\u00eda y elimina al Madrid? Porque est\u00e1 claro que el debilucho Stuttgart no tiene posibilidades contra el Bar\u00e7a&#8230;<\/p>\n<p>R.- Tanto Lyon como Stuttgart lo normal es que queden eliminados. No soy la bruja Lola, pero me parece que Madrid y Bar\u00e7a son muy superiores y ah\u00ed no habr\u00e1 sorpresa. Esperaremos de todas formas. No hay que dar a nadie por ganado de antemano. Humildad ante todo. <\/p>\n<p>P.- Buenos dias amigo Roncero.Ayer te vi en Punto Pelota y vi a Carme desquiciada, no sera por tanta verdad que se esta diciendo?. Si los arbitros no les ayudaran no tendrian de que preocuparse y no se pondrian nerviosos. Sigue asi amigo Roncero denunciando cada semana que haya VILLARATO hasta que se desmonte de una vez por todas y partamos todos por igual.<\/p>\n<p>R.- Gracias amigo. Mi amiga Carme sabe que no es normal lo que est\u00e1 ocurriendo y por eso la otra noche estaba de los nervios. Eso se llama &#8220;sentimiento de culpabilidad&#8221; o &#8220;mala conciencia&#8221;. Pero la envidio, porque sabe que el Villarato es implacable y seguro que en los d\u00edas gordos vuelven a ayudarles. Eso tiene mal remedio para regocijo de ella. <\/p>\n<p>P.- Buenas Tom\u00e1s, \u00bfqu\u00e9 piensa Florentino del villarato? \u00bfMover\u00e1 ficha para intentar contrarrestarlo o tendremos que seguir aguantando que el Barsa juegue con red? Un saludo.<\/p>\n<p>R.- Florentino est\u00e1 preocupado como todos los madridistas y lo que quiere es que los arbitrajes ni quiten ni den nada, como deber\u00eda ser. El presidente considera que ha llegado la hora de que se hable s\u00f3lo de f\u00fatbol, pero la Federaci\u00f3n debe dar un paso adelante y asumir que los hombres de S\u00e1nchez Arminio deben cambiar su chip metal. Todos sabemos que en caso de duda les pierde la autocensura impuesta por el r\u00e9gimen de S.A.<\/p>\n<p>P.- Buenas Tomas,primero un abrazo desde calanda,esperamos tu pronta visita. Como puede afectar al estamento arbitral la espantada que est\u00e1n creando desde Barcelona,crees que nos van a perjudicar a\u00fan mas??Gracias por clamar el Villarato, al fin y al cabo estais demostrando que hay &#8220;algo&#8221;. Un abrazo y el 12-03 a Calanda!!!!!!<\/p>\n<p>R.- Ah\u00ed estar\u00e9 amigo. Mira, el Villarato es un hecho contrastado y en AS llevamos a\u00f1os dando evidencias de lo que ahora todo el mundo ve. \u00bfSi nos van a perjudicar m\u00e1s? Me parece imposuible. Ya hemos tocado techo varias veces y nunca nos ir\u00e1 peor con los \u00e1rbitros. Toca rezar y esperar que se relajen y se decidan por fin a impartir justicia sin mirar el color de la camiseta.<\/p>\n<p>P.- Hola Tom\u00e1s, \u00bfQu\u00e9 nos puedes decir de David Luiz, el nuevo objetivo de Florentino? \u00bfTiene nivel para vestir la gloriosa el\u00e1stica blanca?<\/p>\n<p>R.- Si te vale de referencia te dir\u00e9 que uno de los agentes que sabe m\u00e1s de f\u00fatbol en el mundo me dijo hace dos semanas que David Luiz es un portento que no ve\u00eda en un defensa desde hac\u00eda a\u00f1os y que el grande que lo fichase iba a dar en el clavo. Ojal\u00e1 venga poque los informes que tengo del chico son inmejorables. <\/p>\n<p>P.- Tom\u00e1s, qu\u00e9 opinion tienes de David Barrufet? Gracias<\/p>\n<p>R.- Un deportista ejemplar. Tuve la ocasi\u00f3n de conocerle en el Mundial de Kumamoto en Jap\u00f3n (1997) y ya me pareci\u00f3 un tipo cojonudo. Barrufet ha sido ejemplar con el Bar\u00e7a y con la Selecci\u00f3n Espa\u00f1ola. Le felicito sinceramente por todo lo que ha dado por el balonmano. <\/p>\n<p>P.- tomas!!!cada dia este madrid va a mas y esto marcha bien, tu crees que el a\u00f1o que viene seguira pellegrini?yo soy de castellon y he visto al villarreal de pellegrini y creo que seria un desacierto echarlo!!!saludos!!<\/p>\n<p>R.- Tranquilo que estoy seguro de que Pellegrini seguir\u00e1 en el Madrid la pr\u00f3xima temporada, salvo que en la Champions hubiera una debacle, cosa que ni espero ni preveo. El chileno ha cogido la horma a este club y conviene confiar en \u00e9l. Me parece un tipo listo y que ha sabido cogerle el tranquillo a un club en el que el puesto de entrenador se ubica en un banquillo electrificado. <\/p>\n<p>P.- Don Tom\u00e1s! un placer saludarte amigo!! Qu\u00e9 piensas del cruce de palabras entre pellegrini y valdano?? crees que tienen mal rollo entre ellos o es simplemente un piqu\u00e9 moment\u00e1neo? Espero que mi Real Oviedo vuelva alg\u00fan d\u00eda a jugar en el santuario del f\u00fatbol, el Santiago Bernabeu. Un saludo blanco!<\/p>\n<p>R.- Lo del Oviedo me congratula amigo. Ese estadio tan imponente merece estar en Primera y ojal\u00e1 en dos a\u00f1os podamos ver un Madrid-Oviedo en el Bernab\u00e9u. En uanto a lo de Valdano y Pellegrini ya lo explica Jorge hoy en la entrevista que ha publicado el AS. Fue s\u00f3lo un reproche sin maledicencia y Pellegrini y \u00e9l mantienen una relaci\u00f3n diaria y cordial. No hay problema en la sala de m\u00e1quinas amigo. <\/p>\n","protected":false},"excerpt":{"rendered":"<p>El redactor jefe del Diario AS, Tom\u00e1s Roncero ha charlado con los lectores de la actualidad del Real Madrid. <\/p>\n<p>ARCHIVO DE ENTREVISTAS:<\/p>\n<p>02 de febrero &#8211; 27 de enero &#8211; 19 de enero &#8211; 12 de enero &#8211; 05 de enero &#8211; 29 de diciembre &#8211; 22 de diciembre &#8211; 15 de diciembre &#8211; 09 de diciembre &#8211; 01 de diciembre &#8211; 24 de noviembre &#8211; 17 de noviembre &#8211; 10 de noviembre &#8211; 5 de noviembre &#8211; 27 de octubre &#8211; 20 de octubre &#8211; 13 de octubre &#8211; 06 de octubre &#8211; 29 de septiembre &#8211; 22 de septiembre &#8211; 15 de septiembre &#8211; 08 de septiembre &#8211; 01 de septiembre &#8211; 25 de agosto &#8211; 28 de julio &#8211; 20 de julio &#8211; 14 de julio &#8211; 07 de julio &#8211; 30 de junio &#8211; 16 de junio &#8211; 16 de junio &#8211; 09 de junio &#8211; 02 de junio &#8211; 26 de mayo &#8211; 19 de mayo &#8211; 12 de mayo &#8211; 5 de mayo &#8211; 28 de abril &#8211; 21 de abril &#8211; 14 de abril &#8211; 07 de abril &#8211; 31 de marzo &#8211; 25 de marzo &#8211; 17 de marzo &#8211; 24 de febrero &#8211; 17 de febrero &#8211; 10 de febrero &#8211; 2 de julio &#8211; 14 de junio <\/p>\n","protected":false},"author":1,"featured_media":0,"comment_status":"open","ping_status":"open","sticky":false,"template":"","format":"standard","meta":{"footnotes":""},"categories":[],"tags":[],"class_list":["post-9625","post","type-post","status-publish","format-standard","hentry"],"_links":{"self":[{"href":"https:\/\/intervius.com\/index.html\/wp-json\/wp\/v2\/posts\/9625","targetHints":{"allow":["GET"]}}],"collection":[{"href":"https:\/\/intervius.com\/index.html\/wp-json\/wp\/v2\/posts"}],"about":[{"href":"https:\/\/intervius.com\/index.html\/wp-json\/wp\/v2\/types\/post"}],"author":[{"embeddable":true,"href":"https:\/\/intervius.com\/index.html\/wp-json\/wp\/v2\/users\/1"}],"replies":[{"embeddable":true,"href":"https:\/\/intervius.com\/index.html\/wp-json\/wp\/v2\/comments?post=9625"}],"version-history":[{"count":0,"href":"https:\/\/intervius.com\/index.html\/wp-json\/wp\/v2\/posts\/9625\/revisions"}],"wp:attachment":[{"href":"https:\/\/intervius.com\/index.html\/wp-json\/wp\/v2\/media?parent=9625"}],"wp:term":[{"taxonomy":"category","embeddable":true,"href":"https:\/\/intervius.com\/index.html\/wp-json\/wp\/v2\/categories?post=9625"},{"taxonomy":"post_tag","embeddable":true,"href":"https:\/\/intervius.com\/index.html\/wp-json\/wp\/v2\/tags?post=9625"}],"curies":[{"name":"wp","href":"https:\/\/api.w.org\/{rel}","templated":true}]}}