{"id":9581,"date":"2011-12-12T00:00:00","date_gmt":"2006-11-06T00:00:00","guid":{"rendered":"https:\/\/intervius.com\/index.html\/?p=9581"},"modified":"2006-11-06T00:00:00","modified_gmt":"2006-11-06T00:00:00","slug":"Jose_Samano9581","status":"publish","type":"post","link":"https:\/\/intervius.com\/index.html\/Jose_Samano9581\/","title":{"rendered":"Jos\u00e9 S\u00e1mano"},"content":{"rendered":"<p>Pregunta.- El fracaso de Mourihno es el acierto de Guardiola? O es el acierto de \u00e9ste \u00faltimo el fracaso del primero? Enhorabuena por tu trabajo.<\/p>\n<p>Respuesta.- Hola, buenas tardes a todos y perd\u00f3n por el retraso, pero como ya esperaba hoy se ha disparado el n\u00famero de preguntas. No me gusta demasiado la palabra fracaso asociada al deporte. Perder ante uno de los mejores equipos de la historia no me parece un fracaso, ni mucho menos. Es verdad que Guardiola manej\u00f3 muy bien al equipo con sus alternativas t\u00e1cticas y sostengo que al Madrid le falt\u00f3 mayor decisi\u00f3n tras el 1-0. Me ha encantado la definici\u00f3n que hoy hace Santi Solari, recomendable como siempre, en su columna de EL PA\u00cdS: &#8220;Quiz\u00e1 cuando (el Madrid) cese en ese empe\u00f1o por mover las piezas negras siempre, incluso cuando lleva las blancas, la historia sea distinta&#8221;. Me parece que el Madrid juega m\u00e1s a que no juegue el Bar\u00e7a que a jugar \u00e9l. <\/p>\n<p>P.- Una dif\u00edcil \u00bfCual cree que hubiese sido el resultado si Ronaldo jugase en el Barsa y Messi en el Madrid? gracias<\/p>\n<p>R.- Dif\u00edcil, no, imposible. Me quedo con Messi, pero Cristiano es excelente. No obstante, los centrocampistas del Bar\u00e7a envuelven mejor a un jugador de este tipo que los del Madrid. En el Bar\u00e7a, Messi casi siempre forma parte del todo; en el Madrid, CR depende m\u00e1s de CR.<\/p>\n<p>P.- Hola Sr. Samano. Cree Ud que Ronaldo juega donde debe jugar? No cree que como punta-punta escorado en banda y buscando los espacios ayudar\u00eda m\u00e1s al equipo? No cree que interviene demasiado en la traslaci\u00f3n del bal\u00f3n?<\/p>\n<p>R.- Siempre he tenido muchas ganas de ver a Cristiano barrer el frente de ataque por el centro y lo m\u00e1s cerca del \u00e1rea posible. Se ahorrar\u00eda mucha conducci\u00f3n, cada regate le dejar\u00eda m\u00e1s cerca del gol y tiene un f\u00edsico privilegiado para el remate, con los pies y la cabeza.<\/p>\n<p>P.- Un placer estas charlas. \u00bfC\u00f3mo vio la presencia de Mendes en Amsterdam? No es titular en el B, pero sin embargo debut\u00f3 con el primer equipo en el trofeo Bernabeu a los 5 d\u00edas de llegar. No est\u00e1 en propiedad ni se ha formado en casa, y sin embargo a conseguido algo que a muchos canteranos les cuesta a\u00f1os de sufrimiento, y muy pocos lo consiguen. No s\u00e9 si mencionar lo de su representante&#8230; Gracias por su atenci\u00f3n.<\/p>\n<p>R.- Me pareci\u00f3 un p\u00e9simo mensaje para Valdebebas y es inevitable que su convocatoria y posterior cambio haya levantado sospechas. Mou debe cuidar m\u00e1s este tipo de decisiones, al menos razonarlas, porque as\u00ed el chico tampoco sale ganando. Seguramente en Valdebebas ya le miran con recelos. <\/p>\n<p>P.- Buenas tardes, Sr. S\u00e1mano. Adem\u00e1s de los dos espa\u00f1oles, \u00bfa qu\u00e9 equipos de los clasificados para octavos ve m\u00e1s fuertes para disputar la Champions?<\/p>\n<p>R.- Como p\u00e9simo pronosticador que soy, veo al Bayern M\u00fanich como cu\u00f1a entre los dos espa\u00f1oles. Por tres motivos: tiene un equipazo, la final es en su estadio y desde bien peque\u00f1o el Bayern era la m\u00e1s parecido al coco que he conocido. Solo su nombre ya me desvela, est\u00e9 en la forma que est\u00e9.<\/p>\n<p>P.- Escelente trabajo Sr. Samano un placer leerle siempre, no cree que despues de un gol tan rapido el Madrid debio cambiar la tactica y agruparse para tener un poco mas la posesion del balon, no desgastarse tanto y poder salir al contragolpe??<\/p>\n<p>R.- Gracias. Tras el gol, el Madrid debi\u00f3 forzar y forzar al Bar\u00e7a contra Vald\u00e9s, pero recul\u00f3 pronto, se plant\u00f3 en el centro a esperar, como si solo importara el guion previsto, en el que l\u00f3gicamente no se contemplaba un gol a los 21 segundos.<\/p>\n<p>P.- He le\u00eddo casi todas las cr\u00f3nicas sobre el cl\u00e1sico, y en muchas de ellas se alaba el juego de Coentrao. M\u00e1s all\u00e1 de que Iniesta le bail\u00f3 tranquilamente en la segunda parte, \u00bfnadie ve que el gol de Alexis se produce porque rompe la linea (bien tirada por los centrales) del fuera de juego y que en el tercero le gana la espalda el jugador al que deb\u00eda cubrir? Un saludo<\/p>\n<p>R.- En mi opini\u00f3n, el partido dej\u00f3 mal parado a Coentrao. Como usted dice, no estuvo acertado en los goles. Y no solo en el de Alexis (rompe el fuera de juego) y el de Cesc (el azulgrana le gana el espacio por delante para rematar), sino que el de Xavi llega tras un despeje del portugu\u00e9s hacia el centro del \u00e1rea. Es verdad que llega forzado al despeje, pero pudo enviar la pelota a c\u00f3rner, cualquier cosa antes que hacia el centro. Como disculpa, hay que subrayar de nuevo que jug\u00f3 en una posici\u00f3n que no es la suya. Un zurdo de lateral por la derecha. Me record\u00f3 a Camacho, que as\u00ed ofreci\u00f3 su peor versi\u00f3n en el Mundial de Espa\u00f1a. Gordillo era el lateral zurdo.<\/p>\n<p>P.- Sr. S\u00e1mano, una curiosidad: \u00bfqu\u00e9 espacio deportivo radiof\u00f3nico escucha usted? Personalmente, creo que Ares y su troupe est\u00e1n a a\u00f1os luz del resto&#8230;<\/p>\n<p>R.- Var\u00edo bastante, encuentro cosas buenas en muchos de ellos y, por lo general, est\u00e1n muy trabajados. Admiro mucho a la gente de la radio deportiva, les veo trabajar desde hace muchos a\u00f1os.<\/p>\n<p>P.- \u00bfPor qu\u00e9 insisten Uds. en que Marcelo es actualmente el mejor lateral izquierdo del planeta? Esto se le he le\u00eddo varias veces a Diego Torres (entre otros) y la \u00fanica explicaci\u00f3n que encuentro es que sea una especie de compensaci\u00f3n por filtrarle informaci\u00f3n interna del vestuario. Solo en la liga espa\u00f1ola por no hablar de otras quiz\u00e1 haya 6 u 8 latelales izquierdos mejores que Marcelo en t\u00e9rminos de habilidad t\u00e9cnica, resistencia f\u00edsica, y disciplina t\u00e1ctica.<\/p>\n<p>R.- Coincido plenamente con Diego y todos los que opinan as\u00ed, que son muchos. Desde Roberto Carlos me parece el mejor lateral zurdo, un Alves. Tiene t\u00e9cnica, velocidad y pase, y cada vez llega mejor al espacio y conduce menos la pelota. Sin encima defendiera como Maldini estar\u00edamos ante un superdotado. <\/p>\n<p>P.- Buenas tardes \u00bfCree que el R Madrid, notar\u00e1 la ausencia de R.Fernandez e Ibaka, a tenor de lo visto ayer contra el Estudiantes?<\/p>\n<p>R.- Cualquier equipo del planeta notar\u00eda la ausencia de dos jugadores con semejante potencial, salvo que fueran relevados Kobes, Gasoles o LeBrones&#8230; Adem\u00e1s, he tenido la sensaci\u00f3n de que se hab\u00edan adaptado muy bien al club, el vestuario y la afici\u00f3n. Ahora, Laso tendr\u00e1 que borrar de su pizarra unas cuantas jugadas. <\/p>\n<p>P.- Buenas tardes .\u00bfNo piensa usted que Mourinho en su af\u00e1n por controlarlo todo , inclu\u00eddo lo ajeno , cae en un pat\u00e9tico buenismo como comprobamos el s\u00e1bado en medidos saludos a Guardiola y a Vilanova despues de meses de agravios y acusadoras ruedas de prensa ?. Simplenente si se quiere ser deportivo se ha de serlo. Gracias.<\/p>\n<p>R.- No soy qui\u00e9n para juzgar dobles o triples intenciones. Me gustaron los dos gestos de Mou, con Pep y con Tito. \u00c9l sabr\u00e1 si eran sinceros o no, yo no tengo por qu\u00e9 dudar. Agradezco, y mucho, ese Mourinho. As\u00ed lo expres\u00e9 en mi cr\u00f3nica y as\u00ed lo vuelvo a expresar. Nadie, y mucho menos \u00e9l, gana nada con el dedo por delante.<\/p>\n<p>P.- \u00bfNo ve al Bar\u00e7a favorito indiscutible para la champions por su superioridad evidente ante los grandes y menos para ganar la liga, porque el Madrid gestiona mejor los partidos ante los equipos inferiores?<\/p>\n<p>R.- Yo tengo esa sensaci\u00f3n. Los equipos ganadores necesitan nuevos retos por delante y el Bar\u00e7a del Bernab\u00e9u no fue el de Getafe, Granada o Anoeta. Y la Liga se gana en todos los campos. En ese aspecto, hasta la fecha el Madrid ha sido m\u00e1s fiable. Adem\u00e1s de por sus indiscutibles condiciones futbol\u00edsticas, estoy seguro de que Guardiola y Zubizarreta tambi\u00e9n valoraron el hambre de t\u00edtulos de gente como Cesc y Alexis a la hora de cerrar sus fichajes.<\/p>\n<p>P.- Hola. En mi opini\u00f3n, los mejores del Bar\u00e7a en el partido del s\u00e1bado fueron Puyol (inmenso), Iniesta ( idem) y Dani Alves&#8230; aunque no fueran los goleadores. \u00bfEst\u00e1s de acuerdo? Gracias y un saludo.<\/p>\n<p>R.- No estoy de acuerdo, pero eso no quita para que la opin\u00f3n certera sea la suya, por supuesto. Mi quiniela: Messi rescat\u00f3 al Bar\u00e7a, Iniesta le encendi\u00f3 la luz y Puyol le abrig\u00f3.<\/p>\n<p>P.- \u00bf Y el Barcelona qu\u00e9, otra vez campe\u00f3n de liga ?<\/p>\n<p>R.- \u00a1C\u00f3mo ha cambiado el anuncio del abuelo de Majalrayo!<\/p>\n<p>P.- Buenas tardes Sr. S\u00e1mano, una de las cosas del cl\u00e1sico que me ha llamado la atenci\u00f3n es que, siendo como soy seguidor del Barcelona, las mejores, y m\u00e1s objetivas y constructivas cr\u00f3nicas han llegado desde la prensa escrita de Madrid..curioso, enhorabuena por la parte que le toca a Ud. <\/p>\n<p>R.- Gracias, pero he le\u00eddo muy buenas cr\u00f3nicas en Madrid y en Barcelona. No es necesaria la unanimidad, sino que el periodista se anteponga al hooligan. Un partido tiene muchas lecturas y cada uno lo interpreta a su manera. Nadie tiene la verdad absoluta y me resulta superenriquecedor leer al d\u00eda siguiente a algunos de mis colegas. No hay vez que no aprenda.<\/p>\n<p>P.- Buenas tardes Jos\u00e9, \u00bf No cres que Christiano Ronaldo es un jugador sobrevalorado? Gracias<\/p>\n<p>R.- En absoluto, tengo a CR por un jugadorazo, por mucho que pierda una y otra vez sus duelos con Messi. De momento, solo gracias a un gol suyo el Madrid ha podido levantar un t\u00edtulo al Bar\u00e7a.<\/p>\n<p>P.- Hola Jos\u00e9. Le\u00ed la entrevista con Claudio Gentile y \u00bfPor qu\u00e9 crees que no existe mas el marcaje al hombre en 2011? Saludos.<\/p>\n<p>R.- No hace tanto, un jugador del Almer\u00eda espos\u00f3 a Xavi por todo el Camp Nou. Pero, es verdad, este tipo de marcajes son hoy una excepci\u00f3n, no est\u00e1n bien vistos casi ni en el calcio. No suelen dar frutos ante jugadores como Messi. Como dec\u00eda Cata D\u00edaz en EL PA\u00cdS hace unos d\u00edas, con Messi siempre intuyes lo que va a hacer y lo hace. Todos los que le marcan sostienen que hay que evitar que se d\u00e9 la vuelta, \u00bfpero c\u00f3mo? Por m\u00e1s que Gentile maquille el pasado, aquel d\u00eda del 82 en Sarri\u00e0 frente a Maradona, debi\u00f3 de ser expulsado. Hoy prevalecen las defensas escalonadas, los auxilios. \u00bfSe imagina alguien cu\u00e1ntos marcadores al hombre habr\u00eda que poner frente al Bar\u00e7a? Uno para Messi, otro para Xavi, otro para Iniesta, otro para Alves, otro para que no se escape Cesc, etc&#8230; Y para CR, Higua\u00edn\/Benzema, Di Mar\u00eda, Marcelo, Alonso&#8230; <\/p>\n<p>P.- Buenas Don Jos\u00e9. \u00bfEl Madrid saldr\u00e1 del Pizju\u00e1n victorioso como en los \u00faltimos tiempos o ve capaz a la plantilla sevillista y a Marcelino de sorprender a Mou y a los suyos?<\/p>\n<p>R.- Lo lamento por los sevillistas, pero no acaba de gustarme el proyecto de Marcelino, no lo veo definido, no s\u00e9 muy bien cu\u00e1l es el molde. <\/p>\n<p>P.- Se\u00f1or S\u00e1mano. Soy seguidor madridista y en general me gusta mucho Mou y si estilo pero me revienta que se queje tanto de los \u00e1rbitros. Yo soy muy joven pero usted ha visto alg\u00fan Madrid tan quejoso respecto de los arbitrajes? no cree usted que eso es de segundones?<\/p>\n<p>R.- Las quejas arbitrales siempre han sido propias de los segundones y victimistas. En el Madrid no exist\u00edan porque ganaba casi siempre. Recuerdo a un Valencia enrabietado contra los \u00e1rbitros por una supuesta conspiraci\u00f3n a favor del Madrid y resulta que gan\u00f3 aquella Liga y de repente desaparecieron los fantasmas por Mestalla. <\/p>\n<p>P.- Se critic\u00f3 mucho la apertura que hizo Platini a ciertos pa\u00edses europeos para que tuvieran mayor presencia en la Champions. Este a\u00f1o ya ha habido algunos descalabros de equipos serios y se est\u00e1n metiendo equipos que antes lo ten\u00edan m\u00e1s dificil. Adem\u00e1s, con ello se va a potenciar la segunda ronda de la Europa League. \u00bfLo ve usted as\u00ed o es m\u00e1s cr\u00edtico? Gracias<\/p>\n<p>R.- Me temo que la Europa League no hay quien la potencia por ahora. Veremos si el United y el City se la toman en serio. Respecto a la democratizaci\u00f3n de Platini o Blatter tengo serias dudas, en un tinglado en el que vale tanto el voto de San Marino o Belice como el de Espa\u00f1a o Brasil. Y me hago una pregunta: \u00bfqu\u00e9 dir\u00eda Platini a sus negociantes si, dicho con todo el respeto del mundo, por supuesto, el Appoel y el Basilea juegan unas cuantas finales seguidas?<\/p>\n<p>P.- Jos\u00e9 gracias por tus charlas, tu buen decir y hacer y el de tu equipo. La pregunta: \u00bfrealmente el Real Madrid no tiene jugadores para presentar una alineaci\u00f3n que le discuta la pelota al Bar\u00e7a? Si es que no, imagino que el Sr. Mouri\u00f1o est\u00e1 haciendo lo que puede, pero si es que s\u00ed, como yo creo, \u00bfporqu\u00e9 no lo intenta? Lo otro lo ha intentado 8 veces y s\u00f3lo ha ganado una vez.<\/p>\n<p>R.- desde luego, lo que no tiene el Madrid son centrocampistas como los del Bar\u00e7a. En realidad, ni el Madrid no nadie. El Bar\u00e7a es un equipo de medio campo; el Madrid envida todo en las dos \u00e1reas. Ocurre que cuando uno equipo le tiene tomada la medida a otro es inevitable que \u00e9ste \u00faltimo intente m\u00e1s contrarrestar que gobernar.<\/p>\n<p>P.- Buenas tardes Jos\u00e9, primero felcitarle por su cr\u00f3nica del cl\u00e1sico (me encant\u00f3 aquello de que el segundo tiempo de Iniesta era digno del museo del Prado); ah\u00ed va mi pregunta: cree que el triunfo del Bar\u00e7a fue fruto de la suerte, tal y como dijo el entrenador del Madrid. Yo estoy en total desacuerdo, y conste que soy un barcelonista cr\u00edtico. Gracias y un saludo <\/p>\n<p>R.- El gol de Xavi solo rebot\u00f3 en Marcelo; el de Benzema, previamente rebot\u00f3 dos veces en Busquets, creo recordar. El Madrid perdi\u00f3 porque el Bar\u00e7a acab\u00f3 equilibrando el primer tiempo y fue muy superior en el segundo. No me parece tan dif\u00edcil reconocerlo, como para, a falta de no s\u00e9 qu\u00e9 artima\u00f1as arbitrales, tener que apelar ahora a la ruleta de la fortuna. Hay quien rebobina los partidos a su antojo. \u00bfQue CR pudo hacer el 2-0? Claro, y Messi pudo empatar antes si Casillas no le saca una mano prodigiosa. Y si&#8230;. Y si&#8230;. Y si&#8230; <\/p>\n<p>P.- Sobre boxeo: Es posible que alg\u00fan d\u00eda se pueda modificar las actas por las cuales El Pa\u00eds no informa sobre este deporte? gracias. <\/p>\n<p>R.- Ello depende de la m\u00e1xima autoridad. No es una cuesti\u00f3n de la secci\u00f3n de deportes.<\/p>\n<p>P.- Hola Jos\u00e9, \u00bfC\u00f3mo ves el futuro de Pau Gasol si los Lakers fuerzan su salida del equpo? Viendo las &#8220;novias&#8221; que le pretenden, a m\u00ed me parece muy negro&#8230; Gracias por atendernos, \u00a1un cordial saludo!<\/p>\n<p>R.- Me parece que Gasol, por m\u00e1s que aqu\u00ed no lo queramos entender, no ha logrado sacudirse la fama de blando ni con dos anillos. Bajo los aros, tipos duros, machotes. Parece ser el nuevo showtime que buscan los Lakers.<\/p>\n<p>P.- Buenas tardes Jos\u00e9, un placer \u00bfQue hay en el centro del campo del Madrid aparte de Xabi Alonso?<\/p>\n<p>R.- Mucho m\u00fasculo. Hormig\u00f3n.<\/p>\n<p>P.- Buenas tardes, Jos\u00e9. En el caso de que Guardiola, harto ya de triunfos (si se puede uno hartar de esto), decidiese hacer las maletas a final de temporada&#8230; \u00bfd\u00f3nde cree usted que querr\u00eda entrenar? (doy por hecho que entrenar\u00e1 donde \u00e9l quiera&#8230;). Muchas gracias. Saludos.<\/p>\n<p>R.- Suponiendo que quiera ser en los banquillos. No s\u00e9 d\u00f3nde, pero le veo fuera de Espa\u00f1a. Catar le dej\u00f3 huella.<\/p>\n<p>P.- Hola Jos\u00e9! \u00bfDe verdad el futbol es tan importante, por encima de todo, al punto de paralizar todas las actividades, en la radio, en las TVs, en las cafeterias, etc&#8230;? Hasta hay emisoras que suprimen su programaci\u00f3n para sustituirla por el futbol. Eso s\u00ed, pase lo que pase en el mundo, si donde hay futbol, quitate el tsunami, huelgas, guerras, etc. <\/p>\n<p>R.- Apelo a Bill Shankly: &#8220;El f\u00fatbol no es una cuesti\u00f3n a vida o muerte, sino algo mucho m\u00e1s importante&#8221;.<\/p>\n<p>P.- \u00bfCu\u00e1nto hace que el trabajo no le deja pasarse por El Malec\u00f3n? \u00bfLo m\u00e1s duro de vivir en Madrid es, acaso, no poder disfrutar de su equipo tanto como le gustar\u00eda? Un abrazo<\/p>\n<p>R.- M\u00e1s tiempo del que hubiera deseado, pero me estoy preparando a conciencia para el estreno inminente del nuevo Malec\u00f3n. Con el viejo se fueron toneladas de recuerdos de mi infancia y much\u00edsimos de mis mejores sue\u00f1os.<\/p>\n","protected":false},"excerpt":{"rendered":"<p>El Redactor Jefe de Deportes de EL PA\u00cdS ha charlado con los lectores sobre el cl\u00e1sico y otros temas de la actualidad deportiva. <\/p>\n","protected":false},"author":1,"featured_media":0,"comment_status":"open","ping_status":"open","sticky":false,"template":"","format":"standard","meta":{"footnotes":""},"categories":[],"tags":[],"class_list":["post-9581","post","type-post","status-publish","format-standard","hentry"],"_links":{"self":[{"href":"https:\/\/intervius.com\/index.html\/wp-json\/wp\/v2\/posts\/9581","targetHints":{"allow":["GET"]}}],"collection":[{"href":"https:\/\/intervius.com\/index.html\/wp-json\/wp\/v2\/posts"}],"about":[{"href":"https:\/\/intervius.com\/index.html\/wp-json\/wp\/v2\/types\/post"}],"author":[{"embeddable":true,"href":"https:\/\/intervius.com\/index.html\/wp-json\/wp\/v2\/users\/1"}],"replies":[{"embeddable":true,"href":"https:\/\/intervius.com\/index.html\/wp-json\/wp\/v2\/comments?post=9581"}],"version-history":[{"count":0,"href":"https:\/\/intervius.com\/index.html\/wp-json\/wp\/v2\/posts\/9581\/revisions"}],"wp:attachment":[{"href":"https:\/\/intervius.com\/index.html\/wp-json\/wp\/v2\/media?parent=9581"}],"wp:term":[{"taxonomy":"category","embeddable":true,"href":"https:\/\/intervius.com\/index.html\/wp-json\/wp\/v2\/categories?post=9581"},{"taxonomy":"post_tag","embeddable":true,"href":"https:\/\/intervius.com\/index.html\/wp-json\/wp\/v2\/tags?post=9581"}],"curies":[{"name":"wp","href":"https:\/\/api.w.org\/{rel}","templated":true}]}}