{"id":9556,"date":"2011-12-09T00:00:00","date_gmt":"2006-11-06T00:00:00","guid":{"rendered":"https:\/\/intervius.com\/index.html\/?p=9556"},"modified":"2006-11-06T00:00:00","modified_gmt":"2006-11-06T00:00:00","slug":"Javier_G-_Matallanas9556","status":"publish","type":"post","link":"https:\/\/intervius.com\/index.html\/Javier_G-_Matallanas9556\/","title":{"rendered":"Javier G. Matallanas"},"content":{"rendered":"<p>Pregunta.- hola sr javier,creo que en su momento el madridismo tuvo muchas dudas cuando se ficho a di maria pero ya nadie discute su calidad y su gran talento,ahora mismo es uno de los jugadores mas desequilibrantes del mundo y todavia tiene mucho margen de mejora ya que es muy joven,un saludo.<\/p>\n<p>Respuesta.- Es cierto que al principio hubo dudas porque se pag\u00f3 un dinero importante por su traspaso, creo recordar que 25 millones de euros. Pero est\u00e1 rompiendo en un gran jugador que crece cada vez m\u00e1s cada partido. Por cierto, el pr\u00f3ximo verano, o antes, habr\u00e1 movida porque Di Mar\u00eda quiere un aumento de sueldo&#8230; Un abrazo Rafa!!!<\/p>\n<p>P.- Hola Javier Si el Madrid gana por una diferencia de 2 goles o mas, \u00bfEl Barcelona tiene capacidad de recuperaci\u00f3n? Saludos<\/p>\n<p>R.- Quedar\u00eda a\u00fan mucha Liga y no se podr\u00eda descartar al Bar\u00e7a todav\u00eda. Aunque lo tendr\u00eda complicado.<\/p>\n<p>P.- \u00bfQu\u00e9 te parece que Karanka d\u00e9 la rueda de prensa previa al cl\u00e1sico?<\/p>\n<p>R.- Una nueva falta de respeto de Mourinho a la LFP, a los rivales, a los aficianados y al periodismo. Respeto a Karanka, con quien mantengo una buena relaci\u00f3n, pero en ning\u00fan equipo de la Liga BBVA habla el segundo entrenador. Quiz\u00e1s Mou lo haga para no motivar al Bar\u00e7a, porque la pasada campa\u00f1a le hizo la motivaci\u00f3n a muchos equipos con sus perlas en las ruedas de prensa. No me parece nada bien esta decisi\u00f3n. Adem\u00e1s as\u00ed ma\u00f1ana tiene coartada, \u00bfsi gana habla Mou y si pierda habla Karanka? Eso s\u00ed, espero que hoy Karanka no hable de los \u00e1rbitros&#8230;<\/p>\n<p>P.- Mata, nos puedes contar que esta pasando en el atleti como para que siga Manzano?? de verdad no le tienen cuestionado? acaso ven normal la imagen del atleti fuera de casa desde principio de temporada? y los equipos titulares que saca en casa de inicio?De verdad van a sacrificar a Reyes por mantener a un entrenador que no nos vale y que por mucho que le aguanten no va a estar en la siguiente temporada?<\/p>\n<p>R.- Miguel Angel Gil hab\u00eda tomado la decisi\u00f3n de cesar a Manzano el lunes despu\u00e9s de perder contra el Getafe, pero Clemente Villaverde y Caminero le frenaron porque no hab\u00eda ning\u00fan sustituto (hab\u00edan sondeado a Ancelotti encontr\u00e1ndose con su negativa). Gil Mar\u00edn no piensa llamar a Luis Aragon\u00e9s (tremendo error en mi opini\u00f3n porque Luis meter\u00eda al equipo en Champions seguro). Desde ese d\u00eda Manzano tiene fecha de caducidad y tiene muy complicado acabar la temporada porque el due\u00f1o del equipo no le quiere. La pr\u00f3xima semana queda desvinculado el Cholo Simeone de Racing y es una de las principales opciones para sustituir a Manzano, con el Mono Burgos de ayudante. Aunque Miguel Angel sigue lament\u00e1ndose de que Luis Enrique le dijera que no&#8230;<\/p>\n<p>P.- Buenas mata.Que sentido tiene moverse a un estadio de 70000 espectadores si la media este a\u00f1o en liga no creo que llegue a los 40000 espectadores y el dia del udinese no fuimos ni 15000?<\/p>\n<p>R.- Hombre, se supone que aumentar\u00e1 la masa social en el nuevo estadio como sucedi\u00f3 cuando el traslado al Manzananares. Yo soy un nost\u00e1lgico pertinaz del Calder\u00f3n, pero no hay duda de que el nuevo estadio ser\u00e1 un avance y una posibilidad de crecer&#8230;<\/p>\n<p>P.- Mata nuevo rid\u00edculo esta vez con un segunda b,\u00bfcuanto hay que esperar para cambiar de entrenador?<\/p>\n<p>R.- Parece que se ha optado de nuevo por la v\u00eda de la paciencia. Pero tambi\u00e9n parece evidente que Manzano no da con la tecla y que es muy complicado que termine la temporada en el banquillo del Atl\u00e9tico.<\/p>\n<p>P.- Hola Mata, Parece que el Madrid llega mejor que el bar\u00e7a, pero me da la sensaci\u00f3n que se trata del primer rival de fuste que nos puede dar la verdadera medida del Madrid. \u00bfNo crees que habr\u00eda que ser un poco m\u00e1s prudentes? que yo sepa, el vigente campe\u00f3n de Liga y Champions es el bar\u00e7a y no al rev\u00e9s<\/p>\n<p>R.- Noto demasiada euforia en el madridismo, en cierto modo l\u00f3gica porque el equipo est\u00e1 fant\u00e1stico, lleva 15 partidos seguidos ganando y est\u00e1 jugando muy bien al f\u00fatbol. Adem\u00e1s hay muchas ganas de volver a ganar al Barcelona en Liga. Pero para m\u00ed el Bar\u00e7a es el favorito, porque aunque se ha dejado puntos fuera de casa, en esos tres partidos que empat\u00f3 y en la derrota ante el Getafe mand\u00f3 en el campo y pudo ganar los tres partidos. <\/p>\n<p>P.- Buenas mata.El atleti lleva 15 a\u00f1os sin quedar entre los 3 primeros y siempre se busca a los responsables en el banquillo o en el terreno de juego.Cuando se va a se\u00f1alar al palco?Ti que has visto el atleti anterior a gil en que se parece a este? Un saludo y gracias<\/p>\n<p>R.- El problema del Atl\u00e9tico es estructural. Para esta temporada no cuaj\u00f3 el cambio de modelo con la entrada de Kiko y Toni Mu\u00f1oz a controlar realmente la parcela deportiva. Hasta que no se produzca un cambio en la estructura del club es complicado que sea tercero, por m\u00e1s que sea el tercer presupuesto en esos \u00faltimos 15 a\u00f1os. El Atl\u00e9tico anterior a Gil casi siempre compet\u00eda por la tercera plaza, y muchas veces fue segundo y primero.<\/p>\n<p>P.- Buenas Mata, \u00bfTe atreves a dar un pron\u00f3stico para el Cl\u00e1sico y goleadores?<\/p>\n<p>R.- No, no me atrevo. Pero no es cuesti\u00f3n de valent\u00eda es que no me gusta jugar a pitoniso.<\/p>\n<p>P.- \u00bfCrees que Mourinho saldr\u00e1 con trivote y la defensiva ma\u00f1ana ante el Bar\u00e7a?<\/p>\n<p>R.- Es una de las grandes claves del partido porque Guardiola sacar\u00e1 a su equipo a jugar como siempre, lo haga con defensa de tres o de cuatro. Jugar con trivote tampoco necesariamente es salir a la defensiva porque en Valencia jug\u00f3 con trivote y Khedira y Lass presionaban muy arriba. Aunque ciertamente es una declaraci\u00f3n intenciones. No creo que Mourinho salga al empate, aunque le vale, porque creo que los aficionados del Madrid no entender\u00edan especular con el resultado teniendo la oportunidad de ganar al fin al Bar\u00e7a de Guardiola.<\/p>\n<p>P.- \u00bfQu\u00e9 te parece que suene Luis Aragon\u00e9s para entrenar a la Real Sociedad?<\/p>\n<p>R.- Pues es una posibilidad real que adelant\u00f3 Juan Carlos Rivero el pasado domingo en Estudio Estadio y que no se produjo porque la Real gan\u00f3 in extremis al M\u00e1laga. Eso s\u00ed, Luis no ha querido hablar con la Real por respeto a su entrenador. Creo que Luis lo har\u00eda bien en cualquier equipo y seguro que sacar\u00eda rendimiento a la Real Sociedad. Luis es necesario para la Liga. A \u00e9l le encantar\u00eda retirarse en el Atl\u00e9tico, pero los due\u00f1os del Atl\u00e9tico parece que no le quieren.<\/p>\n<p>P.- crees q la alineacion del BARCA contra el BATE pone en un aprieto al REAL MADRID,MAS DESPUES DE LA alineacion contra el ajax<\/p>\n<p>R.- Comparar alineciones de esos dos partidos de Champions denota dos estilos y dos filosof\u00edas distintas. Guardiola jug\u00f3 con el Bar\u00e7a B y gole\u00f3. Mou jug\u00f3 con sus suplentes y gan\u00f3, aunque al Ajax le anularon dos goles legales. Mou tir\u00f3 de un jugador del Castilla, Mendes, que es suplente en el filial y no sac\u00f3 a Jes\u00e9 que es la gran esperanza y el jugador m\u00e1s ilusionante de la cantera madridista. Es otra declaraci\u00f3n de intenciones, de que pasa bastante de subir canteranos y contar con ellos en el primer equipo. Adem\u00e1s Mou puso a Higuain y Benzema, que se disputan un puesto, sac\u00f3 media hora a Xabi Alonso, el jugador m\u00e1s importante del Madrid y Guardiola no sac\u00f3 a ning\u00fan titular que ponga el s\u00e1bado (yo creo que pondr\u00e1 a Villa y no a Isaac Cuenca).<\/p>\n<p>P.- Se est\u00e1n publicando muchos libros de f\u00fatbol estos d\u00edas, \u00bfte los ha le\u00eddo ya? \u00bfCu\u00e1l recomiendas?<\/p>\n<p>R.- Son maravillosos todos. El de Miguel Guit\u00e9rrez, Frases de f\u00fatbol, es un libro de cabecera para los futboleros. Imprescindible. El libro de Miguel Angel \u00c1lvaro, La Ley del Silbato, tambi\u00e9n es bueno y sirve para aproximarnos a la figura de los \u00e1rbitros, tan injustamente tratados en la historia del f\u00fatbol. Y el de Carlos Mara\u00f1\u00f3n, Un partido de leyenda, sobre todos los detalles de Evasi\u00f3n o Victoria, es una joya. El de Orfeo Su\u00e1rez de entrenadores tambi\u00e9n est\u00e1 muy bien&#8230; Estos d\u00edas me estoy leyendo el pr\u00f3ximo libro que publicar\u00e1 Alfredo Rela\u00f1o en febrero sobre la rivalidad hist\u00f3rica de Madrid y Barcelona y es alucinante!!! Leer toda la historia en la semana previa al cl\u00e1sico es un privilegio. Hay historias sorprendentes e in\u00e9ditas. <\/p>\n<p>P.- Un pregunta estupida. A que espera el estado para exigir el pago a los clubs la deuda que tienen con hacienda y la seguridad social y que mientras no paguen no puedan gastar un euro.No deberian ser los due\u00f1os de los clubs responsables de la deuda que generan y llegado el caso que tuviesen que responder con su patrimonio personal?<\/p>\n<p>R.- Seguro que Rajoy meter\u00e1 tambi\u00e9n mano ah\u00ed&#8230; <\/p>\n<p>P.- hola no piensas que el madrid deberia de jugar con la siguiente alineacion casillas en la porteria atras con arbeloa en el lateral pepe y ramos en el centro de la defensa marcelo por la otra banda. delante de estos a lasss de contencion y depues en medio a kaka y alonso. en la parte de adelante cristiano y di amria por las bandas y benema delantero centro<\/p>\n<p>R.- -Es un buen once. A ver como est\u00e1 Arbeloa, que acab\u00f3 con molestias en su regreso ante el Ajax.Si no juega Arbeloa, su sustituto puede ser Coentrao, que ya jug\u00f3 de lateral derecho el \u00faltimo partido liguero y Lass en el centro del campo, aunque hay quien apunta que ser\u00eda Lass el lateral. Kak\u00e1 me parece que no tiene muchas opciones y que Mou prefiere a Khedira. Y entre Benzema e Higuain veremos a quien elige, los dos est\u00e1n fant\u00e1sticos. El resto ser\u00e1n los que a ti te gustan.<\/p>\n<p>P.- Buenas tardes! \u00bfCrees que el madrid va a plantear un partido bronco, duro para frenar el juego de toque del Bar\u00e7a? \u00bfEl madrid planteara un partido a la contra? \u00bfQuien prefieres que juege Alexis o Villa? Saludos.<\/p>\n<p>R.- Hombre seguro que Mourinho despu\u00e9s de lo que raj\u00f3 del Atl\u00e9tico tras el \u00faltimo derbi no plantea un partido bronco y duro (modo iron\u00eda!!!) Al contragolpe si jugar\u00e1 no ya porque lo plantee Mou, sino porque le obligar\u00e1 el Bar\u00e7a de Guardiola. Prefiero que juegue Villa y creo que va a jugar Villa, aunque a lo mejor tambi\u00e9n juega Alexis en la otra banda. <\/p>\n<p>P.- Buenas Javier me pregunta es si el Madrid Ganase la liga y no hubiera ganado ningun cl\u00e1sico. \u00bfT\u00fa crees que eso es un fracaso de Mourinho? <\/p>\n<p>R.- No. Ser\u00eda una gran noticia para el madridismo.<\/p>\n<p>P.- Hola Javier, que tipo de defensa cres que va a poner Guardiola en el Bernabeu. de 3 o 4 saludos.<\/p>\n<p>R.- Creo que jugar\u00e1 con defensa de tres, no estoy seguro si de principio, creo que s\u00ed, o a lo largo del partido&#8230;<\/p>\n","protected":false},"excerpt":{"rendered":"<p>Javier G. Matallanas, adjunto a la direcci\u00f3n de AS, ha charlado con los lectores e internautas sobre la actualidad deportiva, poniendo especial atenci\u00f3n al pr\u00f3ximo Cl\u00e1sico entre el Real Madrid y el Barcelona.<\/p>\n","protected":false},"author":1,"featured_media":0,"comment_status":"open","ping_status":"open","sticky":false,"template":"","format":"standard","meta":{"footnotes":""},"categories":[],"tags":[],"class_list":["post-9556","post","type-post","status-publish","format-standard","hentry"],"_links":{"self":[{"href":"https:\/\/intervius.com\/index.html\/wp-json\/wp\/v2\/posts\/9556","targetHints":{"allow":["GET"]}}],"collection":[{"href":"https:\/\/intervius.com\/index.html\/wp-json\/wp\/v2\/posts"}],"about":[{"href":"https:\/\/intervius.com\/index.html\/wp-json\/wp\/v2\/types\/post"}],"author":[{"embeddable":true,"href":"https:\/\/intervius.com\/index.html\/wp-json\/wp\/v2\/users\/1"}],"replies":[{"embeddable":true,"href":"https:\/\/intervius.com\/index.html\/wp-json\/wp\/v2\/comments?post=9556"}],"version-history":[{"count":0,"href":"https:\/\/intervius.com\/index.html\/wp-json\/wp\/v2\/posts\/9556\/revisions"}],"wp:attachment":[{"href":"https:\/\/intervius.com\/index.html\/wp-json\/wp\/v2\/media?parent=9556"}],"wp:term":[{"taxonomy":"category","embeddable":true,"href":"https:\/\/intervius.com\/index.html\/wp-json\/wp\/v2\/categories?post=9556"},{"taxonomy":"post_tag","embeddable":true,"href":"https:\/\/intervius.com\/index.html\/wp-json\/wp\/v2\/tags?post=9556"}],"curies":[{"name":"wp","href":"https:\/\/api.w.org\/{rel}","templated":true}]}}