{"id":9524,"date":"2011-12-02T00:00:00","date_gmt":"2006-11-06T00:00:00","guid":{"rendered":"https:\/\/intervius.com\/index.html\/?p=9524"},"modified":"2006-11-06T00:00:00","modified_gmt":"2006-11-06T00:00:00","slug":"Nubia_Macias9524","status":"publish","type":"post","link":"https:\/\/intervius.com\/index.html\/Nubia_Macias9524\/","title":{"rendered":"Nubia Mac\u00edas"},"content":{"rendered":"<p>Pregunta.- \u00bfque importancia tiene para una editora que un escritor tenga concursos literarios ganados?<\/p>\n<p>Respuesta.- Hola, buenos d\u00ecas desde la fiesta de los lectores en Guadalajara. FIL 2011. me da mucho gusto volver a saludarlos, hace un a\u00f1o que no platicaba con ustedes. Mucha, significa que eliges muy bien a tus autores y sobre todo cuidas la calidad literaria de sus textos. Adem\u00e1s de los beneficios econ\u00edmicos que eso representa, significar\u00eda que est\u00e1s haciendo bien tu trabajo. <\/p>\n<p>P.- Querida Nubia, te lo pregunt\u00e9 hace meses en Zaragoza y te insisto ahora: \u00bfpor qu\u00e9 no proyectas unos &#8220;Ecos de la FIL&#8221; en Espa\u00f1a? Necesitamos algo del aliento de esa Feria&#8230; Gracias por vuestra hospitalidad. Y por el ejemplo. Un abrazo.<\/p>\n<p>R.- Querida Mar\u00eda, este a\u00f1o estamos transmitiendo por el canal Leer gran parte de la programaci\u00f3n de la Feria. All\u00ed se persentan, entre otras cosas, los promotores de lectura y que promueven el gusto por la lectura. Estamos muy contentos porque en esta edici\u00f3n hemos logrado 107 ecos de la FIL y creo que hemos provocado un enamoramiento entre autores y lectores j\u00f3venes. Para quien no lo sabe, Ecos de la FIL es la visita de un autor a colegios de todo el estado de Jalisco y la reuni\u00f3n se da entre los chavos que ya leyeron la obra y el escritor respectivo. <\/p>\n<p>P.- Hola Nubia, escribo desde Per\u00fa y con alegr\u00eda veo que en mi pa\u00eds las ferias de libro aumentan por ciudad, sin embargo, mi pregunta es \u00bfc\u00f3mo podemos hacer sostenibles estas ferias y que no pasen de ser un ejercicio de entusiasmo de solo algunas personas?<\/p>\n<p>R.- Querido Pablo, que gusto saludarte a ti y a todos tus paisanos. Las ferias para que funcionen se las tiene que apropiar el p\u00fablico. Esas son las metas que cualquier organizador de evento cultural debe tener como prioridad. Creo que es la mejor manera de garantizar la continuidad de los proyectos culturales en nuestra Am\u00e9rica Latina. Nunca hay que perder de vista a qui\u00e9n queremos llegar y saber, tambi\u00e9n, que todos los p\u00fablicos son diferentes. Por eso recomiendo atenderlos a todos. <\/p>\n<p>P.- \u00bfC\u00f3mo ves el papel de las peque\u00f1as editoriales literarias en este mundo cambiante? enhorabuena por tu fant\u00e1stico trabajo<\/p>\n<p>R.- Est\u00e1n demostrando que juegan un papel esencial en el presente y el futuro, ya no solo del negocio del libro sino de la misma creaci\u00f3n literaria. Son los mejores buscadores del talento literario, y creo que si aprenden a trabajar en Red conseguir\u00e1n que, en realidad, el libro circule entre todos los que hablamos espa\u00f1ol. Adem\u00e1s de estar impregnados del romanticismo del editor y amor por la lectura, no deben perder de vista en qu\u00e9 mundo est\u00e1n y utilizar las mejores herramientas para llevar a cabo su feliz proyecto. La gran literatura debe llegarnos a los lectores. <\/p>\n<p>P.- Estimada Nubia, para cuando la Feria del Libro de Guadalajara tiene previsto mirar al c\u00f3mic hecho en espa\u00f1ol y comenzar a contar con este medio de comunicaci\u00f3n y sus editores, autores, cr\u00edticos,&#8230;.etc<\/p>\n<p>R.- Querido Paco, la Feria quiere atender a todos los p\u00fablicos y necesitamos que los editores de c\u00f3mics se sumen a la fiesta del libro. Ya hemos empezado: por ejemplo tenemos varios stands especialziados, organizamos eventos y encuentros entre dichos artistas y el p\u00fablico, y, adem\u00e1s, entregamos el premio La Catrina. Si tienes cuates que quieran venir diles que nos llamen.<\/p>\n<p>P.- \u00bfCu\u00e1les ser\u00e1n los pr\u00f3ximos pa\u00edses, regiones o culturas invitados a la FIL? \u00bfHan invitado alguna vez a Portugal? \u00bfContemplan la organizaci\u00f3n de actividades paralelas, dedicadas al pa\u00eds invitado, que pudieran alargar la FIL unos d\u00edas?<\/p>\n<p>R.- Estimado Juan. La FIL recibir\u00e1 en el 2012 a Chile, y estamos trabajando en cuatro propuesta para 2013 y 2014: por un lado mediano y lejano Oriente, tambi\u00e9n he recibido un par de propuestas europeas y otras tantas de Am\u00e9rica Latina. Portugal ya se nos ha acercado pero es un proyecto de mediano plazo. La FIL se extiende m\u00e1s all\u00e1 del reciento ferial y de los nueve d\u00edas. Las exposicioones que nos trajo Alemania se quedar\u00e1n en los museos de la ciudad hasta finales de enero de 2012. Sin embargo, te adelanto que Portugal traer\u00e1 escritores a partir de nuestra pr\u00f3xima edici\u00f3n. Este chisme es s\u00f3lo para ti. <\/p>\n<p>P.- Acabo de estar en la Feria, y de regreso a Espa\u00f1a quer\u00eda hacerla una pregunta \u00bfporqu\u00e9 no una FIL m\u00e1s pura, sin tenderetes de ventas de art\u00edculos religiosos o televisi\u00f3n por cable?, creo que si FIL sigue el ejemplo de Frankfurt podr\u00eda, definitivamente, coronarse como la segunda mejor feria del libro del mundo Un saludo<\/p>\n<p>R.- Hola IM. Nosotros no queremos parecernos a nadie. Hemos optado por un tipo de feria incluyente donde toda la cadena del libro tiene un espacio. Las televisoras y medios de comunicaci\u00f3n establecidos en el Pabell\u00f3n Internacional son los que permiten que el mundo se entere del intercambio editorial, de los libros que aqu\u00ed se venden y del bello encuentro que se da entre el autor y los lectores. Creo que las ferias son un espacio de libertad y creaci\u00f3n donde, salvo lo que haga apolog\u00eda de la violencia, todos los libros, en su amplia diversidad, deben estar presentes para complacer a la gran diversidad de lectores y de personas que vienen a hacer negocios. Nosotros queremos llegar a los lectores porque todos merecen nuestro respeto y aprecio. <\/p>\n<p>P.- Sra. Mac\u00edas: Estoy muy perdido en esto de las letras en espa\u00f1ol. \u00bfMe recomienda media docena de libros, de ayer y de hoy, para empezar a transitar por la senda de la literatura de Espa\u00f1a y de la Am\u00e9rica que habla en espa\u00f1ol? Muchas gracias y siga haciendo tan buen trabajo.<\/p>\n<p>R.- Hola PegadoalMediterr\u00e1neo. Para empezar hay que leer a los autores cl\u00e1sicos y te voy a recomendar a algunos autores contempor\u00e1neos que me gustan: la antipoes\u00eda de nuestro premio Cervantes Nicanor Parra; de Jos\u00e9 Emilio Pacheco, su poes\u00eda, su narrativa y sus traducciones; tambi\u00e9n la magn\u00edfica poes\u00eda del argentino Juan Gelman; Juan Rulfo, aunque es un cl\u00e1sico, es imprescindible; otro paisano m\u00edo que me encanta es Juan Jos\u00e9 Arreola y su Confabulario; Miguel Delibes, y luego hay que explorar la narrativa joven que est\u00e1 dando autores de much\u00edsimo talento. No te pierdas Aura de Carlos Fuentes y La fiesta del Chivo de Mario Vargas Llosa. Puedo seguir pero creo que esto es un buen comienzo.<\/p>\n<p>P.- Hola Nubia -\u00bfCu\u00e1l es el futuro de las revistas deportivas en Latinoam\u00e9rica? -Por qu\u00e9 el libro no es un art\u00edculo de primera necesidad en Latino\u00e1merica?<\/p>\n<p>R.- Estimado Plat\u00f3n63. Los suplementos deportivos son los que m\u00e1s se leen, y por eso nos encantar\u00eda que incluyeran cuentos y poemas. El libro s\u00ed es art\u00edculo de primera necesidad, lo que tenemos que conseguir es que llegue a todos los ciudadanos y que ellos se entusiasmen por \u00e9l de la misma manera que lo hacen por los suplementos deportivos.<\/p>\n<p>P.- Aparte de las antolog\u00edas de escritores centroamericanos, \u00bfno han pensado en la posibilidad de crear un premio de novela o relatos s\u00f3lo para escritores centroamericanos?<\/p>\n<p>R.- Hola Centro. La FIL no quiere marginar a Centroam\u00e9rica con un premio especializado. Lo que conviene es que los promovamos mucho, que la industria editorial centroamericana nos visite y que todos sumenos esfuerzos para que el resto del mundo empiece a reconocer a sus autores m\u00e1s all\u00e1 de Rub\u00e9n Dar\u00edo y Augusto Monterroso., y esto les permita ganar los premios que se merecen, sobre todo el de los lectores. <\/p>\n","protected":false},"excerpt":{"rendered":"<p>La responsable de la mayor cita de la industria editorial y de la creaci\u00f3n literaria en castellano hace balance de la edici\u00f3n de 2011 y responde a los lectores<\/p>\n","protected":false},"author":1,"featured_media":0,"comment_status":"open","ping_status":"open","sticky":false,"template":"","format":"standard","meta":{"footnotes":""},"categories":[],"tags":[],"class_list":["post-9524","post","type-post","status-publish","format-standard","hentry"],"_links":{"self":[{"href":"https:\/\/intervius.com\/index.html\/wp-json\/wp\/v2\/posts\/9524","targetHints":{"allow":["GET"]}}],"collection":[{"href":"https:\/\/intervius.com\/index.html\/wp-json\/wp\/v2\/posts"}],"about":[{"href":"https:\/\/intervius.com\/index.html\/wp-json\/wp\/v2\/types\/post"}],"author":[{"embeddable":true,"href":"https:\/\/intervius.com\/index.html\/wp-json\/wp\/v2\/users\/1"}],"replies":[{"embeddable":true,"href":"https:\/\/intervius.com\/index.html\/wp-json\/wp\/v2\/comments?post=9524"}],"version-history":[{"count":0,"href":"https:\/\/intervius.com\/index.html\/wp-json\/wp\/v2\/posts\/9524\/revisions"}],"wp:attachment":[{"href":"https:\/\/intervius.com\/index.html\/wp-json\/wp\/v2\/media?parent=9524"}],"wp:term":[{"taxonomy":"category","embeddable":true,"href":"https:\/\/intervius.com\/index.html\/wp-json\/wp\/v2\/categories?post=9524"},{"taxonomy":"post_tag","embeddable":true,"href":"https:\/\/intervius.com\/index.html\/wp-json\/wp\/v2\/tags?post=9524"}],"curies":[{"name":"wp","href":"https:\/\/api.w.org\/{rel}","templated":true}]}}