{"id":9518,"date":"2011-11-30T00:00:00","date_gmt":"2006-11-06T00:00:00","guid":{"rendered":"https:\/\/intervius.com\/index.html\/?p=9518"},"modified":"2006-11-06T00:00:00","modified_gmt":"2006-11-06T00:00:00","slug":"Alfonso_Alonso9518","status":"publish","type":"post","link":"https:\/\/intervius.com\/index.html\/Alfonso_Alonso9518\/","title":{"rendered":"Alfonso Alonso"},"content":{"rendered":"<p>Pregunta.- Sr. Alonso: Amaiur es un partido legal, tiene unos cuantos cientos de miles de votos y representa a una buena parte de los vascos. \u00bfNo le parece que no recibir a Amaiur es una muestra de poca cultura democr\u00e1tica por parte del PP?<\/p>\n<p>Respuesta.- Amaiur es una coalici\u00f3n formada por EA, Aralar, Iniciativa y personas que provienen de la extinta Batasuna. Precisamente ayer el PP vasco, encabezado por Antonio Basagoiti mantuvo una reuni\u00f3n con Aralar. Pero es obvio que a otros integrantes de esta coalici\u00f3n, que han venido respaldando durante d\u00e9cadas la acci\u00f3n criminal de ETA, les queda mucho camino por recorrer para llegar a acreditar unas convicciones plenamente democr\u00e1ticas. Son ellos los que tienen que demostrar que de verdad aceptan la democracia, respetan el Estado de Derecho y acatan las reglas de juego.<\/p>\n<p>P.- No hace demasiado tiempo dijo Rajoy que la pol\u00edtica que aplicar\u00eda de llegar a la Presidencia del Gobierno ser\u00eda similar a la que comenzo aplicando Cameron en Inglaterra. \u00bfCree usted que lo har\u00e1? <\/p>\n<p>R.- La situaci\u00f3n del Reino Unido y la de Espa\u00f1a son muy diferentes. Podemos tomar ejemplo de recetas aplicadas por otros, pero tenemos necesidades y problemas propios, fundamentalmente la tasa de paro m\u00e1s alta de la OCDE. Adem\u00e1s, Espa\u00f1a es un pais miembro de la eurozona. La pol\u00edtica monetaria no depende de nosotros. Espa\u00f1a necesita aplicar un programa de reformas estructurales: austeridad, estabilidad presupuestario, saneamiento del sistema financiero para que fluya el cr\u00e9dito a empresas y familias, una reforma laboral que fomente la creaci\u00f3n de empleo, apoyo a los emprendedores y en general todo un conjunto de reformas que promuevan la competitvidad de nuestra econom\u00eda.<\/p>\n<p>P.- Buenos d\u00edas \u00bfCree que la decisi\u00f3n del Gobierno de La Rioja (del PP) de no atender a ciudadanos de otras Comunidades lim\u00edtrofes es un hecho puntual que se resolver\u00e1, o por el contrario, va a ser la t\u00f3nica de la pol\u00edtica de las Comunidades aut\u00f3nomas de su partido, teniendo en cuenta que gobierna en casi todas, para reducir el gasto sanitario aun a riesgo de destruir la solidaridad interterritorial? Gracias<\/p>\n<p>R.- Es imprescindible garantizar que todos los ciudadanos que residen en Espa\u00f1a tengan acceso a la sanidad p\u00fablica en las mismas condiciones en todo el territorio nacional. Esa y no otra es la pol\u00edtica del Partido Popular.<\/p>\n<p>P.- \u00bfQu\u00e9 opina de la ambig\u00fcedad absoluta mantenida por el PP antes durante y despu\u00e9s de las elecciones sobre lo que van a hacer? \u00bfQu\u00e9 entiende por la frase de M.Rajoy &#8220;No haremos milagros, no los hemos prometido&#8230;&#8221;? <\/p>\n<p>R.- La prudencia es una cualidad imprescindible siempre para el buen gobierno de una naci\u00f3n. Y ahora, m\u00e1s que nunca. El Gobierno actuar\u00e1 con determinaci\u00f3n y responsabilidad, diciendo la verdad, no haciendo nunca falsas promesas ni generando expectativas imposibles.<\/p>\n<p>P.- \u00bfCu\u00e1ndo llegara el tren de alta velocidad a Vitoria?<\/p>\n<p>R.- Burgos-Vitoria va bastante retrasado. La llegada de la alta velocidad es una prioridad para nosotros, que necesita un mayor impulso y una actitud m\u00e1s diligente.<\/p>\n<p>P.- El actual alcalde de Vitoria, su compa\u00f1ero Javier Maroto, ha defendido p\u00fablicamente la Ley que permite las uniones matrimoniales entre dos personas del mismo sexo. \u00bfEst\u00e1 usted m\u00e1s cerca de la posici\u00f3n m\u00e1s liberal de Maroto o del ala conservadora del partido? En otras palabras: si el T. Constitucional declara inconstitucional la Ley, \u00bfhabr\u00e1 que adaptar la Constituci\u00f3n o adaptar la Ley?<\/p>\n<p>R.- Yo mismo fui de los primeros en defender p\u00fablicamente el matrimonio homosexual cuando era alcalde de Vitoria. Me alegro de que el actual alcalde piense lo mismo. Pero eso no es incompatible con que apoye que el Tribunal Constitucional despeje las dudas que se han planteado. Y naturalmente, respetaremos las decisiones del alto tribunal.<\/p>\n<p>P.- \u00bfQui\u00e9n ser\u00e1 el ministro de Econom\u00eda y Hacienda?<\/p>\n<p>R.- Lo decidir\u00e1 Rajoy y estoy seguro de que escoger\u00e1 a los mejores para su gobierno.<\/p>\n<p>P.- \u00bfLe ha ofrecido ya Mariano Rajoy alg\u00fan ministerio?<\/p>\n<p>R.- No<\/p>\n<p>P.- \u00bfQue opina de la intenci\u00f3n que tiene su partido de quitar a Amaiur la posibilidad de formar grupo propio? \u00bfNo le parece antidemocratico el dejar sin grupo propio a una fuerza que adem\u00e1s de cumplir todos los requisitos para tener grupo propio es la primera fuerza en Euskadi?<\/p>\n<p>R.- La posibilidad de formar grupo la establece el reglamento del Congreso. El PP ni pone ni quita grupos.<\/p>\n<p>P.- \u00bfVan a ser ustedes coherententes con todas las manifestaciones, articulos y opiniones, que definieron la postura de su partido sobre como un gobierno debe tratar con ETA, para acabar con la banda?, o al menos, \u00bfespera que la oposici\u00f3n, con respecto a terrorismo, del sr. Rubalcaba sea m\u00e1s laxa y colaboradora que lo fue la de sr. Rajoy?<\/p>\n<p>R.- Vamos, por supuesto a mantener nuestra coherencia. Nuestro principio es ley y estado de derecho. Velaremos por la defensa de nuestra democracia y conf\u00edo en que contaremos con la colaboraci\u00f3n del PSOE, sea cual sea su l\u00edder.<\/p>\n<p>P.- \u00bfte gustar\u00eda que en la TDT vasca hubiese mas teles privadas emitiendo \u00edntegramente en euskera?<\/p>\n<p>R.- S\u00ed, pero depende de la iniciativa privada. Mientras tanto, es l\u00f3gico que la ETB mantenga su canal en euskera, en apoyo de la lengua.<\/p>\n<p>P.- \u00bfQu\u00e9 le parecen los casos de corrupci\u00f3n del Partido Popular en la Comunidad Valenciana? \u00bfPara cu\u00e1ndo una regeneraci\u00f3n democr\u00e1tica en su partido? \u00bfSer\u00eda usted partidario de excluir a los corruptos de las listas electorales?<\/p>\n<p>R.- El Partido Popular est\u00e1 comprometido con la lucha contra la corrupci\u00f3n y la defensa de la calidad de nuestra democracia. Otros, a los que se les ha llenado la boca con los posibles casos de corrupci\u00f3n de miembros del PP, la tienen muy cerrada cuando los casos les afectan directamente.<\/p>\n<p>P.- Se\u00f1or Alonso: \u00bfQu\u00e9 opina su partido del indulto al banquero S\u00e1enz?<\/p>\n<p>R.- Es una decisi\u00f3n del Gobierno. Pienso que el Gobierno deber\u00eda ser m\u00e1s expl\u00edcito a la hora de explicar las razones que han motivado una decisi\u00f3n de este calado.<\/p>\n<p>P.- \u00bfPara cu\u00e1ndo la daci\u00f3n en pago como en otros pa\u00edses? Es la \u00fanica alternativa para personas que lo han perdido todo y posibilita que al menos puedan empezar de nuevo. Eso o la esclavitud y pobreza extrema, m\u00e1s paro, diferencias y conflictos sociales.<\/p>\n<p>R.- La llamada daci\u00f3n en pago existe ya en nuestro marco legal. Debemos potenciarla, intentando favorecer un producto hipotecario adecuado para las familias. Por otra parte, no se aplica con efecto retroactivo. Es preciso poner en marcha las medidas que propuso la subcomisi\u00f3n para la reforma del mercado hipotecario que se celebr\u00f3 en el Congreso la \u00faltima legislatura.<\/p>\n<p>P.- Ustedes dijeron que gobernar\u00edan para todos y con todos, \u00bfpor qu\u00e9 dicen ahora que pueden aprobar una reforma laboral sin consenso?<\/p>\n<p>R.- Mariano Rajoy ha llamado a los agentes sociales antes incluso de ser investido presidente. Trabajamos por el consenso con todos, pero somos conscientes de la necesidad urgente de tomar decisiones.<\/p>\n<p>P.- Sr. Alonso, mi pregunta es breve: \u00bfQu\u00e9 piensa de los nacionalismos vasco y catal\u00e1n? \u00bfSu partido o ud. consideran la opci\u00f3n de que alg\u00fan d\u00eda podamos decidir sobre nuestro futuro? Gracias de antemano.<\/p>\n<p>R.- Respeto a quienes se sienten nacionalistas, porque creo en el pluralismo pol\u00edtico. Pero tambi\u00e9n en el respeto al marco constitucional que sustenta nuestra democracia.<\/p>\n<p>P.- \u00bfCu\u00e1les son tus puntos fuertes como hombre de estado? \u00bfqu\u00e9 podr\u00edas aportar desde un ministerio, si Rajoy decide nombrarte ministro? <\/p>\n<p>R.- No es tiempo de ambiciones personales. Lo que hay que hacer es trabajar, trabajar y trabajar. Espero que ese sea mi punto fuerte.<\/p>\n<p>P.- \u00bfQue va a ocurrir con el aborto y los extranjeros que no tengan trabajo en Espa\u00f1a?<\/p>\n<p>R.- Son dos cuestiones muy diferentes. En el aborto ya hemos anunciado nuestra intenci\u00f3n de reformar los aspectos m\u00e1s problem\u00e1ticos de la actual ley, como que las menores puedan abortar sin el conocimiento de sus padres. En cuanto a los extranjeros, es verdad que sufren una tasa de paro muy elevada. Espa\u00f1a debe volver a ser un pais de oportunidades. Eso s\u00ed, siempre desde la legalidad.<\/p>\n<p>P.- \u00bfEstarian ustedes de acuerdo en cambiar la ley electoral de circunscripciones por otra sin circunscripciones? Con ello, por ejemplo, Bildu y Amaiur obtendr\u00edan menos representaci\u00f3n en las Cortes. Lo piden, por ejemplo, IU y UPyD <\/p>\n<p>R.- Cualquier reforma de la ley electoral debe contar con un consenso amplio, como un pacto de estado. De hecho, acabamos de reformarla con ese amplio consenso. Pienso que la ley electoral espa\u00f1ola mantiene un equilibrio entre la garant\u00eda de representaci\u00f3n de las minor\u00edas y la posibilidad de formar gobiernos estables. Ser\u00eda muy prudente a la hora de ensayar otras f\u00f3rmulas.<\/p>\n<p>P.- \u00bfeste pa\u00eds tiene soluci\u00f3n?<\/p>\n<p>R.- Es un pa\u00eds fant\u00e1stico, con una sociedad que ha demostrado que puede superar las dificultades, como lo hemos hecho en el pasado. Nos hace falta recuperar la confianza en nosotros mismos y fijar un rumbo claro.<\/p>\n<p>P.- \u00bfPor qu\u00e9 cree usted que habiendo tanta corrupci\u00f3n en algunos gobiernos del PP, como en Baleares y Valencia, no les pasa factura en las elecciones? \u00bfEs que a sus votantes no le importan los corruptos?<\/p>\n<p>R.- Una mayor\u00eda muy amplia se inclin\u00f3 por votar al PP, tambi\u00e9n en la confianza de que actuar\u00e1 decididamente a favor de la ejemplaridad de la vida pol\u00edtica. Debemos sentirnos muy comprometidos con ese mandato y as\u00ed lo haremos en todo caso.<\/p>\n<p>P.- \u00bfCree usted que ahora con el PP, se destaparan casos de corrupcion en el PSOE?\u00bfO que realmente ahora se destaparan a\u00fan mas los del PP? <\/p>\n<p>R.- La ley es igual para todos. Garantizaremos que a partir de ahora se acabe el doble rasero y que los fiscales persigan los delitos con indepencia del color pol\u00edtico.<\/p>\n<p>P.- \u00bfSigue diciendo Mayor Oreja que el Gobierno est\u00e1 negociando con ETA? \u00bfQu\u00e9 opina usted de las declaraciones de este dirigente del PP? <\/p>\n<p>R.- Yo respeto las opiniones de Mayor Oreja y defiendo la postura de mi partido contra el terrorismo.<\/p>\n<p>P.- \u00bfPor qu\u00e9 el PP no ha condenado la violencia ejercida por uno de sus simpatizantes en G\u00e9nova el pasado 20N? \u00bfQu\u00e9 os diferencia de AMAIUR? \u00bfNo se debe condenar la violencia si se tiene mayor\u00eda absoluta? <\/p>\n<p>R.- No comparto que se insulte a nadie. Pero tampoco es bueno establecer equidistancias o comparaciones entre supuestos tan distintos. En Amaiur hay quienes no terminan de llegar a la democracia.<\/p>\n<p>P.- \u00bfVa a seguir el PP la iniciativa de IU de rechazar las pensiones vitalicias?<\/p>\n<p>R.- Si se refiere al complemento que ha venido abonando la C\u00e1mara a algunos diputados que no alcanzaban la pensi\u00f3n m\u00e1xima, el PP fue el primero en proponer la reforma de este asunto y acabar con los privilegios.<\/p>\n<p>P.- Acaba usted de decir en una de sus respuestas que &#8220;es imprescindible garantizar que todos los ciudadanos que residen en Espa\u00f1a&#8221;. Sin embargo, el presidente de La Rioja, que impide a los vascos utilizar su sistema sanitario, es del PP. \u00bfQu\u00e9 me responde a eso?<\/p>\n<p>R.- Hoy mismo se debate este asunto en el Parlamento vasco. Espero de verdad que impere el sentido com\u00fan, se resuelva este tema y no se castigue a los ciudadanos, que no tienen culpa de esto. El gobierno vasco y el riojano deben llegar a un acuerdo cuanto antes.<\/p>\n","protected":false},"excerpt":{"rendered":"<p>El dirigente popular charla con los lectores sobre los principales problemas econ\u00f3micos que deber\u00e1 afrontar el Gobierno de Rajoy y el futuro de Euskadi tras el cese definitivo de la violencia de ETA y la presencia de Bildu y Amaiur en las instituciones.<\/p>\n","protected":false},"author":1,"featured_media":0,"comment_status":"open","ping_status":"open","sticky":false,"template":"","format":"standard","meta":{"footnotes":""},"categories":[],"tags":[],"class_list":["post-9518","post","type-post","status-publish","format-standard","hentry"],"_links":{"self":[{"href":"https:\/\/intervius.com\/index.html\/wp-json\/wp\/v2\/posts\/9518","targetHints":{"allow":["GET"]}}],"collection":[{"href":"https:\/\/intervius.com\/index.html\/wp-json\/wp\/v2\/posts"}],"about":[{"href":"https:\/\/intervius.com\/index.html\/wp-json\/wp\/v2\/types\/post"}],"author":[{"embeddable":true,"href":"https:\/\/intervius.com\/index.html\/wp-json\/wp\/v2\/users\/1"}],"replies":[{"embeddable":true,"href":"https:\/\/intervius.com\/index.html\/wp-json\/wp\/v2\/comments?post=9518"}],"version-history":[{"count":0,"href":"https:\/\/intervius.com\/index.html\/wp-json\/wp\/v2\/posts\/9518\/revisions"}],"wp:attachment":[{"href":"https:\/\/intervius.com\/index.html\/wp-json\/wp\/v2\/media?parent=9518"}],"wp:term":[{"taxonomy":"category","embeddable":true,"href":"https:\/\/intervius.com\/index.html\/wp-json\/wp\/v2\/categories?post=9518"},{"taxonomy":"post_tag","embeddable":true,"href":"https:\/\/intervius.com\/index.html\/wp-json\/wp\/v2\/tags?post=9518"}],"curies":[{"name":"wp","href":"https:\/\/api.w.org\/{rel}","templated":true}]}}