{"id":9517,"date":"2010-01-28T00:00:00","date_gmt":"2006-11-06T00:00:00","guid":{"rendered":"https:\/\/intervius.com\/index.html\/?p=9517"},"modified":"2006-11-06T00:00:00","modified_gmt":"2006-11-06T00:00:00","slug":"Javier_G-_Matallanas9517","status":"publish","type":"post","link":"https:\/\/intervius.com\/index.html\/Javier_G-_Matallanas9517\/","title":{"rendered":"Javier G. Matallanas"},"content":{"rendered":"<p>Pregunta.- \u00a1Hola Mata! \u00bfQu\u00e9 opinas de la suplencia de Asenjo en el partido de Liga contra el Getafe? Gracias.<\/p>\n<p>Respuesta.- Es una decisi\u00f3n de Quique, respetable como todas las que toma. Pero Santi Denia ya le hab\u00eda dado la titularidad en el partido que dirigi\u00f3 entre la destituci\u00f3n de Abel y la llegada de Quique, entonces Quique le devolvi\u00f3 la titularidad a Asenjo. Se tratan de dos excelentes porteros, pero la afici\u00f3n del Atl\u00e9tico porque es canterano y le ve como uno de los suyos. El de Asenjo fue un buen fichaje, pero creo que innecesario. Me da la sensaci\u00f3n de que el Atl\u00e9tico le deber\u00e1 buscar una salida y la mejor ser\u00eda un traspaso al Real Madrid, que busca un complemento a Iker Casillas. Se recupera la inversi\u00f3n e incluso se consigue un beneficio. Y De Gea a marcar una \u00e9poca en la porter\u00eda del Atleti&#8230; Salu2!!!<\/p>\n<p>P.- Hola Mata! \u00bfseg\u00fan tu opini\u00f3n, deber\u00eda el Madrid dejar marchar a Gago? Gracias!<\/p>\n<p>R.- S\u00ed, creo que deber\u00eda permitirle salir porque \u00e9l no quiere continuar en el club y para estar a disgusto es mejor que le faciliten la salida. Entiendo que con la baja de Diarr\u00e1, el Real Madrid no le quiera dejar salir, pero igual que todos los jugadores quieren jugar en el Madrid, a veces hay alguno que se quiere marchar como fue el caso de Robinho y ahora el de Fernando Gago. Gracias a ti por participar!!!<\/p>\n<p>P.- Antes de las Dos: Acabara jugando Cristiano en Riazor?. Hala, mojate, y demuestra tus habilidades adivinatorias o tus buenas fuentes informativas. Aupa y vivan los Le\u00f1o.<\/p>\n<p>R.- Por la informaci\u00f3n que tengo no le dar\u00e1n la cautelar. Los abogados del Madrid lo van a intentar, pero pienso que no se va a producir. Y pienso, adem\u00e1s, que no se debe producir. \u00a1Maneras de vivir! Un saludo!!!<\/p>\n<p>P.- Javier:\u00bfQue se puede esperar del Atletico,en esta temporada?. Parece casi imposible que llege a a puestos europeos, seg\u00fan se comporta el equipo.\u00bf Se puede dejar llevar e ir planificando la pr\u00f3xima? \u00bfSe lo puede permitir el club y la afici\u00f3n?. GRACIAS.<\/p>\n<p>R.- El Atl\u00e9tico perder\u00e1 una ocasi\u00f3n magn\u00edfica si hoy le elimina el Celta. Sus opciones las basa en volver a ganar un t\u00edtulo, algo que ser\u00eda un \u00e9xito despu\u00e9s de tantos a\u00f1os de mediocridad. Si cae eliminado, ser\u00e1 complicado levantar la temporada. Queda la Europa League, tambi\u00e9n una buena opci\u00f3n para reverdecer laureles y recordar al grande que fue, ya que ahora es s\u00f3lo un hist\u00f3rico, a mi juicio. Debe empezar ya a planificar la temporada, al margen de lo que suceda esta noche. Y ya es hora de que tomen decisiones y acierten. <\/p>\n<p>P.- Buenos d\u00edas Javier, imaginemos que puede Ud. hacer el equipo de sus sue\u00f1os tomando algo de cualquier equipo del mundo. \u00bfQui\u00e9n ser\u00eda el presidente?, \u00bfqu\u00e9 entrenador dirigir\u00eda su proyecto?, \u00bfen qu\u00e9 ciudad lo ubicar\u00eda?, \u00bfen qu\u00e9 estadio jugar\u00eda su equipo?, \u00bfqu\u00e9 afici\u00f3n se llevar\u00eda?, y por \u00faltimo, \u00bfa qu\u00e9 jugador fichar\u00eda como insignia para ese proyecto?. Gracias.<\/p>\n<p>R.- Fernando Torres ser\u00eda mi buque insignia. Jugar\u00eda en el estadido del Manzanares (cerr\u00e1ndolo). Su sede ser\u00eda en Madrid. El entrenador podr\u00eda ser el Cholo Simeone o Rafa Ben\u00edtez o Mourinho. El presidente ser\u00eda Kiko Narv\u00e1ez (\u00a1hemos hecho tantos equipos juntos en una servilleta!) <\/p>\n<p>P.- javier: \u00bfGanara alonso este a\u00f1o la f1 con ferrari viendo el coche que le han proporcionado?<\/p>\n<p>R.- Lo que he hablado con Ra\u00fal Romojaro, Carlos Miquel y los compa\u00f1eros de motor es que tiene opciones de volver a ganar grandes premios y que el coche puede ir. Elortegui, que tambi\u00e9n controla un mont\u00f3n de motor, no es tan optimista y piensa que es un a\u00f1o de transici\u00f3n. Yo espero que vuelva a ganar y que le demos muchas portadas. Fernando Alonso es un grande.<\/p>\n<p>P.- Estimado Javier,por favor,aseg\u00farame q en el pr\u00f3ximo Estadio Atl\u00e9tico,no ser\u00e1 una remora de por vida el tema de las pistas de atletismo,con mucha distancia del c\u00e9sped a la grada.la grada tiene q estar pegada al terreno de juego,lo contrario es un fraude para los aficionados.Gracias y Un Abrazo.<\/p>\n<p>R.- En el proyecto estaba la pista de atletismo por aquello de los Juegos Olimpicos, pero luego acercaban la grada y creo que ser\u00e1 as\u00ed. Coincido contigo totalmente y espero que sea como tu pides. Un saludo.<\/p>\n<p>P.- Hola, Javier, t\u00fa que has colaborado para distintos medios y has visto opiniones y compa\u00f1eros de todas clases \u00bfqu\u00e9 te parece esa corriente de opini\u00f3n de tertulias deportivas que dice que los periodistas no juzgan con la misma manera al fichaje de Calder\u00f3n que al fichaje de Florentino? Sinceramente \u00bfno crees que los an\u00e1lisis de los periodistas est\u00e1n contaminados por sus filias y fobias personales y medi\u00e1ticas? Gracias.<\/p>\n<p>R.- Los periodistas somos subjetivos porque somos sujetos. Si fueramos objetos podr\u00edamos ser objetivos, pero realmente es imposible. Nos influyen las relaciones que tenemos con los personajes, es inevitable. Lo que hay que intentar es ser honesto y justo en el an\u00e1lisis y la cr\u00edtica. Pero todos tenemos filias y fobias, es inevitable. Creo que en el Real Madrid todo lo de la etapa de Calder\u00f3n est\u00e1 siendo criticado sistem\u00e1ticamente y pienso que en el plano deportivo Mijatovic hizo un buen trabajo, con sus errores tambi\u00e9n. Pero se dej\u00f3 la sombra de la duda de que se lo llevaba en los fichajes (Pedja puso varias demandas que va a ganar) y esa maledicencia contamina todo an\u00e1lisis de los que dan por sentado esa falacia. Y lo que hay que superar es esa divisi\u00f3n. Aqu\u00ed no ficha ni Mijatovic ni VAldano ni Florentino. Quien ficha es el Real Madrid. <\/p>\n<p>P.- Hola Mata.Puede venir Rafinha en enero? Lo tienen cerrado para junio? Algun lateral puede venir? gracias<\/p>\n<p>R.- Es complicado lo de Rafinha porque el Atl\u00e9tico ha pedido una cesi\u00f3n y su club tiene ofertas para traspasarlo por m\u00e1s de diez millones de euros. Creo que es complicado que venga un lateral, no imposible, pero si dif\u00edcil porque el club tiene problemas financieros para acometer una contrataci\u00f3n. Si viene cecido&#8230;. Gracias a ti por participar&#8230;<\/p>\n<p>P.- Buenas Mata, \u00bfQue pasa que se puede pegar siempre y cuando no sangre el rival? No entiendo como se puede justificar asi la accion entre Messi y Cristiano, y es mas, viendo las imagenes se ve que Cristiano intenta golpear las manos del defensa y a Messi lo veo dando manotazos como 1 loco pa soltarse \u00bfTu como lo ves y que opinas de la sancion?<\/p>\n<p>R.- Ayer hubo una acci\u00f3n similar de Ferdinand con T\u00e9vez y el \u00e1rbitro no pit\u00f3 ni falta, no amonest\u00f3 a Ferdinand y los del United ped\u00edan tarjeta a T\u00e9vez por fingir. Es todo muy relativo. Est\u00e1 claro que aunque Cristiano no quiso partirle la nariz a Mtiliga, se la parti\u00f3, pero el \u00e1rbitro no le expulsa por romperle la nariz, le echa por el lance. Y todo se puede evitar si corta la jugada y pita falta por agarr\u00f3n. Pero entonces le criticar\u00edamos porque no concede la ley de la ventaja. El hecho de que haya sido Cristiano Ronaldo el protaganista magnifica a\u00fan m\u00e1s toda la jugada y los an\u00e1lisis son interminables. Para mi, con rotura o no de nariz, era amarilla. Lo de Messi y lo de Cristiano, que hacen muy bien en protegerse, por otra parte, porque les dan por todos los lados. <\/p>\n<p>P.- Yo me d\u00ed de baja cuando vendieron al Ni\u00f1o Torres y creo que como yo hubo mas gente.Lo que ocurre es que nuestras bajas se cubren,sobre todo con chavales j\u00f3venes.\u00bfNo crees quesi no fuera por la nefasta politica de los Gil\/Cerezo podr\u00eda haber diez \u00f3 quince mil abonados mas?.<\/p>\n<p>R.- Como m\u00ednimo. Cuando lleg\u00f3 Gil en el 87, el Atl\u00e9tico rondaba los 50.000 socios, despu\u00e9s de la campa\u00f1a de Calder\u00f3n en su segunda etapa Uno m\u00e1s uno, uno m\u00e1s. Gil subi\u00f3 las cuotas y hubo much\u00edsimas bajas qued\u00e1ndose en menos de 20.000 socios. El Calder\u00f3n no super\u00f3 la media entrada entre el 87 y el 95, con el Doblete se volvi\u00f3 a llenar. Y lo de Segunda fue incre\u00edble, pero se sumaron muchas generaciones j\u00f3venes. Se dice que hay m\u00e1s de un mill\u00f3n de atl\u00e9ticos en Espa\u00f1a y con esa clientela y bien gestionado podr\u00eda competir con los grandes Bar\u00e7a y Madrid. <\/p>\n<p>P.- Hola Buenas Tardes soy madridista y eres un periodista de los mejores que hay en Espa\u00f1a desde mi m\u00e1s humilde opini\u00f3n y sabes mucho de f\u00fatbol, mi pregunta es aunque estoy seguro Ribery jugar\u00e1 en el Madrid el pr\u00f3ximo verano y si no ficha por el Madrid se queda en el Bayer?, Descarto que juegue en el Barsa. Saludos<\/p>\n<p>R.- Parece que hay gestiones muy avanzadas, que se dejaron aparcadas el pasado verano, para que el gran jugador franc\u00e9s juegue en el Real Madrid la pr\u00f3xima temporada. Pero a\u00fan quedan meses y m\u00e1s conversaciones. Si no viene al Real Madrid, podr\u00eda ir al Chelsea que le est\u00e1 ofreciendo tambi\u00e9n mucho dinero. Yo creo que el Barcelona, que estaba por delante en las negociaciones hace un a\u00f1o, tiene muchas menos opciones que el Madrid. Un abrazo y gracias por tus palabras.<\/p>\n<p>P.- Oye,Mata \u00bfhay alguna posibilidad de que venga Luis Aragones?Yo creo que es la \u00fanica solucion.De lo contrario quizas lo mejor ser\u00eda nombrar a Amorrortu director deportivo \u00bfno crees?.Pero,vamos que mientras sigan los Gil y Cerecete lo veo negro.Gracias por la respuesta amigo. <\/p>\n<p>R.- Ser\u00eda un \u00faltimo recurso a la desesperada. Nada se puede descartar porque Gil dijo que nunca m\u00e1s entrenar\u00eda mientras el fuera el due\u00f1o y volvi\u00f3 a ficharle en 2001 para que ascendiera al equipo. Si van a por Luis quiere decir que la situaci\u00f3n es delicad\u00edsima. En lo que coincido contigo es en que Amorrortu debe ser ya nombrado director deportivo, en cuanto concluya el mercado de invierno. Gracias a ti por tu pregunta!!!<\/p>\n<p>P.- Hola Mata mi pregunta es muy sencilla disputada ya la primera vuelta \u00bfquien es para ti 1 jugador revelacion 2 jugador del que esperabas mas 3 equipo revelacion y entrenador revelacion? Gracias y sieue asi crack<\/p>\n<p>R.- Sin duda, Canales ha sido la revelaci\u00f3n, igual que Borja Valero y Pedrito. Esperaba m\u00e1s de Kak\u00e1. El Mallorca no deja de sorprender. Y Michel est\u00e1 haciendo un gran trabajo, postul\u00e1ndose claramente a ocupar el banquillo del Real Madrid m\u00e1s temprano que tarde.<\/p>\n<p>P.- Hola Mata \u00bfsi el atleti, no pasa a semifinales peligra Quique como entrenador? un saludo crack!<\/p>\n<p>R.- Su futuro se complicar\u00eda si no remonta el vuelo en la liga. Un saludo amigo!!!<\/p>\n<p>P.- matallanas \u00bftu eras de los que oias a supergarcia por la noche? quien era tu referente periodistico cuando eras estudiante? <\/p>\n<p>R.- Escuch\u00e9 a Garc\u00eda desde que tengo uso de raz\u00f3n porque lo escuchaban mis padres en la Ser y luego en Antena 3 Radio. Cuando empez\u00f3 El Larguero empec\u00e9 a compaginarlo, especialmente cuando comenc\u00e9 la carrera de periodismo y he escuchado a De lo Morena de siempre tambi\u00e9n, aunque los cinco a\u00f1os que estuve en El Tirachinas con Abell\u00e1n lo ten\u00eda complicado porque coincid\u00eda mi horario. Adem\u00e1s de Garc\u00eda, Mat\u00edas Prats, Rela\u00f1o, Segurola fueron referentes desde que me interes\u00f3 el periodismo deportivo (en Sexto de EGB empec\u00e9 a comprar El Pa\u00eds y el AS y desde primero de carrera en el 89, que empec\u00e9 Empresariales, compro a diario El Pa\u00eds, el As, el Marca y El Mundo, pero cada vez es m\u00e1s habitual que los vea antes por internet). Luego trabaj\u00e9 en Marca y ahora en AS&#8230;<\/p>\n<p>P.- Hola, Javier. \u00bfHar\u00e1 el Atleti al terminar la temporada la revoluci\u00f3n que necesita? Se ir\u00e1n el Kun, Forl\u00e1n, Perea, Pablo, Pern\u00eda, Juanito, Jurado y Reyes? \u00bfNo es mejor echar mano de la cantera con los tres o cuatro refuerzos que se traigan y partir de cero? Yo soy atletista desde hace 60 a\u00f1os y he perdido la ilusi\u00f3n de tal modo que ya no veo los partidos del Atleti. \u00a1Qu\u00e9 pena! Gracias y un cordial saludo.<\/p>\n<p>R.- Deber\u00eda hacer esa revoluci\u00f3n necesaria que pides. Pero no s\u00e9 si la har\u00e1. La intenci\u00f3n es retener al Kun y los otros futbolistas que nombras darles salida, excepto a Jurado y a Reyes. Suscribo tu opini\u00f3n por completo: cantera y empezar de cero acertando en los refuerzos. Y comunicar la situaci\u00f3n financiera y no vender humo. Gracias a ti y deseo que recuperes la ilusi\u00f3n y el orgullo por tu equipo!!!<\/p>\n<p>P.- A ver si por fin me contestan \u00bfque les parece la temporada del Huesca?Saludos<\/p>\n<p>R.- Podr\u00eda ser mejor si llegan a reforzar la delantera. Pero est\u00e1 haciendo una temporda m\u00e1s que digna. Cuenta con un cuerpo t\u00e9cnico excepcional con Lasaosa en la direcci\u00f3n deportiva, Calder\u00f3n empezando su carrera de entrenador, y dicen que apunta buenas maneras, con Rodri, que est\u00e1 haciendo bien la transici\u00f3n de jugador a t\u00e9cnico en su funci\u00f3n de hombre orquesta, de operario multidisciplinar del club, y, sobre todo, con Jes\u00fas Paredes, que es uno de los mejores profesionales del mundo (y no lo digo por la excelente relaci\u00f3n que tenemos, habla solo su cruriculum y no necesito franelearle). Creo que Pet\u00f3n est\u00e1 cumpliendo su sue\u00f1o, pero debe afinar un poco m\u00e1s cuando asesora fichajes, que est\u00e1 temporada ha estado un pel\u00edn casquivano&#8230; Sin reblar!!!<\/p>\n<p>P.- y tu que opinas de que se juegue la liga los viernes y los domingos?<\/p>\n<p>R.- A mi no me gusta mucho lo de que se juegue los viernes y los lunes. Ya me fastidiaba cuando dieron los partidos de Antena 3 los lunes. Pero sobre todo porque es un d\u00eda m\u00e1s en el que se retrasa el cierre del peri\u00f3dico y quiz\u00e1s porque la gente se pueda saturar de f\u00fatbol. <\/p>\n<p>P.- Buenos d\u00edas, Sr. Matallanas,quer\u00eda preguntarle sobe el Director Deportivo del At,Madrid, Sr. Garcia Pitarch. Me llama mucho la atenci\u00f3n que todos los medios de comunicaci\u00f3n lo ponen por los suelos,desde hace mucho tiemp\u00f1o, el \u00a8Sr.Cerezo cuando le preguntan por \u00e9l, desde luego alabanzas ninguna, responde educadamente y respuestas de rigor.En cuanto a su labor, creo que tiene m\u00e1s sombras que luces.Entonces yo me pregunto \u00bfCual es el secreto para mantenerlo o el impidimento para cesarlo? Muchas gracias por su respuesta.<\/p>\n<p>R.- Creo que Pitarch no ha estado acertado en su funci\u00f3n de director deportivo. Es cierto que consigui\u00f3 la clasificaci\u00f3n para la UEFA y para la Champions, pero la plantilla que ha configurado no han sido competitivas ni compensadas. Ning\u00fan futbolista de los que ha fichado se ha revalorizado. Desconozco por qu\u00e9 le renovaron y porque permanece en su puesto. Es uno de los muchos enigmas del Atl\u00e9tico de Madrid.<\/p>\n<p>P.- Muy buenas Matallanas!!De que manera crees que ha beneficiado o perjudicado la Ley Bosman al futbol?Gracias y saludos.<\/p>\n<p>R.- Cuando se empez\u00f3 a aplicar creo que fue perjudicial para las canteras, porque se fichaba y se fichaba por fichar a muchos comunitarios cerrando la puerta a los chicos de la cantera. Luego el mercado se ha reajustado y ahora creo que se firma con m\u00e1s criterio y la crisis econ\u00f3mica obliga a los clubes a tirar de cantera. Ha hecho que se pierda la esencia del f\u00fatbol un pel\u00edn con equipos llenos de extranjeros, pero eso depende de los dirigentes que deben saber mantener la idiosincrasia de sus equipos. Porque la Ley Bosman es una cuesti\u00f3n de legislaci\u00f3n laboral y no se pude limitar el derecho a libre circulaci\u00f3n de todos los trabajadores en la UE. Un saludo y gracias por participar!!!<\/p>\n<p>P.- Matallanas quien es tu mejor colega profesional? con quien lo pasas mejor te ries es un cachondo mental etc<\/p>\n<p>R.- Tengo grandes amigos en la profesi\u00f3n. Antonio Sanz, Palomar, El\u00edas y Carlos Gonz\u00e1lez me ense\u00f1aron y me permitieron dedicarme a esto. El Rubio Mu\u00f1oz es otro fen\u00f3meno. Alcal\u00e1 es un buen compa\u00f1ero. En los viajes me lo paso muy bien con Miguelito y Pablo Garc\u00eda. Y con Gus. Con Roncero ten\u00eda buena relaci\u00f3n y ahora al convivir con \u00e9l en el peri\u00f3dico me parece un t\u00edo estupendo y un buen periodista, como Manolete. Jos\u00e9 Felix D\u00edaz es otro grande y un buen amigo. Sergio Barriocanal es mi amigo y un pedazo de periodista con el que tambi\u00e9n me ri\u00f3 mucho, como con Hurti y Alon. Tengo la fortuna de llevarme bien con el 90 por ciento de los compa\u00f1eros, con el otro diez por ciento pens\u00e9 que me llevaba bien, pero no le puedes caer bien a todo el mundo como tampoco yo tengo quimica con todos. Fit\u00e9, Uli, Polo, Brot\u00f3ns, \u00c1lvaro, Romero, Edu, Bego\u00f1a, Sara, Riquelme, Josele, Vero, Gus y mi Churry&#8230; Son buenos tipos y amigos. Como Cuellar, M\u00e9ndez, Corro y Duro. Me dejo muchos porque (disculpad, sab\u00e9is quien sois), pero Garci es otro de los cracks, colega y maestro. Y con David S\u00e1nchez me r\u00edo mucho!!!<\/p>\n","protected":false},"excerpt":{"rendered":"<p>Javier G. Matallanas, adjunto a la direcci\u00f3n de AS, ha charlado con los lectores sobre la actualidad deportiva, con especial atenci\u00f3n a lo que acontece en el Atl\u00e9tico de Madrid. <\/p>\n<p>ARCHIVO DE ENTREVISTAS:<br \/>\n21 de enero &#8211; 14 de enero &#8211; 07 de enero &#8211; 31 de diciembre &#8211; 24 de diciembre &#8211; 18 de diciembre &#8211; 10 de diciembre &#8211; 3 de diciembre &#8211; 26 de noviembre &#8211; 19 de noviembre &#8211; <\/p>\n","protected":false},"author":1,"featured_media":0,"comment_status":"open","ping_status":"open","sticky":false,"template":"","format":"standard","meta":{"footnotes":""},"categories":[],"tags":[],"class_list":["post-9517","post","type-post","status-publish","format-standard","hentry"],"_links":{"self":[{"href":"https:\/\/intervius.com\/index.html\/wp-json\/wp\/v2\/posts\/9517","targetHints":{"allow":["GET"]}}],"collection":[{"href":"https:\/\/intervius.com\/index.html\/wp-json\/wp\/v2\/posts"}],"about":[{"href":"https:\/\/intervius.com\/index.html\/wp-json\/wp\/v2\/types\/post"}],"author":[{"embeddable":true,"href":"https:\/\/intervius.com\/index.html\/wp-json\/wp\/v2\/users\/1"}],"replies":[{"embeddable":true,"href":"https:\/\/intervius.com\/index.html\/wp-json\/wp\/v2\/comments?post=9517"}],"version-history":[{"count":0,"href":"https:\/\/intervius.com\/index.html\/wp-json\/wp\/v2\/posts\/9517\/revisions"}],"wp:attachment":[{"href":"https:\/\/intervius.com\/index.html\/wp-json\/wp\/v2\/media?parent=9517"}],"wp:term":[{"taxonomy":"category","embeddable":true,"href":"https:\/\/intervius.com\/index.html\/wp-json\/wp\/v2\/categories?post=9517"},{"taxonomy":"post_tag","embeddable":true,"href":"https:\/\/intervius.com\/index.html\/wp-json\/wp\/v2\/tags?post=9517"}],"curies":[{"name":"wp","href":"https:\/\/api.w.org\/{rel}","templated":true}]}}