{"id":9516,"date":"2011-11-29T00:00:00","date_gmt":"2006-11-06T00:00:00","guid":{"rendered":"https:\/\/intervius.com\/index.html\/?p=9516"},"modified":"2006-11-06T00:00:00","modified_gmt":"2006-11-06T00:00:00","slug":"Elvira_Rodriguez9516","status":"publish","type":"post","link":"https:\/\/intervius.com\/index.html\/Elvira_Rodriguez9516\/","title":{"rendered":"Elvira Rodr\u00edguez"},"content":{"rendered":"<p>Pregunta.- Se\u00f1ora Rodr\u00edguez, buenas tardes. \u00bfTeme como se dice que con Rajoy en el poder habr\u00e1 mayor conflictividad social? Saludos.<\/p>\n<p>Respuesta.- No deber\u00eda porque la situaci\u00f3n es complicada y deber\u00edamos ser capaces de colaborar todos para salir adelante <\/p>\n<p>P.- Buenos d\u00edas. Usted ha sido diputada, ministra, consejera, diputada auton\u00f3mica, presidenta de la asamblea de Madrid, y ahora otra vez diputada. \u00bfNo cree usted que ya ha tenido muchos cargos p\u00fablicos? <\/p>\n<p>R.- Menos los de Ministra y Consejera son todos cargos electos y me han votado los ciudadanos. De todas maneras desde 1972 estoy dedicada al servicio p\u00fablico -saqu\u00e9 las oposiciones a interventores de Hacienda con 23 a\u00f1os- y espero estarlo hasta que me jubile.<\/p>\n<p>P.- \u00bfQu\u00e9 mecanismos tiene previstos para hacer efectiva la propuesta de aumentar el control del gasto p\u00fablico?<\/p>\n<p>R.- La normativa presupuestaria es bastante completa, al menos en la Administraci\u00f3n del Estado y se podr\u00eda extender a las Comunidades y Corporaciones Locales. De todas maneras, las administraciones tienen que evitar hacerse trampas en el solitario y dejar de buscar canales paralelos a los ortodoxos. Acabar con fundaciones p\u00fablicas, agencias, y organismos varios puede ser otro camino.<\/p>\n<p>P.- \u00bfEl PP va a detener o limitar los abusos de los bancos y de otros ejecutantes, en materia hipotecaria? tales como intereses usurarios, costas desmesuradas, negativa a negociar salidas a los deudores, daci\u00f3n en pago, etc, etc.<\/p>\n<p>R.- Se va a trabajar con la transparencia de la informaci\u00f3n e incrementando la supervisi\u00f3n. <\/p>\n<p>P.- Vd. ya ha sido Ministra de Medio Ambiente \u00bf va a ser un Ministerio independiente, se va a unificar con Fomento o seguir\u00e1 con Agricultura<\/p>\n<p>R.- Se va a recuperar el Ministerio de Agricultura como tal y Medio Ambiente podr\u00eda volver a Fomento, como estuvo con el Ministro Borrell.<\/p>\n<p>P.- \u00bfLa econom\u00eda espa\u00f1ola puede crecer solo con recortes y sin inversi\u00f3n p\u00fablica? \u00bfQu\u00e9 le parece el plan de infraestructuras que anuncia hoy Cameron?<\/p>\n<p>R.- No. la inversi\u00f3n p\u00fablica productiva es necesaria para generar riqueza y empleo. Sin embargo, cuando la situaci\u00f3n de deuda, a trav\u00e9s de la factura de intereses se hace explosiva no queda otro remedio que cortarlo todo. Sin embargo lo que hay que hacer primero es eliminar gasto corriente y no productivo.<\/p>\n<p>P.- Como jienense, \u00bfQu\u00e9 planes tiene para desarrollar el empleo en la provincia por donde se presenta, sobre todo el empleo juvenil? \u00bfQue tipo de infraestructuras tan necesarias en la provincia se financiar\u00e1n por parte del Estado?<\/p>\n<p>R.- ja\u00e9n necesita mejorar sus comunicaciones lo que redundar\u00e1 en crecimiento y empleo. Sus necesidades se tendr\u00e1n en cuenta en el conjunto de la inversi\u00f3n estatal.<\/p>\n<p>P.- Sra Rodr\u00edguez. Enhorabuena por los resultados obtenidos por su partido en las \u00faltimas elecciones, aunque no comparto su visi\u00f3n pol\u00edtica. Me gustar\u00eda saber su opini\u00f3n sobre el debate de una Europa a dos velocidades. \u00bfDeber\u00eda Espa\u00f1a estar en el grupo de cabeza a toda costa? \u00bfCu\u00e1l ser\u00eda la alternativa?<\/p>\n<p>R.- En principio no comparto las dos velocidades, pero en el caso de que sea as\u00ed creo que es irrenunciable estar en el grupo de los primeros. ya lo hicimos una vez y deberemos volver a hacerlo.<\/p>\n<p>P.- Buenos d\u00edas. Si &#8220;las pensiones son intocables&#8221;, \u00bfsignifica esto que tendremos que seguir manteniendo un sistema de reparto que condena a personas que han trabajado durante toda su vida a conformarse con unas m\u00edseras pensiones que les sit\u00faan en los m\u00e1rgenes de la exclusi\u00f3n social? Salud y libertad.<\/p>\n<p>R.- Precisamente, el sistema de reparto es uno de los instrumentos p\u00fablicos m\u00e1s importantes para la cohesi\u00f3n y el equilibrio social. Con un sistema de capitalizaci\u00f3n y los periodos de cotizaci\u00f3n medios del sistema las pensiones ser\u00edan mucho m\u00e1s bajas que las actuales. En cualquier caso, la sostenibilidad del sistema debe ser una prioridad para cualquier gestor responsable.<\/p>\n<p>P.- \u00bfTodo el empleo p\u00fablico est\u00e1 supeditado a la situaci\u00f3n econ\u00f3mica? Es decir, en su Gobierno, \u00bfQu\u00e9 pasar\u00e1 con las oposiciones y con las convocatorias de empleo p\u00fablico? \u00bfQu\u00e9 va a pasar con la investigaci\u00f3n y con los j\u00f3venes investigadores de este pa\u00eds, refiri\u00e9ndome a las becas predoctorales FPU y FPI?<\/p>\n<p>R.- En una situaci\u00f3n como la actual la priorizaci\u00f3n de los gastos es esencial. Indudablemente la investigaci\u00f3n que es una de las pol\u00edticas m\u00e1s generadoras de crecimiento futuro no puede ni debe ser la sacrificada en una etapa de austeridad.<\/p>\n<p>P.- Buenas tardes. \u00bfCree que \u00fanicamente con recortes se puede lograr salir de la crisis?. \u00bfNo cree que adem\u00e1s de combatir el d\u00e9ficit deber\u00edan invcentivarse otras pol\u00edticas que busquen la creaci\u00f3n de empleo no tanto mediante la contenci\u00f3n del gasto sino incrementando los ingresos?<\/p>\n<p>R.- La generaci\u00f3n de riqueza y empleo provoca, por si misma, incrementos en la recaudaci\u00f3n. Con la pol\u00edtica presupuestaria en sus dos vertientes debe buscarse, precisamente, que tanto los ingresos como los gastos p\u00fablicos no perjudiquen ese crecimiento sino que contribuyan a que se produzca.<\/p>\n<p>P.- Buenas tardes. Si no se llega a un acuerdo &#8220;de urgencia&#8221; entre patronal y sindicatos para abordar la reforma laboral, como pidi\u00f3 ayer Cospedal, teme que ante la inevitable modificaci\u00f3n de la ley arrecien las protestas en la calle?. Muchas gracias<\/p>\n<p>R.- Espero que no<\/p>\n<p>P.- \u00bfEn qu\u00e9 sentido cree usted que se producir\u00e1n los mayores recortes?<\/p>\n<p>R.- Los ajustes presupuestarios deben producirse en los gastos corrientes o generales que se consideren menos necesarios, sin perjudicar la prestaci\u00f3n de los servicios esenciales y procurando priorizar aquellos que generen riqueza y empleo. <\/p>\n<p>P.- Buenas tardes Elvira, \u00bfConoces alg\u00fan contenido de las reformas que va a aplicar Rajoy cuando llegue a La Moncloa?. No me digas que todas est\u00e1n ene le programa, porque si fuera as\u00ed los mercados y la Uni\u00f3n Europea no demandar\u00edan al dirigente del PP que concretara en sus medidas. Gracias<\/p>\n<p>R.- Los mercados y la Uni\u00f3n europea (y ayer hasta Obama) nos piden que se hagan los deberes para que Espa\u00f1a reduzca su tasa de desempleo, vuelva a crecer y sanee sus cuentas p\u00fablicas. Lo primero ser\u00e1 ajustar el presupuesto prorrogado al objetivo de d\u00e9ficit comprometido con Europa. Las declaraciones de ayer en ese sentido despu\u00e9s de la reuni\u00f3n de la directiva del Partido van, precisamente, en ese sentido.<\/p>\n<p>P.- \u00bfPor qu\u00e9 se ve tan escaso inter\u00e9s en perseguir la corrupci\u00f3n y el gran fraude fiscal que hay en Espa\u00f1a?<\/p>\n<p>R.- Yo creo que la Agencia Tributaria hace una importante labor en ese sentido, pero tenemos que mejorar cada d\u00eda. No s\u00f3lo porque as\u00ed se mejorar\u00edan las cuentas p\u00fablicas sino, tambi\u00e9n, por justicia social.<\/p>\n<p>P.- Buenas tardes Elvira, Usted coment\u00f3 el otro d\u00eda que habr\u00eda que elegir entre supresi\u00f3n o copago de servicios innecesarios en la Administraci\u00f3n. \u00bfPodr\u00eda concretar esta segunda postura?, muchas gracias<\/p>\n<p>R.- En la conferencia puse dos ejemplos concretos que explicaban bien mi postura. Como &#8220;copago&#8221; el cobro de 5 euros por asistente al macroconcierto en las fiestas de M\u00e1laga este a\u00f1o (antes era gratuito). Y como supresi\u00f3n, que tambi\u00e9n podr\u00eda sustituirse por un servicio prestado pero cobrado, la eliminaci\u00f3n de las clases de m\u00fasica en un ayuntamiento para poder mantener la guarder\u00eda.<\/p>\n<p>P.- El otro d\u00eda Miguel Arias Ca\u00f1ete insiu\u00f3 que usted podr\u00eda ser una buena ministra de Econom\u00eda. \u00bfQu\u00e9 opina usted? \u00bfSe ve en ese puesto o en otra cartera?. Gracias<\/p>\n<p>R.- Miguel Arias es un buen amigo. Los Ministerios son prerrogativa de los Presidentes del Gobierno y ellos deben ser los que lo vean bien.<\/p>\n<p>P.- Sra Rodr\u00edguez, usted que est\u00e1 dentro del Partido Popular e imagino que conoce a Mariano Rajoy. \u00bfPor qu\u00e9 no ha hablado en p\u00fablico desde la noche del 20 de noviembre? \u00bfNo cree que eso provoca a\u00fan mayor incertidumbre entre los ciudadanos sobre las medidas de recortes y austeridad que se preven haga su gobierno en los pr\u00f3ximos cuatro a\u00f1os?<\/p>\n<p>R.- Creo que no. En breve ser\u00e1 presidente del Gobierno de Espa\u00f1a y entonces empezar\u00e1 a gobernar.<\/p>\n<p>P.- Buenos d\u00edas Se\u00f1ora Rodr\u00edguez, son ciertos los rumores que usted dirigir\u00e1 un ministerio econ\u00f3mico o m\u00e1s bien se quedar\u00e1 con una secretar\u00eda general de uno de ellos, como hizo en el 96 con la de presupuestos. Dado el contexto, le deseo much\u00edsima suerte. Arnau<\/p>\n<p>R.- Los rumores son rumores. Gracias por sus deseos de suerte<\/p>\n<p>P.- \u00bfQu\u00e9 pol\u00edtica piensan llevar para las centrales el\u00e9ctricas? \u00bfCerrar o abrir m\u00e1s?. \u00bfSeguir\u00e1n apoyando las energ\u00edas renovables? \u00bfQu\u00e9 pol\u00edtica del agua llevar\u00e1n acabo? En Medio Ambiente ,\u00bfse recortar\u00e1n ayudas a zonas como la Albufera, por poner un ejemplo?<\/p>\n<p>R.- Una de las asignaturas pendientes en Espa\u00f1a es la de clarificar y dotar de sostenibilidad a nuestra pol\u00edtica energ\u00e9tica. Eso pasa por todas las fuentes de energ\u00eda y por una soluci\u00f3n que sirva para que mejora la competitividad espa\u00f1ola.<\/p>\n<p>P.- \u00bfEXISTE ALGUNA POSIBILIDAD DE QUE LAS GRANDES EMPRESAS ESPA\u00d1OLAS PRESTEN AL ESTADO ESPA\u00d1OL PARTE DE SUS BENEFICIOS PARA PALIAR EL DEFICIT?<\/p>\n<p>R.- Se refiere a algo como &#8220;bonos patri\u00f3ticos&#8221;?. Nuestra soluci\u00f3n pasa por el saneamiento de las cuentas p\u00fablicas y un sistema tributario que coopere al crecimiento y la creaci\u00f3n de empleo.<\/p>\n<p>P.- Ya s\u00e9 que la situaci\u00f3n econ\u00f3mica es distinta y las circunstancias sociales tambi\u00e9n pero \u00bfQu\u00e9 medidas econ\u00f3micas que tom\u00f3 el Gobierno de Aznar trasladar\u00eda usted ahora a la nueva etapa de Mariano Rajoy? Gracias. <\/p>\n<p>R.- La primera el saneamiento de las cuentas p\u00fablicas, condici\u00f3n indispensable para asegurar nuestro estado de bienestar y para poder volver a elegir aquellas partidas, como las inversiones, que generan crecimiento y empleo.<\/p>\n<p>P.- Buenos d\u00edas. Como Ex-Ministra de Medio Ambiente, \u00bfque acciones cree que son necesarias tomar de modo urgente en cuanto a medio ambiente ser refiere?<\/p>\n<p>R.- Utilizar el sentido com\u00fan y dar un repaso a nuestra pol\u00edtica forestal y de agua.<\/p>\n<p>P.- Sra. Rodr\u00edguez cree usted que Espa\u00f1a saldr\u00e1 de la crisis? Estamos los espa\u00f1oles preparados para los sacrificios que nos van a proponer? \u00bfEn que a\u00f1o empezaremos a ver la luz?<\/p>\n<p>R.- Creo que si. El resultado de las elecciones generales demuestra que los espa\u00f1oles quieren el cambio y que est\u00e1n suficientemente concienciados de que debemos trabajar todos juntos para salir de la crisis. Estoy segura de que podremos y que deber\u00eda empezar a verse a finales de 2012.<\/p>\n<p>P.- Se\u00f1ora Rodr\u00edguez, lo primero de todo felicitarle por el \u00e9xito del PP. \u00bfPodr\u00eda contarnos alguna de las l\u00edneas maestras que manejar\u00eda el Gobierno para afrontar la crisis? \u00bfSe va a plantear &#8220;meter mano al Estatuto de Trabajadores&#8221; como recomienda la prensa financiera americana?<\/p>\n<p>R.- Gracias por su felicitaci\u00f3n. Como ya anunciamos, el saneamiento de las cuentas p\u00fablicas, la racionalizaci\u00f3n de las administraciones p\u00fablicas, el apoyo a las peque\u00f1as y medianas empresas,..la reforma laboral estan en nuestra agenda. Parece l\u00f3gico que si tenemos 5 millones de parados se procure analizar y reformar aquello que se necesite para acabar con el principal problema que tiene Espa\u00f1a y los espa\u00f1oles.<\/p>\n<p>P.- Como opositora me preocupa especialmente lo que se est\u00e1 oyendo acerca de la congelaci\u00f3n de la OEP 2012. \u00bfQuiere decir que la tasa de reposici\u00f3n para 2012 ser\u00e1 0? <\/p>\n<p>R.- Depende de la situaci\u00f3n que nos encontremos.<\/p>\n<p>P.- \u00bfPueden desmentir que se est\u00e9 empezando a dar la situaci\u00f3n en algunas CCAA dirigidas por uds. en las que los ciudadanos m\u00e1s desfavorecidos se est\u00e1n quedando sin cobertura sanitaria como est\u00e1 saliendo en los medios? Algunos no pueden solicitar como se les est\u00e1 diciendo, la tarjeta sanitaria para personas sin recursos tan s\u00f3lo por el hecho de tener una casa. No le parece indignante que lleguemos a este punto? D\u00f3nde est\u00e1 el l\u00edmite a los recortes?<\/p>\n<p>R.- Todos los que residen en Espa\u00f1a tienen derecho a la sanidad p\u00fablica por Ley, y si no se les presta pueden reclamarla.<\/p>\n<p>P.- Buenos dias Sra. Rodriguez. \u00bfPor qu\u00e9 los recortes anunciados por Sr. Rodriguez Zapatero fueron tan controvertidos en Mayo 2010 cuando vinieron impuestos desde Bruselas y ah\u00ed comenz\u00f3 declive del PSOE y ahora los recortes, mayores sin duda, que va a emprender el Sr. Rajoy son tan necesarios, impuestos por Merkel y los mercados?<\/p>\n<p>R.- La falta de reconocimiento de la situaci\u00f3n en la que estabamos y las pol\u00edticas hechas sin convencimiento ni eficacia real han sido la causa de la p\u00e9rdida de apoyo del partido socialista.<\/p>\n<p>P.- Elvira, yo soy de Ja\u00e9n y tu te has presentado de cabeza de lista por aqu\u00ed siendo de Madrid, \u00bfCu\u00e1l es tu relaci\u00f3n con esta provincia? \u00bfEs justo la existencia de cabezas listas de importaci\u00f3n?<\/p>\n<p>R.- Para mi ha sido un honor que el partido Popular me eligiera como cabeza de lista por ja\u00e9n y una verdadera satisfacci\u00f3n que los jiennenses me dieran su confianza y su apoyo. Espero no defraudaros. <\/p>\n","protected":false},"excerpt":{"rendered":"<p>La exministra de Medio Ambiente con Jos\u00e9 Mar\u00eda Aznar analiza con los lectores los problemas econ\u00f3micos que deber\u00e1 afrontar Rajoy en la pr\u00f3xima legislatura y los asuntos que marcar\u00e1n la pol\u00edtica espa\u00f1ola en los pr\u00f3ximos cuatro a\u00f1os.<br \/>\nFoto: Claudio \u00c1lvarez<\/p>\n","protected":false},"author":1,"featured_media":0,"comment_status":"open","ping_status":"open","sticky":false,"template":"","format":"standard","meta":{"footnotes":""},"categories":[],"tags":[],"class_list":["post-9516","post","type-post","status-publish","format-standard","hentry"],"_links":{"self":[{"href":"https:\/\/intervius.com\/index.html\/wp-json\/wp\/v2\/posts\/9516","targetHints":{"allow":["GET"]}}],"collection":[{"href":"https:\/\/intervius.com\/index.html\/wp-json\/wp\/v2\/posts"}],"about":[{"href":"https:\/\/intervius.com\/index.html\/wp-json\/wp\/v2\/types\/post"}],"author":[{"embeddable":true,"href":"https:\/\/intervius.com\/index.html\/wp-json\/wp\/v2\/users\/1"}],"replies":[{"embeddable":true,"href":"https:\/\/intervius.com\/index.html\/wp-json\/wp\/v2\/comments?post=9516"}],"version-history":[{"count":0,"href":"https:\/\/intervius.com\/index.html\/wp-json\/wp\/v2\/posts\/9516\/revisions"}],"wp:attachment":[{"href":"https:\/\/intervius.com\/index.html\/wp-json\/wp\/v2\/media?parent=9516"}],"wp:term":[{"taxonomy":"category","embeddable":true,"href":"https:\/\/intervius.com\/index.html\/wp-json\/wp\/v2\/categories?post=9516"},{"taxonomy":"post_tag","embeddable":true,"href":"https:\/\/intervius.com\/index.html\/wp-json\/wp\/v2\/tags?post=9516"}],"curies":[{"name":"wp","href":"https:\/\/api.w.org\/{rel}","templated":true}]}}