{"id":9514,"date":"2011-11-29T00:00:00","date_gmt":"2006-11-06T00:00:00","guid":{"rendered":"https:\/\/intervius.com\/index.html\/?p=9514"},"modified":"2006-11-06T00:00:00","modified_gmt":"2006-11-06T00:00:00","slug":"Albert_Costa9514","status":"publish","type":"post","link":"https:\/\/intervius.com\/index.html\/Albert_Costa9514\/","title":{"rendered":"Albert Costa"},"content":{"rendered":"<p>Pregunta.- Como cres que llega el equipo espa\u00f1ol ? <\/p>\n<p>Respuesta.- El equipo llega con mucha ilusi\u00f3n por otra oportunidad por ganar otro t\u00edtulo muy importante para ellos y para Espa\u00f1a, y con una gran entrega. Est\u00e1n haciendo todo lo posible para estar listos.<\/p>\n<p>P.- Hola Albert, buenas tardes. Hay muchos clubes de f\u00fatbol q echan mano de la cantera. El Athelic de Bilbao ser\u00eda un buen ejemplo de ello. El tenis espa\u00f1ol tiene una buena cantera de jugadores? Saludos.<\/p>\n<p>R.- El tenis espa\u00f1ol siempre ha tenido buena cantera, hay mucha gente joven trabajando duro con sus t\u00e9cnicos y lo que hay que hacer es eso, que trabajen tranquilos. No hay que ponerles la presi\u00f3n de que lleguen al nivel que tiene ahora el tenis espa\u00f1ol masculino, que trabajen. Creo que debemos disfrutar de lo que estamos viviendo.<\/p>\n<p>P.- Hola, Sr. Costa.. Primero que nada desearle toda la suerte del mundo y que Espa\u00f1a de nuevo gane la Davis. \u00bfNo le parece un poco extra\u00f1o insistir en la pareja Verdasco-L\u00f3pez para el dobles, teniendo en cuenta los pobres resultados que estos est\u00e1n teniendo?.. \u00bfPorqu\u00e9 no inclu\u00edr a Nico Almagro que est\u00e1 el 10 de la ATP?. Muchas gracias.. estaremos impacientes por ver esta final. <\/p>\n<p>R.- A Feliciano y Verdasco no se les puede juzgar por un partido. Est\u00e1 claro que en C\u00f3rdoba tuvieron un mal d\u00eda y ellos lo saben, pero no nos vamos a olvidar de los d\u00edas buenos y las victorias que nos han dado. En la final de Mar del Plata en 2008 jugando en un ambiente dif\u00edcil ganaron su punto de dobles en Argentina. Sobre Nico Almagro, como otros jugadores siempre est\u00e1 en mi cabeza para formar un equipo pero para esta final he considerado que estos son los jugadores que me dan m\u00e1s garant\u00edas para intentar ganar.<\/p>\n<p>P.- \u00bf C\u00f3mo cree que puede afectarle a Nadal su derrota en la copa de maestros?<\/p>\n<p>R.- No tiene nada que ver la Copa de Maestros con la Copa Davis, Rafa ha jugado tres partidos ante grandes jugadores en Londres que le han servido para sentirse en competici\u00f3n y aqu\u00ed en Sevilla en su superficie favorita con el p\u00fablico y todo el equipo detr\u00e1s de \u00e9l Rafa no va a tener en la cabeza para nada lo que sucedi\u00f3 en Londres.<\/p>\n<p>P.- \u00bfConcide con los argentino en que en el estadio de la cartuja no se ve bien la bola debido a la luz? Si no est\u00e1 de acuerdo, \u00bfpor qu\u00e9 cree que dicen eso?<\/p>\n<p>R.- La pista est\u00e1 excelente, una de las mejores en la que hemos jugado pese al poco tiempo que ha habido para hacerla y en cuanto a lo que dicen los argentinos de la luz es algo que es para los dos equipos y adem\u00e1s ya se ha solucionado.<\/p>\n<p>P.- \u00bfQu\u00e9 diferencias hay entre aquel equipo que gan\u00f3 la davis en el 2000 y delq ue formaba parte y este? \u00bfQu\u00e9 ha cambiado a la hora de preparar los partidos?<\/p>\n<p>R.- Son cuatro jugadores muy distintos, m\u00e1s que una diferencia en lo que son los jugadores s\u00ed que creo que en Barcelona nos quitamos de encima la presi\u00f3n de no haber ganado nunca una final de Copa Davis, no quiero decir con eso que sea m\u00e1s f\u00e1cil ganarlas pero s\u00ed que parece que afrontamos las cosas sin la necesidad de demostrar que puedes conseguirlo.<\/p>\n<p>P.- \u00bfA qu\u00e9 se dedica Balcells, el que jug\u00f3 los dobles en la final de 2000? No he vuelto o\u00eddo a hablar de \u00e9l. \u00bfGuarda relaci\u00f3n con \u00e9l?Un saludo desde C\u00f3rdoba<\/p>\n<p>R.- Est\u00e1 haciendo de entrenador en la academia de Emilio S\u00e1nchez-Vicario, no coincidimos mucho pero tenemos buena relaci\u00f3n.<\/p>\n<p>P.- \u00bfA qu\u00e9 jugador de los argentino teme m\u00e1s?\u00bfQuie\u00e9n cree que jugar\u00e1 contra Nadal?<\/p>\n<p>R.- Temo a todo el equipo en general, no me preocupa qui\u00e9n juegue contra Rafa, s\u00f3lo que los m\u00edos est\u00e9n preparados y estoy convencido de que lo van a estar.<\/p>\n<p>P.- Hola capit\u00e1n, \u00bfqu\u00e9 opinas de las palabras de Noah? \u00bfQu\u00e9 le pasa a este se\u00f1or es envidia o algo m\u00e1s?<\/p>\n<p>R.- Yannick falt\u00f3 al respeto a todos los que durante muchos a\u00f1os fuimos sus compa\u00f1eros de profesi\u00f3n. Me produce tristeza que un campe\u00f3n como fue \u00e9l diga estas cosas.<\/p>\n<p>P.- \u00bfPorqu\u00e9 los espa\u00f1oles somos tan dominantes en tierra batida pero nos cuestan m\u00e1s otras superficies?<\/p>\n<p>R.- Est\u00e1 claro que es la superficie en la que nacemos casi todos los espa\u00f1oles pero ya llevamos muchos a\u00f1os demostrando que en otras pistas somos capaces de hacer cosas importantes, cado de Austin, donde ganamos a USA en una superficie indoor a priori la m\u00e1s desfavorable para nuestros intereses. Fue una gran victoria para el equipo de Copa Davis y para Espa\u00f1a.<\/p>\n<p>P.- C\u00f3mo es 1 d\u00eda en tu vida cuando no hay eliminatorias de la Davis?<\/p>\n<p>R.- Ejerciendo mi trabajo de responsable t\u00e9cnico de la Federaci\u00f3n Catalana de Tenis, y aprovechando los momentos que puedo con mi familia y los m\u00edos.<\/p>\n<p>P.- Siempre le he admirado, como jugador (con ese grand\u00edsimo estilo) y como capit\u00e1n (que tantas alegr\u00edas nos ha dado). Mi pregunta tiene que ver, adem\u00e1s, con una tercera &#8220;calidad&#8221;, la de entrenador, porque tengo entendido que lo fue de Feliciano L\u00f3pez: \u00bfa qu\u00e9 cree que se debe su innegable explosi\u00f3n en cada eliminatoria de Davis?, \u00bfpuede mejorar m\u00e1s su rev\u00e9s?<\/p>\n<p>R.- Feliciano est\u00e1 en un momento muy tranquilo y en ello ha colaborado mucho Alberto Berasategui, su entrenador actual, que es una persona muy positiva con la que se lleva muy bien dentro y fuera de la pista. Creo que si unes la tranquilidad, la experiencia y la enorme calidad t\u00e9cnica de Feliciano se da lo que est\u00e1 sucediendo ahora. En la Davis Feli se crece porque si cabe se centra mucho m\u00e1s, es algo para \u00e9l muy importante.<\/p>\n<p>P.- Ahora miso qui\u00e9n est\u00e1 mejor Ferrer o Nadal?<\/p>\n<p>R.- Est\u00e1n bien los dos, trabajando muy bien para ganar esta final.<\/p>\n<p>P.- Un saludo Albert y felicidades por una carrera ten\u00ecstica limpia y honesta como pocas. \u00bfCrees que el cansancio de los jugadores espa\u00f1oles acorta la diferencia que pudiera haber entre los argentinos y nosotros de cara a la final de la Davis? Gracias por todo y muchos \u00e0nimos pues suerte no creo que os haga falta.<\/p>\n<p>R.- Es evidente que Rafa y David la semana pasada estuvieron compitiendo y que eso y una larga temporada siempre influye en el cansancio pero yo les veo preparados para esta final, a veces es mejor competir que estar un tiempo parado antes de un gran evento.<\/p>\n<p>P.- qu\u00e9 le parece el especialista de dobles argentino Eduardo Swuank? gracias <\/p>\n<p>R.- Es un buen jugador, especialista en dobles, ahora mismo no est\u00e1 en el equipo pero no descarto que antes del sorteo Tito V\u00e1zquez lo pueda incluir en el equipo.<\/p>\n<p>P.- Buenas Albert! Como ves al equipo de cara al fin de semana, pero especialmente como ves a Rafa y a David despu\u00e9s de la carga de partidos que llevan?? Un abrazo y a por ellos!!<\/p>\n<p>R.- Los tengo a todos delante esper\u00e1ndome para irnos a entrenar, meti\u00e9ndome presi\u00f3n y el capit\u00e1n no puede llegar tarde. Os agradezco a todos el inter\u00e9s y hasta una pr\u00f3xima ocasi\u00f3n. Gracias a todos.<\/p>\n","protected":false},"excerpt":{"rendered":"<p>El capit\u00e1n de la selecci\u00f3n espa\u00f1ola de tenis charlar\u00e1 con los lectores en v\u00edsperas de la final de la Copa Davis ante Argentina HOY a las 16.00<\/p>\n","protected":false},"author":1,"featured_media":0,"comment_status":"open","ping_status":"open","sticky":false,"template":"","format":"standard","meta":{"footnotes":""},"categories":[],"tags":[],"class_list":["post-9514","post","type-post","status-publish","format-standard","hentry"],"_links":{"self":[{"href":"https:\/\/intervius.com\/index.html\/wp-json\/wp\/v2\/posts\/9514","targetHints":{"allow":["GET"]}}],"collection":[{"href":"https:\/\/intervius.com\/index.html\/wp-json\/wp\/v2\/posts"}],"about":[{"href":"https:\/\/intervius.com\/index.html\/wp-json\/wp\/v2\/types\/post"}],"author":[{"embeddable":true,"href":"https:\/\/intervius.com\/index.html\/wp-json\/wp\/v2\/users\/1"}],"replies":[{"embeddable":true,"href":"https:\/\/intervius.com\/index.html\/wp-json\/wp\/v2\/comments?post=9514"}],"version-history":[{"count":0,"href":"https:\/\/intervius.com\/index.html\/wp-json\/wp\/v2\/posts\/9514\/revisions"}],"wp:attachment":[{"href":"https:\/\/intervius.com\/index.html\/wp-json\/wp\/v2\/media?parent=9514"}],"wp:term":[{"taxonomy":"category","embeddable":true,"href":"https:\/\/intervius.com\/index.html\/wp-json\/wp\/v2\/categories?post=9514"},{"taxonomy":"post_tag","embeddable":true,"href":"https:\/\/intervius.com\/index.html\/wp-json\/wp\/v2\/tags?post=9514"}],"curies":[{"name":"wp","href":"https:\/\/api.w.org\/{rel}","templated":true}]}}