{"id":9512,"date":"2011-11-30T00:00:00","date_gmt":"2006-11-06T00:00:00","guid":{"rendered":"https:\/\/intervius.com\/index.html\/?p=9512"},"modified":"2006-11-06T00:00:00","modified_gmt":"2006-11-06T00:00:00","slug":"Vetusta_Morla9512","status":"publish","type":"post","link":"https:\/\/intervius.com\/index.html\/Vetusta_Morla9512\/","title":{"rendered":"Vetusta Morla"},"content":{"rendered":"<p>Pregunta.- \u00bf Hab\u00e9is surfeado alguna vez alguno de vosotros? <\/p>\n<p>Respuesta.- bodyboard te vale?<\/p>\n<p>P.- En vuestro \u00faltimo disco algunas canciones recuerdan en algunos detalles a RADIOHEAD, \u00bfqu\u00e9 otras influencias podemos encontrar en vuestra m\u00fasica?<\/p>\n<p>R.- En este disco tambi\u00e9n nos ha motivado Sigur Ros, Portishead, Triana, los Beatles (of course) y un esp\u00edritu setentero flotando en todo el disco.<\/p>\n<p>P.- Sali\u00f3 tanto talento de un instituto, qu\u00e9 formaci\u00f3n musical ten\u00edais?<\/p>\n<p>R.- Todos hemos recicido alg\u00fan tipo de clases de m\u00fasica, unos m\u00e1s y otros menos&#8230;<\/p>\n<p>P.- hola, os he descubierto hace poco, me gustaria conocer mas grupos espa\u00f1oles, cuales me recomendais. gracias y un saludo. <\/p>\n<p>R.- Autumn Comets, Cuchillo, Depedro, Havalina, Hola a Todo el Mundo, Pony Bravo&#8230;..etc&#8230;. ser\u00e1 por grupos!!<\/p>\n<p>P.- Buenos d\u00edas a todos. Me gustar\u00eda saber como llevais el cansancio de la gira. Que este d\u00eda 8 es mi cumplea\u00f1os y \u00a1\u00a1espero que vengais con fuerza!! \u00bfAlguna vez habeis salido de un concierto, desanimados, por que no ha salido como esperabais?<\/p>\n<p>R.- Vamos cansadetes, pero nos da tiempo a regenerar fuerzas para el siguiente fin de semana. Tocar en directo es lo que m\u00e1s nos gusta de todo nuestro curro y el cansancio se olvida antes de salir a tocar. Y s\u00ed, a veces salimos desanimados porque el concierto no ha salido como esper\u00e1bamos, pero suele ser por cuestiones t\u00e9cnicas m\u00e1s que emocionales.<\/p>\n<p>P.- En qu\u00e9 os inspirasteis para componer Cenas Ajenas? Enhorabuena x vuestra m\u00fasica! Me trasmit\u00eds una energ\u00eda y una paz extraordinarias! Besos<\/p>\n<p>R.- No est\u00e1 Guille entres nosotros, que es el autor de esta letra, pero creo que por primera vez en la historia de la banda se ha abierto una nueva v\u00eda en cuanto al tipo de letras. Normalmente las letras de vetusta son letras muy abiertas y libres a la interpretaci\u00f3n de cada cual, pero en Cenas Ajenas lo que dice la letra es lo que es, vamos, que no admite ninguna libre interpretaci\u00f3n: un personaje con parte de su familia viendo a otras familias en el edificio de enfrente y pensando en lo que no le gustar\u00eda hacer y convertirse en un futuro no muy lejano. Pero oye, que lo mismo alguien saca otra interpretaci\u00f3n y ser\u00eda igual de v\u00e1lida&#8230;&#8230;.<\/p>\n<p>P.- \u00bfQu\u00e9 os parece Rajoy como nuevo presidente del Gobierno? \u00bfPens\u00e1is que lo har\u00e1 bien?<\/p>\n<p>R.- M\u00e1s all\u00e1 de que nos guste o no, lo que est\u00e1 claro es que tiene un papel\u00f3n de coj&#8230; Y esperemos todos que el pa\u00eds pueda sacar la cabeza de este hoyo en el que estamos.<\/p>\n<p>P.- Como cantante, xa mi, tienes un punto a Michael Stipe. Para m\u00ed es un halago. \u00bfQu\u00e9 referentes tienes como cantantes de directo? No m\u00fasica, sino influencias para el escenario. A m\u00ed me encantasteis por cierto. Felicidades!<\/p>\n<p>R.- Cada cual se mueve y expresa como sabe y creo que igual que en otros ambitos art\u00edsticos puedes tener influencias, en la manera de moverte a mi me sale lo que soy y lo que siento en cada momento. Y en cuanto a Michael Stipe me parece un buen cantante pero no es una de mis mayores influencias. Espero que no lo digas por el pelo&#8230;.jajajaja!!!!<\/p>\n<p>P.- Soy uno de los murcianicos que estuvimos este viernes pasado en vuestro conciertazo en Granada. Tras la fabulosa experiencia de tocar en un auditorio\/teatro \u00bfpens\u00e1is repetir en locales similares? Por cierto, \u00bfel orden de las canciones no se podr\u00eda cambiar algo? Es que tras &#8220;Valiente&#8221; (cl\u00edmax del concierto) nos dej\u00e1steis casi exhaustos y luego la gente no pod\u00eda casi con su alma, jejeje. \u00c1nimo para seguir as\u00ed.<\/p>\n<p>R.- Es que hay que tener un poquito de preparaci\u00f3n f\u00edsica, chicossss, jeje. Un bolo es una carrera de fondo!!!! En los pr\u00f3ximos meses seguiremos tocando en alg\u00fan auditorio\/teatro que otro. Visiten nuestra web para estar informados<\/p>\n<p>P.- Hola!! La canci\u00f3n Valiente la ha escrito Pucho verdad? Alguna m\u00e1s que no sepamos?? El resto son casi todas de Guille y Juanma, por eso, me gustar\u00eda saber si alguna de las que no est\u00e1n incluidas en vuestros dos discos est\u00e1n escritas por los dem\u00e1s chicos. Sois estupendos gracias por todo!!!! (Valiente es una de mis favoritas!!)<\/p>\n<p>R.- Alguna m\u00e1s hay por lo cajones, y esas no se sabe si luego se rescatar\u00e1n o no. En Mapas hay tambien una canci\u00f3n de \u00c1lvaro, el bajista: Mi Suerte <\/p>\n<p>P.- \u00bfEntra en vuestros planes el hacer alg\u00fan que otro concierto en teatro o similares para quienes no puedan asistir a las salas por motivos de edad?<\/p>\n<p>R.- En los pr\u00f3ximos meses hay conciertos programados en salas de este tipo como el Palau de la Musica de Barcelona o el Kursaal de San Sebastian. Seguid atentos a nuestra web porque ah\u00ed actualizamos toda la informaci\u00f3n.<\/p>\n<p>P.- \u00bfPodr\u00edan explicar el significado que le dan a la letra de &#8220;el hombre del saco&#8221;?<\/p>\n<p>R.- El Hombre del Saco est\u00e1 inspirada en el mito\/cuento del atrapasue\u00f1os. Y la canci\u00f3n va un poco por ah\u00ed. Muy pr\u00f3ximamente estrenaremos nuevo videoclip basado en esta canci\u00f3n. En \u00e9l podremos ver a un tipo de atrapasue\u00f1os, pero creo que hoy en d\u00eda, por desgracia, vivimos rodeados de muchos de ellos.<\/p>\n<p>P.- En primer lugar felicidades y gracias por vuestro trabajo. Me hac\u00e9is creer de nuevo en la m\u00fasica. Mi pregunta es sencilla: \u00bfMcCartney, Lennon o Harrison?<\/p>\n<p>R.- Los Beatles!!!<\/p>\n<p>P.- \u00bfPara cuando estr\u00e1 la prometida versi\u00f3n de &#8220;Mapas&#8221; en vinilo?<\/p>\n<p>R.- Estamos teniendo unos problemas de producci\u00f3n que est\u00e1 demorando la salida del vinilo, pero todo llegar\u00e1.<\/p>\n<p>P.- \u00bfQu\u00e9 m\u00fasica escuchabais cuando erais j\u00f3venes?<\/p>\n<p>R.- Mucha sigue siendo la misma, aunque se van descubriendo cosas y te abres a nuevas manberas de hacer m\u00fasica y estilos&#8230; <\/p>\n<p>P.- Ten\u00e9is un directo arrollador, enhorabuena. \u00bfQue tema escoger\u00edais de un grupo espa\u00f1ol para versionear?<\/p>\n<p>R.- Junio de Havalina&#8230;&#8230;por ejemplo.<\/p>\n<p>P.- \u00bfStar wars, star trek o ninguna?\u00bfPersonaje favorito?<\/p>\n<p>R.- Rock Star&#8230;.jajajaja!!!! Creo que en la banda hay m\u00e1s fans del lado oscuro de la fuerza&#8230;..aunque contamos con un peque\u00f1o Yoda en nuestras filas&#8230;&#8230;<\/p>\n<p>P.- Chicos, despu\u00e9s del \u00e9xito de la gira por M\u00e9xico, \u00bfno os plante\u00e1is dar alg\u00fan concierto por Europa, como hicieron Love Of Lesbian en Londres, por ejemplo? Vuestro directo es vuestra mejor arma. Enhorabuena por vuestro \u00e9xito, os lo merec\u00e9is.<\/p>\n<p>R.- Tocamos el 10 de marzo en The Coronet, Londres. Metro: Elephant &#038; Castle. Nos vemos!!<\/p>\n<p>P.- \u00bfQu\u00e9 conocimiento ten\u00e9is de los discos de Jeff Buckley y Pearl Jam? \u00bfOs gustan?<\/p>\n<p>R.- Nos flipan.<\/p>\n<p>P.- Pucho, C\u00bf\u00f3mo haces para estar tocando instrumentos, pegando saltos y la vez cantar con la voz perfecta sin asfixiarte<\/p>\n<p>R.- Es una cuesti\u00f3n de pr\u00e1ctica, como todo en la vida.<\/p>\n<p>P.- dejarse llevar suena demasiado bien?<\/p>\n<p>R.- suena estupendamente bien, pero sin llegar a perderte del todo.<\/p>\n<p>P.- \u00bfcuantos robles roeria un roedor si los roedores royesen robles?<\/p>\n<p>R.- El otro d\u00eda paseando por Robledo de Chavela me vino esta pregunta a la cabeza, pero sigo rumiando la respuesta.<\/p>\n<p>P.- \u00bfque se siente al saber que se han agotado las entradas de vuestros conciertos de Madrid, 4 d\u00edas y seguramente con otro d\u00eda mas de camino a agotarse?<\/p>\n<p>R.- Una excitaci\u00f3n increible y unas chispitas por el est\u00f3mago muy dif\u00edciles de controlar&#8230;&#8230;&#8230;&#8230;aaaaaaahhhhhhhhh&#8230;&#8230;..PUM!<\/p>\n<p>P.- en el pasado arenal sound festival, entrasteis a algun ba\u00f1o publico del recinto?&#8230; salisteis vivos?<\/p>\n<p>R.- Los artistas ten\u00edamos nuestro propio retrete, pero en cuanto a aguas mayores y menores se refiere da igual qui\u00e9n seas, la merde s\u00e9 la merde!<\/p>\n<p>P.- Se os ve gente muy normal. Sufris mucho estando tanto tiempo fuera de cas? Es lo peor de vuestro trabajo?<\/p>\n<p>R.- Aunque la emoci\u00f3n y aventura que supone estar de gira por aqu\u00ed y por las Am\u00e9ricas es muy grande siempre hay momentos en los que te acuerdas de los tuyos&#8230; sobretodo en estas fechas tan se\u00f1aladas&#8230;je!<\/p>\n<p>P.- \u00bfAlguna futura incursi\u00f3n en cine? Ya sea como banda sonora, o como acotres, figurantes, etc. \u00bfHabr\u00e1 alg\u00fan d\u00eda el docu Vetusta?<\/p>\n<p>R.- Se est\u00e1 rodando un documental sobre la autoedici\u00f3n en Espa\u00f1a en el que nos han invitado a participar. A\u00fan es pronto para saber fechas de estreno y otro tipo de informaci\u00f3n. Atentos!!<\/p>\n<p>P.- \u00bfQu\u00e9 os ha sido m\u00e1s satisfactorio durante vuestra carrera musical? <\/p>\n<p>R.- Poder dedicarnos a ella exclusivamente.<\/p>\n<p>P.- Pucho, \u00bfte ves dentro de unos a\u00f1os cantando en solitario?<\/p>\n<p>R.- El futuro&#8230;..quien lo vio&#8230;.baila como un lazo en un ventilador&#8230;&#8230;No me gusta pensar demasiado en el futuro&#8230;&#8230;todo puede ser&#8230;.o no.<\/p>\n<p>P.- \u00bfQui\u00e9n el el\/la m\u00e1s grande de todos los tiempos, respecto a la m\u00fasica?<\/p>\n<p>R.- No consideramos la m\u00fasica como una competici\u00f3n como muchos medios tratan de hacernos creer a trav\u00e9s de la confecci\u00f3n de listas y listas. Hay grandes peque\u00f1os artistas y peque\u00f1os artistas muuuuy grandes!!<\/p>\n<p>P.- \u00bfcuale eran vuestras espectativas cuando formasteis la banda?<\/p>\n<p>R.- \u00bfcuale eran vuestras espectativas cuando formasteis la banda?<\/p>\n<p>P.- El 17 de diciembre es mi cumplea\u00f1os y no hay mejor regalo que veros en directo, pero adem\u00e1s me encantaria escuchar Un plan mejor \u00bfla tocareis en La Riviera?.<\/p>\n<p>R.- Probably&#8230;<\/p>\n<p>P.- \u00bfVetusta Morla mola?<\/p>\n<p>R.- Me gusta vetusta<\/p>\n<p>P.- La canci\u00f3n Baldosas Amarillas me parece entender que cuenta la historia de un amor de esos que te vuelven ciego y loco, \u00bfes as\u00ed? o \u00bfrealmente su mensaje es otro?Saludos!!!<\/p>\n<p>R.- Seg\u00fan Guille, el autor de esta letra, Baldosas Amarillas habla sobre el deseo y las m\u00faltiples maneras que tenemos de gestionarlo&#8230;&#8230;ah\u00ed lo dejo!!!<\/p>\n<p>P.- Pucho, c\u00f3mo est\u00e1s tan bueno?<\/p>\n<p>R.- Porque cuido mi salud&#8230;..jejej!! Gracias.<\/p>\n<p>P.- \u00bfQu\u00e9 escuch\u00e1is vosotros en casa?<\/p>\n<p>R.- Por las ma\u00f1anas me despiertan los pajaritos en el patio de mi bloque, adem\u00e1s siempre tengo m\u00fasica puesta para no escuchar a los vecinos discutiendo, las obras de edificios cercanos o las sirenas de la poli&#8230; y mientras hago la cena&#8230;&#8230;Juan de Pablos en mi radio.<\/p>\n<p>P.- \u00bfUn poeta del alma?<\/p>\n<p>R.- Omar Khay\u00e1n&#8230; busca&#8230;<\/p>\n<p>P.- Para Pucho\u00bfun libro?<\/p>\n<p>R.- Novela Gr\u00e1fica: Fun Home. Libro: Eramos unos Ni\u00f1os, de Patty Smith.<\/p>\n","protected":false},"excerpt":{"rendered":"<p>Pucho y David han charlado en directo con los oyentes.<\/p>\n","protected":false},"author":1,"featured_media":0,"comment_status":"open","ping_status":"open","sticky":false,"template":"","format":"standard","meta":{"footnotes":""},"categories":[],"tags":[],"class_list":["post-9512","post","type-post","status-publish","format-standard","hentry"],"_links":{"self":[{"href":"https:\/\/intervius.com\/index.html\/wp-json\/wp\/v2\/posts\/9512","targetHints":{"allow":["GET"]}}],"collection":[{"href":"https:\/\/intervius.com\/index.html\/wp-json\/wp\/v2\/posts"}],"about":[{"href":"https:\/\/intervius.com\/index.html\/wp-json\/wp\/v2\/types\/post"}],"author":[{"embeddable":true,"href":"https:\/\/intervius.com\/index.html\/wp-json\/wp\/v2\/users\/1"}],"replies":[{"embeddable":true,"href":"https:\/\/intervius.com\/index.html\/wp-json\/wp\/v2\/comments?post=9512"}],"version-history":[{"count":0,"href":"https:\/\/intervius.com\/index.html\/wp-json\/wp\/v2\/posts\/9512\/revisions"}],"wp:attachment":[{"href":"https:\/\/intervius.com\/index.html\/wp-json\/wp\/v2\/media?parent=9512"}],"wp:term":[{"taxonomy":"category","embeddable":true,"href":"https:\/\/intervius.com\/index.html\/wp-json\/wp\/v2\/categories?post=9512"},{"taxonomy":"post_tag","embeddable":true,"href":"https:\/\/intervius.com\/index.html\/wp-json\/wp\/v2\/tags?post=9512"}],"curies":[{"name":"wp","href":"https:\/\/api.w.org\/{rel}","templated":true}]}}