{"id":9511,"date":"2010-01-26T00:00:00","date_gmt":"2006-11-06T00:00:00","guid":{"rendered":"https:\/\/intervius.com\/index.html\/?p=9511"},"modified":"2006-11-06T00:00:00","modified_gmt":"2006-11-06T00:00:00","slug":"Inako_Diaz_Guerra9511","status":"publish","type":"post","link":"https:\/\/intervius.com\/index.html\/Inako_Diaz_Guerra9511\/","title":{"rendered":"I\u00f1ako D\u00edaz Guerra"},"content":{"rendered":"<p>Pregunta.- Esta visto que como pronosticador de la NFL no tienes precio; que tiemble Mariano Tovar. Te lo avise Colts-Saints. Chargers? Quien son los Chargers? Te apuesto mis campos de algod\u00f3n a que Manning se come \u00e9l solito a tus Saints. <\/p>\n<p>Respuesta.- He sido un desastre en estos playoff, es evidente. Pero si le preguntas a Mariano te dir\u00e1 que durante la temporada regular he estado a un nivel muy alto. Soy como los propios Chargers, jugador de sal\u00f3n, cuando l cosa se calienta, me vengo abajo. Go Saints!<\/p>\n<p>P.- Buenas I\u00f1ako, en primer lugar felicitarte por el blog, la verdad que da gusto leer verdades sobre nuestro Atleti. Y en segundo lugar, \u00bfRealmente se esta cuestionando a Quique como publica hoy AS? Puede haber fallado en algunda decisi\u00f3n puntual pero de ah\u00ed a pensar ya en destitucion,total visto lo visto da igual quien venga,por que parece que quien manda son los jugadores..<\/p>\n<p>R.- No est\u00e1 en la cuerda floja, pero s\u00ed bajo examen. Lo cierto es que ha cometido algunos errores gruesos en os \u00faltimos partidos. Desde mi punto de vista, contra el Recre no estuvo r\u00e1pido para fortalecer el equipo tras el 4-0, lo de poner a Pern\u00eda ante el Celta fue de juzgado de guardia, lode Asenjo y De Gea no lo est\u00e1 gestionando bien y reservar a Ujfalusi y Tiago el otro d\u00eda fue un riesgo exagerado teniendo en cuenta que el equipo no puede regalar ni un punto en la LIga si quiere llegara Europa. En cuanto a los futbolistas, est\u00e1n quemados con que raje en p\u00fablico de ellos. Despu\u00e9s de Huelva quedaron en que los trapos sucios, en el vestuario y ahora ha vuelto a criticarles. Yo en esto estoy con Quique a muerte. Que jueguen o que asuman la cr\u00edtica.<\/p>\n<p>P.- \u00bfQue les pasa a esta gente tio? \u00bfQue es eso de que va cada uno por su lado? Hay cientos de chavales que venderian a su madre por jugar en el atleti, y estos que si van a su bola&#8230; Yo le ofrecia la capitania a Ag\u00fcero, a ver si cuela y se queda otro a\u00f1ito. \u00bf Y que falta implicacion? Que venga el Cholo, para mi Quique es un gran entrenador, pero se ha encontrado con un marron que solo un colchonero puede aguantar.<\/p>\n<p>R.- Lo del Cholo es como lo de Abel, dar por hecho que sentir los colores te convierte en el entrenador id\u00f3neo. Yo creo que al Cholo le quedan varias experiencias para estar preparado. Sobre todo alguna en Espa\u00f1a antes de coger al Atleti. Bianchi lo gan\u00f3 todo all\u00ed y&#8230;<\/p>\n<p>P.- Muchas Muchas Muchas gracias por el post, has vuelto como solo el atleti podria volver, cada vez te estas concretando mas en lo que significa para miles de personas. Me encantan las series que has puesto, pero te cambio friends por los soprano, que me dices?? La unica solucion real que veo en este momento en el atleti es: dejar a quique ocurra lo que ocurra, echar a pitarch ocurra lo que ocurra, vender a roberto, dejar primero a asenjo y segundo a de gea (si no quiere sera que no amaba tanto los colores no? y si desmuestra con el tiempo que es mejor, bienvenido sea) Por ultimo queria saber cual es la segunda temporada de twin peaks porque estoy perdidisimo: lo ultimo que vi fue que el malo malisimo se habia metido en el cerebro del prota, eso que es el final de la primera??? (intenta contestarme a las dos preguntas si puedes, un abrazo muy fuerte, cada vez te respeto y admiro mas)<\/p>\n<p>R.- Tema Atleti: Ahora ya es dif\u00edcil devolverle a Asenjo la titularidad, porque estamos en lo mismo. Si De GEa lo hace bien, y lo est\u00e1 haciendo, no hay motivo para quitarle. Un l\u00edo. Tema series: no s\u00e9 por qu\u00e9 no he terminado de entrar en Los Soprano y me fastidia bastante, la verdad. Cosas que pasan. En cuanto a Twin Peaks, cuando Bob se mete en Cooper es el final de la segunda temporada. Loc ierto es que entre la primera (8 cap\u00edtulos) y la segunda no hay una distinci\u00f3n clara, ya que el argumento se contin\u00faa. Y la segunda sigue bien un tiempo, hasta que ya se les va la pinza con el burdel, las visiones y los colores chillones<\/p>\n<p>P.- No te da la impresi\u00f3n de que este Atleti se parece un poco aal Valencia de Koeman. AL final ganar\u00e1n la Copa los jugadores por su cuenta y pasaran de quique en liga y Europa League?<\/p>\n<p>R.- Tiene un poco ese aire de mal equipo de bueno futbolistas, pero Quique es mejor entrenador que Koeman y va a hacer menos cosas raras, creo. La Europa League yo no la descartar\u00eda tan r\u00e1pido<\/p>\n<p>P.- Creo que Quique ha caido mal a la plantilla. Despotrica contra todos y luego saca a los mismos. Le ves futuro al mister o le har\u00e1n la cama? Por cierto, que mal soluci\u00f3n tiene el tema entrenador. Es que todos los que han venido son malos?<\/p>\n<p>R.- Estoy algo confuso con el tema Quique. Conoci\u00e9ndole un poco, s\u00e9 que no es ning\u00fan bruto y ha sido futbolista hace relativamente poco, por lo que conoce los c\u00f3digos. Sin embargo, es cierto que est\u00e1 atacando en p\u00fablico a los futbolistas mucho m\u00e1s de lo habitual. Me huele a estrategia para despertarles y, aunque les moleste, ya ha funcionado en otras ocasiones. A veces parece que s\u00f3lo juegan cuando se sienten acorralados. Creo que Quique es un buen entrenador en una situaci\u00f3n de tanta tensi\u00f3n que le lleva a ir tan al l\u00edmite que a veces comete equivocaciones al buscar soluciones. No todos son malos. Yo, en contra de la opini\u00f3n mayoritaria, creo que Aguirre lo hizo bien. El problema de base est\u00e1 en el descontrol institucional. Los entrenadores tienen una responsabilidad relativa<\/p>\n<p>P.- Imagina una secuela de Blade Runner. El se\u00f1or Scott bien podr\u00eda poner de mujer replicante a Elena Anaya, estupenda, y de replicantes prescindibles a Perea, Juanito, Pablo, Pern\u00eda, Cl\u00e9ber, Sinama, etc. \u00bfQui\u00e9n ser\u00eda el replicante que diera la talla ante el protagonista?\u00bfY \u00e9ste, qui\u00e9n podr\u00eda dar con el papel?<\/p>\n<p>R.- No cuadra. Los replicantes, en el fondo, eran m\u00e1s que humanos. El \u00fanico problema es que de vida corta, pero f\u00edsica e intelectualmente superiores. Comparar a Pablo con un Nexus me parece un agravio. <\/p>\n<p>P.- \u00bfEst\u00e1 hecho lo de Fran Merida o ser\u00e1 otro del tantos &#8220;caso Rosicky&#8221; (Vamos una tomadura de pelo)?<\/p>\n<p>R.- Est\u00e1 hecho. Dicho siempre con una pizca de inseguridad, porque he visto cosas muy marcianas ya. Pero vamos, hay firma y eso<\/p>\n<p>P.- I\u00f1ako: Diego Costa, Borja, Pacheco, Ibra, y dando por bueno que vendamos a Forlan y nunca a Aguero (aunque con el trio La la l\u00e1 nunca se sabe) cual de ellos te parece que tienen mas opciones para formar parte de la plantilla el a\u00f1o que viene?<\/p>\n<p>R.- Diego Costa y Borja<\/p>\n<p>P.- El n\u00famero 23 es el mejor&#8230; t\u00fa lo has dicho. Y estoy de acuerdo.<\/p>\n<p>R.- Con el actual 23 me pasa lo mismo que con el anterior 23. S\u00ed, seguramente sea el mejor. Pero a m\u00ed no me gusta verle. Lo observo un rato como un documental de fuerzas de la naturaleza, pero no me transmite. Si te gusta el baloncesto m\u00e1s all\u00e1 del mate y las posturitas, hay unos cuantos jugadores mejores para admirar. Jordan nunca gan\u00f3 un anillo en la \u00e9poca dura <\/p>\n<p>P.- Buenas. No crees que a Estu le falta un alero tirador sustituyendo a Iturbe, que (adem\u00e1s de un poco traidor) lleva lesionado la tira, para tener alguna opci\u00f3n en la Copa del Rey y, sobre todo, si llegara a Playoffs? Bienvenida tu entrada en el Blog!<\/p>\n<p>R.- Tirador tiene uno y muy bueno en Lofton. Yo el problema lo veo dentro. No le falta tanto tiro como altura. <\/p>\n<p>P.- Hola I\u00f1ako, felicidades por tu seccion, me encanta, y desde mi punto de vista decirte que haces periodismo desde la realidad que todos los aficcionados vivimos y no como otros que son mas sensacionalistas, mi pregunta es sobgre el fichaje de salvio, costo 8 millones, le pagaran 500.000 euros y terminara cobrando 800.000 euros, en Lanus dijeron que era la mejor oferta, \u00bfcrees que es tan bueno como lo pintan en Argentina?si mal no recuerdo Ag\u00fcero costo mas del doble y tenia mas ofertas, \u00bfcrees que se deberia haber fichado a dos laterales y no a dos centrocampistas?, gracias y suerte.<\/p>\n<p>R.- Hombre, Ag\u00fcero es mucho Ag\u00fcero. Desde el primer d\u00eda a Ag\u00fcero se le ha comparado con Messis y Maradonas, es otra Liga. Adem\u00e1s, el mercado ha cambiado mucho en estos tres a\u00f1os, ya nadie (bueno, el Madrid s\u00ed, pero es otra historia) paga lo que se pagaba entonces. A m\u00ed me parece un buen fichaje, es una apuesta de m\u00e1s riesgo pero con m\u00e1s recompensa potencial. Rara vez, salvo que seas Alves, un lateral marca la diferencia y es una posici\u00f3n m\u00e1s f\u00e1cil de cubrir desde la cantera o con futbolistas baratos. Si tienes poco dinero para fichar, es mejor gastarlo en las posiciones de mayor importancia. Mejor pagar por medios que por defensas.<\/p>\n<p>P.- Crees que Torres va a llegar bien al Mundial? a que equipo deber\u00eda irse YA? te crees lo del pastizal del City? yo lo veo en el Barcelona, jam\u00e1s en un equipo m\u00e1s peque\u00f1o s\u00f3lo por dinero<\/p>\n<p>R.- S\u00ed, como una moto. Ahora para un par de mesese, vuelve e abril con tiempo de sobra para coger el ritmo y supermotivado. Me creo lo del City, pero yo no me ir\u00eda all\u00ed. No puede seguir arriesg\u00e1ndose a proyectos sin una certeza absoluta de t\u00edtulos. M\u00e1s que el Bar\u00e7a, el Chelsea o el United<\/p>\n<p>P.- Hola I\u00f1ako, \u00bfsigue sin parecerte bien el fichaje de Mario Su\u00e1rez? Y, m\u00e1s gen\u00e9ricamente, \u00bfqu\u00e9 te parece el plan de austeridad y cantera y repesca para el a\u00f1o que viene con Diego Costa, De las Cuevas, Mario, Borja, etc\u00e9tera? A m\u00ed me parece que hay menos opciones de bacatazo, pero dudo que podamos aspirar a clasificarnos para la Champions&#8230;<\/p>\n<p>R.- No es que me parezca mal, es que no creo que vaya a marcar una diferencia con lo qe hay. Mario me parece un buen futbolista, correcto, sin m\u00e1s. No superior a Camacho, a Gabi o, por ejemplo, a Cl\u00e9ber. Est\u00e1 claro, que le prefiero al brasile\u00f1o porque es m\u00e1s joven y de la casa, pero no creo que sea la soluci\u00f3n seguir acumulando mediocnetros de 6, cuando lo que se necesita es uno de 9. El plan es bueno si se repesca a los adecuados y no a todo lo que tenga pasado atl\u00e9tico. Es la mejor manera de completar la plantilla, pero siempre alrededor de dos o tres estrellas asentadas. Ag\u00fcero, b\u00e1sicamente. Diego y Borja tienen potencial de titulares en el Atleti. De las Cuevas y Mario valen para hacer plantilla.<\/p>\n<p>P.- Hola I\u00f1ako. No se si la imagen ofrecida por el equipo tanto contra el Celta como contra el Getafe es fruto de la desidia o por el contrario es un problema de preparaci\u00f3n f\u00edsica. Yo los veo fundidos f\u00edsicamente, cualquier equipo que haga las cosas medio bien nos pasa por encima como aviones. \u00bfCu\u00e1l es tu opini\u00f3n? Un saludo.<\/p>\n<p>R.- Yo ahora no veo tanto desidia como impotencia. Pero es evidente que f\u00edsicamente est\u00e1n fundidos ahora mismo con los dos partidos por semana. La plantilla es corta, varias de las estrellas arrastran problemas f\u00edsicos, Tiago acaba de llegar&#8230; Y el equipo se funde claramente en las segundas partes. Eso tiene mala soluci\u00f3n ahora, porque si, como espero, pasan en Copa, las dos pr\u00f3ximas semanas vuelven a tener doble partido.<\/p>\n<p>P.- Hola I\u00f1ako! Bienvenido de nuevo a tu blog. Bueno, como el tema Atleti, desgraciadamente, no tiene futuro, prefiero hablar de otras cosas. La verdad que la NBA est\u00e1 muy bien, pero creo que en Espa\u00f1a tenemos una pedazo de liga. \u00bfC\u00f3mo lo ves este a\u00f1o? La verdad que hay bastante igualdad y la Euroliga puede ser de traca. Por cierto, \u00bfhas o\u00eddo a The XX? \u00bfSon de verdad tan buenos o se les est\u00e1 dando mucho bombo? Saludos t\u00edo!<\/p>\n<p>R.- Yo este a\u00f1o veo menos igualdad (para el t\u00edtulo) que nunca. Est\u00e1 el Bar\u00e7a y luego, 4 o 5 escalones por detr\u00e1s, el resto. Y un triple milagroso de Rafa Mart\u00ednez no va a hacerme cambiar de idea. La pelea es por ser segundo y tercero en la LIga regular y aspirar a seer finalista. Creo que el Madrid ha hecho un buen equipo y tiene un entrenador magn\u00edfico, pero no tiene nada que hacer a 5 partidos ante el Bar\u00e7a. A uno, en la Copa, qui\u00e9n sabe, pero en la ACB no lo veo The XX no est\u00e1n mal, pero el hobby ingl\u00e9s de vender a cada grupo que hace una canci\u00f3n decente como el pr\u00f3ximo gran grupo ha vuelto a funcionar.<\/p>\n<p>P.- Dime 3 libros, 3 discos y 3 pel\u00edculas que te llevar\u00edas al bunker en la pr\u00f3xima glaciaci\u00f3n. Gracias<\/p>\n<p>R.- Estas a bote pronto siempre me arrepiento luego de la elecci\u00f3n, pero bueno: Libros: El se\u00f1or de los anillos, Alta fidelidad y Leviatan Discos: Blonde o blonde de Dylan, Aftermath de los Stones y On the Beach de Neil Young Pelis: Blade Runner, El Apartamento y Annie Hall<\/p>\n<p>P.- Cortitas y al pie: \u00bfviene Rafinha? \u00bfPasaremos contra el Celta? \u00bfConoces a Javier de Torres y precioso anti-himno atl\u00e9tico &#8220;si mi chica me vuelve a querer la traer\u00e9 al estadio alguna vez&#8221;? Si no lo conoces creo que deber\u00edas escucharlo. Saludos<\/p>\n<p>R.- No, s\u00ed, no, lo har\u00e9<\/p>\n<p>P.- Hola I\u00f1ako, el AS publica que Cleber se va al Sao Paulo por 1,5 mill. y los derechos de un jugador \u00bfCu\u00e1l puede ser esl jugador? Gracias.<\/p>\n<p>R.- En principio, el lateral zurdo Diogo es el que tiene m\u00e1s papeletas<\/p>\n<p>P.- Hola I\u00f1ako.En caso de destituci\u00f3n de Quique,a qu\u00ed\u00e9n colocarias t\u00fa en el banquillo colchonero? Y por qu\u00e9?<\/p>\n<p>R.- No destituir\u00eda a Quique. Si lo hacen, da igual a qui\u00e9n pongan, ser\u00eda m\u00e1s de lo mismos. Cargarse un proyecto, no dejar trabajar, bscar un cabeza de turco y a seguir estirando el chicle.<\/p>\n<p>P.- Hola I\u00f1ako, quiero confesarme: llev\u00e9 a mi hijo de 7 a\u00f1os a Getafe a ver a nuestro Atleti, \u00bfcrees que la fiscal\u00eda de menores intervendr\u00e1 de oficio? \u00bfme quitar\u00e1n la custodia? Ahora en serio: hab\u00eda much\u00edsimos ni\u00f1os con bufandas del Atleti, a ellos no les da verguenza ir con nuestros colores a cualquier lado, creo que todav\u00eda hay esperanza, no desespereis, saludos.<\/p>\n<p>R.- Mi pregunta con lo de los ni\u00f1os es si es por vocaci\u00f3n o porque les obligamos sus mayores. Si le dej\u00e1ramos crecer en un entorno aisaldod e influencias, \u00bfcu\u00e1ntos se har\u00edan del Atleti? Animalitos<\/p>\n<p>P.- Que pierde el Madrid con la ida de Van Nistelrooy?<\/p>\n<p>R.- Un se\u00f1or y un ejemplo. Pero futbol\u00edsticamente y en su actual estado, poco <\/p>\n<p>P.- \u00bfQu\u00e9 piensas de los tres pilotos espa\u00f1oles que habr\u00e1 en la formula 1 este a\u00f1o?<\/p>\n<p>R.- La F\u00f3rmula 1 me aburre. S\u00f3lo veo la salida y luego hago zapping. Sigo pensando que Alonso es el mejor, De la Rosa me ca\u00eda tan bien como comentarista que voy con \u00e9l y de Alguersuari no tengo mucho que aportar, me dice CArlos Miquel que es bueno pero no \u00e9lite.<\/p>\n<p>P.- Dado que todo es un desastre tal y como tu mismo has se\u00f1alado en un magnifico art\u00edculo tuyo. \u00bfQue crees que debe hacer la afici\u00f3n para convencer a los dirigentes de que vendan de una vez el club?<\/p>\n<p>R.- Me temo que lo \u00fanico que puede hacerse es conseguir dinero que ofrecerles<\/p>\n<p>P.- Hola.Elige De Gea-Asenjo.Cedric-Keko.Cleber-Maniche.\u00bfQue opinas de las pel\u00edculas de Kevin Smith?.<\/p>\n<p>R.- Empate. Cedric. Maniche. Adoro Clerks, Mallrats y Persiguiendo a Amy. A partir de ah\u00ed, una de las mayores decepciones de mi vida.<\/p>\n<p>P.- \u00bfporque ning\u00fan periodista realiza una entrevista agresiva a M.A.Gil? creo que es un personaje que miente y bastante, culpando siempre a los secretarios t\u00e9cnicos, cuando el es responsable directo de muchos fichajes..sobre todo de Paco Casal (siniestro personaje) \u00bfque se puede esperar de un presidente que prefiere a Toni antes que a Molina, a ranieri antes que a antic? y no sigo por no aburrir, si hasta intent\u00f3 fichar a alfonso p\u00e9rez mu\u00f1oz con 32 a\u00f1os, y sigue enamorado de un fracaso como joaqu\u00edn el del valencia?<\/p>\n<p>R.- Porque da pocas y cuando las da, t\u00fa preguntas una cosa y el responde lo que le da la gana. Lleva bien preparadas sus escapatorias<\/p>\n<p>P.- 5 jugadores m\u00e1s infravalorados hoy en d\u00eda.<\/p>\n<p>R.- Esta tengo que pensarla. Aplazo la respuesta al blog o a la pr\u00f3xima charla. Por cierto, cuando us\u00e9is un nick as\u00ed agradecer\u00eda conocer vuestro g\u00e9nero. A partir de ah\u00ed, se negocia<\/p>\n<p>P.- Buenas I\u00f1ako! Crees que hay mal rollo entre algunos miembros de la plantilla? Forlan- Reyes? &#8230;lo parece un poco, Que hacemos en vigo? Nuestro equipo se sigue rompiendo en 2, Assunsao es siempre espulsado, valera no se entera&#8230;en fin<\/p>\n<p>R.- Hay mucha tensi\u00f3n, pero no mal rollo personalizado. Cuando ganen,s e abrazar\u00e1n todos. En Vigo, pasamos<\/p>\n","protected":false},"excerpt":{"rendered":"<p>El redactor del Diario AS I\u00f1ako D\u00edaz-Guerra analiza cada semana la situaci\u00f3n del Atl\u00e9tico de Madrid. El periodista ha charlado con los lectores sobre la situaci\u00f3n deportiva que atraviesa Atl\u00e9tico de Madrid as\u00ed como otros temas tan mundanos como la el baloncesto, la m\u00fasica o el cine.<\/p>\n<p>ARCHIVO DE ENTREVISTAS:<\/p>\n<p>20 de enero &#8211; 12 de enero &#8211; 05 de enero &#8211; 29 de diciembre &#8211; 22 de diciembre &#8211; 16 de diciembre &#8211; 10 de diciembre &#8211; 01 de diciembre &#8211; 24 de noviembre &#8211; 17 de noviembre &#8211; 10 de noviembre &#8211; 6 de noviembre &#8211; 3 de noviembre &#8211; 27 de octubre &#8211; 20 de octubre &#8211; 13 de octubre &#8211; 06 de octubre &#8211; 29 de septiembre &#8211; 22 de septiembre &#8211; 15 de septiembre &#8211; 08 de septiembre &#8211; 01 de septiembre &#8211; 25 de agosto &#8211; 18 de agosto &#8211; 11 de agosto &#8211; 27 de julio &#8211; 21 de julio &#8211; 14 de julio &#8211; 07 de julio &#8211; 30 de junio &#8211; 23 de junio &#8211; 16 de junio &#8211; 09 de junio &#8211; 02 de junio -26 de mayo -19 de mayo &#8211; 12 de mayo &#8211; 05 de mayo &#8211; 28 de abril &#8211; 21 de abril &#8211; 14 de abril &#8211; 07 de abril &#8211; 24 de marzo &#8211; 17 de marzo &#8211; 10 de marzo &#8211; 3 de marzo &#8211; 24 de febrero &#8211; 10 de febrero &#8211; 17 de febrero &#8211; 13 3 de enero &#8211; 2 3 de diciembre &#8211; 2 de diciembre &#8211; 25 de noviembre &#8211; 4 de noviembre &#8211; 18 de noviembre &#8211; 4 de noviembre &#8211; 11 de noviembre &#8211; 4 de noviembre &#8211; 24 de octubre &#8211; 7 de octubre &#8211; 30 de septiembre &#8211; 23 de septiembre &#8211; 16 de septiembre <\/p>\n","protected":false},"author":1,"featured_media":0,"comment_status":"open","ping_status":"open","sticky":false,"template":"","format":"standard","meta":{"footnotes":""},"categories":[],"tags":[],"class_list":["post-9511","post","type-post","status-publish","format-standard","hentry"],"_links":{"self":[{"href":"https:\/\/intervius.com\/index.html\/wp-json\/wp\/v2\/posts\/9511","targetHints":{"allow":["GET"]}}],"collection":[{"href":"https:\/\/intervius.com\/index.html\/wp-json\/wp\/v2\/posts"}],"about":[{"href":"https:\/\/intervius.com\/index.html\/wp-json\/wp\/v2\/types\/post"}],"author":[{"embeddable":true,"href":"https:\/\/intervius.com\/index.html\/wp-json\/wp\/v2\/users\/1"}],"replies":[{"embeddable":true,"href":"https:\/\/intervius.com\/index.html\/wp-json\/wp\/v2\/comments?post=9511"}],"version-history":[{"count":0,"href":"https:\/\/intervius.com\/index.html\/wp-json\/wp\/v2\/posts\/9511\/revisions"}],"wp:attachment":[{"href":"https:\/\/intervius.com\/index.html\/wp-json\/wp\/v2\/media?parent=9511"}],"wp:term":[{"taxonomy":"category","embeddable":true,"href":"https:\/\/intervius.com\/index.html\/wp-json\/wp\/v2\/categories?post=9511"},{"taxonomy":"post_tag","embeddable":true,"href":"https:\/\/intervius.com\/index.html\/wp-json\/wp\/v2\/tags?post=9511"}],"curies":[{"name":"wp","href":"https:\/\/api.w.org\/{rel}","templated":true}]}}