{"id":9508,"date":"2011-11-29T00:00:00","date_gmt":"2006-11-06T00:00:00","guid":{"rendered":"https:\/\/intervius.com\/index.html\/?p=9508"},"modified":"2006-11-06T00:00:00","modified_gmt":"2006-11-06T00:00:00","slug":"Ignacio_Cantos9508","status":"publish","type":"post","link":"https:\/\/intervius.com\/index.html\/Ignacio_Cantos9508\/","title":{"rendered":"Ignacio Cantos"},"content":{"rendered":"<p>Pregunta.- Buenos dias ignacio. Dicen que la bolsa se hunde, yo no lo veo asi, aunque pierdo en todo, me gusta ACS, pero veo algunas casas de analisis han bajado su calificacion, \u00bfcree que puede ser interesante a estos precios, \u00bfcual es su opinion sobre el valor? gracias.<\/p>\n<p>Respuesta.- ACS ha tenido un entorno muy complicado en los \u00faltimos 18 meses. La toma de una participaci\u00f3n mayoritaria en Hotchief antes de los malos resultados de esta. El entorno operativo en Espa\u00f1a y la batalla de Iberdrola que no progresa han supuesto una tormenta perfecta para la compa\u00f1\u00eda. En el sector constructor\/ concesional nos gusta mas OHL y Ferrovial pero la acci\u00f3n podr\u00eda rebotar y llegar a los 25\u20ac.<\/p>\n<p>P.- Tengo acciones del B. Pastor con p\u00e9rdidas. Si por la fusi\u00f3n con B. Popular pasan a \u00e9ste, cuando las venda a precios similares perder\u00eda las Minusval\u00edas.<\/p>\n<p>R.- No, tendr\u00e1 como precio de compra de las Populares su inversi\u00f3n en Pastor dividido por el numero de acciones que le correspondandel Popular.<\/p>\n<p>P.- Hola buenas:Con el mercado tan revuelto,\u00bfQu\u00e9 le parece invertir ahora en daimler y vivendi a largo plazo?.Gracias.<\/p>\n<p>R.- Ambas acciones nos gustan. Pensamos que Daimler esta bastante m\u00e1s barato que BMW dentro de un sector muy castigado este ejercicio por las dudas sobre el crecimiento mundial. En el caso de Vivendi es un buen momento creemos que esta barata y adem\u00e1s ofrece una rentabilidad por dividendo muy atractiva.<\/p>\n<p>P.- Buenos dias se\u00f1or Cantos.Tengo Amadeus compradas a 13. \u00bfC\u00f3mo ve el valor a corto o medio plazo? Las aguanto o no cree que lleguen a 13 en el corto plazo? gracias<\/p>\n<p>R.- La marcha de la compa\u00f1\u00eda es buena, los fondos de capital riesgo han salido del accionariado. Esta en duda el destino de la participaci\u00f3n de Air France por la mala marcha de la compa\u00f1\u00eda pero no creemos que venda por debajo de 13,5\u20ac. Tecnicamente ha hecho una buena base sobre los 12\u20ac y el objetivo ser\u00edan los 14\u20ac<\/p>\n<p>P.- Buenos d\u00edas don Ignacio. cual es su opini\u00f3n sobre indra a medio y largo plazo. Tiene sentido mantener la inversi\u00f3n en esta compa\u00f1\u00eda con las bajadas que est\u00e1 teniendo?. Muchas gracias por su tiempo<\/p>\n<p>R.- Indra siempre ha cumplido con sus previsiones a pesar de los dificiles entornos de mercado a los que se ha enfrentado. Las expectativas de los analistas en el 2012 son bastante bajas, aunque el entorno operativo de la compa\u00f1\u00eda ser\u00e1 complicado. Los acionistas de referencia como Alba han comprado con las \u00faltimas ca\u00eddas, pero tambi\u00e9n han aumentado las posiciones cortas sobre el valor. Pensamos que deber\u00eda recuperar los 11\u20ac y desde all\u00ed dirigirse a los 12.<\/p>\n<p>P.- Cree vd. Que la bolsa ha tocado fondo?Sigue creyendo , como vd. A dicho en otra ocasi\u00f3n que ala bolsa tiene los precios mas bajos de hace 30 a\u00f1os.Si es as\u00ed cuantos a\u00f1os tardaremos en volver a coger los ni idees anteriores.Gracias<\/p>\n<p>R.- Si el mercado ha tocado fondo o no depende de los pol\u00edticos y de su implicaci\u00f3n para resolver la crisis de deuda antes de que esta se lleve por delante a los propios pa\u00edses y politcos. En cualquier caso de lo que si sabemos es que las valoraciones siguen siendo muy atractivas y los valores tienen los balances bastante m\u00e1s saneados que en 2008. En cuanto al tiempo para volver a m\u00e1ximos depender\u00e1 del tiempo en poner las bases para una mayor implicaci\u00f3n a todos los niveles fiscal, econ\u00f3mico e incluso pol\u00edtico.<\/p>\n<p>P.- Buenos d\u00edas! Me gustar\u00eda saber su opini\u00f3n sobre Telefonica ( compradas a 15e) ,precio objetivo para el a\u00f1o que viene o si me recomienda que venda y cambie por otro valor. Muchas gracias<\/p>\n<p>R.- La decisi\u00f3n de mantener el dividendo de 2012 en los 1,75\u20ac esta pesando en la cotizaci\u00f3n adem\u00e1s del deterioro que estan sufriendo los n\u00fameros de la compa\u00f1\u00eda en Espa\u00f1a. No vender\u00edamos por debajo de 16 donde tiene una importante resistencia, hay un nivel intermedio en los 14,3\u20ac. Mantendr\u00edamos<\/p>\n<p>P.- Hola.Ibex 35. \u00bf Me puede acosejar dos valos a corto plazo y otros dos a largo plazo?Gracias.<\/p>\n<p>R.- A corto con riesgo Arcelor y Tecnicas Reuinidas A largo Obrascon y CAF<\/p>\n<p>P.- Buenos d\u00edas, me gustar\u00eda saber que opina de Gamesa, Gas natural y Sacyr para entrar en estos momentos y sus posibilidades a medio-largo plazo. Muchas gracias.<\/p>\n<p>R.- Gamesa nos gusta a pesar de que el mercado e\u00f3lico parece algo estancado, pero la compa\u00f1\u00eda se ha reestructurado bien y esta bien posicionada en emergentes. Gas Natural es m\u00e1s defensivo y 12\u20ac parece un buen nivel de entrada, aunque hay que estar atento a los sectores regulados con la llegada del PP. En cuanto a Sacyr no entrar\u00edamos salvo muy a corto plazo y con stop ce\u00f1ido. <\/p>\n<p>P.- Buenos dias sr Ignacio:Tengo acciones del bbva si las vendo y no compro hasta el 2012 se puede crear minusvalia?, las compre a precio superior de como estan ahora,gracias<\/p>\n<p>R.- Se puede declara la minusval\u00eda si se vende y no se vuelve a comprar hasta dos meses despues, por tanto ser\u00eda a finales de Enero 2012.<\/p>\n<p>P.- Buenos d\u00edas &#8230;. tras la bajada de las bolsas mundiales , las p\u00e9simas perspectivas econ\u00f3micas para el 2012 , los flojos resultados de las empresas cotizadas &#8230; \u00bf usted cree, que valores como Santander, Telef\u00f3nica , ACS &#8230;. ser\u00e1n capaces de mantener sus dividendos para dicho a\u00f1o? Saludos cordiales , desde Vigo<\/p>\n<p>R.- Los resultados han sido flojos pero algo mejor de lo esperado para el entorno actual. En cuanto al dividendo pensamos que Telef\u00f3nica si lo mantendr\u00e1 en el 2012, pero lo bajara en el 13 y seguramente los bancos lo recortar\u00e1n en el 2012 hasta rentabilidades entorno al 3-4%. En el caso de ACS es posible que parte de la remuneraci\u00f3n venga via amortizaci\u00f3n de capital.<\/p>\n<p>P.- si suspenden pagos la mitad de los paises de la UE el pr\u00f3ximo mes seg\u00fan mis calculos, que puede pasar con el Euro y la UE?<\/p>\n<p>R.- No creemos que ese escenario vaya a suceder. Si pasa desde luego el Euro si sobrevive se depreciar\u00eda bastante y la Uni\u00f3n Europea deber\u00eda hacer un importante esfuerzo de integraci\u00f3n.<\/p>\n<p>P.- En la actual situaci\u00f3n de crisis sist\u00e9mica y con las perspectivas negativas de crecimiento en Espa\u00f1a, seg\u00fan la OCDE para los dos a\u00f1os pr\u00f3ximos, \u00bfpodr\u00edamos asistir a un descalabro en las bolsas hasta las 4000 puntos?<\/p>\n<p>R.- Creemos que las perspectivas estan contempladas en las valoraciones actuales. El escenario para alcanzar esos niveles ser\u00eda un situaci\u00f3n prolongada de estanflaci\u00f3n.<\/p>\n<p>P.- Buenos d\u00edas&#8230; \u00bfQu\u00e9 opinion le merece IAG? Las tengo a 1.85. Debo deshacerme de ellas o mantener? Un saludo<\/p>\n<p>R.- Despues de caer casi un 50% en el ejercicio con n\u00fameros mejor de lo esperado pensamos que es bastante atractiva, un catalizador a corto plazo podr\u00eda ser un acuerdo con el personal en el tema de Iberia Express.<\/p>\n","protected":false},"excerpt":{"rendered":"<p>Ignacio Cantos, director de renta variable de Atlas Capital, responder\u00e1 a las preguntas de los internautas sobre las perspectivas de inversi\u00f3n. Ser\u00e1 ma\u00f1ana martes a las 10.30. <\/p>\n","protected":false},"author":1,"featured_media":0,"comment_status":"open","ping_status":"open","sticky":false,"template":"","format":"standard","meta":{"footnotes":""},"categories":[],"tags":[],"class_list":["post-9508","post","type-post","status-publish","format-standard","hentry"],"_links":{"self":[{"href":"https:\/\/intervius.com\/index.html\/wp-json\/wp\/v2\/posts\/9508","targetHints":{"allow":["GET"]}}],"collection":[{"href":"https:\/\/intervius.com\/index.html\/wp-json\/wp\/v2\/posts"}],"about":[{"href":"https:\/\/intervius.com\/index.html\/wp-json\/wp\/v2\/types\/post"}],"author":[{"embeddable":true,"href":"https:\/\/intervius.com\/index.html\/wp-json\/wp\/v2\/users\/1"}],"replies":[{"embeddable":true,"href":"https:\/\/intervius.com\/index.html\/wp-json\/wp\/v2\/comments?post=9508"}],"version-history":[{"count":0,"href":"https:\/\/intervius.com\/index.html\/wp-json\/wp\/v2\/posts\/9508\/revisions"}],"wp:attachment":[{"href":"https:\/\/intervius.com\/index.html\/wp-json\/wp\/v2\/media?parent=9508"}],"wp:term":[{"taxonomy":"category","embeddable":true,"href":"https:\/\/intervius.com\/index.html\/wp-json\/wp\/v2\/categories?post=9508"},{"taxonomy":"post_tag","embeddable":true,"href":"https:\/\/intervius.com\/index.html\/wp-json\/wp\/v2\/tags?post=9508"}],"curies":[{"name":"wp","href":"https:\/\/api.w.org\/{rel}","templated":true}]}}