{"id":9486,"date":"2010-01-25T00:00:00","date_gmt":"2006-11-06T00:00:00","guid":{"rendered":"https:\/\/intervius.com\/index.html\/?p=9486"},"modified":"2006-11-06T00:00:00","modified_gmt":"2006-11-06T00:00:00","slug":"Alfredo_Relano9486","status":"publish","type":"post","link":"https:\/\/intervius.com\/index.html\/Alfredo_Relano9486\/","title":{"rendered":"Alfredo Rela\u00f1o"},"content":{"rendered":"<p>Pregunta.- Hola Alfredo. Creo que la expulsi\u00f3n a CR9 de ayer fue rigurosa, si el arbitro hubiese pitado la falta no se hubiese producido la expulsi\u00f3n. Ademas hubo infinidad de faltas en el centro del campo cortando contras del madrid que el arbitro no sancion\u00f3 con tarjeta. Me parece lamentable al actitud de los arbitros, pienso que el madrid deber\u00eda hacer alg\u00fan comunicado oficial. \u00bfque opinas? <\/p>\n<p>Respuesta.- No pit\u00f3 la falta por aplicar la ley de la ventaja. Luego estim\u00f3 que Cristiano se liber\u00f3 con un gesto violento, desproporcionado. Para m\u00ed cabe la expulsi\u00f3n, pero hay cierto rigor en ello. Claro, que visto que Mtilinga tiene la nariz rota es dif\u00edcil defender eso.<\/p>\n<p>P.- Qu\u00e9 l\u00e1stima la lesi\u00f3n de Filipe&#8230;era el futuro lateral izquierdo del Madrid y de la Selecci\u00f3n Brasile\u00f1a, estoy seguro!!. \u00bfQui\u00e9n ser\u00e1 ahora el pr\u00f3ximo lateral izquierdo del Madrid? \u00bfRibery o Silva? \u00bfVendr\u00e1 otro 9 como dicen muchos medios? \u00bfVilla, Aguero o Rooney? \u00bfHay alg\u00fan nombre m\u00e1s que suene por ahi?<\/p>\n<p>R.- Filipe Luis se curar\u00e1. La pena para \u00e9l es que podr\u00eda haber entrado en el mundial, y su regreso al Madrid se complica. De todas formas, hubiera sido dif\u00edcil, porque Lendoiro pedir\u00eda mucho dinero. Para ese puesto gusta David Luiz, del Benfica. Con Rib\u00e9ry han avanzado m\u00e1s que con Silva, aunque a m\u00ed me gusta m\u00e1s Silva. No s\u00e9 si vendr\u00e1 otro nueve, a no ser que Benzema se derrumbe. De venir alguno, creo que Florentino preferir\u00eda Rooney.<\/p>\n<p>P.- Hola Alfredo, sinceramente \u00bfcree usted que Jose Antonio Reyes tiene posibilidad de volver alg\u00fan dia a la selecci\u00f3n?<\/p>\n<p>R.- No, ese tiempo pas\u00f3 para \u00e9l. Aunque est\u00e1 jugando mejor, est\u00e1 lejos de los que juegan en la Selecci\u00f3n.<\/p>\n<p>P.- Alfredo, no ve\u00edas el juego del Madrid m\u00e1s equilibrado con Van der Vart? No crees que alguien debe ya tomar medidas en cuanto a Kaka? (me refiero a ponerlo en forma, etc, y sino al banquillo).<\/p>\n<p>R.- Jug\u00f3 mejor el Madrid con Van der Vaart, es verdad. Pero Kak\u00e1 es lo bastante bueno como para que se le espere m\u00e1s tiempo. No se puede dar una carta as\u00ed por perdida.<\/p>\n<p>P.- Alfredo, \u00bfpor cosas como el codazo de ayer de cristiano es Messi y no el portugu\u00e9s el mejor jugador del mundo? Es que por m\u00e1s que les dan a \u00e9l e Iniesta no sueltan un brazo con tanta violencia en lo que llevan en la liga, alucino y me entristece que este sea el icono del nuevo RM&#8230; <\/p>\n<p>R.- Cristiano debe moderar algunas actitudes, pero le cuesta. Cada explusi\u00f3n es un menoscabo, desde luego.<\/p>\n<p>P.- Hola Alfredo. Directamente \u00bfPor qu\u00e9 cuando hablais de los mejores equipos de Europa s\u00f3lo os acorda\u00eds de R.Madrid y Bar\u00e7a y no del Chelsea y el M. United? Sinceramente, el Chelsea est\u00e1 bastante por encima de este R. Madrid&#8230; \u00a1\u00a1Un saludo!!<\/p>\n<p>R.- No s\u00e9 qui\u00f1en se olvida de esos hablando de los mejores de Europa, no puedo darme por aludido. Yo los tengo muy presentes.<\/p>\n<p>P.- Hola Alfredo, el otro d\u00eda te preguntaba por lo de televisar los partidos a las 15:00 \u00f3 16:00 y comentaste que de momento no hay nada. Sin esa fuente de ingresos que pudiera provenir del continente asi\u00e1tico, sin esa popularidad y ese merchandising que pudiera generar el que se siguiera m\u00e1s la Liga en esos pa\u00edses y con la ley de IRPF que perjudicar\u00e1 a los jugadores extranjeros o en consecuencia a los clubes, \u00bfestar\u00e1 la Liga en condiciones de competir con la Premier en los sucesivos a\u00f1os y poder seguir trayendo a los mejores jugadores?<\/p>\n<p>R.- Es una preocupaci\u00f3n, desde luego. Pero aqu\u00ed habr\u00eda que forzar unos h\u00e1bitos por algo que s\u00f3lo les compensar\u00eda al Madrid y al Bar\u00e7a, porque s\u00f3lo ellos pueden tener verdadero eco en los mercados asi\u00e1ticos. (No se trata de ganar m\u00e1s dinero por las transmisiones, se trata de tener ventajas con los sponsors en los mercados asi\u00e1ticos). Por eso es dfi\u00edcil. Respecto a la Premier, tiene esa ventaja. Sus horarios son esos de toda la vida y tiene una penetraci\u00f3n tremenda en esa parte del mundo.<\/p>\n<p>P.- Hola Alfredo, otro partido as\u00e9ptico de X. Alonso y encima fallando un gol cantado. \u00bfVamos a seguir leyendo que lo est\u00e1 haciendo fenomenal porque sujeta al equipo?<\/p>\n<p>R.- Forma parte de un todo: mientras el equipo no arranque, \u00e9l no va a funcionar, y viceversa. Es un jugador al que se le mira bien, porque se sabe que es bueno, pero a\u00fan no es el pilar que se esperaba.<\/p>\n<p>P.- \u00bfQu\u00e9 piensas de Robinho?<\/p>\n<p>R.- Que se ha echado a perder. No espero ya gran cosa de \u00e9l. Tiene condiciones, pero carece de seriedad profesional.<\/p>\n<p>P.- \u00bfQue le parece que Cristiano en solo 12 partidos de liga que ha jugado, le hayan expulsado 2 veces por agresi\u00f3n? \u00bfNo le parece que sean cosas como esas las que hacen que quien no lo admire lo odie? No cree que por eso nunca llegar\u00e1 a ser un simbolo y un icono tan puro como Messi, que no se cree mejor que nadie ni se mete en esos problemas a diferencia del portugu\u00e9s<\/p>\n<p>R.- Tiene que cambiar esas actitudes. Se est\u00e1 haciendo un cartel que le perjudica mucho. Me temo que cada vez va a ser m\u00e1s f\u00e1cil provocarle e insultarle.<\/p>\n<p>P.- D. Alfredo: Rossel se presenta a las elecciones del Bar\u00e7a e intenta llevar a Cesc como reclamo electoral y supongamos que Florentino tambi\u00e9n quiere ficharlo \u00bfQue har\u00eda Florentino?\u00bf&#8221;romper&#8221; las correctas relaciones entre estos clubes intentando fichar a Cesc y quitando esta baza electoral a Rosell? <\/p>\n<p>R.- Yo creo que s\u00ed, aunque lo tendr\u00e1 dif\u00edcil. Pero ir ambos a por el mismo jugador no es romper las relaciones. Romper las relaciones ser\u00eda tratar de sacar a un jugador del otro equipo, cl\u00e1usula mediante, como fue el caso de Figo.<\/p>\n<p>P.- Si Guti jugase de un modo tan pobre como el car\u00edsimo Kak\u00e1 partido tras partido, \u00bfno ser\u00eda ajusticiado por todos los medios? Porque sobre la mediocridad de Kak\u00e1 no se dice nada y a Guti se le mide cada acci\u00f3n. Disculpe usted el tono sarc\u00e1stico, sr Rela\u00f1o, pero los gutistas (que haberlos h\u00e1ylos) siempre volvemos porque cuando a Guti le dan la pelota siempre nos acaba dando argumentos.<\/p>\n<p>R.- Tiene raz\u00f3n. A Kak\u00e1 se le espera porque ha sido Bal\u00f3n de Oro en 2007, pero est\u00e1 dando la cantada. Respecto a Guti, tiene tanto respeto por su juego como desconfianza por sus apagones. Todos sentimos lo mismo por \u00e9l, me parece. Todos somos gutistas, \u00bfqui\u00e9n no? pero ha producido frecuentes decepciones.<\/p>\n<p>P.- Buenas Alfredo. Con vistas al mundial, \u00bfle gusta el 11 de la selecci\u00f3n con los dos puntas o sacrificar\u00eda a uno de los para dar entrada a Fabregas?<\/p>\n<p>R.- Siempre tengo esa duda: Torres o Cesc. (Villa me parece intocable). Empezar\u00eda quiz\u00e1 con Torres, no s\u00e9. Ninguno de los dos termina de ser en la Selecci\u00f3n lo que es en Inglaterra.<\/p>\n<p>P.- Hola Alfredo; en cuanto a la expulsi\u00f3n de ayer de Ronaldo, lo que nos fastidia a los madridistas no es la simple roja, sino que Ibrahimovic hace lo mismo y s\u00f3lo recibe una amarilla. Los arbitros llegan al Bernab\u00e9u con demasiadas agallas. \u00bfNo cree?<\/p>\n<p>R.- En eso estoy de acuerod, eso es lo que yo llamo villarato.<\/p>\n<p>P.- Buenas Rela\u00f1o!!! \u00bfRealmente piensas que ganaremos el Mundial? Yo creo que Argentina aunque no haya jugado un pimiento va a hacer un gran papel y creo que el cruce de Octavos es peligros\u00edsimo,adem\u00e1s,creo que Del Bosque es un buen llevador de grupos pero no un gran estratega,y a un s\u00f3lo partido y con una mala lectura del mismo,para casa! Gracias y un saludo<\/p>\n<p>R.- Creo que podemos ganarlo, no es que est\u00e9 seguro de ganarlo. Pero tenemos m\u00e1s papeletas que nadie porque somos el mejor equipo. Un d\u00eda te puede ganar cualquiera, eso s\u00ed, hasta el Bar\u00e7a perdi\u00f3 con el Rubin Kazan, pero Espa\u00f1a tiene m\u00e1s que las otras.<\/p>\n<p>P.- Buenas Alfredo, \u00bfcree usted que el Sevilla F.C va ir mejorando con la vuelta de Zokora, Kanoute,,etc y volver a ser el que era al principio de liga? gracias y un saludo<\/p>\n<p>R.- Mejorar\u00e1, desde luego. Yo s\u00ed creo que estar\u00e1 entre los cuatro primeros.<\/p>\n<p>P.- Hola Alfredo, ya que As es uno de los patrocinadores del H\u00e9rcules, 3 preguntas, \u00bfqu\u00e9 te est\u00e1 pareciendo esta temporada? \u00bfCrees que puede ascender? \u00bfQue te parece el fichaje de Edu Moya del Celta? Gracias<\/p>\n<p>R.- Me parece que est\u00e1 muy bien el H\u00e9rcules, en muy buenas manos. Lo veo por fin para ascender. <\/p>\n<p>P.- Hola M\u00edster, desde Uruguay. Los fen\u00f3menos (un escal\u00f3n m\u00e1s arriba del crack) logran potenciar el elenco que integran. Pel\u00e9 (Santos, Brasil), Maradona (selecci\u00f3n), Eusebio, Puskas, etc. No piensa que Messi y Ronaldo a\u00fan tienen esa materia pendiente? Y le digo m\u00e1s, Messi en el equipo que muchos dicen es perfecto&#8230;. no es un jugador que siendo bueno se destaca precisamente por ese equipo que lo sostiene? Porque en Argentina es cero aporte. GRACIAS.<\/p>\n<p>R.- Eso le falta a Messi, es verdad, pero la excelencia que muestra en el Bar\u00e7a es llamativa. Pero la reflexi\u00f3n me vale. Otros grandes levantaron siempre el equipo en que estuvieron. Maradona hizo campe\u00f3n al N\u00e1poles, Di St\u00e9fano sac\u00f3 al Madrid del t\u00fanel de la historia, los que usted dice, Charlton&#8230; Me quedo con la reflexi\u00f3n. Con todo, Messi es el mejor jugador que hay ahora. Y si no es Messi, es Cristiano.<\/p>\n<p>P.- Un saludo, Sr. Rela\u00f1o. Es evidente la verticalidad del juego del Madrid y la rapidez con que el bal\u00f3n llega de las manos de Casillas al \u00e1rea contraria. Esto, m\u00e1s que una virtud, yo lo veo como un vac\u00edo de medio campo, y mire que soy merengue. \u00bfNo cree usted que a este Madrid le hace falta pausa en el medio campo, es decir, la creaci\u00f3n de un tempo propicio? En San Mam\u00e9s, por ejemplo, los jugadores blancos corr\u00edan como si hubiera se\u00f1al de alarma.<\/p>\n<p>R.- S\u00ed, hace falta algo m\u00e1s de elaboraci\u00f3n. Por eso ha vuelto Guti. Pero al Madrid lo que m\u00e1s le est\u00e1 pesando es que Kak\u00e1 no termina de encontrarse, y tampoco Benzema.<\/p>\n<p>P.- Hola Sr. Rela\u00f1o ante todo quiero felicitarle por su trabajo periodistico y por resaltar la calidad de Silva con tanta frecuencia ya que como canario me enorgullece. Opino que hablar de De Rossi teniendo a Lass es un error. Lass es un currante. Es un Makelele&#8230;trayendo a De Rossi hariamos que Lass se sintiese menos fundamental. Tu que opinas? De Rossi es bueno, pero aunque este dificil, el que necesita el Madrid es a Fabregas.<\/p>\n<p>R.- A m\u00ed me gusta Lass. Yo para el medio campo pensar\u00eda m\u00e1s en Cesc, como usted. De Rossi adem\u00e1s tendr\u00eda un precio exagerado. <\/p>\n<p>P.- Hola se\u00f1or Rela\u00f1o, soy un aficionado del Real Betis y quer\u00eda preguntarle dos cosas. La primera \u00bfpor qu\u00e9 el Betis juega de manera tan ap\u00e1tica? y la segunda \u00bfcree que V\u00edctor Fern\u00e1ndez es la soluci\u00f3n? Y si lo es, \u00bfser\u00e1 a corto o largo plazo? muchas gracias<\/p>\n<p>R.- Yo veo al Betis muy desilusionado, desde la figura de Lopera, muy gastada. Creo que hace falta un cambio de propiedad, pero es dif\u00edcil. Veo al Betis enfermo, la verdad, sin alegr\u00eda en nada, y me cuesta verlo as\u00ed.<\/p>\n<p>P.- Este a\u00f1os vemos a Nadal con un comienzo como el pasado a\u00f1o, sin embargo ahora tocan los huesos duros, Alfredo: \u00bfcrees que Rafa tiene posibilidades de revalidar el t\u00edtulo?<\/p>\n<p>R.- Ah\u00ed est\u00e1. Tengo ilusi\u00f3n. Espero que se haya curado y vuelva a ser el de hace dos a\u00f1os. Lo vamos a saber aqu\u00ed.<\/p>\n<p>P.- Buenos d\u00edas Sr. Rela\u00f1o. leo su columna del s\u00e1bado y me encant\u00f3, porque conjuga sutilmente la opini\u00f3n que tengo de la situaci\u00f3n del madrid (que le expuse en un par de correos electr\u00f3nicos que le envi\u00e9); en el desuso de la cantera y en la &#8220;limpia&#8221; de los 9 del madrid no hay responsabilidad del Sr. Valdano? y en el bolo del otro d\u00eda en Albania no se ech\u00f3 de menos alg\u00fan canterano? por qu\u00e9 no criticaron algo en este sentido?<\/p>\n<p>R.- S\u00ed ech\u00e9 de menos. Se nos pas\u00f3 criticarlo, un olvido, pero bien pudo llevar tres o cuatro y placearlos, lucirlos e ilusionarlos. En cuanto a la limpia de nueves, le veo una l\u00f3gica a partir de que ha venido Benzema. Con \u00e9l e Higua\u00edn, sobre todo Higua\u00edn, est\u00e1 el puesto cubierto. M\u00e1s Ra\u00fal, que puede entrar. Por eso son las bajas de Huntelaar y Van Nistelrooy. El imprevisto es que Benzema no est\u00e9 resultando.<\/p>\n<p>P.- Buenas Alfredo. \u00bfCree usted que los del City van en serio en lo de ofrecer esa millonada por Torres? El jugador siempre ha dicho que del Liverpool no se mueve. \u00bfLe obligar\u00eda el Liverpool a irse? Saludos<\/p>\n<p>R.- En serio s\u00ed ir\u00e1, pero yo espero que Torres se quede en el Liverpool o que, en caso de irse, se vaya a un equipo de m\u00e1s empaque.<\/p>\n<p>P.- \u00bfCanales joven?. Por supuesto, pero hay que recordar que, a esta edad, jugadores como Ra\u00fal ya jugaban con el Real Madrid, por no hablar de otras joyas que iniciaron su estrellato de muy j\u00f3venes. Es pr\u00e1ctica com\u00fan en otros pa\u00edses que los j\u00f3venes inicien su andadura a una edad juvenil. La cuesti\u00f3n es otra. \u00bfEs Canales lo que apunta?, \u00bftiene sitio en este Madrid?, \u00bfd\u00f3nde?, \u00bftiene la cabeza amueblada?, \u00bfes mejor ir entrando poco a poco en el equipo?, \u00bfes aconsejable que juege un a\u00f1o cedido en el Racing?. Estas y otras preguntas son las que hay que hacerse. De entrada, una inversi\u00f3n de riesgo como la presente me parece muy atinada por parte del Madrid. Si resulta un fiasco, no lo ser\u00e1 menos que los que se producen en fichajes multimillonarios que no cumplen con las espectativas. Y, si el acierto es total, la inversi\u00f3n resulta espectacularmente rendible. No hay negocio sin algo de riesgo. En este caso, creo que el riesgo es proporcionado. \u00bfQu\u00e9 opinas sobre este affaire?.<\/p>\n<p>R.- De acuerdo. No es caro, es bueno, debe seguir un a\u00f1o o dos en el Racing, puede convertirse en algo grande y si no, no ha pasado nada. Lo veo exactamente como usted.<\/p>\n<p>P.- Buenos dias,soy sevillano y sevillista,creo que tenemos muchas posibilidades de ganar la Copa.Pero estoy todav\u00eda impresionado por la exhibicion del Celta en el Calderon:futbol de ataque,con jugadores jovenes que parecian divertirse y disfrutar mientras hacian un partido que hubiera firmado un grande.No le encuentro mucha explicaci\u00f3n,siendo un equipo de Segunda.\u00bfQue opina?\u00bfHay futbol asi en Segunda Divisi\u00f3n?<\/p>\n<p>R.- A todos nos maravill\u00f3 el Celta, pero creo que el partido le vino muy a mano, porque el Atl\u00e9tico dio m\u00e1s facilidades de las que suele en el medio campo. Pero para m\u00ed el favorito de la Copa en el Sevila, me parece con mucho el m\u00e1s fuerte de los que quedan.<\/p>\n<p>P.- \u00bfCree usted que Palop puede ser el tercer portero del mundial o es demasiado mayor o los hay mejores?<\/p>\n<p>R.- Ir\u00e1 Diego L\u00f3pez, que tiene m\u00e1s recorrido por delante. Palop ya vivi\u00f3 eso en la Eurocopa. Diego L\u00f3pez tiene un futuro, por eso se le escoger\u00e1, a fin de que se vaya placeando.<\/p>\n<p>P.- Buenos dias, Sr.Rela\u00f1o, considera al Atletico como el club peor organizado a nivel deportivo en la historia??Un saludo<\/p>\n<p>R.- Eso es mucho decir, pero est\u00e1 dirigido por dos personas que no siempre est\u00e1n de acuerdo y el secretario t\u00e9cnico no acierta todo lo que ser\u00eda de desear. Pero la historia es larga y disparates tremendos los ha habido frecuentemente.<\/p>\n<p>P.- Don Alfredo \u00bfc\u00f3mo ve usted las ventas de Van Nistelrooy y la supuesta de Gago por el City?. \u00bfPodr\u00eda el Madrid fichar a alguien para este a\u00f1o despues de estas ventas (si se producen)?<\/p>\n<p>R.- Me ha dado l\u00e1stima que se fuera Van Nistelrooy, pero entiendo que aqu\u00ed ya no iba a jugar apenas. En cuanto a Gago, repite la figura de Xabi Alonso, Lass y Diarra, los cuatro son para jugar delante de la defensa. Falta uno que vaya hacia arriba, tipo Cesc. Pero como no lo hay y Diarra est\u00e1 tocado en la rodilla, Gago puede hacer falta todav\u00eda. Est\u00e1 pensando en el Mundial, por eso quiere irse. No estoy seguro de lo que yo har\u00eda en ese caso.<\/p>\n<p>P.- Hola Maestro Rela\u00f1o: soy perico y a\u00fan indignado por el arbitraje de ayer, me pregunto: \u00bfPorque no poner, igual que en el tenis, un &#8220;ojo de halc\u00f3n que cada equipo pueda usar una y solo una vez por partido? Acabar\u00edamos con situaciones como las propiciadas por estos amlos \u00e1rbitros&#8230;<\/p>\n<p>R.- Hola Maestro Rela\u00f1o: soy perico y a\u00fan indignado por el arbitraje de ayer, me pregunto: \u00bfPorque no poner, igual que en el tenis, un &#8220;ojo de halc\u00f3n que cada equipo pueda usar una y solo una vez por partido? Acabar\u00edamos con situaciones como las propiciadas por estos amlos \u00e1rbitros&#8230;<\/p>\n<p>P.- Alfredo; \u00bfno crees que el Celta abusa mucho de su juego ofensivo para la 2\u00aa divisi\u00f3n?<\/p>\n<p>R.- Es bonito que juegue as\u00ed. Se prestigi\u00f3 en el Manzanares. Por esa \u00b4l\u00ednea puede empezar a ir para arriba, y hay tiempo para todo.<\/p>\n<p>P.- \u00bfCree usted que lo del Atleti tiene remedio? \u00bfCree que Salvio y Tiago cambiar\u00e1n la situaci\u00f3n? un saludo y enhorabuena por su excelente trabajo, me encanta leerle.<\/p>\n<p>R.- Son dos piezas m\u00e1s, pero el problema de la defensa y del 4-2-4 (est\u00e1n relacionados) sigue ah\u00ed.<\/p>\n<p>P.- Buenos d\u00edas. Ayer el partido del Madrid fue horrible, sin movimiento, ni velocidad, ni desborde. Pr\u00e1cticamente ni ocasiones de gol. Hay un jugador que me desespera, Sergio Ramos. Se cree Maradona y no es capaz de dar un centro al \u00e1rea con peligro. Sube hasta la l\u00ednea y la da mal o al tercer anfiteatro, pierde multitud de balones en zonas peligrosas. \u00bfC\u00f3mo lo ve usted?<\/p>\n<p>R.- No vi tan mal a Sergio Ramos, la verdad, casi al rev\u00e9s. Me parece que hizo un buen primer tiempo. Repasemos ambos el partido, a ver qui\u00e9n est\u00e1 confundido.<\/p>\n<p>P.- \u00bfCu\u00e1ndo va a apostar Pellegrini por Guti y Granero en vez de Marcelo y Lass?<\/p>\n<p>R.- Ya sali\u00f3 Guti. En cuanto a Granero, a\u00fan se lo tiene que ganar, pero poco a poco. No se parece tanto a Lass. Lass es m\u00e1s para contener, Granero tira m\u00e1s hacia arriba.<\/p>\n<p>P.- \u00bfCuantos partidos cree que le pueden caer a Cristiano por la agresion a Mtiliga?<\/p>\n<p>R.- Creo que dos.<\/p>\n<p>P.- Alfredo, esta temporada los aspirantes a rifarse una de las tres plazas para el descenso parece m\u00e1s clarividente que otras, a priori, por el juego que despliegan y los puntos que acumulan. Xerez y Zaragoza est\u00e1n casi sentenciados. \u00bfQui\u00e9n cree que puede acompa\u00f1arles al infierno? Un sufridor abonado de la Uni\u00f3n Deportiva Almer\u00eda<\/p>\n<p>R.- No doy a\u00fan por muerto al Zaragoza. Pueden pasar muchas cosas todav\u00eda. No me atrevo a hacer un pron\u00f3stico tan pronto. Las lesiones influyen mucho.<\/p>\n<p>P.- \u00bfVale la pena poner a Lass contra equipos como el M\u00e1laga?<\/p>\n<p>R.- \u00bfPor qu\u00e9 no? Es un jugador que ha rendido desde que lleg\u00f3.<\/p>\n","protected":false},"excerpt":{"rendered":"<p>Alfredo Rela\u00f1o, director del Diario As, ha charlado con los internautas sobre la actualidad deportiva. <\/p>\n<p>ARCHIVO DE ENTREVISTAS:<\/p>\n<p>18 de enero &#8211; 11 de enero &#8211; 04 de enero &#8211; 21 de diciembre &#8211; 14 de diciembre &#8211; 07 de diciembre &#8211; 30 de noviembre &#8211; 23 de noviembre &#8211; 16 de noviembre &#8211; 10 de noviembre &#8211; 02 de noviembre &#8211; 26 de octubre &#8211; 13 de octubre &#8211; 05 de octubre &#8211; 28 de septiembre &#8211; 21 de septiembre &#8211; 16 de septiembre &#8211; 07 de septiembre &#8211; 31 de agosto &#8211; 24 de agosto &#8211; 29 de junio &#8211; 24 de junio &#8211; 16 de junio &#8211; 08 de junio &#8211; 01 de junio &#8211; 25 de mayo &#8211; 18 de mayo &#8211; 11 de mayo &#8211; 4 de mayo &#8211; 27 de abril &#8211; 20 de abril &#8211; 13 de abril &#8211; 30 de marzo &#8211; 23 de marzo &#8211; 16 de marzo &#8211; 9 de marzo &#8211; 2 de marzo &#8211; 23 de febrero &#8211; 16 de febrero &#8211; 9 de febrero <\/p>\n","protected":false},"author":1,"featured_media":0,"comment_status":"open","ping_status":"open","sticky":false,"template":"","format":"standard","meta":{"footnotes":""},"categories":[],"tags":[],"class_list":["post-9486","post","type-post","status-publish","format-standard","hentry"],"_links":{"self":[{"href":"https:\/\/intervius.com\/index.html\/wp-json\/wp\/v2\/posts\/9486","targetHints":{"allow":["GET"]}}],"collection":[{"href":"https:\/\/intervius.com\/index.html\/wp-json\/wp\/v2\/posts"}],"about":[{"href":"https:\/\/intervius.com\/index.html\/wp-json\/wp\/v2\/types\/post"}],"author":[{"embeddable":true,"href":"https:\/\/intervius.com\/index.html\/wp-json\/wp\/v2\/users\/1"}],"replies":[{"embeddable":true,"href":"https:\/\/intervius.com\/index.html\/wp-json\/wp\/v2\/comments?post=9486"}],"version-history":[{"count":0,"href":"https:\/\/intervius.com\/index.html\/wp-json\/wp\/v2\/posts\/9486\/revisions"}],"wp:attachment":[{"href":"https:\/\/intervius.com\/index.html\/wp-json\/wp\/v2\/media?parent=9486"}],"wp:term":[{"taxonomy":"category","embeddable":true,"href":"https:\/\/intervius.com\/index.html\/wp-json\/wp\/v2\/categories?post=9486"},{"taxonomy":"post_tag","embeddable":true,"href":"https:\/\/intervius.com\/index.html\/wp-json\/wp\/v2\/tags?post=9486"}],"curies":[{"name":"wp","href":"https:\/\/api.w.org\/{rel}","templated":true}]}}